{"id":8621,"date":"2019-08-16T12:31:02","date_gmt":"2019-08-16T12:31:02","guid":{"rendered":"https:\/\/seconci.com.br\/site\/?p=8621"},"modified":"2019-08-16T12:54:36","modified_gmt":"2019-08-16T12:54:36","slug":"seconcis-participam-do-dia-nacional-da-construcao-social-2019","status":"publish","type":"post","link":"https:\/\/seconci.com.br\/site\/2019\/08\/16\/seconcis-participam-do-dia-nacional-da-construcao-social-2019\/","title":{"rendered":"Seconcis participam do Dia Nacional da Constru\u00e7\u00e3o Social 2019"},"content":{"rendered":"<p style=\"text-align: justify;\">O Dia Nacional da Constru\u00e7\u00e3o Social \u00e9 o mais importante evento do setor voltado \u00e0 promo\u00e7\u00e3o da responsabilidade social empresarial. Realizada desde 2007, a iniciativa acontece anualmente em todo o pa\u00eds e re\u00fane empresas, entidades, l\u00edderes setoriais, trabalhadores e seus familiares em um grande evento que promove qualidade de vida por meio de a\u00e7\u00f5es em sa\u00fade, educa\u00e7\u00e3o, lazer e cidadania.<\/p>\n<p style=\"text-align: justify;\">O Seconci Brasil \u00e9 parceiro da Cbic na realiza\u00e7\u00e3o e promo\u00e7\u00e3o do evento. Para saber mais, <a href=\"http:\/\/gadioli.com\/clientes\/cbic\/dianacional\/\">clique aqui.<\/a><\/p>\n","protected":false},"excerpt":{"rendered":"<p>O Dia Nacional da Constru\u00e7\u00e3o Social \u00e9 o mais importante evento do setor voltado \u00e0 promo\u00e7\u00e3o da responsabilidade social empresarial. Realizada desde 2007, a iniciativa acontece anualmente em todo o pa\u00eds e re\u00fane empresas, entidades, l\u00edderes setoriais, trabalhadores e seus familiares em um grande evento que promove qualidade de vida por meio de a\u00e7\u00f5es em [&hellip;]<\/p>\n","protected":false},"author":3,"featured_media":8557,"comment_status":"closed","ping_status":"closed","sticky":false,"template":"","format":"standard","meta":{"footnotes":""},"categories":[92],"tags":[],"class_list":["post-8621","post","type-post","status-publish","format-standard","has-post-thumbnail","hentry","category-seconci-brasil"],"yoast_head":"<!-- This site is optimized with the Yoast SEO plugin v26.9 - https:\/\/yoast.com\/product\/yoast-seo-wordpress\/ -->\n<title>Seconcis participam do Dia Nacional da Constru\u00e7\u00e3o Social 2019 - Seconci Brasil<\/title>\n<meta name=\"robots\" content=\"index, follow, max-snippet:-1, max-image-preview:large, max-video-preview:-1\" \/>\n<link rel=\"canonical\" href=\"https:\/\/seconci.com.br\/site\/2019\/08\/16\/seconcis-participam-do-dia-nacional-da-construcao-social-2019\/\" \/>\n<meta property=\"og:locale\" content=\"pt_PT\" \/>\n<meta property=\"og:type\" content=\"article\" \/>\n<meta property=\"og:title\" content=\"Seconcis participam do Dia Nacional da Constru\u00e7\u00e3o Social 2019 - Seconci Brasil\" \/>\n<meta property=\"og:description\" content=\"O Dia Nacional da Constru\u00e7\u00e3o Social \u00e9 o mais importante evento do setor voltado \u00e0 promo\u00e7\u00e3o da responsabilidade social empresarial. Realizada desde 2007, a iniciativa acontece anualmente em todo o pa\u00eds e re\u00fane empresas, entidades, l\u00edderes setoriais, trabalhadores e seus familiares em um grande evento que promove qualidade de vida por meio de a\u00e7\u00f5es em [&hellip;]\" \/>\n<meta property=\"og:url\" content=\"https:\/\/seconci.com.br\/site\/2019\/08\/16\/seconcis-participam-do-dia-nacional-da-construcao-social-2019\/\" \/>\n<meta property=\"og:site_name\" content=\"Seconci Brasil\" \/>\n<meta property=\"article:published_time\" content=\"2019-08-16T12:31:02+00:00\" \/>\n<meta property=\"article:modified_time\" content=\"2019-08-16T12:54:36+00:00\" \/>\n<meta property=\"og:image\" content=\"https:\/\/seconci.com.br\/site\/wp-content\/uploads\/2019\/07\/Post-2-1.png\" \/>\n\t<meta property=\"og:image:width\" content=\"1080\" \/>\n\t<meta property=\"og:image:height\" content=\"1080\" \/>\n\t<meta property=\"og:image:type\" content=\"image\/png\" \/>\n<meta name=\"author\" content=\"Sidney Rocha\" \/>\n<meta name=\"twitter:card\" content=\"summary_large_image\" \/>\n<meta name=\"twitter:label1\" content=\"Escrito por\" \/>\n\t<meta name=\"twitter:data1\" content=\"Sidney Rocha\" \/>\n<script type=\"application\/ld+json\" class=\"yoast-schema-graph\">{\"@context\":\"https:\/\/schema.org\",\"@graph\":[{\"@type\":\"Article\",\"@id\":\"https:\/\/seconci.com.br\/site\/2019\/08\/16\/seconcis-participam-do-dia-nacional-da-construcao-social-2019\/#article\",\"isPartOf\":{\"@id\":\"https:\/\/seconci.com.br\/site\/2019\/08\/16\/seconcis-participam-do-dia-nacional-da-construcao-social-2019\/\"},\"author\":{\"name\":\"Sidney Rocha\",\"@id\":\"https:\/\/seconci.com.br\/site\/#\/schema\/person\/1d79afd97ddc8f2c68c1e88e298aa8e2\"},\"headline\":\"Seconcis participam do Dia Nacional da Constru\u00e7\u00e3o Social 2019\",\"datePublished\":\"2019-08-16T12:31:02+00:00\",\"dateModified\":\"2019-08-16T12:54:36+00:00\",\"mainEntityOfPage\":{\"@id\":\"https:\/\/seconci.com.br\/site\/2019\/08\/16\/seconcis-participam-do-dia-nacional-da-construcao-social-2019\/\"},\"wordCount\":93,\"publisher\":{\"@id\":\"https:\/\/seconci.com.br\/site\/#organization\"},\"image\":{\"@id\":\"https:\/\/seconci.com.br\/site\/2019\/08\/16\/seconcis-participam-do-dia-nacional-da-construcao-social-2019\/#primaryimage\"},\"thumbnailUrl\":\"https:\/\/seconci.com.br\/site\/wp-content\/uploads\/2019\/07\/Post-2-1.png\",\"articleSection\":[\"Seconci Brasil\"],\"inLanguage\":\"pt-PT\"},{\"@type\":\"WebPage\",\"@id\":\"https:\/\/seconci.com.br\/site\/2019\/08\/16\/seconcis-participam-do-dia-nacional-da-construcao-social-2019\/\",\"url\":\"https:\/\/seconci.com.br\/site\/2019\/08\/16\/seconcis-participam-do-dia-nacional-da-construcao-social-2019\/\",\"name\":\"Seconcis participam do Dia Nacional da Constru\u00e7\u00e3o Social 2019 - Seconci Brasil\",\"isPartOf\":{\"@id\":\"https:\/\/seconci.com.br\/site\/#website\"},\"primaryImageOfPage\":{\"@id\":\"https:\/\/seconci.com.br\/site\/2019\/08\/16\/seconcis-participam-do-dia-nacional-da-construcao-social-2019\/#primaryimage\"},\"image\":{\"@id\":\"https:\/\/seconci.com.br\/site\/2019\/08\/16\/seconcis-participam-do-dia-nacional-da-construcao-social-2019\/#primaryimage\"},\"thumbnailUrl\":\"https:\/\/seconci.com.br\/site\/wp-content\/uploads\/2019\/07\/Post-2-1.png\",\"datePublished\":\"2019-08-16T12:31:02+00:00\",\"dateModified\":\"2019-08-16T12:54:36+00:00\",\"breadcrumb\":{\"@id\":\"https:\/\/seconci.com.br\/site\/2019\/08\/16\/seconcis-participam-do-dia-nacional-da-construcao-social-2019\/#breadcrumb\"},\"inLanguage\":\"pt-PT\",\"potentialAction\":[{\"@type\":\"ReadAction\",\"target\":[\"https:\/\/seconci.com.br\/site\/2019\/08\/16\/seconcis-participam-do-dia-nacional-da-construcao-social-2019\/\"]}]},{\"@type\":\"ImageObject\",\"inLanguage\":\"pt-PT\",\"@id\":\"https:\/\/seconci.com.br\/site\/2019\/08\/16\/seconcis-participam-do-dia-nacional-da-construcao-social-2019\/#primaryimage\",\"url\":\"https:\/\/seconci.com.br\/site\/wp-content\/uploads\/2019\/07\/Post-2-1.png\",\"contentUrl\":\"https:\/\/seconci.com.br\/site\/wp-content\/uploads\/2019\/07\/Post-2-1.png\",\"width\":1080,\"height\":1080},{\"@type\":\"BreadcrumbList\",\"@id\":\"https:\/\/seconci.com.br\/site\/2019\/08\/16\/seconcis-participam-do-dia-nacional-da-construcao-social-2019\/#breadcrumb\",\"itemListElement\":[{\"@type\":\"ListItem\",\"position\":1,\"name\":\"In\u00edcio\",\"item\":\"https:\/\/seconci.com.br\/site\/\"},{\"@type\":\"ListItem\",\"position\":2,\"name\":\"Seconcis participam do Dia Nacional da Constru\u00e7\u00e3o Social 2019\"}]},{\"@type\":\"WebSite\",\"@id\":\"https:\/\/seconci.com.br\/site\/#website\",\"url\":\"https:\/\/seconci.com.br\/site\/\",\"name\":\"Seconci Brasil\",\"description\":\"\",\"publisher\":{\"@id\":\"https:\/\/seconci.com.br\/site\/#organization\"},\"potentialAction\":[{\"@type\":\"SearchAction\",\"target\":{\"@type\":\"EntryPoint\",\"urlTemplate\":\"https:\/\/seconci.com.br\/site\/?s={search_term_string}\"},\"query-input\":{\"@type\":\"PropertyValueSpecification\",\"valueRequired\":true,\"valueName\":\"search_term_string\"}}],\"inLanguage\":\"pt-PT\"},{\"@type\":\"Organization\",\"@id\":\"https:\/\/seconci.com.br\/site\/#organization\",\"name\":\"Seconci Brasil\",\"url\":\"https:\/\/seconci.com.br\/site\/\",\"logo\":{\"@type\":\"ImageObject\",\"inLanguage\":\"pt-PT\",\"@id\":\"https:\/\/seconci.com.br\/site\/#\/schema\/logo\/image\/\",\"url\":\"https:\/\/seconci.com.br\/site\/wp-content\/uploads\/2024\/08\/Logo-Seconci-Brasil-branca-2.png\",\"contentUrl\":\"https:\/\/seconci.com.br\/site\/wp-content\/uploads\/2024\/08\/Logo-Seconci-Brasil-branca-2.png\",\"width\":1315,\"height\":598,\"caption\":\"Seconci Brasil\"},\"image\":{\"@id\":\"https:\/\/seconci.com.br\/site\/#\/schema\/logo\/image\/\"}},{\"@type\":\"Person\",\"@id\":\"https:\/\/seconci.com.br\/site\/#\/schema\/person\/1d79afd97ddc8f2c68c1e88e298aa8e2\",\"name\":\"Sidney Rocha\",\"description\":\"Comunicador e estagi\u00e1rio do Seconci Brasil.\",\"url\":\"https:\/\/seconci.com.br\/site\/author\/sidney-rocha\/\"}]}<\/script>\n<!-- \/ Yoast SEO plugin. -->","yoast_head_json":{"title":"Seconcis participam do Dia Nacional da Constru\u00e7\u00e3o Social 2019 - Seconci Brasil","robots":{"index":"index","follow":"follow","max-snippet":"max-snippet:-1","max-image-preview":"max-image-preview:large","max-video-preview":"max-video-preview:-1"},"canonical":"https:\/\/seconci.com.br\/site\/2019\/08\/16\/seconcis-participam-do-dia-nacional-da-construcao-social-2019\/","og_locale":"pt_PT","og_type":"article","og_title":"Seconcis participam do Dia Nacional da Constru\u00e7\u00e3o Social 2019 - Seconci Brasil","og_description":"O Dia Nacional da Constru\u00e7\u00e3o Social \u00e9 o mais importante evento do setor voltado \u00e0 promo\u00e7\u00e3o da responsabilidade social empresarial. Realizada desde 2007, a iniciativa acontece anualmente em todo o pa\u00eds e re\u00fane empresas, entidades, l\u00edderes setoriais, trabalhadores e seus familiares em um grande evento que promove qualidade de vida por meio de a\u00e7\u00f5es em [&hellip;]","og_url":"https:\/\/seconci.com.br\/site\/2019\/08\/16\/seconcis-participam-do-dia-nacional-da-construcao-social-2019\/","og_site_name":"Seconci Brasil","article_published_time":"2019-08-16T12:31:02+00:00","article_modified_time":"2019-08-16T12:54:36+00:00","og_image":[{"width":1080,"height":1080,"url":"https:\/\/seconci.com.br\/site\/wp-content\/uploads\/2019\/07\/Post-2-1.png","type":"image\/png"}],"author":"Sidney Rocha","twitter_card":"summary_large_image","twitter_misc":{"Escrito por":"Sidney Rocha"},"schema":{"@context":"https:\/\/schema.org","@graph":[{"@type":"Article","@id":"https:\/\/seconci.com.br\/site\/2019\/08\/16\/seconcis-participam-do-dia-nacional-da-construcao-social-2019\/#article","isPartOf":{"@id":"https:\/\/seconci.com.br\/site\/2019\/08\/16\/seconcis-participam-do-dia-nacional-da-construcao-social-2019\/"},"author":{"name":"Sidney Rocha","@id":"https:\/\/seconci.com.br\/site\/#\/schema\/person\/1d79afd97ddc8f2c68c1e88e298aa8e2"},"headline":"Seconcis participam do Dia Nacional da Constru\u00e7\u00e3o Social 2019","datePublished":"2019-08-16T12:31:02+00:00","dateModified":"2019-08-16T12:54:36+00:00","mainEntityOfPage":{"@id":"https:\/\/seconci.com.br\/site\/2019\/08\/16\/seconcis-participam-do-dia-nacional-da-construcao-social-2019\/"},"wordCount":93,"publisher":{"@id":"https:\/\/seconci.com.br\/site\/#organization"},"image":{"@id":"https:\/\/seconci.com.br\/site\/2019\/08\/16\/seconcis-participam-do-dia-nacional-da-construcao-social-2019\/#primaryimage"},"thumbnailUrl":"https:\/\/seconci.com.br\/site\/wp-content\/uploads\/2019\/07\/Post-2-1.png","articleSection":["Seconci Brasil"],"inLanguage":"pt-PT"},{"@type":"WebPage","@id":"https:\/\/seconci.com.br\/site\/2019\/08\/16\/seconcis-participam-do-dia-nacional-da-construcao-social-2019\/","url":"https:\/\/seconci.com.br\/site\/2019\/08\/16\/seconcis-participam-do-dia-nacional-da-construcao-social-2019\/","name":"Seconcis participam do Dia Nacional da Constru\u00e7\u00e3o Social 2019 - Seconci Brasil","isPartOf":{"@id":"https:\/\/seconci.com.br\/site\/#website"},"primaryImageOfPage":{"@id":"https:\/\/seconci.com.br\/site\/2019\/08\/16\/seconcis-participam-do-dia-nacional-da-construcao-social-2019\/#primaryimage"},"image":{"@id":"https:\/\/seconci.com.br\/site\/2019\/08\/16\/seconcis-participam-do-dia-nacional-da-construcao-social-2019\/#primaryimage"},"thumbnailUrl":"https:\/\/seconci.com.br\/site\/wp-content\/uploads\/2019\/07\/Post-2-1.png","datePublished":"2019-08-16T12:31:02+00:00","dateModified":"2019-08-16T12:54:36+00:00","breadcrumb":{"@id":"https:\/\/seconci.com.br\/site\/2019\/08\/16\/seconcis-participam-do-dia-nacional-da-construcao-social-2019\/#breadcrumb"},"inLanguage":"pt-PT","potentialAction":[{"@type":"ReadAction","target":["https:\/\/seconci.com.br\/site\/2019\/08\/16\/seconcis-participam-do-dia-nacional-da-construcao-social-2019\/"]}]},{"@type":"ImageObject","inLanguage":"pt-PT","@id":"https:\/\/seconci.com.br\/site\/2019\/08\/16\/seconcis-participam-do-dia-nacional-da-construcao-social-2019\/#primaryimage","url":"https:\/\/seconci.com.br\/site\/wp-content\/uploads\/2019\/07\/Post-2-1.png","contentUrl":"https:\/\/seconci.com.br\/site\/wp-content\/uploads\/2019\/07\/Post-2-1.png","width":1080,"height":1080},{"@type":"BreadcrumbList","@id":"https:\/\/seconci.com.br\/site\/2019\/08\/16\/seconcis-participam-do-dia-nacional-da-construcao-social-2019\/#breadcrumb","itemListElement":[{"@type":"ListItem","position":1,"name":"In\u00edcio","item":"https:\/\/seconci.com.br\/site\/"},{"@type":"ListItem","position":2,"name":"Seconcis participam do Dia Nacional da Constru\u00e7\u00e3o Social 2019"}]},{"@type":"WebSite","@id":"https:\/\/seconci.com.br\/site\/#website","url":"https:\/\/seconci.com.br\/site\/","name":"Seconci Brasil","description":"","publisher":{"@id":"https:\/\/seconci.com.br\/site\/#organization"},"potentialAction":[{"@type":"SearchAction","target":{"@type":"EntryPoint","urlTemplate":"https:\/\/seconci.com.br\/site\/?s={search_term_string}"},"query-input":{"@type":"PropertyValueSpecification","valueRequired":true,"valueName":"search_term_string"}}],"inLanguage":"pt-PT"},{"@type":"Organization","@id":"https:\/\/seconci.com.br\/site\/#organization","name":"Seconci Brasil","url":"https:\/\/seconci.com.br\/site\/","logo":{"@type":"ImageObject","inLanguage":"pt-PT","@id":"https:\/\/seconci.com.br\/site\/#\/schema\/logo\/image\/","url":"https:\/\/seconci.com.br\/site\/wp-content\/uploads\/2024\/08\/Logo-Seconci-Brasil-branca-2.png","contentUrl":"https:\/\/seconci.com.br\/site\/wp-content\/uploads\/2024\/08\/Logo-Seconci-Brasil-branca-2.png","width":1315,"height":598,"caption":"Seconci Brasil"},"image":{"@id":"https:\/\/seconci.com.br\/site\/#\/schema\/logo\/image\/"}},{"@type":"Person","@id":"https:\/\/seconci.com.br\/site\/#\/schema\/person\/1d79afd97ddc8f2c68c1e88e298aa8e2","name":"Sidney Rocha","description":"Comunicador e estagi\u00e1rio do Seconci Brasil.","url":"https:\/\/seconci.com.br\/site\/author\/sidney-rocha\/"}]}},"_links":{"self":[{"href":"https:\/\/seconci.com.br\/site\/wp-json\/wp\/v2\/posts\/8621","targetHints":{"allow":["GET"]}}],"collection":[{"href":"https:\/\/seconci.com.br\/site\/wp-json\/wp\/v2\/posts"}],"about":[{"href":"https:\/\/seconci.com.br\/site\/wp-json\/wp\/v2\/types\/post"}],"author":[{"embeddable":true,"href":"https:\/\/seconci.com.br\/site\/wp-json\/wp\/v2\/users\/3"}],"replies":[{"embeddable":true,"href":"https:\/\/seconci.com.br\/site\/wp-json\/wp\/v2\/comments?post=8621"}],"version-history":[{"count":0,"href":"https:\/\/seconci.com.br\/site\/wp-json\/wp\/v2\/posts\/8621\/revisions"}],"wp:featuredmedia":[{"embeddable":true,"href":"https:\/\/seconci.com.br\/site\/wp-json\/wp\/v2\/media\/8557"}],"wp:attachment":[{"href":"https:\/\/seconci.com.br\/site\/wp-json\/wp\/v2\/media?parent=8621"}],"wp:term":[{"taxonomy":"category","embeddable":true,"href":"https:\/\/seconci.com.br\/site\/wp-json\/wp\/v2\/categories?post=8621"},{"taxonomy":"post_tag","embeddable":true,"href":"https:\/\/seconci.com.br\/site\/wp-json\/wp\/v2\/tags?post=8621"}],"curies":[{"name":"wp","href":"https:\/\/api.w.org\/{rel}","templated":true}]}}