{"id":8623,"date":"2019-08-19T11:28:24","date_gmt":"2019-08-19T11:28:24","guid":{"rendered":"https:\/\/seconci.com.br\/site\/?p=8623"},"modified":"2019-08-19T11:28:24","modified_gmt":"2019-08-19T11:28:24","slug":"entrevista-seconci-sp-tem-atuacao-destacada-como-organizacao-social-de-saude","status":"publish","type":"post","link":"https:\/\/seconci.com.br\/site\/2019\/08\/19\/entrevista-seconci-sp-tem-atuacao-destacada-como-organizacao-social-de-saude\/","title":{"rendered":"Entrevista: Seconci-SP tem atua\u00e7\u00e3o destacada como Organiza\u00e7\u00e3o Social de Sa\u00fade"},"content":{"rendered":"<p style=\"text-align: justify;\">| <em><strong>Ag\u00eancia Cbic<\/strong><\/em> |<\/p>\n<p style=\"text-align: justify;\">O Servi\u00e7o Social da Constru\u00e7\u00e3o Civil do Estado de S\u00e3o Paulo (Seconci-SP) j\u00e1 \u00e9 bastante conhecido por ser uma entidade filantr\u00f3pica que oferece servi\u00e7os de assist\u00eancia social, incluindo atendimento m\u00e9dico ambulatorial e odontol\u00f3gico, aos colaboradores da ind\u00fastria da constru\u00e7\u00e3o e seus familiares. Menos conhecida \u00e9 sua atua\u00e7\u00e3o como Organiza\u00e7\u00e3o Social de Sa\u00fade (OSS), parceira do Estado e da Prefeitura de S\u00e3o Paulo no atendimento \u00e0 sa\u00fade da popula\u00e7\u00e3o.<\/p>\n<p style=\"text-align: justify;\">Em entrevista exclusiva para a s\u00e9rie \u00b4<strong>SST na Ind\u00fastria da Constru\u00e7\u00e3o\u2019,<\/strong>\u00a0da Comiss\u00e3o de Pol\u00edtica de Rela\u00e7\u00f5es Trabalhistas (CPRT) da C\u00e2mara Brasileira da Ind\u00fastria da Constru\u00e7\u00e3o (CBIC), o presidente do Seconci-SP, Haruo Ishikawa, conta como surgiu e funciona essa parceria.<\/p>\n<p style=\"text-align: justify;\">Lembramos que as mat\u00e9rias, entrevistas e artigos que comp\u00f5em o especial de SST da CBIC poder\u00e3o ser acompanhados at\u00e9 o final deste m\u00eas de agosto em edi\u00e7\u00f5es do\u00a0<strong>CBIC Hoje+<\/strong>\u00a0e no site da entidade \u2013\u00a0nas \u00e1reas\u00a0<a href=\"http:\/\/para%20celebrar%20o%20dia%20nacional%20de%20preven%C3%A7%C3%A3o%20de%20acidentes%20de%20trabalho%2C%20comemorado%20no%20s%C3%A1bado%20%2827\/07),%20a%20C%C3%A2mara%20Brasileira%20da%20Ind%C3%BAstria%20da%20Constru%C3%A7%C3%A3o%20(CBIC),%20por%20meio%20da%20sua%20Comiss%C3%A3o%20de%20Pol%C3%ADtica%20de%20Rela%C3%A7%C3%B5es%20Trabalhistas%20(CPRT),%20lan%C3%A7a%20nesta%20sexta-feira%20(26\/07)%20a%20s%C3%A9rie%20%E2%80%99SST%20na%20Ind%C3%BAstria%20da%20Constru%C3%A7%C3%A3o%E2%80%99,%20j%C3%A1%20destacando%20as%20a%C3%A7%C3%B5es%20desenvolvidas%20nacionalmente%20pela%20CBIC%20e%20pelas%20empresas%20do%20setor%20na%20%C3%A1rea%20de%20seguran%C3%A7a%20e%20sa%C3%BAde%20no%20trabalho.%20O%20especial%20abordar%C3%A1%20temas%20relacionados%20a%20Seguran%C3%A7a%20e%20Sa%C3%BAde%20no%20Trabalho%20(SST)%20no%20setor%20da%20constru%C3%A7%C3%A3o,%20que%20poder%C3%A3o%20ser%20acompanhados%20at%C3%A9%20o%20final%20do%20m%C3%AAs%20de%20agosto%20em%20edi%C3%A7%C3%B5es%20do%20CBIC%20Hoje+%20e%20no%20site%20da%20entidade%20%E2%80%93%20Ag%C3%AAncia%20de%20Not%C3%ADcias%20e%20%C3%A1rea%20da%20CPRT\/CBIC,%20no%20%C3%ADcone%20Acervos%20-%20S%C3%A9rie%20-%20SST%20na%20Ind%C3%BAstria%20da%20Constru%C3%A7%C3%A3o.%20(links%20site%20-%20https:\/cbic.org.br\/%20e%20https:\/cbic.org.br\/relacoestrabalhistas\/serie-sst-na-industria-da-construcao\/\"><strong>Ag\u00eancia de Not\u00edcias<\/strong><\/a>\u00a0e CPRT\/CBIC, no \u00edcone Acervo \u2013\u00a0<a href=\"https:\/\/cbic.org.br\/relacoestrabalhistas\/serie-sst-na-industria-da-construcao\/\"><strong>S\u00e9rie \u2018SST na Ind\u00fastria da Constru\u00e7\u00e3o<\/strong><\/a>\u2019.<\/p>\n<p style=\"text-align: justify;\">Acompanhe a s\u00e9rie e conhe\u00e7a as iniciativas que a constru\u00e7\u00e3o civil e o mercado imobili\u00e1rio v\u00eam desenvolvendo ao logo dos anos para o bem-estar dos seus trabalhadores.<\/p>\n<p style=\"text-align: justify;\">Se voc\u00ea conhece boas iniciativas, a exemplo das que ser\u00e3o divulgadas na s\u00e9rie, compartilhe com a\u00a0<a href=\"https:\/\/cbic.org.br\/relacoestrabalhistas\/cbic-lanca-serie-sobre-sst-na-industria-da-construcao-2\/cprt@cbic.org.br\"><strong>CPRT\/CBIC<\/strong><\/a>\u00a0para que elas tamb\u00e9m possam ser disseminadas nacionalmente.<\/p>\n<p style=\"text-align: justify;\">Confira, a seguir, a entrevista exclusiva de Haruo Ishikawa.<\/p>\n<p>&nbsp;<\/p>\n<p style=\"text-align: justify;\"><strong>CBIC Hoje+: O que \u00e9 uma Organiza\u00e7\u00e3o Social de Sa\u00fade?<\/strong><\/p>\n<p style=\"text-align: justify;\"><strong>Haruo Ishikawa:\u00a0<\/strong>A Organiza\u00e7\u00e3o Social de Sa\u00fade, conhecida como OSS, \u00e9 uma institui\u00e7\u00e3o privada, sem fins lucrativos, que atua em parceria formal com o Estado e colabora de forma complementar para a consolida\u00e7\u00e3o do Sistema \u00danico de Sa\u00fade (SUS), conforme previsto em sua lei org\u00e2nica \u2013 Lei n\u00ba 8080\/90.<\/p>\n<p style=\"text-align: justify;\">No Estado de S\u00e3o Paulo, as OSS, por meio de contratos de gest\u00e3o, gerenciam unidades p\u00fablicas de sa\u00fade como Hospitais, Ambulat\u00f3rios M\u00e9dicos de Especialidades (AMEs), Servi\u00e7os de Diagn\u00f3sticos por Imagem (Sedis), Centros de Armazenamento e Distribui\u00e7\u00e3o de Insumos de Sa\u00fade (Ceadis) e a Central de Regula\u00e7\u00e3o de Oferta de Servi\u00e7os de Sa\u00fade (Cross).<\/p>\n<p style=\"text-align: justify;\">\n<p style=\"text-align: justify;\"><strong>C.H.+: Como o Seconci-SP se tornou uma OSS?<\/strong><\/p>\n<p style=\"text-align: justify;\"><strong>H.I.:<\/strong>\u00a0A convite do governo do Estado de S\u00e3o Paulo, o Seconci-SP qualificou-se em 1998 como OSS, pela experi\u00eancia adquirida na administra\u00e7\u00e3o do servi\u00e7o de sa\u00fade voltado aos trabalhadores da constru\u00e7\u00e3o. E em 2006, a entidade qualificou-se como OSS pelo munic\u00edpio de S\u00e3o Paulo.<\/p>\n<p style=\"text-align: justify;\">\n<p style=\"text-align: justify;\"><strong>C.H.+: Quais s\u00e3o as unidades estaduais de sa\u00fade que o Seconci-SP gerencia?<\/strong><\/p>\n<p style=\"text-align: justify;\"><strong>H.I.:<\/strong>\u00a0Hoje administramos os hospitais estaduais de Vila Alpina (Heva) e Sapopemba (Hesap), em S\u00e3o Paulo; de Itapecerica da Serra (HGIS) e Cotia (HRC), o Conjunto Hospitalar de Sorocaba (CHS), e o Hospital Local de Sapopemba; os Ambulat\u00f3rios M\u00e9dicos de Especialidades (AMEs) Barradas e Bourroul, na capital paulista, e os de Caraguatatuba, S\u00e3o Vicente e Lorena; o Servi\u00e7o Estadual de Diagn\u00f3stico por Imagem II (Sedi II), o Centro Estadual de Armazenamento e Distribui\u00e7\u00e3o de Insumos de Sa\u00fade (Ceadis), a Central de Regula\u00e7\u00e3o de Oferta de Servi\u00e7os de Sa\u00fade (Cross) e a Casa do Adolescente em S\u00e3o Paulo.<\/p>\n<p style=\"text-align: justify;\">Os hospitais s\u00e3o certificados pela Organiza\u00e7\u00e3o Nacional de Acredita\u00e7\u00e3o (ONA), situando-se entre os 10 hospitais p\u00fablicos de excel\u00eancia no pa\u00eds, como atestou a\u00a0<em>Revista<\/em>\u00a0<em>Exame<\/em>. O de Itapecerica da Serra (HGIS) foi o primeiro hospital p\u00fablico do pa\u00eds a ser acreditado pela\u00a0<em>Joint Comission International<\/em>\u00a0e o de Vila Alpina (Heva) tamb\u00e9m tem a Acredita\u00e7\u00e3o Canadense, categoria Diamante. Todos contam com \u00edndices de satisfa\u00e7\u00e3o de cerca de 90%, alguns pr\u00f3ximos a 100%, nas pesquisas que obrigatoriamente s\u00e3o feitas pela Secretaria da Sa\u00fade.<\/p>\n<p style=\"text-align: justify;\">\n<p style=\"text-align: justify;\"><strong>C.H.+: E no \u00e2mbito da Prefeitura de S\u00e3o Paulo?<\/strong><\/p>\n<p style=\"text-align: justify;\"><strong>H.I.:<\/strong>\u00a0Administramos 44 Unidades de Atendimento \u00e0 Sa\u00fade nos territ\u00f3rios Ermelino Matarazzo e Penha da capital paulista.<\/p>\n<p style=\"text-align: justify;\">\n<p style=\"text-align: justify;\"><strong>C.H.+: Quantos atendimentos a entidade realiza na rede p\u00fablica?<\/strong><\/p>\n<p style=\"text-align: justify;\"><strong>H.I.:<\/strong>\u00a0Nas unidades das redes p\u00fablicas de sa\u00fade estadual e municipal sob administra\u00e7\u00e3o da entidade, foram realizados 12 milh\u00f5es de atendimentos em 2018.<\/p>\n<p style=\"text-align: justify;\">\n<p style=\"text-align: justify;\"><strong>C.H.+: Quantos profissionais est\u00e3o envolvidos nas atividades do Seconci-SP?<\/strong><\/p>\n<p style=\"text-align: justify;\"><strong>H.I.:<\/strong>\u00a0O total de profissionais que trabalham nas unidades pr\u00f3prias e nas de gest\u00e3o p\u00fablica soma 13 mil pessoas, dos quais 3.500 m\u00e9dicos e dentistas.<\/p>\n<p style=\"text-align: justify;\">\n<p style=\"text-align: justify;\"><strong>C.H.+: Qual \u00e9 a diretriz da entidade para o atendimento \u00e0 sa\u00fade?<\/strong><\/p>\n<p style=\"text-align: justify;\"><strong>H.I.:\u00a0<\/strong>O atendimento humanizado. Fazemos quest\u00e3o de que todos os pacientes sejam atendidos com o m\u00e1ximo de seguran\u00e7a e respeito. M\u00e9dicos, dentistas, enfermeiros, atendentes e at\u00e9 os encarregados da seguran\u00e7a incorporaram o respeito, a considera\u00e7\u00e3o e o acolhimento que merece cada um dos nossos pacientes.<\/p>\n<p style=\"text-align: justify;\">\n<p style=\"text-align: justify;\"><strong>C.H.+: Como funcionam os contratos para a gest\u00e3o das unidades p\u00fablicas de sa\u00fade?<\/strong><\/p>\n<p style=\"text-align: justify;\"><strong>H.I.:<\/strong>\u00a0Diferentemente do que alguns imaginam, o Estado e a Prefeitura n\u00e3o pagam o Seconci-SP para que ele administre essas unidades como bem entender. As verbas repassadas continuam sendo do governo, e o Seconci-SP as administra para o custeio das unidades de sa\u00fade, dentro de metas quantitativas e qualitativas muito bem definidas. Geralmente ultrapassamos todas essas metas, acima de 90%, sem maiores custos para o Estado. Ao final de cada ano, quando h\u00e1 sobras financeiras, elas voltam aos cofres dos governos. Todo esse processo \u00e9 controlado pelas Secretarias de Sa\u00fade do Estado e do Munic\u00edpio, e auditado pelos respectivos Tribunais de Contas.<\/p>\n<p style=\"text-align: justify;\">\n<p style=\"text-align: justify;\"><strong>C.H.+: Os hospitais estaduais administrados pelo Seconci-SP tamb\u00e9m oferecem vagas para resid\u00eancia m\u00e9dica?<\/strong><\/p>\n<p style=\"text-align: justify;\"><strong>H.I.:<\/strong>\u00a0Sim. O Seconci-SP disponibilizou neste ano 58 vagas em Programa de Resid\u00eancia M\u00e9dica, formando no HRC, HGIS, Heva e Hesap especialistas para o Sistema \u00danico de Sa\u00fade (SUS) nas \u00e1reas de cirurgia geral, urologia, ortopedia e traumatologia, ginecologia, obstetr\u00edcia, anestesiologia, cirurgia pedi\u00e1trica, cl\u00ednica m\u00e9dica, medicina intensiva pedi\u00e1trica, radiologia e diagn\u00f3stico por imagem.<\/p>\n<p style=\"text-align: justify;\">O programa possui credenciamento do Minist\u00e9rio da Educa\u00e7\u00e3o e o processo seletivo \u00e9 realizado pelo SUS, Secretaria de Sa\u00fade do Estado de S\u00e3o Paulo e Funda\u00e7\u00e3o Carlos Chagas.<\/p>\n<p style=\"text-align: justify;\">\n<p style=\"text-align: justify;\"><strong>C.H.+: O modelo das OSSs traz economia para o Estado?<\/strong><\/p>\n<p style=\"text-align: justify;\"><strong>H.I.:<\/strong>\u00a0A agilidade do modelo de gerenciamento das OSSs da sa\u00fade economiza muitos recursos p\u00fablicos. Somente nos \u00faltimos cinco anos, os hospitais sob administra\u00e7\u00e3o do Seconci-SP economizaram cerca de R$ 600 milh\u00f5es que puderam ser revertidos em exames, procedimentos e interna\u00e7\u00f5es para a popula\u00e7\u00e3o atendida pelo SUS. Esta vantagem j\u00e1 havia sido comprovada em 2004 na disserta\u00e7\u00e3o de mestrado de Walter Cintra Ferreira Junior, da FGV, sobre \u201cGerenciamento de hospitais estaduais paulistas: um estudo comparativo entre a administra\u00e7\u00e3o direta e as organiza\u00e7\u00f5es sociais de sa\u00fade\u201d.<\/p>\n<p style=\"text-align: justify;\">Comparando cinco hospitais gerenciados pelo Estado com cinco hospitais administrados por OSSs, o especialista comprovou as vantagens destas \u00faltimas em gest\u00e3o de pessoal, gerenciamento or\u00e7ament\u00e1rio-financeiro e compra de materiais.<\/p>\n<p style=\"text-align: justify;\">Outro estudo mais recente, sobre os hospitais administrados pelas Organiza\u00e7\u00f5es Sociais de Sa\u00fade do Estado de S\u00e3o Paulo, de 2013 a 2016, mostra que eles apresentaram melhores resultados quanto a tempo m\u00e9dio de perman\u00eancia, taxa de ocupa\u00e7\u00e3o, renova\u00e7\u00e3o de leitos, utiliza\u00e7\u00e3o de sala de opera\u00e7\u00e3o, taxa de ces\u00e1reas, infec\u00e7\u00e3o hospitalar, gastos em rela\u00e7\u00e3o a produ\u00e7\u00e3o. \u00c9 o que constataram os assessores da Secretaria de Estado da Sa\u00fade de S\u00e3o Paulo Jos\u00e9 Dinio Vaz Mendes e Ol\u00edmpio J. Nogueira V. Bittar, no artigo \u201cHospitais Gerais P\u00fablicos: Administra\u00e7\u00e3o Direta e Organiza\u00e7\u00e3o Social de Sa\u00fade\u201d. Os especialistas afirmam que \u201cos resultados obtidos s\u00e3o similares a estudos comparativos anteriores que demonstram melhor desempenho, produtividade e qualidade pelas unidades administradas pelas OSS.\u201d<\/p>\n","protected":false},"excerpt":{"rendered":"<p>| Ag\u00eancia Cbic | O Servi\u00e7o Social da Constru\u00e7\u00e3o Civil do Estado de S\u00e3o Paulo (Seconci-SP) j\u00e1 \u00e9 bastante conhecido por ser uma entidade filantr\u00f3pica que oferece servi\u00e7os de assist\u00eancia social, incluindo atendimento m\u00e9dico ambulatorial e odontol\u00f3gico, aos colaboradores da ind\u00fastria da constru\u00e7\u00e3o e seus familiares. Menos conhecida \u00e9 sua atua\u00e7\u00e3o como Organiza\u00e7\u00e3o Social de [&hellip;]<\/p>\n","protected":false},"author":3,"featured_media":8624,"comment_status":"closed","ping_status":"closed","sticky":false,"template":"","format":"standard","meta":{"footnotes":""},"categories":[87],"tags":[],"class_list":["post-8623","post","type-post","status-publish","format-standard","has-post-thumbnail","hentry","category-seconci-sao-paulo"],"yoast_head":"<!-- This site is optimized with the Yoast SEO plugin v26.9 - https:\/\/yoast.com\/product\/yoast-seo-wordpress\/ -->\n<title>Entrevista: Seconci-SP tem atua\u00e7\u00e3o destacada como Organiza\u00e7\u00e3o Social de Sa\u00fade - Seconci Brasil<\/title>\n<meta name=\"robots\" content=\"index, follow, max-snippet:-1, max-image-preview:large, max-video-preview:-1\" \/>\n<link rel=\"canonical\" href=\"https:\/\/seconci.com.br\/site\/2019\/08\/19\/entrevista-seconci-sp-tem-atuacao-destacada-como-organizacao-social-de-saude\/\" \/>\n<meta property=\"og:locale\" content=\"pt_PT\" \/>\n<meta property=\"og:type\" content=\"article\" \/>\n<meta property=\"og:title\" content=\"Entrevista: Seconci-SP tem atua\u00e7\u00e3o destacada como Organiza\u00e7\u00e3o Social de Sa\u00fade - Seconci Brasil\" \/>\n<meta property=\"og:description\" content=\"| Ag\u00eancia Cbic | O Servi\u00e7o Social da Constru\u00e7\u00e3o Civil do Estado de S\u00e3o Paulo (Seconci-SP) j\u00e1 \u00e9 bastante conhecido por ser uma entidade filantr\u00f3pica que oferece servi\u00e7os de assist\u00eancia social, incluindo atendimento m\u00e9dico ambulatorial e odontol\u00f3gico, aos colaboradores da ind\u00fastria da constru\u00e7\u00e3o e seus familiares. Menos conhecida \u00e9 sua atua\u00e7\u00e3o como Organiza\u00e7\u00e3o Social de [&hellip;]\" \/>\n<meta property=\"og:url\" content=\"https:\/\/seconci.com.br\/site\/2019\/08\/19\/entrevista-seconci-sp-tem-atuacao-destacada-como-organizacao-social-de-saude\/\" \/>\n<meta property=\"og:site_name\" content=\"Seconci Brasil\" \/>\n<meta property=\"article:published_time\" content=\"2019-08-19T11:28:24+00:00\" \/>\n<meta property=\"og:image\" content=\"https:\/\/seconci.com.br\/site\/wp-content\/uploads\/2019\/08\/WhatsApp-Image-2019-08-16-at-16.59.55.jpeg\" \/>\n\t<meta property=\"og:image:width\" content=\"620\" \/>\n\t<meta property=\"og:image:height\" content=\"340\" \/>\n\t<meta property=\"og:image:type\" content=\"image\/jpeg\" \/>\n<meta name=\"author\" content=\"Sidney Rocha\" \/>\n<meta name=\"twitter:card\" content=\"summary_large_image\" \/>\n<meta name=\"twitter:label1\" content=\"Escrito por\" \/>\n\t<meta name=\"twitter:data1\" content=\"Sidney Rocha\" \/>\n\t<meta name=\"twitter:label2\" content=\"Tempo estimado de leitura\" \/>\n\t<meta name=\"twitter:data2\" content=\"7 minutos\" \/>\n<script type=\"application\/ld+json\" class=\"yoast-schema-graph\">{\"@context\":\"https:\/\/schema.org\",\"@graph\":[{\"@type\":\"Article\",\"@id\":\"https:\/\/seconci.com.br\/site\/2019\/08\/19\/entrevista-seconci-sp-tem-atuacao-destacada-como-organizacao-social-de-saude\/#article\",\"isPartOf\":{\"@id\":\"https:\/\/seconci.com.br\/site\/2019\/08\/19\/entrevista-seconci-sp-tem-atuacao-destacada-como-organizacao-social-de-saude\/\"},\"author\":{\"name\":\"Sidney Rocha\",\"@id\":\"https:\/\/seconci.com.br\/site\/#\/schema\/person\/1d79afd97ddc8f2c68c1e88e298aa8e2\"},\"headline\":\"Entrevista: Seconci-SP tem atua\u00e7\u00e3o destacada como Organiza\u00e7\u00e3o Social de Sa\u00fade\",\"datePublished\":\"2019-08-19T11:28:24+00:00\",\"mainEntityOfPage\":{\"@id\":\"https:\/\/seconci.com.br\/site\/2019\/08\/19\/entrevista-seconci-sp-tem-atuacao-destacada-como-organizacao-social-de-saude\/\"},\"wordCount\":1360,\"publisher\":{\"@id\":\"https:\/\/seconci.com.br\/site\/#organization\"},\"image\":{\"@id\":\"https:\/\/seconci.com.br\/site\/2019\/08\/19\/entrevista-seconci-sp-tem-atuacao-destacada-como-organizacao-social-de-saude\/#primaryimage\"},\"thumbnailUrl\":\"https:\/\/seconci.com.br\/site\/wp-content\/uploads\/2019\/08\/WhatsApp-Image-2019-08-16-at-16.59.55.jpeg\",\"articleSection\":[\"Seconci S\u00e3o Paulo\"],\"inLanguage\":\"pt-PT\"},{\"@type\":\"WebPage\",\"@id\":\"https:\/\/seconci.com.br\/site\/2019\/08\/19\/entrevista-seconci-sp-tem-atuacao-destacada-como-organizacao-social-de-saude\/\",\"url\":\"https:\/\/seconci.com.br\/site\/2019\/08\/19\/entrevista-seconci-sp-tem-atuacao-destacada-como-organizacao-social-de-saude\/\",\"name\":\"Entrevista: Seconci-SP tem atua\u00e7\u00e3o destacada como Organiza\u00e7\u00e3o Social de Sa\u00fade - Seconci Brasil\",\"isPartOf\":{\"@id\":\"https:\/\/seconci.com.br\/site\/#website\"},\"primaryImageOfPage\":{\"@id\":\"https:\/\/seconci.com.br\/site\/2019\/08\/19\/entrevista-seconci-sp-tem-atuacao-destacada-como-organizacao-social-de-saude\/#primaryimage\"},\"image\":{\"@id\":\"https:\/\/seconci.com.br\/site\/2019\/08\/19\/entrevista-seconci-sp-tem-atuacao-destacada-como-organizacao-social-de-saude\/#primaryimage\"},\"thumbnailUrl\":\"https:\/\/seconci.com.br\/site\/wp-content\/uploads\/2019\/08\/WhatsApp-Image-2019-08-16-at-16.59.55.jpeg\",\"datePublished\":\"2019-08-19T11:28:24+00:00\",\"breadcrumb\":{\"@id\":\"https:\/\/seconci.com.br\/site\/2019\/08\/19\/entrevista-seconci-sp-tem-atuacao-destacada-como-organizacao-social-de-saude\/#breadcrumb\"},\"inLanguage\":\"pt-PT\",\"potentialAction\":[{\"@type\":\"ReadAction\",\"target\":[\"https:\/\/seconci.com.br\/site\/2019\/08\/19\/entrevista-seconci-sp-tem-atuacao-destacada-como-organizacao-social-de-saude\/\"]}]},{\"@type\":\"ImageObject\",\"inLanguage\":\"pt-PT\",\"@id\":\"https:\/\/seconci.com.br\/site\/2019\/08\/19\/entrevista-seconci-sp-tem-atuacao-destacada-como-organizacao-social-de-saude\/#primaryimage\",\"url\":\"https:\/\/seconci.com.br\/site\/wp-content\/uploads\/2019\/08\/WhatsApp-Image-2019-08-16-at-16.59.55.jpeg\",\"contentUrl\":\"https:\/\/seconci.com.br\/site\/wp-content\/uploads\/2019\/08\/WhatsApp-Image-2019-08-16-at-16.59.55.jpeg\",\"width\":620,\"height\":340},{\"@type\":\"BreadcrumbList\",\"@id\":\"https:\/\/seconci.com.br\/site\/2019\/08\/19\/entrevista-seconci-sp-tem-atuacao-destacada-como-organizacao-social-de-saude\/#breadcrumb\",\"itemListElement\":[{\"@type\":\"ListItem\",\"position\":1,\"name\":\"In\u00edcio\",\"item\":\"https:\/\/seconci.com.br\/site\/\"},{\"@type\":\"ListItem\",\"position\":2,\"name\":\"Entrevista: Seconci-SP tem atua\u00e7\u00e3o destacada como Organiza\u00e7\u00e3o Social de Sa\u00fade\"}]},{\"@type\":\"WebSite\",\"@id\":\"https:\/\/seconci.com.br\/site\/#website\",\"url\":\"https:\/\/seconci.com.br\/site\/\",\"name\":\"Seconci Brasil\",\"description\":\"\",\"publisher\":{\"@id\":\"https:\/\/seconci.com.br\/site\/#organization\"},\"potentialAction\":[{\"@type\":\"SearchAction\",\"target\":{\"@type\":\"EntryPoint\",\"urlTemplate\":\"https:\/\/seconci.com.br\/site\/?s={search_term_string}\"},\"query-input\":{\"@type\":\"PropertyValueSpecification\",\"valueRequired\":true,\"valueName\":\"search_term_string\"}}],\"inLanguage\":\"pt-PT\"},{\"@type\":\"Organization\",\"@id\":\"https:\/\/seconci.com.br\/site\/#organization\",\"name\":\"Seconci Brasil\",\"url\":\"https:\/\/seconci.com.br\/site\/\",\"logo\":{\"@type\":\"ImageObject\",\"inLanguage\":\"pt-PT\",\"@id\":\"https:\/\/seconci.com.br\/site\/#\/schema\/logo\/image\/\",\"url\":\"https:\/\/seconci.com.br\/site\/wp-content\/uploads\/2024\/08\/Logo-Seconci-Brasil-branca-2.png\",\"contentUrl\":\"https:\/\/seconci.com.br\/site\/wp-content\/uploads\/2024\/08\/Logo-Seconci-Brasil-branca-2.png\",\"width\":1315,\"height\":598,\"caption\":\"Seconci Brasil\"},\"image\":{\"@id\":\"https:\/\/seconci.com.br\/site\/#\/schema\/logo\/image\/\"}},{\"@type\":\"Person\",\"@id\":\"https:\/\/seconci.com.br\/site\/#\/schema\/person\/1d79afd97ddc8f2c68c1e88e298aa8e2\",\"name\":\"Sidney Rocha\",\"description\":\"Comunicador e estagi\u00e1rio do Seconci Brasil.\",\"url\":\"https:\/\/seconci.com.br\/site\/author\/sidney-rocha\/\"}]}<\/script>\n<!-- \/ Yoast SEO plugin. -->","yoast_head_json":{"title":"Entrevista: Seconci-SP tem atua\u00e7\u00e3o destacada como Organiza\u00e7\u00e3o Social de Sa\u00fade - Seconci Brasil","robots":{"index":"index","follow":"follow","max-snippet":"max-snippet:-1","max-image-preview":"max-image-preview:large","max-video-preview":"max-video-preview:-1"},"canonical":"https:\/\/seconci.com.br\/site\/2019\/08\/19\/entrevista-seconci-sp-tem-atuacao-destacada-como-organizacao-social-de-saude\/","og_locale":"pt_PT","og_type":"article","og_title":"Entrevista: Seconci-SP tem atua\u00e7\u00e3o destacada como Organiza\u00e7\u00e3o Social de Sa\u00fade - Seconci Brasil","og_description":"| Ag\u00eancia Cbic | O Servi\u00e7o Social da Constru\u00e7\u00e3o Civil do Estado de S\u00e3o Paulo (Seconci-SP) j\u00e1 \u00e9 bastante conhecido por ser uma entidade filantr\u00f3pica que oferece servi\u00e7os de assist\u00eancia social, incluindo atendimento m\u00e9dico ambulatorial e odontol\u00f3gico, aos colaboradores da ind\u00fastria da constru\u00e7\u00e3o e seus familiares. Menos conhecida \u00e9 sua atua\u00e7\u00e3o como Organiza\u00e7\u00e3o Social de [&hellip;]","og_url":"https:\/\/seconci.com.br\/site\/2019\/08\/19\/entrevista-seconci-sp-tem-atuacao-destacada-como-organizacao-social-de-saude\/","og_site_name":"Seconci Brasil","article_published_time":"2019-08-19T11:28:24+00:00","og_image":[{"width":620,"height":340,"url":"https:\/\/seconci.com.br\/site\/wp-content\/uploads\/2019\/08\/WhatsApp-Image-2019-08-16-at-16.59.55.jpeg","type":"image\/jpeg"}],"author":"Sidney Rocha","twitter_card":"summary_large_image","twitter_misc":{"Escrito por":"Sidney Rocha","Tempo estimado de leitura":"7 minutos"},"schema":{"@context":"https:\/\/schema.org","@graph":[{"@type":"Article","@id":"https:\/\/seconci.com.br\/site\/2019\/08\/19\/entrevista-seconci-sp-tem-atuacao-destacada-como-organizacao-social-de-saude\/#article","isPartOf":{"@id":"https:\/\/seconci.com.br\/site\/2019\/08\/19\/entrevista-seconci-sp-tem-atuacao-destacada-como-organizacao-social-de-saude\/"},"author":{"name":"Sidney Rocha","@id":"https:\/\/seconci.com.br\/site\/#\/schema\/person\/1d79afd97ddc8f2c68c1e88e298aa8e2"},"headline":"Entrevista: Seconci-SP tem atua\u00e7\u00e3o destacada como Organiza\u00e7\u00e3o Social de Sa\u00fade","datePublished":"2019-08-19T11:28:24+00:00","mainEntityOfPage":{"@id":"https:\/\/seconci.com.br\/site\/2019\/08\/19\/entrevista-seconci-sp-tem-atuacao-destacada-como-organizacao-social-de-saude\/"},"wordCount":1360,"publisher":{"@id":"https:\/\/seconci.com.br\/site\/#organization"},"image":{"@id":"https:\/\/seconci.com.br\/site\/2019\/08\/19\/entrevista-seconci-sp-tem-atuacao-destacada-como-organizacao-social-de-saude\/#primaryimage"},"thumbnailUrl":"https:\/\/seconci.com.br\/site\/wp-content\/uploads\/2019\/08\/WhatsApp-Image-2019-08-16-at-16.59.55.jpeg","articleSection":["Seconci S\u00e3o Paulo"],"inLanguage":"pt-PT"},{"@type":"WebPage","@id":"https:\/\/seconci.com.br\/site\/2019\/08\/19\/entrevista-seconci-sp-tem-atuacao-destacada-como-organizacao-social-de-saude\/","url":"https:\/\/seconci.com.br\/site\/2019\/08\/19\/entrevista-seconci-sp-tem-atuacao-destacada-como-organizacao-social-de-saude\/","name":"Entrevista: Seconci-SP tem atua\u00e7\u00e3o destacada como Organiza\u00e7\u00e3o Social de Sa\u00fade - Seconci Brasil","isPartOf":{"@id":"https:\/\/seconci.com.br\/site\/#website"},"primaryImageOfPage":{"@id":"https:\/\/seconci.com.br\/site\/2019\/08\/19\/entrevista-seconci-sp-tem-atuacao-destacada-como-organizacao-social-de-saude\/#primaryimage"},"image":{"@id":"https:\/\/seconci.com.br\/site\/2019\/08\/19\/entrevista-seconci-sp-tem-atuacao-destacada-como-organizacao-social-de-saude\/#primaryimage"},"thumbnailUrl":"https:\/\/seconci.com.br\/site\/wp-content\/uploads\/2019\/08\/WhatsApp-Image-2019-08-16-at-16.59.55.jpeg","datePublished":"2019-08-19T11:28:24+00:00","breadcrumb":{"@id":"https:\/\/seconci.com.br\/site\/2019\/08\/19\/entrevista-seconci-sp-tem-atuacao-destacada-como-organizacao-social-de-saude\/#breadcrumb"},"inLanguage":"pt-PT","potentialAction":[{"@type":"ReadAction","target":["https:\/\/seconci.com.br\/site\/2019\/08\/19\/entrevista-seconci-sp-tem-atuacao-destacada-como-organizacao-social-de-saude\/"]}]},{"@type":"ImageObject","inLanguage":"pt-PT","@id":"https:\/\/seconci.com.br\/site\/2019\/08\/19\/entrevista-seconci-sp-tem-atuacao-destacada-como-organizacao-social-de-saude\/#primaryimage","url":"https:\/\/seconci.com.br\/site\/wp-content\/uploads\/2019\/08\/WhatsApp-Image-2019-08-16-at-16.59.55.jpeg","contentUrl":"https:\/\/seconci.com.br\/site\/wp-content\/uploads\/2019\/08\/WhatsApp-Image-2019-08-16-at-16.59.55.jpeg","width":620,"height":340},{"@type":"BreadcrumbList","@id":"https:\/\/seconci.com.br\/site\/2019\/08\/19\/entrevista-seconci-sp-tem-atuacao-destacada-como-organizacao-social-de-saude\/#breadcrumb","itemListElement":[{"@type":"ListItem","position":1,"name":"In\u00edcio","item":"https:\/\/seconci.com.br\/site\/"},{"@type":"ListItem","position":2,"name":"Entrevista: Seconci-SP tem atua\u00e7\u00e3o destacada como Organiza\u00e7\u00e3o Social de Sa\u00fade"}]},{"@type":"WebSite","@id":"https:\/\/seconci.com.br\/site\/#website","url":"https:\/\/seconci.com.br\/site\/","name":"Seconci Brasil","description":"","publisher":{"@id":"https:\/\/seconci.com.br\/site\/#organization"},"potentialAction":[{"@type":"SearchAction","target":{"@type":"EntryPoint","urlTemplate":"https:\/\/seconci.com.br\/site\/?s={search_term_string}"},"query-input":{"@type":"PropertyValueSpecification","valueRequired":true,"valueName":"search_term_string"}}],"inLanguage":"pt-PT"},{"@type":"Organization","@id":"https:\/\/seconci.com.br\/site\/#organization","name":"Seconci Brasil","url":"https:\/\/seconci.com.br\/site\/","logo":{"@type":"ImageObject","inLanguage":"pt-PT","@id":"https:\/\/seconci.com.br\/site\/#\/schema\/logo\/image\/","url":"https:\/\/seconci.com.br\/site\/wp-content\/uploads\/2024\/08\/Logo-Seconci-Brasil-branca-2.png","contentUrl":"https:\/\/seconci.com.br\/site\/wp-content\/uploads\/2024\/08\/Logo-Seconci-Brasil-branca-2.png","width":1315,"height":598,"caption":"Seconci Brasil"},"image":{"@id":"https:\/\/seconci.com.br\/site\/#\/schema\/logo\/image\/"}},{"@type":"Person","@id":"https:\/\/seconci.com.br\/site\/#\/schema\/person\/1d79afd97ddc8f2c68c1e88e298aa8e2","name":"Sidney Rocha","description":"Comunicador e estagi\u00e1rio do Seconci Brasil.","url":"https:\/\/seconci.com.br\/site\/author\/sidney-rocha\/"}]}},"_links":{"self":[{"href":"https:\/\/seconci.com.br\/site\/wp-json\/wp\/v2\/posts\/8623","targetHints":{"allow":["GET"]}}],"collection":[{"href":"https:\/\/seconci.com.br\/site\/wp-json\/wp\/v2\/posts"}],"about":[{"href":"https:\/\/seconci.com.br\/site\/wp-json\/wp\/v2\/types\/post"}],"author":[{"embeddable":true,"href":"https:\/\/seconci.com.br\/site\/wp-json\/wp\/v2\/users\/3"}],"replies":[{"embeddable":true,"href":"https:\/\/seconci.com.br\/site\/wp-json\/wp\/v2\/comments?post=8623"}],"version-history":[{"count":0,"href":"https:\/\/seconci.com.br\/site\/wp-json\/wp\/v2\/posts\/8623\/revisions"}],"wp:featuredmedia":[{"embeddable":true,"href":"https:\/\/seconci.com.br\/site\/wp-json\/wp\/v2\/media\/8624"}],"wp:attachment":[{"href":"https:\/\/seconci.com.br\/site\/wp-json\/wp\/v2\/media?parent=8623"}],"wp:term":[{"taxonomy":"category","embeddable":true,"href":"https:\/\/seconci.com.br\/site\/wp-json\/wp\/v2\/categories?post=8623"},{"taxonomy":"post_tag","embeddable":true,"href":"https:\/\/seconci.com.br\/site\/wp-json\/wp\/v2\/tags?post=8623"}],"curies":[{"name":"wp","href":"https:\/\/api.w.org\/{rel}","templated":true}]}}