{"id":8643,"date":"2019-08-26T11:25:02","date_gmt":"2019-08-26T11:25:02","guid":{"rendered":"https:\/\/seconci.com.br\/site\/?p=8643"},"modified":"2019-08-26T11:25:02","modified_gmt":"2019-08-26T11:25:02","slug":"seconci-sp-agosto-mes-de-conscientizacao-contra-o-linfoma","status":"publish","type":"post","link":"https:\/\/seconci.com.br\/site\/2019\/08\/26\/seconci-sp-agosto-mes-de-conscientizacao-contra-o-linfoma\/","title":{"rendered":"| Seconci-SP | Agosto, m\u00eas de conscientiza\u00e7\u00e3o contra o linfoma"},"content":{"rendered":"<p style=\"text-align: justify;\">Seconci-SP enfatiza a import\u00e2ncia do diagn\u00f3stico precoce<\/p>\n<p style=\"text-align: justify;\">Dados do Instituto Nacional de C\u00e2ncer (INCA) indicam que em 2018 mais de duas mil pessoas tiveram linfoma ou doen\u00e7a de Hodgkin, que \u00e9 um tipo de c\u00e2ncer que se origina no sistema linf\u00e1tico. Ainda segundo o \u00f3rg\u00e3o, o n\u00famero de \u00f3bitos decorrentes da doen\u00e7a, em m\u00e9dia, \u00e9 de 562 casos por ano, sendo 325 homens e 237 mulheres.<\/p>\n<p style=\"text-align: justify;\">Diante deste cen\u00e1rio, a Regional do Seconci-SP em Sorocaba alerta para a import\u00e2ncia de identificar precocemente os sintomas do linfoma.<\/p>\n<p style=\"text-align: justify;\">De acordo com a doutora Carolina Piffer, m\u00e9dica da Regional Sorocaba do Seconci-SP, o diagn\u00f3stico precoce possibilita melhores resultados no tratamento deste tipo de c\u00e2ncer e deve ser feito por meio da investiga\u00e7\u00e3o de sinais e sintomas.<\/p>\n<p style=\"text-align: justify;\">\u201cA melhor maneira de identificar os sintomas \u00e9 prestando aten\u00e7\u00e3o ao aparecimento de um ou mais caro\u00e7os (\u00ednguas) sob a pele, geralmente indolor, principalmente no pesco\u00e7o, virilha ou axilas. Outros sintomas que tamb\u00e9m devem ser observados s\u00e3o: febre e suores noturnos, cansa\u00e7o, calafrios, perda de peso sem motivo aparente e coceira na pele\u201d, explica a m\u00e9dica.<\/p>\n<p style=\"text-align: justify;\">Segundo a doutora, para prevenir o surgimento de um linfoma, pessoas com doen\u00e7as autoimunes ou que fizeram transplante de \u00f3rg\u00e3os e tratamento para c\u00e2ncer devem manter um acompanhamento regular. \u201cO acompanhamento m\u00e9dico \u00e9 de extrema import\u00e2ncia, pois o diagn\u00f3stico precoce \u00e9 uma estrat\u00e9gia para encontrar o tumor numa fase inicial e, assim, aumentar a chance de cura\u201d, destaca.<\/p>\n<p style=\"text-align: justify;\">A m\u00e9dica explica ainda que a quimioterapia e a radioterapia s\u00e3o os mais utilizados nas etapas do tratamento. \u201cS\u00e3o m\u00e9todos eficazes e que, na maioria dos casos, tem melhor progn\u00f3stico, sendo que em quadros mais avan\u00e7ados podem ser curados em cerca de 70%, inclusive, quando localizados em suas fases iniciais, podem apresentar uma taxa da qual ultrapassa os 90%\u201d, conclui.<\/p>\n<p style=\"text-align: justify;\">Para mais informa\u00e7\u00f5es sobre os servi\u00e7os e produtos da Regional do Seconci-SP em Sorocaba entre em contato pelo telefone (15) 3042.1840 ou pelo e-mail\u00a0<a href=\"mailto:sorocaba@seconci-sp.org.br\">sorocaba@seconci-sp.org.br.<\/a><\/p>\n<p class=\"m_-5017545226800703936MsoPlainText\" style=\"text-align: justify;\"><b>Servi\u00e7o: Conscientiza\u00e7\u00e3o do Linfoma<br \/>\n<u><\/u><u><\/u><\/b><b>Regional Sorocaba do Seconci-SP<br \/>\n<u><\/u><u><\/u><\/b><b>Endere\u00e7o:<\/b>\u00a0Avenida General Os\u00f3rio, 391 \u2013 Trujillo \u2013 Sorocaba \/ SP<br \/>\n<u><\/u><u><\/u><b>Informa\u00e7\u00f5es:\u00a0<\/b>(15) 3042.1840 \/\u00a0<a href=\"mailto:sorocaba@seconci-sp.org.br\" target=\"_blank\" rel=\"noopener noreferrer\">sorocaba@seconci-sp.org.br<\/a><\/p>\n<p style=\"text-align: justify;\"><strong>Sobre o Seconci-SP<\/strong><\/p>\n<p style=\"text-align: justify;\">O Seconci-SP (Servi\u00e7o Social da Constru\u00e7\u00e3o Civil do Estado de S\u00e3o Paulo) tem como miss\u00e3o promover a\u00e7\u00f5es de sa\u00fade e assist\u00eancia social, garantindo qualidade de vida aos trabalhadores e seus dependentes. A Unidade de Sorocaba atende colaboradores de mais de 150 empresas contribuintes e disp\u00f5e de um corpo cl\u00ednico especializado em: cardiologia, cl\u00ednica m\u00e9dica, dermatologia, ginecologia, nutri\u00e7\u00e3o, oftalmologia, ortopedia, odontologia, otorrinolaringologia e pediatria.<\/p>\n<p style=\"text-align: justify;\">Al\u00e9m disso, os trabalhadores e seus familiares podem realizar exames cl\u00ednicos, audiometria, eletrocardiograma, eletroencefalograma, radiologia e ultrassonografia, tudo no mesmo espa\u00e7o. A Unidade conta ainda com assessoria em medicina ocupacional e engenharia de seguran\u00e7a, inclusive para empresas de outros setores da economia, com atendimento cl\u00ednico para emiss\u00e3o de atestados de sa\u00fade ocupacional e realiza\u00e7\u00e3o dos Programas de Sa\u00fade e Seguran\u00e7a do Trabalho, de acordo com a legisla\u00e7\u00e3o trabalhista.<\/p>\n<p><strong><em>Fonte: Ol\u00e1 Itapetininga<\/em> <\/strong><\/p>\n","protected":false},"excerpt":{"rendered":"<p>Seconci-SP enfatiza a import\u00e2ncia do diagn\u00f3stico precoce Dados do Instituto Nacional de C\u00e2ncer (INCA) indicam que em 2018 mais de duas mil pessoas tiveram linfoma ou doen\u00e7a de Hodgkin, que \u00e9 um tipo de c\u00e2ncer que se origina no sistema linf\u00e1tico. Ainda segundo o \u00f3rg\u00e3o, o n\u00famero de \u00f3bitos decorrentes da doen\u00e7a, em m\u00e9dia, \u00e9 [&hellip;]<\/p>\n","protected":false},"author":3,"featured_media":8087,"comment_status":"closed","ping_status":"closed","sticky":false,"template":"","format":"standard","meta":{"footnotes":""},"categories":[87],"tags":[],"class_list":["post-8643","post","type-post","status-publish","format-standard","has-post-thumbnail","hentry","category-seconci-sao-paulo"],"yoast_head":"<!-- This site is optimized with the Yoast SEO plugin v26.9 - https:\/\/yoast.com\/product\/yoast-seo-wordpress\/ -->\n<title>| Seconci-SP | Agosto, m\u00eas de conscientiza\u00e7\u00e3o contra o linfoma - Seconci Brasil<\/title>\n<meta name=\"robots\" content=\"index, follow, max-snippet:-1, max-image-preview:large, max-video-preview:-1\" \/>\n<link rel=\"canonical\" href=\"https:\/\/seconci.com.br\/site\/2019\/08\/26\/seconci-sp-agosto-mes-de-conscientizacao-contra-o-linfoma\/\" \/>\n<meta property=\"og:locale\" content=\"pt_PT\" \/>\n<meta property=\"og:type\" content=\"article\" \/>\n<meta property=\"og:title\" content=\"| Seconci-SP | Agosto, m\u00eas de conscientiza\u00e7\u00e3o contra o linfoma - Seconci Brasil\" \/>\n<meta property=\"og:description\" content=\"Seconci-SP enfatiza a import\u00e2ncia do diagn\u00f3stico precoce Dados do Instituto Nacional de C\u00e2ncer (INCA) indicam que em 2018 mais de duas mil pessoas tiveram linfoma ou doen\u00e7a de Hodgkin, que \u00e9 um tipo de c\u00e2ncer que se origina no sistema linf\u00e1tico. Ainda segundo o \u00f3rg\u00e3o, o n\u00famero de \u00f3bitos decorrentes da doen\u00e7a, em m\u00e9dia, \u00e9 [&hellip;]\" \/>\n<meta property=\"og:url\" content=\"https:\/\/seconci.com.br\/site\/2019\/08\/26\/seconci-sp-agosto-mes-de-conscientizacao-contra-o-linfoma\/\" \/>\n<meta property=\"og:site_name\" content=\"Seconci Brasil\" \/>\n<meta property=\"article:published_time\" content=\"2019-08-26T11:25:02+00:00\" \/>\n<meta property=\"og:image\" content=\"https:\/\/seconci.com.br\/site\/wp-content\/uploads\/2019\/02\/download.jpg\" \/>\n\t<meta property=\"og:image:width\" content=\"299\" \/>\n\t<meta property=\"og:image:height\" content=\"169\" \/>\n\t<meta property=\"og:image:type\" content=\"image\/jpeg\" \/>\n<meta name=\"author\" content=\"Sidney Rocha\" \/>\n<meta name=\"twitter:card\" content=\"summary_large_image\" \/>\n<meta name=\"twitter:label1\" content=\"Escrito por\" \/>\n\t<meta name=\"twitter:data1\" content=\"Sidney Rocha\" \/>\n\t<meta name=\"twitter:label2\" content=\"Tempo estimado de leitura\" \/>\n\t<meta name=\"twitter:data2\" content=\"3 minutos\" \/>\n<script type=\"application\/ld+json\" class=\"yoast-schema-graph\">{\"@context\":\"https:\/\/schema.org\",\"@graph\":[{\"@type\":\"Article\",\"@id\":\"https:\/\/seconci.com.br\/site\/2019\/08\/26\/seconci-sp-agosto-mes-de-conscientizacao-contra-o-linfoma\/#article\",\"isPartOf\":{\"@id\":\"https:\/\/seconci.com.br\/site\/2019\/08\/26\/seconci-sp-agosto-mes-de-conscientizacao-contra-o-linfoma\/\"},\"author\":{\"name\":\"Sidney Rocha\",\"@id\":\"https:\/\/seconci.com.br\/site\/#\/schema\/person\/1d79afd97ddc8f2c68c1e88e298aa8e2\"},\"headline\":\"| Seconci-SP | Agosto, m\u00eas de conscientiza\u00e7\u00e3o contra o linfoma\",\"datePublished\":\"2019-08-26T11:25:02+00:00\",\"mainEntityOfPage\":{\"@id\":\"https:\/\/seconci.com.br\/site\/2019\/08\/26\/seconci-sp-agosto-mes-de-conscientizacao-contra-o-linfoma\/\"},\"wordCount\":544,\"publisher\":{\"@id\":\"https:\/\/seconci.com.br\/site\/#organization\"},\"image\":{\"@id\":\"https:\/\/seconci.com.br\/site\/2019\/08\/26\/seconci-sp-agosto-mes-de-conscientizacao-contra-o-linfoma\/#primaryimage\"},\"thumbnailUrl\":\"https:\/\/seconci.com.br\/site\/wp-content\/uploads\/2019\/02\/download.jpg\",\"articleSection\":[\"Seconci S\u00e3o Paulo\"],\"inLanguage\":\"pt-PT\"},{\"@type\":\"WebPage\",\"@id\":\"https:\/\/seconci.com.br\/site\/2019\/08\/26\/seconci-sp-agosto-mes-de-conscientizacao-contra-o-linfoma\/\",\"url\":\"https:\/\/seconci.com.br\/site\/2019\/08\/26\/seconci-sp-agosto-mes-de-conscientizacao-contra-o-linfoma\/\",\"name\":\"| Seconci-SP | Agosto, m\u00eas de conscientiza\u00e7\u00e3o contra o linfoma - Seconci Brasil\",\"isPartOf\":{\"@id\":\"https:\/\/seconci.com.br\/site\/#website\"},\"primaryImageOfPage\":{\"@id\":\"https:\/\/seconci.com.br\/site\/2019\/08\/26\/seconci-sp-agosto-mes-de-conscientizacao-contra-o-linfoma\/#primaryimage\"},\"image\":{\"@id\":\"https:\/\/seconci.com.br\/site\/2019\/08\/26\/seconci-sp-agosto-mes-de-conscientizacao-contra-o-linfoma\/#primaryimage\"},\"thumbnailUrl\":\"https:\/\/seconci.com.br\/site\/wp-content\/uploads\/2019\/02\/download.jpg\",\"datePublished\":\"2019-08-26T11:25:02+00:00\",\"breadcrumb\":{\"@id\":\"https:\/\/seconci.com.br\/site\/2019\/08\/26\/seconci-sp-agosto-mes-de-conscientizacao-contra-o-linfoma\/#breadcrumb\"},\"inLanguage\":\"pt-PT\",\"potentialAction\":[{\"@type\":\"ReadAction\",\"target\":[\"https:\/\/seconci.com.br\/site\/2019\/08\/26\/seconci-sp-agosto-mes-de-conscientizacao-contra-o-linfoma\/\"]}]},{\"@type\":\"ImageObject\",\"inLanguage\":\"pt-PT\",\"@id\":\"https:\/\/seconci.com.br\/site\/2019\/08\/26\/seconci-sp-agosto-mes-de-conscientizacao-contra-o-linfoma\/#primaryimage\",\"url\":\"https:\/\/seconci.com.br\/site\/wp-content\/uploads\/2019\/02\/download.jpg\",\"contentUrl\":\"https:\/\/seconci.com.br\/site\/wp-content\/uploads\/2019\/02\/download.jpg\",\"width\":299,\"height\":169},{\"@type\":\"BreadcrumbList\",\"@id\":\"https:\/\/seconci.com.br\/site\/2019\/08\/26\/seconci-sp-agosto-mes-de-conscientizacao-contra-o-linfoma\/#breadcrumb\",\"itemListElement\":[{\"@type\":\"ListItem\",\"position\":1,\"name\":\"In\u00edcio\",\"item\":\"https:\/\/seconci.com.br\/site\/\"},{\"@type\":\"ListItem\",\"position\":2,\"name\":\"| Seconci-SP | Agosto, m\u00eas de conscientiza\u00e7\u00e3o contra o linfoma\"}]},{\"@type\":\"WebSite\",\"@id\":\"https:\/\/seconci.com.br\/site\/#website\",\"url\":\"https:\/\/seconci.com.br\/site\/\",\"name\":\"Seconci Brasil\",\"description\":\"\",\"publisher\":{\"@id\":\"https:\/\/seconci.com.br\/site\/#organization\"},\"potentialAction\":[{\"@type\":\"SearchAction\",\"target\":{\"@type\":\"EntryPoint\",\"urlTemplate\":\"https:\/\/seconci.com.br\/site\/?s={search_term_string}\"},\"query-input\":{\"@type\":\"PropertyValueSpecification\",\"valueRequired\":true,\"valueName\":\"search_term_string\"}}],\"inLanguage\":\"pt-PT\"},{\"@type\":\"Organization\",\"@id\":\"https:\/\/seconci.com.br\/site\/#organization\",\"name\":\"Seconci Brasil\",\"url\":\"https:\/\/seconci.com.br\/site\/\",\"logo\":{\"@type\":\"ImageObject\",\"inLanguage\":\"pt-PT\",\"@id\":\"https:\/\/seconci.com.br\/site\/#\/schema\/logo\/image\/\",\"url\":\"https:\/\/seconci.com.br\/site\/wp-content\/uploads\/2024\/08\/Logo-Seconci-Brasil-branca-2.png\",\"contentUrl\":\"https:\/\/seconci.com.br\/site\/wp-content\/uploads\/2024\/08\/Logo-Seconci-Brasil-branca-2.png\",\"width\":1315,\"height\":598,\"caption\":\"Seconci Brasil\"},\"image\":{\"@id\":\"https:\/\/seconci.com.br\/site\/#\/schema\/logo\/image\/\"}},{\"@type\":\"Person\",\"@id\":\"https:\/\/seconci.com.br\/site\/#\/schema\/person\/1d79afd97ddc8f2c68c1e88e298aa8e2\",\"name\":\"Sidney Rocha\",\"description\":\"Comunicador e estagi\u00e1rio do Seconci Brasil.\",\"url\":\"https:\/\/seconci.com.br\/site\/author\/sidney-rocha\/\"}]}<\/script>\n<!-- \/ Yoast SEO plugin. -->","yoast_head_json":{"title":"| Seconci-SP | Agosto, m\u00eas de conscientiza\u00e7\u00e3o contra o linfoma - Seconci Brasil","robots":{"index":"index","follow":"follow","max-snippet":"max-snippet:-1","max-image-preview":"max-image-preview:large","max-video-preview":"max-video-preview:-1"},"canonical":"https:\/\/seconci.com.br\/site\/2019\/08\/26\/seconci-sp-agosto-mes-de-conscientizacao-contra-o-linfoma\/","og_locale":"pt_PT","og_type":"article","og_title":"| Seconci-SP | Agosto, m\u00eas de conscientiza\u00e7\u00e3o contra o linfoma - Seconci Brasil","og_description":"Seconci-SP enfatiza a import\u00e2ncia do diagn\u00f3stico precoce Dados do Instituto Nacional de C\u00e2ncer (INCA) indicam que em 2018 mais de duas mil pessoas tiveram linfoma ou doen\u00e7a de Hodgkin, que \u00e9 um tipo de c\u00e2ncer que se origina no sistema linf\u00e1tico. Ainda segundo o \u00f3rg\u00e3o, o n\u00famero de \u00f3bitos decorrentes da doen\u00e7a, em m\u00e9dia, \u00e9 [&hellip;]","og_url":"https:\/\/seconci.com.br\/site\/2019\/08\/26\/seconci-sp-agosto-mes-de-conscientizacao-contra-o-linfoma\/","og_site_name":"Seconci Brasil","article_published_time":"2019-08-26T11:25:02+00:00","og_image":[{"width":299,"height":169,"url":"https:\/\/seconci.com.br\/site\/wp-content\/uploads\/2019\/02\/download.jpg","type":"image\/jpeg"}],"author":"Sidney Rocha","twitter_card":"summary_large_image","twitter_misc":{"Escrito por":"Sidney Rocha","Tempo estimado de leitura":"3 minutos"},"schema":{"@context":"https:\/\/schema.org","@graph":[{"@type":"Article","@id":"https:\/\/seconci.com.br\/site\/2019\/08\/26\/seconci-sp-agosto-mes-de-conscientizacao-contra-o-linfoma\/#article","isPartOf":{"@id":"https:\/\/seconci.com.br\/site\/2019\/08\/26\/seconci-sp-agosto-mes-de-conscientizacao-contra-o-linfoma\/"},"author":{"name":"Sidney Rocha","@id":"https:\/\/seconci.com.br\/site\/#\/schema\/person\/1d79afd97ddc8f2c68c1e88e298aa8e2"},"headline":"| Seconci-SP | Agosto, m\u00eas de conscientiza\u00e7\u00e3o contra o linfoma","datePublished":"2019-08-26T11:25:02+00:00","mainEntityOfPage":{"@id":"https:\/\/seconci.com.br\/site\/2019\/08\/26\/seconci-sp-agosto-mes-de-conscientizacao-contra-o-linfoma\/"},"wordCount":544,"publisher":{"@id":"https:\/\/seconci.com.br\/site\/#organization"},"image":{"@id":"https:\/\/seconci.com.br\/site\/2019\/08\/26\/seconci-sp-agosto-mes-de-conscientizacao-contra-o-linfoma\/#primaryimage"},"thumbnailUrl":"https:\/\/seconci.com.br\/site\/wp-content\/uploads\/2019\/02\/download.jpg","articleSection":["Seconci S\u00e3o Paulo"],"inLanguage":"pt-PT"},{"@type":"WebPage","@id":"https:\/\/seconci.com.br\/site\/2019\/08\/26\/seconci-sp-agosto-mes-de-conscientizacao-contra-o-linfoma\/","url":"https:\/\/seconci.com.br\/site\/2019\/08\/26\/seconci-sp-agosto-mes-de-conscientizacao-contra-o-linfoma\/","name":"| Seconci-SP | Agosto, m\u00eas de conscientiza\u00e7\u00e3o contra o linfoma - Seconci Brasil","isPartOf":{"@id":"https:\/\/seconci.com.br\/site\/#website"},"primaryImageOfPage":{"@id":"https:\/\/seconci.com.br\/site\/2019\/08\/26\/seconci-sp-agosto-mes-de-conscientizacao-contra-o-linfoma\/#primaryimage"},"image":{"@id":"https:\/\/seconci.com.br\/site\/2019\/08\/26\/seconci-sp-agosto-mes-de-conscientizacao-contra-o-linfoma\/#primaryimage"},"thumbnailUrl":"https:\/\/seconci.com.br\/site\/wp-content\/uploads\/2019\/02\/download.jpg","datePublished":"2019-08-26T11:25:02+00:00","breadcrumb":{"@id":"https:\/\/seconci.com.br\/site\/2019\/08\/26\/seconci-sp-agosto-mes-de-conscientizacao-contra-o-linfoma\/#breadcrumb"},"inLanguage":"pt-PT","potentialAction":[{"@type":"ReadAction","target":["https:\/\/seconci.com.br\/site\/2019\/08\/26\/seconci-sp-agosto-mes-de-conscientizacao-contra-o-linfoma\/"]}]},{"@type":"ImageObject","inLanguage":"pt-PT","@id":"https:\/\/seconci.com.br\/site\/2019\/08\/26\/seconci-sp-agosto-mes-de-conscientizacao-contra-o-linfoma\/#primaryimage","url":"https:\/\/seconci.com.br\/site\/wp-content\/uploads\/2019\/02\/download.jpg","contentUrl":"https:\/\/seconci.com.br\/site\/wp-content\/uploads\/2019\/02\/download.jpg","width":299,"height":169},{"@type":"BreadcrumbList","@id":"https:\/\/seconci.com.br\/site\/2019\/08\/26\/seconci-sp-agosto-mes-de-conscientizacao-contra-o-linfoma\/#breadcrumb","itemListElement":[{"@type":"ListItem","position":1,"name":"In\u00edcio","item":"https:\/\/seconci.com.br\/site\/"},{"@type":"ListItem","position":2,"name":"| Seconci-SP | Agosto, m\u00eas de conscientiza\u00e7\u00e3o contra o linfoma"}]},{"@type":"WebSite","@id":"https:\/\/seconci.com.br\/site\/#website","url":"https:\/\/seconci.com.br\/site\/","name":"Seconci Brasil","description":"","publisher":{"@id":"https:\/\/seconci.com.br\/site\/#organization"},"potentialAction":[{"@type":"SearchAction","target":{"@type":"EntryPoint","urlTemplate":"https:\/\/seconci.com.br\/site\/?s={search_term_string}"},"query-input":{"@type":"PropertyValueSpecification","valueRequired":true,"valueName":"search_term_string"}}],"inLanguage":"pt-PT"},{"@type":"Organization","@id":"https:\/\/seconci.com.br\/site\/#organization","name":"Seconci Brasil","url":"https:\/\/seconci.com.br\/site\/","logo":{"@type":"ImageObject","inLanguage":"pt-PT","@id":"https:\/\/seconci.com.br\/site\/#\/schema\/logo\/image\/","url":"https:\/\/seconci.com.br\/site\/wp-content\/uploads\/2024\/08\/Logo-Seconci-Brasil-branca-2.png","contentUrl":"https:\/\/seconci.com.br\/site\/wp-content\/uploads\/2024\/08\/Logo-Seconci-Brasil-branca-2.png","width":1315,"height":598,"caption":"Seconci Brasil"},"image":{"@id":"https:\/\/seconci.com.br\/site\/#\/schema\/logo\/image\/"}},{"@type":"Person","@id":"https:\/\/seconci.com.br\/site\/#\/schema\/person\/1d79afd97ddc8f2c68c1e88e298aa8e2","name":"Sidney Rocha","description":"Comunicador e estagi\u00e1rio do Seconci Brasil.","url":"https:\/\/seconci.com.br\/site\/author\/sidney-rocha\/"}]}},"_links":{"self":[{"href":"https:\/\/seconci.com.br\/site\/wp-json\/wp\/v2\/posts\/8643","targetHints":{"allow":["GET"]}}],"collection":[{"href":"https:\/\/seconci.com.br\/site\/wp-json\/wp\/v2\/posts"}],"about":[{"href":"https:\/\/seconci.com.br\/site\/wp-json\/wp\/v2\/types\/post"}],"author":[{"embeddable":true,"href":"https:\/\/seconci.com.br\/site\/wp-json\/wp\/v2\/users\/3"}],"replies":[{"embeddable":true,"href":"https:\/\/seconci.com.br\/site\/wp-json\/wp\/v2\/comments?post=8643"}],"version-history":[{"count":0,"href":"https:\/\/seconci.com.br\/site\/wp-json\/wp\/v2\/posts\/8643\/revisions"}],"wp:featuredmedia":[{"embeddable":true,"href":"https:\/\/seconci.com.br\/site\/wp-json\/wp\/v2\/media\/8087"}],"wp:attachment":[{"href":"https:\/\/seconci.com.br\/site\/wp-json\/wp\/v2\/media?parent=8643"}],"wp:term":[{"taxonomy":"category","embeddable":true,"href":"https:\/\/seconci.com.br\/site\/wp-json\/wp\/v2\/categories?post=8643"},{"taxonomy":"post_tag","embeddable":true,"href":"https:\/\/seconci.com.br\/site\/wp-json\/wp\/v2\/tags?post=8643"}],"curies":[{"name":"wp","href":"https:\/\/api.w.org\/{rel}","templated":true}]}}