{"id":8645,"date":"2019-08-27T11:22:25","date_gmt":"2019-08-27T11:22:25","guid":{"rendered":"https:\/\/seconci.com.br\/site\/?p=8645"},"modified":"2019-08-27T11:32:35","modified_gmt":"2019-08-27T11:32:35","slug":"industria-da-construcao-e-sesi-se-unem-na-prevencao-de-acidentes","status":"publish","type":"post","link":"https:\/\/seconci.com.br\/site\/2019\/08\/27\/industria-da-construcao-e-sesi-se-unem-na-prevencao-de-acidentes\/","title":{"rendered":"Ind\u00fastria da Constru\u00e7\u00e3o e Sesi se unem na preven\u00e7\u00e3o de acidentes"},"content":{"rendered":"<p style=\"text-align: justify;\">| <em><strong>Ag\u00eancia Cbic<\/strong> <\/em>|<\/p>\n<p style=\"text-align: justify;\">A ind\u00fastria da constru\u00e7\u00e3o vem desenvolvendo in\u00fameras a\u00e7\u00f5es visando a melhoria das condi\u00e7\u00f5es de Seguran\u00e7a e Sa\u00fade no Trabalho (SST) nos canteiros de obras. Como resultado da crescente parceria com o Servi\u00e7o Social da Ind\u00fastria (Sesi Nacional), a C\u00e2mara Brasileira da Industria da Constru\u00e7\u00e3o (CBIC) editou guia e manuais relacionados aos temas queda por trabalho em altura, choque el\u00e9trico e soterramento, que est\u00e3o dispon\u00edveis e podem ser acessados para\u00a0<a href=\"https:\/\/cbic.org.br\/relacoestrabalhistas\/publicacoes\/\">download no site da entidade<\/a>, na \u00e1rea da Comiss\u00e3o de Pol\u00edticas de Rela\u00e7\u00f5es Trabalhistas (CPRT).<\/p>\n<p style=\"text-align: justify;\">A s\u00e9rie\u00a0<strong>\u2018<\/strong><strong>SST na Ind\u00fastria da Constru\u00e7\u00e3o\u2019<\/strong>, da CPRT\/CBIC, que tem apresentado a\u00e7\u00f5es desenvolvidas nacionalmente pela entidade e pelas empresas da constru\u00e7\u00e3o civil na \u00e1rea de seguran\u00e7a e sa\u00fade no trabalho, destaca na edi\u00e7\u00e3o de hoje iniciativas do setor para preven\u00e7\u00e3o de acidentes, com foco na parceria entre a CBIC e o Sesi Nacional. Veja mais sobre o especial no site da entidade \u2013\u00a0<a href=\"http:\/\/para%20celebrar%20o%20dia%20nacional%20de%20preven%C3%A7%C3%A3o%20de%20acidentes%20de%20trabalho%2C%20comemorado%20no%20s%C3%A1bado%20%2827\/07),%20a%20C%C3%A2mara%20Brasileira%20da%20Ind%C3%BAstria%20da%20Constru%C3%A7%C3%A3o%20(CBIC),%20por%20meio%20da%20sua%20Comiss%C3%A3o%20de%20Pol%C3%ADtica%20de%20Rela%C3%A7%C3%B5es%20Trabalhistas%20(CPRT),%20lan%C3%A7a%20nesta%20sexta-feira%20(26\/07)%20a%20s%C3%A9rie%20%E2%80%99SST%20na%20Ind%C3%BAstria%20da%20Constru%C3%A7%C3%A3o%E2%80%99,%20j%C3%A1%20destacando%20as%20a%C3%A7%C3%B5es%20desenvolvidas%20nacionalmente%20pela%20CBIC%20e%20pelas%20empresas%20do%20setor%20na%20%C3%A1rea%20de%20seguran%C3%A7a%20e%20sa%C3%BAde%20no%20trabalho.%20O%20especial%20abordar%C3%A1%20temas%20relacionados%20a%20Seguran%C3%A7a%20e%20Sa%C3%BAde%20no%20Trabalho%20(SST)%20no%20setor%20da%20constru%C3%A7%C3%A3o,%20que%20poder%C3%A3o%20ser%20acompanhados%20at%C3%A9%20o%20final%20do%20m%C3%AAs%20de%20agosto%20em%20edi%C3%A7%C3%B5es%20do%20CBIC%20Hoje+%20e%20no%20site%20da%20entidade%20%E2%80%93%20Ag%C3%AAncia%20de%20Not%C3%ADcias%20e%20%C3%A1rea%20da%20CPRT\/CBIC,%20no%20%C3%ADcone%20Acervos%20-%20S%C3%A9rie%20-%20SST%20na%20Ind%C3%BAstria%20da%20Constru%C3%A7%C3%A3o.%20(links%20site%20-%20https:\/cbic.org.br\/%20e%20https:\/cbic.org.br\/relacoestrabalhistas\/serie-sst-na-industria-da-construcao\/\"><strong>Ag\u00eancia de Not\u00edcias<\/strong><\/a>\u00a0e \u00e1rea da CPRT\/CBIC, no \u00edcone Acervo \u2013\u00a0<a href=\"https:\/\/cbic.org.br\/relacoestrabalhistas\/serie-sst-na-industria-da-construcao\/\"><strong>S\u00e9rie \u2013 SST na Ind\u00fastria da Constru\u00e7\u00e3o<\/strong><\/a>.<\/p>\n<div class=\"g g-7\">\n<div class=\"g-single a-9\">\n<div class=\"relative ads--320\">\n<h2 style=\"text-align: justify;\"><strong>Parceria oferece solu\u00e7\u00f5es construtivas para empresas e trabalhadores do setor<\/strong><\/h2>\n<p style=\"text-align: justify;\">O Sesi Nacional oferta solu\u00e7\u00f5es espec\u00edficas para ind\u00fastria da constru\u00e7\u00e3o na \u00e1rea de seguran\u00e7a e sa\u00fade no trabalho, como:<\/p>\n<ul style=\"text-align: justify;\">\n<li>Acesso ao conhecimento, por meio de v\u00eddeos publica\u00e7\u00f5es t\u00e9cnicas<\/li>\n<li>Metodologias para melhoria das condi\u00e7\u00f5es de seguran\u00e7a dos canteiros de obra nas \u00e1reas de trabalho em altura, escava\u00e7\u00f5es e instala\u00e7\u00f5es el\u00e9tricas<\/li>\n<li>Assessoria e consultoria na implementa\u00e7\u00e3o de programas legais e gest\u00e3o de SST<\/li>\n<\/ul>\n<figure id=\"attachment_8646\" aria-describedby=\"caption-attachment-8646\" style=\"width: 640px\" class=\"wp-caption aligncenter\"><img fetchpriority=\"high\" decoding=\"async\" class=\"size-large wp-image-8646\" src=\"http:\/\/seconci.com.br\/site\/wp-content\/uploads\/2019\/08\/Renato_Rezio-1024x683.jpg\" alt=\"\" width=\"640\" height=\"427\" srcset=\"https:\/\/seconci.com.br\/site\/wp-content\/uploads\/2019\/08\/Renato_Rezio-1024x683.jpg 1024w, https:\/\/seconci.com.br\/site\/wp-content\/uploads\/2019\/08\/Renato_Rezio-300x200.jpg 300w, https:\/\/seconci.com.br\/site\/wp-content\/uploads\/2019\/08\/Renato_Rezio-768x512.jpg 768w, https:\/\/seconci.com.br\/site\/wp-content\/uploads\/2019\/08\/Renato_Rezio-600x400.jpg 600w\" sizes=\"(max-width: 640px) 100vw, 640px\" \/><figcaption id=\"caption-attachment-8646\" class=\"wp-caption-text\"><em>Renata Rezio, especialista em Desenvolvimento Industrial, da Ger\u00eancia de Seguran\u00e7a e Sa\u00fade no Trabalho da Unidade de Sa\u00fade e Seguran\u00e7a na Ind\u00fastria (Sesi-DN). (Foto: Guilherme kardel)<\/em><\/figcaption><\/figure>\n<p style=\"text-align: justify;\">\u201cCom o objetivo de conjugar esfor\u00e7os no sentido de apoiar o setor no enfrentamento dos seus desafios, o Sesi conta com a parceria da CBIC na proposi\u00e7\u00e3o de a\u00e7\u00f5es que contribuem para redu\u00e7\u00e3o dos acidentes e doen\u00e7as ocupacionais e, consequentemente, melhoraram a qualidade de vida do trabalhador e aumentam a produtividade e competitividade da ind\u00fastria\u201d, destaca a especialista em Desenvolvimento Industrial, Renata Rezio, da Ger\u00eancia de Seguran\u00e7a e Sa\u00fade no Trabalho da Unidade de Sa\u00fade e Seguran\u00e7a na Ind\u00fastria (Sesi-DN).<\/p>\n<h2 style=\"text-align: justify;\"><strong>Orienta\u00e7\u00f5es contribuem para a promo\u00e7\u00e3o da seguran\u00e7a e da sa\u00fade no trabalho<\/strong><\/h2>\n<p style=\"text-align: justify;\">O\u00a0<a href=\"https:\/\/cbic.org.br\/wp-content\/uploads\/2017\/12\/guia_pratico_para_calculo_de_linha_de_vida_e_restricao_para_industria_da_construcao.pdf\"><strong>Guia Pr\u00e1tico para C\u00e1lculo de Linha de Vida e Restri\u00e7\u00e3o para a Ind\u00fastria da Constru\u00e7\u00e3o<\/strong>\u00a0<\/a>\u00e9 destinado a orientar engenheiros de obras na realiza\u00e7\u00e3o do dimensionamento dos c\u00e1lculos das linhas de vida e restri\u00e7\u00e3o para realiza\u00e7\u00e3o dos trabalhos em altura.<\/p>\n<figure id=\"attachment_8647\" aria-describedby=\"caption-attachment-8647\" style=\"width: 640px\" class=\"wp-caption aligncenter\"><img decoding=\"async\" class=\"size-large wp-image-8647\" src=\"http:\/\/seconci.com.br\/site\/wp-content\/uploads\/2019\/08\/Haruo-Ishikawa-1024x683.jpg\" alt=\"\" width=\"640\" height=\"427\" srcset=\"https:\/\/seconci.com.br\/site\/wp-content\/uploads\/2019\/08\/Haruo-Ishikawa-1024x683.jpg 1024w, https:\/\/seconci.com.br\/site\/wp-content\/uploads\/2019\/08\/Haruo-Ishikawa-300x200.jpg 300w, https:\/\/seconci.com.br\/site\/wp-content\/uploads\/2019\/08\/Haruo-Ishikawa-768x512.jpg 768w, https:\/\/seconci.com.br\/site\/wp-content\/uploads\/2019\/08\/Haruo-Ishikawa-600x400.jpg 600w\" sizes=\"(max-width: 640px) 100vw, 640px\" \/><figcaption id=\"caption-attachment-8647\" class=\"wp-caption-text\">Haruo Ishikawa, l\u00edder de Sa\u00fade e Seguran\u00e7a do Trabalho da CBIC e presidente do Servi\u00e7o Social da Constru\u00e7\u00e3o Civil do Estado de S\u00e3o Paulo (Seconci-SP). (Foto: Guilherme Kardel)<\/figcaption><\/figure>\n<p style=\"text-align: justify;\">\u201c\u00c9 uma ferramenta indispens\u00e1vel para oferecer seguran\u00e7a eficiente contra a queda de trabalhadores que estejam executando servi\u00e7os na ind\u00fastria da constru\u00e7\u00e3o e requer desenvolvimento conforme a necessidade de cada obra\u201d, destaca Haruo Ishikawa, l\u00edder de Sa\u00fade e Seguran\u00e7a do Trabalho da CBIC e presidente do Servi\u00e7o Social da Constru\u00e7\u00e3o Civil do Estado de S\u00e3o Paulo (Seconci-SP).<\/p>\n<p style=\"text-align: justify;\">O guia atende a todos os portes de empresas, especialmente as de pequeno que, por limita\u00e7\u00f5es or\u00e7ament\u00e1rias, acabam impossibilitadas de contratar profissionais que executam esses servi\u00e7os.<\/p>\n<p style=\"text-align: justify;\">O\u00a0<strong><a href=\"https:\/\/cbic.org.br\/relacoestrabalhistas\/wp-content\/uploads\/sites\/27\/2018\/05\/Manual_seguranca_saude_trabalho.pdf\">Manual de Seguran\u00e7a e Sa\u00fade no Trabalho para Instala\u00e7\u00f5es El\u00e9tricas na Ind\u00fastria da Constru\u00e7\u00e3o<\/a>\u00a0<\/strong>alerta que instala\u00e7\u00f5es el\u00e9tricas tempor\u00e1rias necess\u00e1rias para a execu\u00e7\u00e3o de obras na ind\u00fastria da constru\u00e7\u00e3o n\u00e3o devem ser tratadas de forma negligente e n\u00e3o podem, por falta de gest\u00e3o, transformar o tempor\u00e1rio em prec\u00e1rio.<\/p>\n<p style=\"text-align: justify;\">Ressalta a import\u00e2ncia de as empresas atentarem para isso e a cada ano incrementarem as a\u00e7\u00f5es voltadas \u00e0 seguran\u00e7a do trabalhador nos canteiros de obra. Tamb\u00e9m com car\u00e1ter orientativo, o manual visa contribuir e apoiar \u00e0s empresas no processo de preven\u00e7\u00e3o e redu\u00e7\u00e3o de acidentes nos canteiros de obra e destaca a import\u00e2ncia do cumprimento \u00e0 Norma Regulamentadora n\u00ba 10 \u2013 Seguran\u00e7a em Instala\u00e7\u00f5es e Servi\u00e7os em Eletricidade (NR 10), que determina as diretrizes dos trabalhos envolvendo eletricidade.<\/p>\n<p style=\"text-align: justify;\">J\u00e1 o\u00a0<strong><a href=\"https:\/\/bucket-gw-cni-static-cms-si.s3.amazonaws.com\/media\/filer_public\/03\/ed\/03ed6c9f-af16-4cf8-a7f8-8af8c2e0d3d4\/manual_de_sst_para_escavacao_na_industria_da_construcao.pdf\">Manual de Seguran\u00e7a e Sa\u00fade no Trabalho para Escava\u00e7\u00e3o na Ind\u00fastria da Constru\u00e7\u00e3o<\/a>\u00a0<\/strong>orienta sobre os riscos ligados \u00e0s atividades de escava\u00e7\u00e3o. O objetivo \u00e9 oferecer \u00e0s empresas do setor da constru\u00e7\u00e3o informa\u00e7\u00f5es e ferramentas que possam apoi\u00e1-las no gerenciamento desse tipo de risco, diminuindo ocorr\u00eancias indesejadas e afastamentos nos canteiros de obras. A partir de uma abordagem simples e did\u00e1tica, a publica\u00e7\u00e3o apresenta boas pr\u00e1ticas que ajudam no cumprimento dos requisitos normativos e legais, bem como oferece orienta\u00e7\u00f5es que auxiliam no dia a dia da gest\u00e3o de SST.<\/p>\n<p style=\"text-align: justify;\">Para Ishikawa, o maior problema em SST \u00e9 a falta de conhecimento sobre as normas regulamentadoras e os procedimentos, porque elas falam o que fazer, mas n\u00e3o como fazer. Essa cultura de seguran\u00e7a no canteiro de obras precisa ser criada\u201d, defende, destacando que esses guias s\u00e3o importantes para isso. \u201cO setor precisa de literatura para minimizar o problema de seguran\u00e7a e sa\u00fade. Esses guias s\u00e3o ferramentas simples que facilitam bastante o conhecimento das normas\u201d.<\/p>\n<p style=\"text-align: justify;\"><img decoding=\"async\" class=\"aligncenter size-large wp-image-8648\" src=\"http:\/\/seconci.com.br\/site\/wp-content\/uploads\/2019\/08\/WhatsApp-Image-2019-08-26-at-17.55.19-898x1024.jpeg\" alt=\"\" width=\"640\" height=\"730\" srcset=\"https:\/\/seconci.com.br\/site\/wp-content\/uploads\/2019\/08\/WhatsApp-Image-2019-08-26-at-17.55.19-898x1024.jpeg 898w, https:\/\/seconci.com.br\/site\/wp-content\/uploads\/2019\/08\/WhatsApp-Image-2019-08-26-at-17.55.19-263x300.jpeg 263w, https:\/\/seconci.com.br\/site\/wp-content\/uploads\/2019\/08\/WhatsApp-Image-2019-08-26-at-17.55.19-768x875.jpeg 768w, https:\/\/seconci.com.br\/site\/wp-content\/uploads\/2019\/08\/WhatsApp-Image-2019-08-26-at-17.55.19-600x684.jpeg 600w, https:\/\/seconci.com.br\/site\/wp-content\/uploads\/2019\/08\/WhatsApp-Image-2019-08-26-at-17.55.19.jpeg 1123w\" sizes=\"(max-width: 640px) 100vw, 640px\" \/><\/p>\n<p style=\"text-align: justify;\">Para conhecer melhor as solu\u00e7\u00f5es Sesi, acesse a<a href=\"http:\/\/www.portaldaindustria.com.br\/sesi\/canais\/seguranca-e-saude-no-trabalho-sesi\/\">\u00a0p\u00e1gina de SST para Ind\u00fastria da Constru\u00e7\u00e3o no Portal da Ind\u00fastria<\/a>.<\/p>\n<p style=\"text-align: justify;\">\n<\/div>\n<\/div>\n<\/div>\n","protected":false},"excerpt":{"rendered":"<p>| Ag\u00eancia Cbic | A ind\u00fastria da constru\u00e7\u00e3o vem desenvolvendo in\u00fameras a\u00e7\u00f5es visando a melhoria das condi\u00e7\u00f5es de Seguran\u00e7a e Sa\u00fade no Trabalho (SST) nos canteiros de obras. Como resultado da crescente parceria com o Servi\u00e7o Social da Ind\u00fastria (Sesi Nacional), a C\u00e2mara Brasileira da Industria da Constru\u00e7\u00e3o (CBIC) editou guia e manuais relacionados aos [&hellip;]<\/p>\n","protected":false},"author":3,"featured_media":8570,"comment_status":"closed","ping_status":"closed","sticky":false,"template":"","format":"standard","meta":{"footnotes":""},"categories":[92],"tags":[],"class_list":["post-8645","post","type-post","status-publish","format-standard","has-post-thumbnail","hentry","category-seconci-brasil"],"yoast_head":"<!-- This site is optimized with the Yoast SEO plugin v26.9 - https:\/\/yoast.com\/product\/yoast-seo-wordpress\/ -->\n<title>Ind\u00fastria da Constru\u00e7\u00e3o e Sesi se unem na preven\u00e7\u00e3o de acidentes - Seconci Brasil<\/title>\n<meta name=\"robots\" content=\"index, follow, max-snippet:-1, max-image-preview:large, max-video-preview:-1\" \/>\n<link rel=\"canonical\" href=\"https:\/\/seconci.com.br\/site\/2019\/08\/27\/industria-da-construcao-e-sesi-se-unem-na-prevencao-de-acidentes\/\" \/>\n<meta property=\"og:locale\" content=\"pt_PT\" \/>\n<meta property=\"og:type\" content=\"article\" \/>\n<meta property=\"og:title\" content=\"Ind\u00fastria da Constru\u00e7\u00e3o e Sesi se unem na preven\u00e7\u00e3o de acidentes - Seconci Brasil\" \/>\n<meta property=\"og:description\" content=\"| Ag\u00eancia Cbic | A ind\u00fastria da constru\u00e7\u00e3o vem desenvolvendo in\u00fameras a\u00e7\u00f5es visando a melhoria das condi\u00e7\u00f5es de Seguran\u00e7a e Sa\u00fade no Trabalho (SST) nos canteiros de obras. Como resultado da crescente parceria com o Servi\u00e7o Social da Ind\u00fastria (Sesi Nacional), a C\u00e2mara Brasileira da Industria da Constru\u00e7\u00e3o (CBIC) editou guia e manuais relacionados aos [&hellip;]\" \/>\n<meta property=\"og:url\" content=\"https:\/\/seconci.com.br\/site\/2019\/08\/27\/industria-da-construcao-e-sesi-se-unem-na-prevencao-de-acidentes\/\" \/>\n<meta property=\"og:site_name\" content=\"Seconci Brasil\" \/>\n<meta property=\"article:published_time\" content=\"2019-08-27T11:22:25+00:00\" \/>\n<meta property=\"article:modified_time\" content=\"2019-08-27T11:32:35+00:00\" \/>\n<meta property=\"og:image\" content=\"https:\/\/seconci.com.br\/site\/wp-content\/uploads\/2019\/07\/Seguran\u00e7a-e-Sa\u00fade-no-trabalho-1.2_Prancheta-1.jpg\" \/>\n\t<meta property=\"og:image:width\" content=\"3234\" \/>\n\t<meta property=\"og:image:height\" content=\"3200\" \/>\n\t<meta property=\"og:image:type\" content=\"image\/jpeg\" \/>\n<meta name=\"author\" content=\"Sidney Rocha\" \/>\n<meta name=\"twitter:card\" content=\"summary_large_image\" \/>\n<meta name=\"twitter:label1\" content=\"Escrito por\" \/>\n\t<meta name=\"twitter:data1\" content=\"Sidney Rocha\" \/>\n\t<meta name=\"twitter:label2\" content=\"Tempo estimado de leitura\" \/>\n\t<meta name=\"twitter:data2\" content=\"5 minutos\" \/>\n<script type=\"application\/ld+json\" class=\"yoast-schema-graph\">{\"@context\":\"https:\/\/schema.org\",\"@graph\":[{\"@type\":\"Article\",\"@id\":\"https:\/\/seconci.com.br\/site\/2019\/08\/27\/industria-da-construcao-e-sesi-se-unem-na-prevencao-de-acidentes\/#article\",\"isPartOf\":{\"@id\":\"https:\/\/seconci.com.br\/site\/2019\/08\/27\/industria-da-construcao-e-sesi-se-unem-na-prevencao-de-acidentes\/\"},\"author\":{\"name\":\"Sidney Rocha\",\"@id\":\"https:\/\/seconci.com.br\/site\/#\/schema\/person\/1d79afd97ddc8f2c68c1e88e298aa8e2\"},\"headline\":\"Ind\u00fastria da Constru\u00e7\u00e3o e Sesi se unem na preven\u00e7\u00e3o de acidentes\",\"datePublished\":\"2019-08-27T11:22:25+00:00\",\"dateModified\":\"2019-08-27T11:32:35+00:00\",\"mainEntityOfPage\":{\"@id\":\"https:\/\/seconci.com.br\/site\/2019\/08\/27\/industria-da-construcao-e-sesi-se-unem-na-prevencao-de-acidentes\/\"},\"wordCount\":993,\"publisher\":{\"@id\":\"https:\/\/seconci.com.br\/site\/#organization\"},\"image\":{\"@id\":\"https:\/\/seconci.com.br\/site\/2019\/08\/27\/industria-da-construcao-e-sesi-se-unem-na-prevencao-de-acidentes\/#primaryimage\"},\"thumbnailUrl\":\"https:\/\/seconci.com.br\/site\/wp-content\/uploads\/2019\/07\/Seguran\u00e7a-e-Sa\u00fade-no-trabalho-1.2_Prancheta-1.jpg\",\"articleSection\":[\"Seconci Brasil\"],\"inLanguage\":\"pt-PT\"},{\"@type\":\"WebPage\",\"@id\":\"https:\/\/seconci.com.br\/site\/2019\/08\/27\/industria-da-construcao-e-sesi-se-unem-na-prevencao-de-acidentes\/\",\"url\":\"https:\/\/seconci.com.br\/site\/2019\/08\/27\/industria-da-construcao-e-sesi-se-unem-na-prevencao-de-acidentes\/\",\"name\":\"Ind\u00fastria da Constru\u00e7\u00e3o e Sesi se unem na preven\u00e7\u00e3o de acidentes - Seconci Brasil\",\"isPartOf\":{\"@id\":\"https:\/\/seconci.com.br\/site\/#website\"},\"primaryImageOfPage\":{\"@id\":\"https:\/\/seconci.com.br\/site\/2019\/08\/27\/industria-da-construcao-e-sesi-se-unem-na-prevencao-de-acidentes\/#primaryimage\"},\"image\":{\"@id\":\"https:\/\/seconci.com.br\/site\/2019\/08\/27\/industria-da-construcao-e-sesi-se-unem-na-prevencao-de-acidentes\/#primaryimage\"},\"thumbnailUrl\":\"https:\/\/seconci.com.br\/site\/wp-content\/uploads\/2019\/07\/Seguran\u00e7a-e-Sa\u00fade-no-trabalho-1.2_Prancheta-1.jpg\",\"datePublished\":\"2019-08-27T11:22:25+00:00\",\"dateModified\":\"2019-08-27T11:32:35+00:00\",\"breadcrumb\":{\"@id\":\"https:\/\/seconci.com.br\/site\/2019\/08\/27\/industria-da-construcao-e-sesi-se-unem-na-prevencao-de-acidentes\/#breadcrumb\"},\"inLanguage\":\"pt-PT\",\"potentialAction\":[{\"@type\":\"ReadAction\",\"target\":[\"https:\/\/seconci.com.br\/site\/2019\/08\/27\/industria-da-construcao-e-sesi-se-unem-na-prevencao-de-acidentes\/\"]}]},{\"@type\":\"ImageObject\",\"inLanguage\":\"pt-PT\",\"@id\":\"https:\/\/seconci.com.br\/site\/2019\/08\/27\/industria-da-construcao-e-sesi-se-unem-na-prevencao-de-acidentes\/#primaryimage\",\"url\":\"https:\/\/seconci.com.br\/site\/wp-content\/uploads\/2019\/07\/Seguran\u00e7a-e-Sa\u00fade-no-trabalho-1.2_Prancheta-1.jpg\",\"contentUrl\":\"https:\/\/seconci.com.br\/site\/wp-content\/uploads\/2019\/07\/Seguran\u00e7a-e-Sa\u00fade-no-trabalho-1.2_Prancheta-1.jpg\",\"width\":3234,\"height\":3200},{\"@type\":\"BreadcrumbList\",\"@id\":\"https:\/\/seconci.com.br\/site\/2019\/08\/27\/industria-da-construcao-e-sesi-se-unem-na-prevencao-de-acidentes\/#breadcrumb\",\"itemListElement\":[{\"@type\":\"ListItem\",\"position\":1,\"name\":\"In\u00edcio\",\"item\":\"https:\/\/seconci.com.br\/site\/\"},{\"@type\":\"ListItem\",\"position\":2,\"name\":\"Ind\u00fastria da Constru\u00e7\u00e3o e Sesi se unem na preven\u00e7\u00e3o de acidentes\"}]},{\"@type\":\"WebSite\",\"@id\":\"https:\/\/seconci.com.br\/site\/#website\",\"url\":\"https:\/\/seconci.com.br\/site\/\",\"name\":\"Seconci Brasil\",\"description\":\"\",\"publisher\":{\"@id\":\"https:\/\/seconci.com.br\/site\/#organization\"},\"potentialAction\":[{\"@type\":\"SearchAction\",\"target\":{\"@type\":\"EntryPoint\",\"urlTemplate\":\"https:\/\/seconci.com.br\/site\/?s={search_term_string}\"},\"query-input\":{\"@type\":\"PropertyValueSpecification\",\"valueRequired\":true,\"valueName\":\"search_term_string\"}}],\"inLanguage\":\"pt-PT\"},{\"@type\":\"Organization\",\"@id\":\"https:\/\/seconci.com.br\/site\/#organization\",\"name\":\"Seconci Brasil\",\"url\":\"https:\/\/seconci.com.br\/site\/\",\"logo\":{\"@type\":\"ImageObject\",\"inLanguage\":\"pt-PT\",\"@id\":\"https:\/\/seconci.com.br\/site\/#\/schema\/logo\/image\/\",\"url\":\"https:\/\/seconci.com.br\/site\/wp-content\/uploads\/2024\/08\/Logo-Seconci-Brasil-branca-2.png\",\"contentUrl\":\"https:\/\/seconci.com.br\/site\/wp-content\/uploads\/2024\/08\/Logo-Seconci-Brasil-branca-2.png\",\"width\":1315,\"height\":598,\"caption\":\"Seconci Brasil\"},\"image\":{\"@id\":\"https:\/\/seconci.com.br\/site\/#\/schema\/logo\/image\/\"}},{\"@type\":\"Person\",\"@id\":\"https:\/\/seconci.com.br\/site\/#\/schema\/person\/1d79afd97ddc8f2c68c1e88e298aa8e2\",\"name\":\"Sidney Rocha\",\"description\":\"Comunicador e estagi\u00e1rio do Seconci Brasil.\",\"url\":\"https:\/\/seconci.com.br\/site\/author\/sidney-rocha\/\"}]}<\/script>\n<!-- \/ Yoast SEO plugin. -->","yoast_head_json":{"title":"Ind\u00fastria da Constru\u00e7\u00e3o e Sesi se unem na preven\u00e7\u00e3o de acidentes - Seconci Brasil","robots":{"index":"index","follow":"follow","max-snippet":"max-snippet:-1","max-image-preview":"max-image-preview:large","max-video-preview":"max-video-preview:-1"},"canonical":"https:\/\/seconci.com.br\/site\/2019\/08\/27\/industria-da-construcao-e-sesi-se-unem-na-prevencao-de-acidentes\/","og_locale":"pt_PT","og_type":"article","og_title":"Ind\u00fastria da Constru\u00e7\u00e3o e Sesi se unem na preven\u00e7\u00e3o de acidentes - Seconci Brasil","og_description":"| Ag\u00eancia Cbic | A ind\u00fastria da constru\u00e7\u00e3o vem desenvolvendo in\u00fameras a\u00e7\u00f5es visando a melhoria das condi\u00e7\u00f5es de Seguran\u00e7a e Sa\u00fade no Trabalho (SST) nos canteiros de obras. Como resultado da crescente parceria com o Servi\u00e7o Social da Ind\u00fastria (Sesi Nacional), a C\u00e2mara Brasileira da Industria da Constru\u00e7\u00e3o (CBIC) editou guia e manuais relacionados aos [&hellip;]","og_url":"https:\/\/seconci.com.br\/site\/2019\/08\/27\/industria-da-construcao-e-sesi-se-unem-na-prevencao-de-acidentes\/","og_site_name":"Seconci Brasil","article_published_time":"2019-08-27T11:22:25+00:00","article_modified_time":"2019-08-27T11:32:35+00:00","og_image":[{"width":3234,"height":3200,"url":"https:\/\/seconci.com.br\/site\/wp-content\/uploads\/2019\/07\/Seguran\u00e7a-e-Sa\u00fade-no-trabalho-1.2_Prancheta-1.jpg","type":"image\/jpeg"}],"author":"Sidney Rocha","twitter_card":"summary_large_image","twitter_misc":{"Escrito por":"Sidney Rocha","Tempo estimado de leitura":"5 minutos"},"schema":{"@context":"https:\/\/schema.org","@graph":[{"@type":"Article","@id":"https:\/\/seconci.com.br\/site\/2019\/08\/27\/industria-da-construcao-e-sesi-se-unem-na-prevencao-de-acidentes\/#article","isPartOf":{"@id":"https:\/\/seconci.com.br\/site\/2019\/08\/27\/industria-da-construcao-e-sesi-se-unem-na-prevencao-de-acidentes\/"},"author":{"name":"Sidney Rocha","@id":"https:\/\/seconci.com.br\/site\/#\/schema\/person\/1d79afd97ddc8f2c68c1e88e298aa8e2"},"headline":"Ind\u00fastria da Constru\u00e7\u00e3o e Sesi se unem na preven\u00e7\u00e3o de acidentes","datePublished":"2019-08-27T11:22:25+00:00","dateModified":"2019-08-27T11:32:35+00:00","mainEntityOfPage":{"@id":"https:\/\/seconci.com.br\/site\/2019\/08\/27\/industria-da-construcao-e-sesi-se-unem-na-prevencao-de-acidentes\/"},"wordCount":993,"publisher":{"@id":"https:\/\/seconci.com.br\/site\/#organization"},"image":{"@id":"https:\/\/seconci.com.br\/site\/2019\/08\/27\/industria-da-construcao-e-sesi-se-unem-na-prevencao-de-acidentes\/#primaryimage"},"thumbnailUrl":"https:\/\/seconci.com.br\/site\/wp-content\/uploads\/2019\/07\/Seguran\u00e7a-e-Sa\u00fade-no-trabalho-1.2_Prancheta-1.jpg","articleSection":["Seconci Brasil"],"inLanguage":"pt-PT"},{"@type":"WebPage","@id":"https:\/\/seconci.com.br\/site\/2019\/08\/27\/industria-da-construcao-e-sesi-se-unem-na-prevencao-de-acidentes\/","url":"https:\/\/seconci.com.br\/site\/2019\/08\/27\/industria-da-construcao-e-sesi-se-unem-na-prevencao-de-acidentes\/","name":"Ind\u00fastria da Constru\u00e7\u00e3o e Sesi se unem na preven\u00e7\u00e3o de acidentes - Seconci Brasil","isPartOf":{"@id":"https:\/\/seconci.com.br\/site\/#website"},"primaryImageOfPage":{"@id":"https:\/\/seconci.com.br\/site\/2019\/08\/27\/industria-da-construcao-e-sesi-se-unem-na-prevencao-de-acidentes\/#primaryimage"},"image":{"@id":"https:\/\/seconci.com.br\/site\/2019\/08\/27\/industria-da-construcao-e-sesi-se-unem-na-prevencao-de-acidentes\/#primaryimage"},"thumbnailUrl":"https:\/\/seconci.com.br\/site\/wp-content\/uploads\/2019\/07\/Seguran\u00e7a-e-Sa\u00fade-no-trabalho-1.2_Prancheta-1.jpg","datePublished":"2019-08-27T11:22:25+00:00","dateModified":"2019-08-27T11:32:35+00:00","breadcrumb":{"@id":"https:\/\/seconci.com.br\/site\/2019\/08\/27\/industria-da-construcao-e-sesi-se-unem-na-prevencao-de-acidentes\/#breadcrumb"},"inLanguage":"pt-PT","potentialAction":[{"@type":"ReadAction","target":["https:\/\/seconci.com.br\/site\/2019\/08\/27\/industria-da-construcao-e-sesi-se-unem-na-prevencao-de-acidentes\/"]}]},{"@type":"ImageObject","inLanguage":"pt-PT","@id":"https:\/\/seconci.com.br\/site\/2019\/08\/27\/industria-da-construcao-e-sesi-se-unem-na-prevencao-de-acidentes\/#primaryimage","url":"https:\/\/seconci.com.br\/site\/wp-content\/uploads\/2019\/07\/Seguran\u00e7a-e-Sa\u00fade-no-trabalho-1.2_Prancheta-1.jpg","contentUrl":"https:\/\/seconci.com.br\/site\/wp-content\/uploads\/2019\/07\/Seguran\u00e7a-e-Sa\u00fade-no-trabalho-1.2_Prancheta-1.jpg","width":3234,"height":3200},{"@type":"BreadcrumbList","@id":"https:\/\/seconci.com.br\/site\/2019\/08\/27\/industria-da-construcao-e-sesi-se-unem-na-prevencao-de-acidentes\/#breadcrumb","itemListElement":[{"@type":"ListItem","position":1,"name":"In\u00edcio","item":"https:\/\/seconci.com.br\/site\/"},{"@type":"ListItem","position":2,"name":"Ind\u00fastria da Constru\u00e7\u00e3o e Sesi se unem na preven\u00e7\u00e3o de acidentes"}]},{"@type":"WebSite","@id":"https:\/\/seconci.com.br\/site\/#website","url":"https:\/\/seconci.com.br\/site\/","name":"Seconci Brasil","description":"","publisher":{"@id":"https:\/\/seconci.com.br\/site\/#organization"},"potentialAction":[{"@type":"SearchAction","target":{"@type":"EntryPoint","urlTemplate":"https:\/\/seconci.com.br\/site\/?s={search_term_string}"},"query-input":{"@type":"PropertyValueSpecification","valueRequired":true,"valueName":"search_term_string"}}],"inLanguage":"pt-PT"},{"@type":"Organization","@id":"https:\/\/seconci.com.br\/site\/#organization","name":"Seconci Brasil","url":"https:\/\/seconci.com.br\/site\/","logo":{"@type":"ImageObject","inLanguage":"pt-PT","@id":"https:\/\/seconci.com.br\/site\/#\/schema\/logo\/image\/","url":"https:\/\/seconci.com.br\/site\/wp-content\/uploads\/2024\/08\/Logo-Seconci-Brasil-branca-2.png","contentUrl":"https:\/\/seconci.com.br\/site\/wp-content\/uploads\/2024\/08\/Logo-Seconci-Brasil-branca-2.png","width":1315,"height":598,"caption":"Seconci Brasil"},"image":{"@id":"https:\/\/seconci.com.br\/site\/#\/schema\/logo\/image\/"}},{"@type":"Person","@id":"https:\/\/seconci.com.br\/site\/#\/schema\/person\/1d79afd97ddc8f2c68c1e88e298aa8e2","name":"Sidney Rocha","description":"Comunicador e estagi\u00e1rio do Seconci Brasil.","url":"https:\/\/seconci.com.br\/site\/author\/sidney-rocha\/"}]}},"_links":{"self":[{"href":"https:\/\/seconci.com.br\/site\/wp-json\/wp\/v2\/posts\/8645","targetHints":{"allow":["GET"]}}],"collection":[{"href":"https:\/\/seconci.com.br\/site\/wp-json\/wp\/v2\/posts"}],"about":[{"href":"https:\/\/seconci.com.br\/site\/wp-json\/wp\/v2\/types\/post"}],"author":[{"embeddable":true,"href":"https:\/\/seconci.com.br\/site\/wp-json\/wp\/v2\/users\/3"}],"replies":[{"embeddable":true,"href":"https:\/\/seconci.com.br\/site\/wp-json\/wp\/v2\/comments?post=8645"}],"version-history":[{"count":0,"href":"https:\/\/seconci.com.br\/site\/wp-json\/wp\/v2\/posts\/8645\/revisions"}],"wp:featuredmedia":[{"embeddable":true,"href":"https:\/\/seconci.com.br\/site\/wp-json\/wp\/v2\/media\/8570"}],"wp:attachment":[{"href":"https:\/\/seconci.com.br\/site\/wp-json\/wp\/v2\/media?parent=8645"}],"wp:term":[{"taxonomy":"category","embeddable":true,"href":"https:\/\/seconci.com.br\/site\/wp-json\/wp\/v2\/categories?post=8645"},{"taxonomy":"post_tag","embeddable":true,"href":"https:\/\/seconci.com.br\/site\/wp-json\/wp\/v2\/tags?post=8645"}],"curies":[{"name":"wp","href":"https:\/\/api.w.org\/{rel}","templated":true}]}}