{"id":8651,"date":"2019-08-27T12:12:42","date_gmt":"2019-08-27T12:12:42","guid":{"rendered":"https:\/\/seconci.com.br\/site\/?p=8651"},"modified":"2019-08-27T12:12:42","modified_gmt":"2019-08-27T12:12:42","slug":"seconci-sp-tabagismo-e-uma-das-principais-causas-de-morte-evitavel","status":"publish","type":"post","link":"https:\/\/seconci.com.br\/site\/2019\/08\/27\/seconci-sp-tabagismo-e-uma-das-principais-causas-de-morte-evitavel\/","title":{"rendered":"Seconci-SP: tabagismo \u00e9 uma das principais causas de morte evit\u00e1vel"},"content":{"rendered":"<p style=\"text-align: justify;\"><em>No Brasil, 200 mil morrem anualmente v\u00edtimas do cigarro<\/em><\/p>\n<p style=\"text-align: justify;\">| <em><strong>Assessoria de Comunica\u00e7\u00e3o Social do Seconci-SP<\/strong><\/em> |<\/p>\n<p style=\"text-align: justify;\">Embora o h\u00e1bito de fumar no Brasil venha caindo nos \u00faltimos anos \u2013 queda de 9,3% em 2018, comparado a 2017 \u2013, 200 mil brasileiros morrem anualmente v\u00edtimas do cigarro, segundo o Instituto Nacional de C\u00e2ncer. Com a aproxima\u00e7\u00e3o do Dia Nacional de Combate ao Fumo, celebrado em 29\/8, o Seconci-SP traz informa\u00e7\u00f5es e orienta\u00e7\u00f5es para quem se decida a abandonar o tabagismo.<\/p>\n<p style=\"text-align: justify;\">O gerente da Medicina Ambulatorial da entidade, dr. Hor\u00e1cio Cardoso Salles, destaca que o h\u00e1bito de fumar segue como uma das principais causas de morte evit\u00e1vel, segundo a Organiza\u00e7\u00e3o Mundial da Sa\u00fade. \u201cPor isso, o tabagismo \u00e9 considerado um problema de sa\u00fade p\u00fablica e reconhecido pela comunidade m\u00e9dica como uma doen\u00e7a que causa depend\u00eancia, semelhante ao que ocorre com outras drogas\u201d.<\/p>\n<p style=\"text-align: justify;\">O dr. Salles explica que, ao fumar um \u00fanico cigarro, a pessoa inala mais de quatro mil subst\u00e2ncias t\u00f3xicas, como mon\u00f3xido de carbono, am\u00f4nia, cetonas, formalde\u00eddo, acetalde\u00eddo, acrole\u00edna etc., e outras 43 cancer\u00edgenas, como ars\u00eanio, n\u00edquel, benzopireno, c\u00e1dmio, chumbo e res\u00edduos de agrot\u00f3xicos.<\/p>\n<p style=\"text-align: justify;\">O m\u00e9dico salienta que o tabagismo tamb\u00e9m pode causar mais de 50 tipos de doen\u00e7a, principalmente as cardiovasculares (infarto, angina) e as respirat\u00f3rias obstrutivas cr\u00f4nicas (enfisema e bronquite).<\/p>\n<p style=\"text-align: justify;\"><strong>Riscos para a boca<\/strong><\/p>\n<p style=\"text-align: justify;\">O dentista do Seconci-SP, dr. M\u00e1rcio Val\u00e9rio D\u00b4Olim Marote, alerta que as subst\u00e2ncias do cigarro s\u00e3o extremamente nocivas \u00e0 sa\u00fade bucal. \u201cMesmo quando a pessoa ainda n\u00e3o desenvolveu uma doen\u00e7a mais grave como um c\u00e2ncer, os efeitos colaterais do cigarro s\u00e3o devastadores para a boca\u201d, explica.<\/p>\n<p style=\"text-align: justify;\">Segundo o dr. Marote, os principais problemas s\u00e3o as diminui\u00e7\u00f5es da capacidade de cicatriza\u00e7\u00e3o, em virtude da redu\u00e7\u00e3o do fluxo sangu\u00edneo, e da efici\u00eancia do sistema imunol\u00f3gico; a redu\u00e7\u00e3o do fluxo salivar, que mant\u00e9m parte das subst\u00e2ncias ingeridas na boca, causando mau h\u00e1lito; o aumento da produ\u00e7\u00e3o de melanina na boca, gerando manchas escuras na mucosa e gengivas; o dep\u00f3sito de alcatr\u00e3o na superf\u00edcie do esmalte dos dentes, causando manchas escuras; e o mais grave, o c\u00e2ncer.<\/p>\n<p style=\"text-align: justify;\">Os especialistas do Seconci-SP s\u00e3o un\u00e2nimes: o primeiro passo para abandonar o v\u00edcio \u00e9 reconhecer o problema e buscar ajuda. \u201cH\u00e1 uma s\u00e9rie de medicamentos que ajudam o paciente neste processo. No come\u00e7o, o corpo sentir\u00e1 falta das subst\u00e2ncias, mas com determina\u00e7\u00e3o e apoio, \u00e9 poss\u00edvel vencer o v\u00edcio\u201d, comenta o dr. Salles.<\/p>\n<p style=\"text-align: justify;\">O Seconci-SP conta com profissionais de diversas \u00e1reas que podem apoiar o trabalhador nesta transi\u00e7\u00e3o. \u201cA pessoa precisa ter em mente que abandonar o cigarro ser\u00e1 uma jornada dif\u00edcil, mas n\u00e3o precisa ser solit\u00e1ria. Ele pode contar com apoio de psic\u00f3logos e dos Grupos do Apoio do Seconci-SP que podem ajudar muito nesta fase\u201d, comenta o dr. Marote.<\/p>\n<p style=\"text-align: justify;\">O Seconci-SP tamb\u00e9m apoia as empresas que queiram implementar programas de combate ao tabagismo em seus escrit\u00f3rios e canteiros de obra. Informa\u00e7\u00f5es: relacoesempresariais@seconci-sp.org.br ou (11) 3664-5844.<\/p>\n<p style=\"text-align: justify;\"><strong>Dicas para abandonar o fumo<\/strong><\/p>\n<p style=\"text-align: justify;\">Busque apoio da fam\u00edlia e amigos: contar com os parentes \u00e9 fundamental neste processo, pois eles o ajudar\u00e3o a n\u00e3o ter reca\u00eddas;<br \/>\nEvite locais com fumantes: principalmente nos primeiros dias, ficar pr\u00f3ximo a fumantes ser\u00e1 muito dif\u00edcil. Por isso, a recomenda\u00e7\u00e3o \u00e9 evitar a tenta\u00e7\u00e3o;<br \/>\nQuebre a rotina: para grande parte das pessoas que consomem o tabaco, fumar \u00e9 parte de um h\u00e1bito. Alguns fumam logo ao acordar enquanto tomam uma x\u00edcara de caf\u00e9. Por este motivo, para enganar a vontade de fumar, \u00e9 fundamental quebrar esta rotina;<br \/>\nPratique exerc\u00edcio f\u00edsico: esta pr\u00e1tica regular \u00e9 uma importante aliada. Al\u00e9m de diminuir a ansiedade, melhora o metabolismo e a est\u00e9tica, elevando a autoestima e desintoxicando o organismo.<\/p>\n","protected":false},"excerpt":{"rendered":"<p>No Brasil, 200 mil morrem anualmente v\u00edtimas do cigarro | Assessoria de Comunica\u00e7\u00e3o Social do Seconci-SP | Embora o h\u00e1bito de fumar no Brasil venha caindo nos \u00faltimos anos \u2013 queda de 9,3% em 2018, comparado a 2017 \u2013, 200 mil brasileiros morrem anualmente v\u00edtimas do cigarro, segundo o Instituto Nacional de C\u00e2ncer. Com a [&hellip;]<\/p>\n","protected":false},"author":3,"featured_media":8652,"comment_status":"closed","ping_status":"closed","sticky":false,"template":"","format":"standard","meta":{"footnotes":""},"categories":[87],"tags":[],"class_list":["post-8651","post","type-post","status-publish","format-standard","has-post-thumbnail","hentry","category-seconci-sao-paulo"],"yoast_head":"<!-- This site is optimized with the Yoast SEO plugin v26.9 - https:\/\/yoast.com\/product\/yoast-seo-wordpress\/ -->\n<title>Seconci-SP: tabagismo \u00e9 uma das principais causas de morte evit\u00e1vel - Seconci Brasil<\/title>\n<meta name=\"robots\" content=\"index, follow, max-snippet:-1, max-image-preview:large, max-video-preview:-1\" \/>\n<link rel=\"canonical\" href=\"https:\/\/seconci.com.br\/site\/2019\/08\/27\/seconci-sp-tabagismo-e-uma-das-principais-causas-de-morte-evitavel\/\" \/>\n<meta property=\"og:locale\" content=\"pt_PT\" \/>\n<meta property=\"og:type\" content=\"article\" \/>\n<meta property=\"og:title\" content=\"Seconci-SP: tabagismo \u00e9 uma das principais causas de morte evit\u00e1vel - Seconci Brasil\" \/>\n<meta property=\"og:description\" content=\"No Brasil, 200 mil morrem anualmente v\u00edtimas do cigarro | Assessoria de Comunica\u00e7\u00e3o Social do Seconci-SP | Embora o h\u00e1bito de fumar no Brasil venha caindo nos \u00faltimos anos \u2013 queda de 9,3% em 2018, comparado a 2017 \u2013, 200 mil brasileiros morrem anualmente v\u00edtimas do cigarro, segundo o Instituto Nacional de C\u00e2ncer. Com a [&hellip;]\" \/>\n<meta property=\"og:url\" content=\"https:\/\/seconci.com.br\/site\/2019\/08\/27\/seconci-sp-tabagismo-e-uma-das-principais-causas-de-morte-evitavel\/\" \/>\n<meta property=\"og:site_name\" content=\"Seconci Brasil\" \/>\n<meta property=\"article:published_time\" content=\"2019-08-27T12:12:42+00:00\" \/>\n<meta property=\"og:image\" content=\"https:\/\/seconci.com.br\/site\/wp-content\/uploads\/2019\/08\/ilustra_antitabagismo1.png\" \/>\n\t<meta property=\"og:image:width\" content=\"257\" \/>\n\t<meta property=\"og:image:height\" content=\"196\" \/>\n\t<meta property=\"og:image:type\" content=\"image\/png\" \/>\n<meta name=\"author\" content=\"Sidney Rocha\" \/>\n<meta name=\"twitter:card\" content=\"summary_large_image\" \/>\n<meta name=\"twitter:label1\" content=\"Escrito por\" \/>\n\t<meta name=\"twitter:data1\" content=\"Sidney Rocha\" \/>\n\t<meta name=\"twitter:label2\" content=\"Tempo estimado de leitura\" \/>\n\t<meta name=\"twitter:data2\" content=\"3 minutos\" \/>\n<script type=\"application\/ld+json\" class=\"yoast-schema-graph\">{\"@context\":\"https:\/\/schema.org\",\"@graph\":[{\"@type\":\"Article\",\"@id\":\"https:\/\/seconci.com.br\/site\/2019\/08\/27\/seconci-sp-tabagismo-e-uma-das-principais-causas-de-morte-evitavel\/#article\",\"isPartOf\":{\"@id\":\"https:\/\/seconci.com.br\/site\/2019\/08\/27\/seconci-sp-tabagismo-e-uma-das-principais-causas-de-morte-evitavel\/\"},\"author\":{\"name\":\"Sidney Rocha\",\"@id\":\"https:\/\/seconci.com.br\/site\/#\/schema\/person\/1d79afd97ddc8f2c68c1e88e298aa8e2\"},\"headline\":\"Seconci-SP: tabagismo \u00e9 uma das principais causas de morte evit\u00e1vel\",\"datePublished\":\"2019-08-27T12:12:42+00:00\",\"mainEntityOfPage\":{\"@id\":\"https:\/\/seconci.com.br\/site\/2019\/08\/27\/seconci-sp-tabagismo-e-uma-das-principais-causas-de-morte-evitavel\/\"},\"wordCount\":682,\"publisher\":{\"@id\":\"https:\/\/seconci.com.br\/site\/#organization\"},\"image\":{\"@id\":\"https:\/\/seconci.com.br\/site\/2019\/08\/27\/seconci-sp-tabagismo-e-uma-das-principais-causas-de-morte-evitavel\/#primaryimage\"},\"thumbnailUrl\":\"https:\/\/seconci.com.br\/site\/wp-content\/uploads\/2019\/08\/ilustra_antitabagismo1.png\",\"articleSection\":[\"Seconci S\u00e3o Paulo\"],\"inLanguage\":\"pt-PT\"},{\"@type\":\"WebPage\",\"@id\":\"https:\/\/seconci.com.br\/site\/2019\/08\/27\/seconci-sp-tabagismo-e-uma-das-principais-causas-de-morte-evitavel\/\",\"url\":\"https:\/\/seconci.com.br\/site\/2019\/08\/27\/seconci-sp-tabagismo-e-uma-das-principais-causas-de-morte-evitavel\/\",\"name\":\"Seconci-SP: tabagismo \u00e9 uma das principais causas de morte evit\u00e1vel - Seconci Brasil\",\"isPartOf\":{\"@id\":\"https:\/\/seconci.com.br\/site\/#website\"},\"primaryImageOfPage\":{\"@id\":\"https:\/\/seconci.com.br\/site\/2019\/08\/27\/seconci-sp-tabagismo-e-uma-das-principais-causas-de-morte-evitavel\/#primaryimage\"},\"image\":{\"@id\":\"https:\/\/seconci.com.br\/site\/2019\/08\/27\/seconci-sp-tabagismo-e-uma-das-principais-causas-de-morte-evitavel\/#primaryimage\"},\"thumbnailUrl\":\"https:\/\/seconci.com.br\/site\/wp-content\/uploads\/2019\/08\/ilustra_antitabagismo1.png\",\"datePublished\":\"2019-08-27T12:12:42+00:00\",\"breadcrumb\":{\"@id\":\"https:\/\/seconci.com.br\/site\/2019\/08\/27\/seconci-sp-tabagismo-e-uma-das-principais-causas-de-morte-evitavel\/#breadcrumb\"},\"inLanguage\":\"pt-PT\",\"potentialAction\":[{\"@type\":\"ReadAction\",\"target\":[\"https:\/\/seconci.com.br\/site\/2019\/08\/27\/seconci-sp-tabagismo-e-uma-das-principais-causas-de-morte-evitavel\/\"]}]},{\"@type\":\"ImageObject\",\"inLanguage\":\"pt-PT\",\"@id\":\"https:\/\/seconci.com.br\/site\/2019\/08\/27\/seconci-sp-tabagismo-e-uma-das-principais-causas-de-morte-evitavel\/#primaryimage\",\"url\":\"https:\/\/seconci.com.br\/site\/wp-content\/uploads\/2019\/08\/ilustra_antitabagismo1.png\",\"contentUrl\":\"https:\/\/seconci.com.br\/site\/wp-content\/uploads\/2019\/08\/ilustra_antitabagismo1.png\",\"width\":257,\"height\":196,\"caption\":\"Seconci-SP traz informa\u00e7\u00f5es e orienta\u00e7\u00f5es para quem se decida a abandonar o tabagismo\"},{\"@type\":\"BreadcrumbList\",\"@id\":\"https:\/\/seconci.com.br\/site\/2019\/08\/27\/seconci-sp-tabagismo-e-uma-das-principais-causas-de-morte-evitavel\/#breadcrumb\",\"itemListElement\":[{\"@type\":\"ListItem\",\"position\":1,\"name\":\"In\u00edcio\",\"item\":\"https:\/\/seconci.com.br\/site\/\"},{\"@type\":\"ListItem\",\"position\":2,\"name\":\"Seconci-SP: tabagismo \u00e9 uma das principais causas de morte evit\u00e1vel\"}]},{\"@type\":\"WebSite\",\"@id\":\"https:\/\/seconci.com.br\/site\/#website\",\"url\":\"https:\/\/seconci.com.br\/site\/\",\"name\":\"Seconci Brasil\",\"description\":\"\",\"publisher\":{\"@id\":\"https:\/\/seconci.com.br\/site\/#organization\"},\"potentialAction\":[{\"@type\":\"SearchAction\",\"target\":{\"@type\":\"EntryPoint\",\"urlTemplate\":\"https:\/\/seconci.com.br\/site\/?s={search_term_string}\"},\"query-input\":{\"@type\":\"PropertyValueSpecification\",\"valueRequired\":true,\"valueName\":\"search_term_string\"}}],\"inLanguage\":\"pt-PT\"},{\"@type\":\"Organization\",\"@id\":\"https:\/\/seconci.com.br\/site\/#organization\",\"name\":\"Seconci Brasil\",\"url\":\"https:\/\/seconci.com.br\/site\/\",\"logo\":{\"@type\":\"ImageObject\",\"inLanguage\":\"pt-PT\",\"@id\":\"https:\/\/seconci.com.br\/site\/#\/schema\/logo\/image\/\",\"url\":\"https:\/\/seconci.com.br\/site\/wp-content\/uploads\/2024\/08\/Logo-Seconci-Brasil-branca-2.png\",\"contentUrl\":\"https:\/\/seconci.com.br\/site\/wp-content\/uploads\/2024\/08\/Logo-Seconci-Brasil-branca-2.png\",\"width\":1315,\"height\":598,\"caption\":\"Seconci Brasil\"},\"image\":{\"@id\":\"https:\/\/seconci.com.br\/site\/#\/schema\/logo\/image\/\"}},{\"@type\":\"Person\",\"@id\":\"https:\/\/seconci.com.br\/site\/#\/schema\/person\/1d79afd97ddc8f2c68c1e88e298aa8e2\",\"name\":\"Sidney Rocha\",\"description\":\"Comunicador e estagi\u00e1rio do Seconci Brasil.\",\"url\":\"https:\/\/seconci.com.br\/site\/author\/sidney-rocha\/\"}]}<\/script>\n<!-- \/ Yoast SEO plugin. -->","yoast_head_json":{"title":"Seconci-SP: tabagismo \u00e9 uma das principais causas de morte evit\u00e1vel - Seconci Brasil","robots":{"index":"index","follow":"follow","max-snippet":"max-snippet:-1","max-image-preview":"max-image-preview:large","max-video-preview":"max-video-preview:-1"},"canonical":"https:\/\/seconci.com.br\/site\/2019\/08\/27\/seconci-sp-tabagismo-e-uma-das-principais-causas-de-morte-evitavel\/","og_locale":"pt_PT","og_type":"article","og_title":"Seconci-SP: tabagismo \u00e9 uma das principais causas de morte evit\u00e1vel - Seconci Brasil","og_description":"No Brasil, 200 mil morrem anualmente v\u00edtimas do cigarro | Assessoria de Comunica\u00e7\u00e3o Social do Seconci-SP | Embora o h\u00e1bito de fumar no Brasil venha caindo nos \u00faltimos anos \u2013 queda de 9,3% em 2018, comparado a 2017 \u2013, 200 mil brasileiros morrem anualmente v\u00edtimas do cigarro, segundo o Instituto Nacional de C\u00e2ncer. Com a [&hellip;]","og_url":"https:\/\/seconci.com.br\/site\/2019\/08\/27\/seconci-sp-tabagismo-e-uma-das-principais-causas-de-morte-evitavel\/","og_site_name":"Seconci Brasil","article_published_time":"2019-08-27T12:12:42+00:00","og_image":[{"width":257,"height":196,"url":"https:\/\/seconci.com.br\/site\/wp-content\/uploads\/2019\/08\/ilustra_antitabagismo1.png","type":"image\/png"}],"author":"Sidney Rocha","twitter_card":"summary_large_image","twitter_misc":{"Escrito por":"Sidney Rocha","Tempo estimado de leitura":"3 minutos"},"schema":{"@context":"https:\/\/schema.org","@graph":[{"@type":"Article","@id":"https:\/\/seconci.com.br\/site\/2019\/08\/27\/seconci-sp-tabagismo-e-uma-das-principais-causas-de-morte-evitavel\/#article","isPartOf":{"@id":"https:\/\/seconci.com.br\/site\/2019\/08\/27\/seconci-sp-tabagismo-e-uma-das-principais-causas-de-morte-evitavel\/"},"author":{"name":"Sidney Rocha","@id":"https:\/\/seconci.com.br\/site\/#\/schema\/person\/1d79afd97ddc8f2c68c1e88e298aa8e2"},"headline":"Seconci-SP: tabagismo \u00e9 uma das principais causas de morte evit\u00e1vel","datePublished":"2019-08-27T12:12:42+00:00","mainEntityOfPage":{"@id":"https:\/\/seconci.com.br\/site\/2019\/08\/27\/seconci-sp-tabagismo-e-uma-das-principais-causas-de-morte-evitavel\/"},"wordCount":682,"publisher":{"@id":"https:\/\/seconci.com.br\/site\/#organization"},"image":{"@id":"https:\/\/seconci.com.br\/site\/2019\/08\/27\/seconci-sp-tabagismo-e-uma-das-principais-causas-de-morte-evitavel\/#primaryimage"},"thumbnailUrl":"https:\/\/seconci.com.br\/site\/wp-content\/uploads\/2019\/08\/ilustra_antitabagismo1.png","articleSection":["Seconci S\u00e3o Paulo"],"inLanguage":"pt-PT"},{"@type":"WebPage","@id":"https:\/\/seconci.com.br\/site\/2019\/08\/27\/seconci-sp-tabagismo-e-uma-das-principais-causas-de-morte-evitavel\/","url":"https:\/\/seconci.com.br\/site\/2019\/08\/27\/seconci-sp-tabagismo-e-uma-das-principais-causas-de-morte-evitavel\/","name":"Seconci-SP: tabagismo \u00e9 uma das principais causas de morte evit\u00e1vel - Seconci Brasil","isPartOf":{"@id":"https:\/\/seconci.com.br\/site\/#website"},"primaryImageOfPage":{"@id":"https:\/\/seconci.com.br\/site\/2019\/08\/27\/seconci-sp-tabagismo-e-uma-das-principais-causas-de-morte-evitavel\/#primaryimage"},"image":{"@id":"https:\/\/seconci.com.br\/site\/2019\/08\/27\/seconci-sp-tabagismo-e-uma-das-principais-causas-de-morte-evitavel\/#primaryimage"},"thumbnailUrl":"https:\/\/seconci.com.br\/site\/wp-content\/uploads\/2019\/08\/ilustra_antitabagismo1.png","datePublished":"2019-08-27T12:12:42+00:00","breadcrumb":{"@id":"https:\/\/seconci.com.br\/site\/2019\/08\/27\/seconci-sp-tabagismo-e-uma-das-principais-causas-de-morte-evitavel\/#breadcrumb"},"inLanguage":"pt-PT","potentialAction":[{"@type":"ReadAction","target":["https:\/\/seconci.com.br\/site\/2019\/08\/27\/seconci-sp-tabagismo-e-uma-das-principais-causas-de-morte-evitavel\/"]}]},{"@type":"ImageObject","inLanguage":"pt-PT","@id":"https:\/\/seconci.com.br\/site\/2019\/08\/27\/seconci-sp-tabagismo-e-uma-das-principais-causas-de-morte-evitavel\/#primaryimage","url":"https:\/\/seconci.com.br\/site\/wp-content\/uploads\/2019\/08\/ilustra_antitabagismo1.png","contentUrl":"https:\/\/seconci.com.br\/site\/wp-content\/uploads\/2019\/08\/ilustra_antitabagismo1.png","width":257,"height":196,"caption":"Seconci-SP traz informa\u00e7\u00f5es e orienta\u00e7\u00f5es para quem se decida a abandonar o tabagismo"},{"@type":"BreadcrumbList","@id":"https:\/\/seconci.com.br\/site\/2019\/08\/27\/seconci-sp-tabagismo-e-uma-das-principais-causas-de-morte-evitavel\/#breadcrumb","itemListElement":[{"@type":"ListItem","position":1,"name":"In\u00edcio","item":"https:\/\/seconci.com.br\/site\/"},{"@type":"ListItem","position":2,"name":"Seconci-SP: tabagismo \u00e9 uma das principais causas de morte evit\u00e1vel"}]},{"@type":"WebSite","@id":"https:\/\/seconci.com.br\/site\/#website","url":"https:\/\/seconci.com.br\/site\/","name":"Seconci Brasil","description":"","publisher":{"@id":"https:\/\/seconci.com.br\/site\/#organization"},"potentialAction":[{"@type":"SearchAction","target":{"@type":"EntryPoint","urlTemplate":"https:\/\/seconci.com.br\/site\/?s={search_term_string}"},"query-input":{"@type":"PropertyValueSpecification","valueRequired":true,"valueName":"search_term_string"}}],"inLanguage":"pt-PT"},{"@type":"Organization","@id":"https:\/\/seconci.com.br\/site\/#organization","name":"Seconci Brasil","url":"https:\/\/seconci.com.br\/site\/","logo":{"@type":"ImageObject","inLanguage":"pt-PT","@id":"https:\/\/seconci.com.br\/site\/#\/schema\/logo\/image\/","url":"https:\/\/seconci.com.br\/site\/wp-content\/uploads\/2024\/08\/Logo-Seconci-Brasil-branca-2.png","contentUrl":"https:\/\/seconci.com.br\/site\/wp-content\/uploads\/2024\/08\/Logo-Seconci-Brasil-branca-2.png","width":1315,"height":598,"caption":"Seconci Brasil"},"image":{"@id":"https:\/\/seconci.com.br\/site\/#\/schema\/logo\/image\/"}},{"@type":"Person","@id":"https:\/\/seconci.com.br\/site\/#\/schema\/person\/1d79afd97ddc8f2c68c1e88e298aa8e2","name":"Sidney Rocha","description":"Comunicador e estagi\u00e1rio do Seconci Brasil.","url":"https:\/\/seconci.com.br\/site\/author\/sidney-rocha\/"}]}},"_links":{"self":[{"href":"https:\/\/seconci.com.br\/site\/wp-json\/wp\/v2\/posts\/8651","targetHints":{"allow":["GET"]}}],"collection":[{"href":"https:\/\/seconci.com.br\/site\/wp-json\/wp\/v2\/posts"}],"about":[{"href":"https:\/\/seconci.com.br\/site\/wp-json\/wp\/v2\/types\/post"}],"author":[{"embeddable":true,"href":"https:\/\/seconci.com.br\/site\/wp-json\/wp\/v2\/users\/3"}],"replies":[{"embeddable":true,"href":"https:\/\/seconci.com.br\/site\/wp-json\/wp\/v2\/comments?post=8651"}],"version-history":[{"count":0,"href":"https:\/\/seconci.com.br\/site\/wp-json\/wp\/v2\/posts\/8651\/revisions"}],"wp:featuredmedia":[{"embeddable":true,"href":"https:\/\/seconci.com.br\/site\/wp-json\/wp\/v2\/media\/8652"}],"wp:attachment":[{"href":"https:\/\/seconci.com.br\/site\/wp-json\/wp\/v2\/media?parent=8651"}],"wp:term":[{"taxonomy":"category","embeddable":true,"href":"https:\/\/seconci.com.br\/site\/wp-json\/wp\/v2\/categories?post=8651"},{"taxonomy":"post_tag","embeddable":true,"href":"https:\/\/seconci.com.br\/site\/wp-json\/wp\/v2\/tags?post=8651"}],"curies":[{"name":"wp","href":"https:\/\/api.w.org\/{rel}","templated":true}]}}