{"id":8662,"date":"2019-08-29T17:44:49","date_gmt":"2019-08-29T17:44:49","guid":{"rendered":"https:\/\/seconci.com.br\/site\/?p=8662"},"modified":"2019-08-29T17:44:49","modified_gmt":"2019-08-29T17:44:49","slug":"seconci-e-a-marca-da-responsabilidade-social-no-setor-da-construcao","status":"publish","type":"post","link":"https:\/\/seconci.com.br\/site\/2019\/08\/29\/seconci-e-a-marca-da-responsabilidade-social-no-setor-da-construcao\/","title":{"rendered":"Seconci \u00e9 a marca da responsabilidade social no setor da constru\u00e7\u00e3o"},"content":{"rendered":"<p style=\"text-align: justify;\">Em 1964, a constru\u00e7\u00e3o civil vivia um per\u00edodo de forte crescimento, com urbaniza\u00e7\u00e3o acelerada e expressivo n\u00famero de trabalhadores nos canteiros de obras. J\u00e1 naquela \u00e9poca, a sa\u00fade p\u00fablica n\u00e3o tinha condi\u00e7\u00f5es de atender a nova e enorme demanda do setor.<\/p>\n<p style=\"text-align: justify;\">Para ter um servi\u00e7o que cuidasse da sa\u00fade dos seus trabalhadores, empres\u00e1rios da constru\u00e7\u00e3o civil de S\u00e3o Paulo se reuniram e decidiram, naquele ano, criar, dirigir e manter o primeiro Servi\u00e7o Social da Ind\u00fastria da Constru\u00e7\u00e3o (Seconci) na cidade.<\/p>\n<p style=\"text-align: justify;\">Apenas em 2018, os Seconcis realizaram mais de 380 mil consultas m\u00e9dicas, mais de 190 mil consultas odontol\u00f3gicas e mais de 1 milh\u00e3o de exames m\u00e9dicos complementares, o que ajuda a amortizar a demanda pelos \u00f3rg\u00e3os de governo e pelos hospitais nas localidades onde tem Seconci.<\/p>\n<p style=\"text-align: justify;\">Em entrevista exclusiva ao\u00a0<strong>CBIC Hoje+,<\/strong>\u00a0para a s\u00e9rie \u00b4<strong>SST na Ind\u00fastria da Constru\u00e7\u00e3o\u2019<\/strong><strong>,<\/strong>\u00a0da Comiss\u00e3o de Pol\u00edtica de Rela\u00e7\u00f5es Trabalhistas (CPRT) da CBIC, o presidente da Associa\u00e7\u00e3o dos Seconcis, o Seconci Brasil, Antonio Carlos Salgueiro de Araujo, detalha o que \u00e9 o servi\u00e7o, seu objetivo e a\u00e7\u00f5es desenvolvidas.<\/p>\n<p style=\"text-align: justify;\">Lembramos que as mat\u00e9rias, entrevistas e artigos que comp\u00f5em o especial de SST da CBIC poder\u00e3o ser acompanhados at\u00e9 o final deste m\u00eas de agosto em edi\u00e7\u00f5es do\u00a0<strong>CBIC Hoje+<\/strong>\u00a0e no site da entidade \u2013\u00a0nas \u00e1reas\u00a0<a href=\"http:\/\/para%20celebrar%20o%20dia%20nacional%20de%20preven%C3%A7%C3%A3o%20de%20acidentes%20de%20trabalho%2C%20comemorado%20no%20s%C3%A1bado%20%2827\/07),%20a%20C%C3%A2mara%20Brasileira%20da%20Ind%C3%BAstria%20da%20Constru%C3%A7%C3%A3o%20(CBIC),%20por%20meio%20da%20sua%20Comiss%C3%A3o%20de%20Pol%C3%ADtica%20de%20Rela%C3%A7%C3%B5es%20Trabalhistas%20(CPRT),%20lan%C3%A7a%20nesta%20sexta-feira%20(26\/07)%20a%20s%C3%A9rie%20%E2%80%99SST%20na%20Ind%C3%BAstria%20da%20Constru%C3%A7%C3%A3o%E2%80%99,%20j%C3%A1%20destacando%20as%20a%C3%A7%C3%B5es%20desenvolvidas%20nacionalmente%20pela%20CBIC%20e%20pelas%20empresas%20do%20setor%20na%20%C3%A1rea%20de%20seguran%C3%A7a%20e%20sa%C3%BAde%20no%20trabalho.%20O%20especial%20abordar%C3%A1%20temas%20relacionados%20a%20Seguran%C3%A7a%20e%20Sa%C3%BAde%20no%20Trabalho%20(SST)%20no%20setor%20da%20constru%C3%A7%C3%A3o,%20que%20poder%C3%A3o%20ser%20acompanhados%20at%C3%A9%20o%20final%20do%20m%C3%AAs%20de%20agosto%20em%20edi%C3%A7%C3%B5es%20do%20CBIC%20Hoje+%20e%20no%20site%20da%20entidade%20%E2%80%93%20Ag%C3%AAncia%20de%20Not%C3%ADcias%20e%20%C3%A1rea%20da%20CPRT\/CBIC,%20no%20%C3%ADcone%20Acervos%20-%20S%C3%A9rie%20-%20SST%20na%20Ind%C3%BAstria%20da%20Constru%C3%A7%C3%A3o.%20(links%20site%20-%20https:\/cbic.org.br\/%20e%20https:\/cbic.org.br\/relacoestrabalhistas\/serie-sst-na-industria-da-construcao\/\"><strong>Ag\u00eancia de Not\u00edcias<\/strong><\/a>\u00a0e CPRT\/CBIC, no \u00edcone Acervo \u2013\u00a0<a href=\"https:\/\/cbic.org.br\/relacoestrabalhistas\/serie-sst-na-industria-da-construcao\/\"><strong>S\u00e9rie \u2018SST na Ind\u00fastria da Constru\u00e7\u00e3o<\/strong><\/a>\u2019.<\/p>\n<p style=\"text-align: justify;\">Acompanhe a s\u00e9rie e conhe\u00e7a as iniciativas que a constru\u00e7\u00e3o civil e o mercado imobili\u00e1rio v\u00eam desenvolvendo ao logo dos anos para o bem-estar dos seus trabalhadores.<\/p>\n<p style=\"text-align: justify;\">Conhe\u00e7a mais sobre os servi\u00e7os prestados pelos Seconcis, no\u00a0<a href=\"https:\/\/www.youtube.com\/watch?v=9_eOafdAWU0&amp;feature=youtu.be\">v\u00eddeo institucional do servi\u00e7o social<\/a>, e no\u00a0<a href=\"https:\/\/seconci.com.br\/site\/\">site do Seconci Brasil<\/a><\/p>\n<p style=\"text-align: justify;\">Confira, a seguir, a \u00edntegra da entrevista.<\/p>\n<p style=\"text-align: justify;\"><strong>CBIC Hoje+: O que \u00e9 o Seconci e qual o seu objetivo?<\/strong><\/p>\n<p style=\"text-align: justify;\"><strong>Antonio Carlos Salgueiro de Araujo<\/strong>: O Seconci \u00e9 a marca do servi\u00e7o social da ind\u00fastria da constru\u00e7\u00e3o, que \u00e9 uma associa\u00e7\u00e3o civil, sem fins lucrativos, das empresas de constru\u00e7\u00e3o. Seu objetivo \u00e9 promover a\u00e7\u00f5es para a melhoria das condi\u00e7\u00f5es de sa\u00fade e de vida dos seus trabalhadores.<\/p>\n<p style=\"text-align: justify;\"><strong>C.H.+: Quando e como foi criado?<\/strong><\/p>\n<p style=\"text-align: justify;\"><strong>A.C.S.A.:<\/strong>\u00a0O primeiro Seconci criado foi o de S\u00e3o Paulo, no ano de 1964, por iniciativa dos empres\u00e1rios da constru\u00e7\u00e3o ligados ao Sindicato da Ind\u00fastria da Constru\u00e7\u00e3o Civil do Estado de S\u00e3o Paulo (SindusCon-SP). Posteriormente, outros Sinduscons come\u00e7aram a copiar o modelo e implantar em seus estados.<\/p>\n<p style=\"text-align: justify;\"><strong>C.H.+: O Seconci \u00e9 um plano de sa\u00fade?<\/strong><\/p>\n<p style=\"text-align: justify;\"><strong>A.C.S.A.:<\/strong>\u00a0N\u00e3o, o Seconci n\u00e3o se enquadra como plano de sa\u00fade. O Servi\u00e7o \u00e9\u00a0assist\u00eancia social\u00a0com \u00eanfase em medicina ambulatorial e odontologia,\u00a0voltada a um segmento espec\u00edfico, no caso a constru\u00e7\u00e3o civil.<\/p>\n<p style=\"text-align: justify;\">\n<p style=\"text-align: justify;\"><strong>C.H.+: Que a\u00e7\u00f5es os Seconcis oferecem nas \u00e1reas de Sa\u00fade e Educa\u00e7\u00e3o?<\/strong><\/p>\n<p style=\"text-align: justify;\"><strong>A.C.S.A.:<\/strong>\u00a0No geral, os Seconcis oferecem atendimentos b\u00e1sicos em odontologia, consultas m\u00e9dico ambulatoriais e exames complementares b\u00e1sicos. Atendimentos em educa\u00e7\u00e3o s\u00e3o voltados \u00e0\u00a0<em><strong>Educa\u00e7\u00e3o<\/strong><\/em>\u00a0de Jovens e Adultos\u00a0(EJA), inclus\u00e3o digital e projetos educativos voltados \u00e0 melhoria da qualidade de vida. Cada Seconci desenvolve a\u00e7\u00f5es voltadas \u00e0s demandas regionais e conforme \u00e0 sua capacidade econ\u00f4mica.<\/p>\n<p style=\"text-align: justify;\">\n<p style=\"text-align: justify;\"><strong>C.H.+: Al\u00e9m dos atendimentos de car\u00e1ter assistencial, os Seconcis oferecem outros tipos de atendimentos? Quais?<\/strong><\/p>\n<p style=\"text-align: justify;\"><strong>A.C.S.A.:<\/strong>\u00a0Os Seconcis tamb\u00e9m atuam na \u00e1rea ocupacional, desenvolvendo programas legais em sa\u00fade e seguran\u00e7a do trabalho, exames ocupacionais\u00a0e treinamentos em seguran\u00e7a exigidos nas normas regulamentadoras.<\/p>\n<p style=\"text-align: justify;\"><strong>C.H.+: Como os Seconcis s\u00e3o mantidos?<\/strong><\/p>\n<p style=\"text-align: justify;\"><strong>A.C.S.A.:<\/strong>\u00a0Com a contribui\u00e7\u00e3o mensal das empresas de constru\u00e7\u00e3o, em valor equivalente a um percentual da folha de pagamento. O percentual \u00e9 estabelecido em conven\u00e7\u00e3o coletiva de trabalho e acordos coletivos celebrados entre os sindicatos patronais\/empresas e sindicatos laborais.<\/p>\n<p style=\"text-align: justify;\"><strong>C.H.+: Quem pode usufruir dos servi\u00e7os prestados pelos Seconcis?<\/strong><\/p>\n<p style=\"text-align: justify;\"><strong>A.C.S.A.:<\/strong>\u00a0Trabalhadores formalmente vinculados \u00e0s empresas contribuintes\/associadas.<\/p>\n<p style=\"text-align: justify;\">\n<p style=\"text-align: justify;\"><strong>C.H.+: Quantos Seconcis existem e onde est\u00e3o localizados?<\/strong><\/p>\n<p style=\"text-align: justify;\"><strong>A.C.S.A.:<\/strong>\u00a0Atualmente existem 15 Seconcis em opera\u00e7\u00e3o, em oito estados e no Distrito Federal, totalizando 28 cidades, sendo:<\/p>\n<ul style=\"text-align: justify;\">\n<li>S\u00e3o Paulo \u2013 S\u00e3o Paulo, ABC, Bauru, Campinas, Cubat\u00e3o, Mogi das Cruzes, Piracicaba, Praia Grande, Ribeir\u00e3o Preto, Riviera, Santos, S\u00e3o Jos\u00e9 dos Campos e Sorocaba<\/li>\n<li>Rio de Janeiro \u2013 Rio de Janeiro e Niter\u00f3i<\/li>\n<li>Minas Gerais \u2013 Belo Horizonte e Uberl\u00e2ndia<\/li>\n<li>Esp\u00edrito Santo \u2013 Vit\u00f3ria<\/li>\n<li>Paran\u00e1 \u2013 Curitiba, Londrina e Maring\u00e1<\/li>\n<li>Santa Catarina \u2013 Florian\u00f3polis, Joinville e Blumenau<\/li>\n<li>Goi\u00e1s \u2013 Goi\u00e2nia e An\u00e1polis<\/li>\n<li>Distrito Federal \u2013 Bras\u00edlia<\/li>\n<li>Amazonas \u2013 Manaus<\/li>\n<\/ul>\n<p style=\"text-align: justify;\"><strong>C.H.+: Quantos atendimentos foram realizados no \u00faltimo ano?<\/strong><\/p>\n<p style=\"text-align: justify;\"><strong>A.C.S.A.:<\/strong>\u00a0Em 2018 fechamos com os seguintes n\u00fameros:<\/p>\n<ul style=\"text-align: justify;\">\n<li><strong>Empresas Contribuintes \u2013 7.943<\/strong><\/li>\n<li><strong>Trabalhadores\/usu\u00e1rios benefici\u00e1rios \u2013 363.137<\/strong><\/li>\n<li>Empregados dos Seconcis e Prestadores de servi\u00e7o \u2013 1.420<\/li>\n<li>Empresas atendidas com PCMSO (Programa de Controle M\u00e9dico de Sa\u00fade Ocupacional) \u2013 2.846<\/li>\n<li>Empresas atendidas com PCMAT ou PPRA \u2013 4.524<\/li>\n<li>Trabalhadores cobertos pelo PCMSO \u2013 133.714<\/li>\n<li>Trabalhadores treinamentos diversos \u2013 56.150<\/li>\n<li><strong>Consultas m\u00e9dicas \u2013 388.138<\/strong><\/li>\n<li><strong>Consultas odontol\u00f3gicas \u2013 191.329<\/strong><\/li>\n<li><strong>Exames m\u00e9dicos complementares \u2013 1.170.859<\/strong><\/li>\n<\/ul>\n<p style=\"text-align: justify;\">\n<p style=\"text-align: justify;\"><strong>C.H.+: Como \u00e9 definida a pol\u00edtica de atendimento dos Seconcis?<\/strong><\/p>\n<p style=\"text-align: justify;\"><strong>A.C.S.A.:<\/strong>\u00a0Cada Seconci analisa as demandas locais e sua capacidade econ\u00f4mica para o atendimento, utilizando, por refer\u00eancia, o Manual de Funcionamento do Seconci, constru\u00eddo pelo Seconci Brasil a partir de experi\u00eancias das entidades e exig\u00eancias legais.<\/p>\n<p style=\"text-align: justify;\">\n<p style=\"text-align: justify;\"><strong>C.H.+: \u00c9 poss\u00edvel afirmar que o Seconci \u00e9 uma extens\u00e3o da empresa de constru\u00e7\u00e3o, que oferece servi\u00e7os indispens\u00e1veis aos seus trabalhadores?<\/strong><\/p>\n<p style=\"text-align: justify;\"><strong>A.C.S.A.:<\/strong>\u00a0De certa forma, o Seconci \u00e9 uma extens\u00e3o da empresa sim. Quanto aos servi\u00e7os serem indispens\u00e1veis, grande parte dos trabalhadores tem, no Seconci, o \u00fanico acesso a certos atendimentos como odontol\u00f3gicos, assist\u00eancia social, fisioterapia, dentre outros.<\/p>\n<p style=\"text-align: justify;\"><strong>C.H.+: Qual o papel do Seconci Brasil?<\/strong><\/p>\n<p style=\"text-align: justify;\"><strong>A.C.S.A.:<\/strong>\u00a0O Seconci Brasil \u00e9 a Associa\u00e7\u00e3o dos Servi\u00e7os Sociais da Ind\u00fastria da Constru\u00e7\u00e3o dos Estados do Brasil. Nossa miss\u00e3o \u00e9 \u201crepresentar e regular as atua\u00e7\u00f5es dos Seconcis, fomentar e orientar a implanta\u00e7\u00e3o de novos Seconcis, informar e divulgar servi\u00e7os prestados e desenvolver oportunidades por eles identificadas, disseminando as melhores pr\u00e1ticas e o conhecimento dispon\u00edvel, auditando o funcionamento e coordenando a\u00e7\u00f5es sin\u00e9rgicas entre os Seconcis, para garantir sua sustentabilidade legal e o benef\u00edcio do desenvolvimento humano na constru\u00e7\u00e3o civil\u201d.<\/p>\n<p style=\"text-align: justify;\"><strong>C.H.+: O que \u00e9 o Ense?<\/strong><\/p>\n<p style=\"text-align: justify;\"><strong>A.C.S.A.:<\/strong>\u00a0\u00c9 o Encontro Nacional dos Seconcis que \u00e9 promovido anualmente, com o prop\u00f3sito de promover a troca de experi\u00eancias e boas pr\u00e1ticas e a discuss\u00e3o de assuntos pertinentes \u00e0s entidades.\u00a0 O Ense \u00e9 direcionado \u00e0 administra\u00e7\u00e3o das entidades e \u00e1reas t\u00e9cnicas de medicina, odontologia e engenharia de seguran\u00e7a. Em 2019, o ENSE ser\u00e1 realizado nos dias 26 e 27 de setembro, em Bras\u00edlia\/DF.<\/p>\n","protected":false},"excerpt":{"rendered":"<p>Em 1964, a constru\u00e7\u00e3o civil vivia um per\u00edodo de forte crescimento, com urbaniza\u00e7\u00e3o acelerada e expressivo n\u00famero de trabalhadores nos canteiros de obras. J\u00e1 naquela \u00e9poca, a sa\u00fade p\u00fablica n\u00e3o tinha condi\u00e7\u00f5es de atender a nova e enorme demanda do setor. Para ter um servi\u00e7o que cuidasse da sa\u00fade dos seus trabalhadores, empres\u00e1rios da constru\u00e7\u00e3o [&hellip;]<\/p>\n","protected":false},"author":3,"featured_media":8663,"comment_status":"closed","ping_status":"closed","sticky":false,"template":"","format":"standard","meta":{"footnotes":""},"categories":[92],"tags":[],"class_list":["post-8662","post","type-post","status-publish","format-standard","has-post-thumbnail","hentry","category-seconci-brasil"],"yoast_head":"<!-- This site is optimized with the Yoast SEO plugin v26.9 - https:\/\/yoast.com\/product\/yoast-seo-wordpress\/ -->\n<title>Seconci \u00e9 a marca da responsabilidade social no setor da constru\u00e7\u00e3o - Seconci Brasil<\/title>\n<meta name=\"robots\" content=\"index, follow, max-snippet:-1, max-image-preview:large, max-video-preview:-1\" \/>\n<link rel=\"canonical\" href=\"https:\/\/seconci.com.br\/site\/2019\/08\/29\/seconci-e-a-marca-da-responsabilidade-social-no-setor-da-construcao\/\" \/>\n<meta property=\"og:locale\" content=\"pt_PT\" \/>\n<meta property=\"og:type\" content=\"article\" \/>\n<meta property=\"og:title\" content=\"Seconci \u00e9 a marca da responsabilidade social no setor da constru\u00e7\u00e3o - Seconci Brasil\" \/>\n<meta property=\"og:description\" content=\"Em 1964, a constru\u00e7\u00e3o civil vivia um per\u00edodo de forte crescimento, com urbaniza\u00e7\u00e3o acelerada e expressivo n\u00famero de trabalhadores nos canteiros de obras. J\u00e1 naquela \u00e9poca, a sa\u00fade p\u00fablica n\u00e3o tinha condi\u00e7\u00f5es de atender a nova e enorme demanda do setor. Para ter um servi\u00e7o que cuidasse da sa\u00fade dos seus trabalhadores, empres\u00e1rios da constru\u00e7\u00e3o [&hellip;]\" \/>\n<meta property=\"og:url\" content=\"https:\/\/seconci.com.br\/site\/2019\/08\/29\/seconci-e-a-marca-da-responsabilidade-social-no-setor-da-construcao\/\" \/>\n<meta property=\"og:site_name\" content=\"Seconci Brasil\" \/>\n<meta property=\"article:published_time\" content=\"2019-08-29T17:44:49+00:00\" \/>\n<meta property=\"og:image\" content=\"https:\/\/seconci.com.br\/site\/wp-content\/uploads\/2019\/08\/WhatsApp-Image-2019-08-28-at-19.28.59.jpeg\" \/>\n\t<meta property=\"og:image:width\" content=\"466\" \/>\n\t<meta property=\"og:image:height\" content=\"276\" \/>\n\t<meta property=\"og:image:type\" content=\"image\/jpeg\" \/>\n<meta name=\"author\" content=\"Sidney Rocha\" \/>\n<meta name=\"twitter:card\" content=\"summary_large_image\" \/>\n<meta name=\"twitter:label1\" content=\"Escrito por\" \/>\n\t<meta name=\"twitter:data1\" content=\"Sidney Rocha\" \/>\n\t<meta name=\"twitter:label2\" content=\"Tempo estimado de leitura\" \/>\n\t<meta name=\"twitter:data2\" content=\"6 minutos\" \/>\n<script type=\"application\/ld+json\" class=\"yoast-schema-graph\">{\"@context\":\"https:\/\/schema.org\",\"@graph\":[{\"@type\":\"Article\",\"@id\":\"https:\/\/seconci.com.br\/site\/2019\/08\/29\/seconci-e-a-marca-da-responsabilidade-social-no-setor-da-construcao\/#article\",\"isPartOf\":{\"@id\":\"https:\/\/seconci.com.br\/site\/2019\/08\/29\/seconci-e-a-marca-da-responsabilidade-social-no-setor-da-construcao\/\"},\"author\":{\"name\":\"Sidney Rocha\",\"@id\":\"https:\/\/seconci.com.br\/site\/#\/schema\/person\/1d79afd97ddc8f2c68c1e88e298aa8e2\"},\"headline\":\"Seconci \u00e9 a marca da responsabilidade social no setor da constru\u00e7\u00e3o\",\"datePublished\":\"2019-08-29T17:44:49+00:00\",\"mainEntityOfPage\":{\"@id\":\"https:\/\/seconci.com.br\/site\/2019\/08\/29\/seconci-e-a-marca-da-responsabilidade-social-no-setor-da-construcao\/\"},\"wordCount\":1196,\"publisher\":{\"@id\":\"https:\/\/seconci.com.br\/site\/#organization\"},\"image\":{\"@id\":\"https:\/\/seconci.com.br\/site\/2019\/08\/29\/seconci-e-a-marca-da-responsabilidade-social-no-setor-da-construcao\/#primaryimage\"},\"thumbnailUrl\":\"https:\/\/seconci.com.br\/site\/wp-content\/uploads\/2019\/08\/WhatsApp-Image-2019-08-28-at-19.28.59.jpeg\",\"articleSection\":[\"Seconci Brasil\"],\"inLanguage\":\"pt-PT\"},{\"@type\":\"WebPage\",\"@id\":\"https:\/\/seconci.com.br\/site\/2019\/08\/29\/seconci-e-a-marca-da-responsabilidade-social-no-setor-da-construcao\/\",\"url\":\"https:\/\/seconci.com.br\/site\/2019\/08\/29\/seconci-e-a-marca-da-responsabilidade-social-no-setor-da-construcao\/\",\"name\":\"Seconci \u00e9 a marca da responsabilidade social no setor da constru\u00e7\u00e3o - Seconci Brasil\",\"isPartOf\":{\"@id\":\"https:\/\/seconci.com.br\/site\/#website\"},\"primaryImageOfPage\":{\"@id\":\"https:\/\/seconci.com.br\/site\/2019\/08\/29\/seconci-e-a-marca-da-responsabilidade-social-no-setor-da-construcao\/#primaryimage\"},\"image\":{\"@id\":\"https:\/\/seconci.com.br\/site\/2019\/08\/29\/seconci-e-a-marca-da-responsabilidade-social-no-setor-da-construcao\/#primaryimage\"},\"thumbnailUrl\":\"https:\/\/seconci.com.br\/site\/wp-content\/uploads\/2019\/08\/WhatsApp-Image-2019-08-28-at-19.28.59.jpeg\",\"datePublished\":\"2019-08-29T17:44:49+00:00\",\"breadcrumb\":{\"@id\":\"https:\/\/seconci.com.br\/site\/2019\/08\/29\/seconci-e-a-marca-da-responsabilidade-social-no-setor-da-construcao\/#breadcrumb\"},\"inLanguage\":\"pt-PT\",\"potentialAction\":[{\"@type\":\"ReadAction\",\"target\":[\"https:\/\/seconci.com.br\/site\/2019\/08\/29\/seconci-e-a-marca-da-responsabilidade-social-no-setor-da-construcao\/\"]}]},{\"@type\":\"ImageObject\",\"inLanguage\":\"pt-PT\",\"@id\":\"https:\/\/seconci.com.br\/site\/2019\/08\/29\/seconci-e-a-marca-da-responsabilidade-social-no-setor-da-construcao\/#primaryimage\",\"url\":\"https:\/\/seconci.com.br\/site\/wp-content\/uploads\/2019\/08\/WhatsApp-Image-2019-08-28-at-19.28.59.jpeg\",\"contentUrl\":\"https:\/\/seconci.com.br\/site\/wp-content\/uploads\/2019\/08\/WhatsApp-Image-2019-08-28-at-19.28.59.jpeg\",\"width\":466,\"height\":276},{\"@type\":\"BreadcrumbList\",\"@id\":\"https:\/\/seconci.com.br\/site\/2019\/08\/29\/seconci-e-a-marca-da-responsabilidade-social-no-setor-da-construcao\/#breadcrumb\",\"itemListElement\":[{\"@type\":\"ListItem\",\"position\":1,\"name\":\"In\u00edcio\",\"item\":\"https:\/\/seconci.com.br\/site\/\"},{\"@type\":\"ListItem\",\"position\":2,\"name\":\"Seconci \u00e9 a marca da responsabilidade social no setor da constru\u00e7\u00e3o\"}]},{\"@type\":\"WebSite\",\"@id\":\"https:\/\/seconci.com.br\/site\/#website\",\"url\":\"https:\/\/seconci.com.br\/site\/\",\"name\":\"Seconci Brasil\",\"description\":\"\",\"publisher\":{\"@id\":\"https:\/\/seconci.com.br\/site\/#organization\"},\"potentialAction\":[{\"@type\":\"SearchAction\",\"target\":{\"@type\":\"EntryPoint\",\"urlTemplate\":\"https:\/\/seconci.com.br\/site\/?s={search_term_string}\"},\"query-input\":{\"@type\":\"PropertyValueSpecification\",\"valueRequired\":true,\"valueName\":\"search_term_string\"}}],\"inLanguage\":\"pt-PT\"},{\"@type\":\"Organization\",\"@id\":\"https:\/\/seconci.com.br\/site\/#organization\",\"name\":\"Seconci Brasil\",\"url\":\"https:\/\/seconci.com.br\/site\/\",\"logo\":{\"@type\":\"ImageObject\",\"inLanguage\":\"pt-PT\",\"@id\":\"https:\/\/seconci.com.br\/site\/#\/schema\/logo\/image\/\",\"url\":\"https:\/\/seconci.com.br\/site\/wp-content\/uploads\/2024\/08\/Logo-Seconci-Brasil-branca-2.png\",\"contentUrl\":\"https:\/\/seconci.com.br\/site\/wp-content\/uploads\/2024\/08\/Logo-Seconci-Brasil-branca-2.png\",\"width\":1315,\"height\":598,\"caption\":\"Seconci Brasil\"},\"image\":{\"@id\":\"https:\/\/seconci.com.br\/site\/#\/schema\/logo\/image\/\"}},{\"@type\":\"Person\",\"@id\":\"https:\/\/seconci.com.br\/site\/#\/schema\/person\/1d79afd97ddc8f2c68c1e88e298aa8e2\",\"name\":\"Sidney Rocha\",\"description\":\"Comunicador e estagi\u00e1rio do Seconci Brasil.\",\"url\":\"https:\/\/seconci.com.br\/site\/author\/sidney-rocha\/\"}]}<\/script>\n<!-- \/ Yoast SEO plugin. -->","yoast_head_json":{"title":"Seconci \u00e9 a marca da responsabilidade social no setor da constru\u00e7\u00e3o - Seconci Brasil","robots":{"index":"index","follow":"follow","max-snippet":"max-snippet:-1","max-image-preview":"max-image-preview:large","max-video-preview":"max-video-preview:-1"},"canonical":"https:\/\/seconci.com.br\/site\/2019\/08\/29\/seconci-e-a-marca-da-responsabilidade-social-no-setor-da-construcao\/","og_locale":"pt_PT","og_type":"article","og_title":"Seconci \u00e9 a marca da responsabilidade social no setor da constru\u00e7\u00e3o - Seconci Brasil","og_description":"Em 1964, a constru\u00e7\u00e3o civil vivia um per\u00edodo de forte crescimento, com urbaniza\u00e7\u00e3o acelerada e expressivo n\u00famero de trabalhadores nos canteiros de obras. J\u00e1 naquela \u00e9poca, a sa\u00fade p\u00fablica n\u00e3o tinha condi\u00e7\u00f5es de atender a nova e enorme demanda do setor. Para ter um servi\u00e7o que cuidasse da sa\u00fade dos seus trabalhadores, empres\u00e1rios da constru\u00e7\u00e3o [&hellip;]","og_url":"https:\/\/seconci.com.br\/site\/2019\/08\/29\/seconci-e-a-marca-da-responsabilidade-social-no-setor-da-construcao\/","og_site_name":"Seconci Brasil","article_published_time":"2019-08-29T17:44:49+00:00","og_image":[{"width":466,"height":276,"url":"https:\/\/seconci.com.br\/site\/wp-content\/uploads\/2019\/08\/WhatsApp-Image-2019-08-28-at-19.28.59.jpeg","type":"image\/jpeg"}],"author":"Sidney Rocha","twitter_card":"summary_large_image","twitter_misc":{"Escrito por":"Sidney Rocha","Tempo estimado de leitura":"6 minutos"},"schema":{"@context":"https:\/\/schema.org","@graph":[{"@type":"Article","@id":"https:\/\/seconci.com.br\/site\/2019\/08\/29\/seconci-e-a-marca-da-responsabilidade-social-no-setor-da-construcao\/#article","isPartOf":{"@id":"https:\/\/seconci.com.br\/site\/2019\/08\/29\/seconci-e-a-marca-da-responsabilidade-social-no-setor-da-construcao\/"},"author":{"name":"Sidney Rocha","@id":"https:\/\/seconci.com.br\/site\/#\/schema\/person\/1d79afd97ddc8f2c68c1e88e298aa8e2"},"headline":"Seconci \u00e9 a marca da responsabilidade social no setor da constru\u00e7\u00e3o","datePublished":"2019-08-29T17:44:49+00:00","mainEntityOfPage":{"@id":"https:\/\/seconci.com.br\/site\/2019\/08\/29\/seconci-e-a-marca-da-responsabilidade-social-no-setor-da-construcao\/"},"wordCount":1196,"publisher":{"@id":"https:\/\/seconci.com.br\/site\/#organization"},"image":{"@id":"https:\/\/seconci.com.br\/site\/2019\/08\/29\/seconci-e-a-marca-da-responsabilidade-social-no-setor-da-construcao\/#primaryimage"},"thumbnailUrl":"https:\/\/seconci.com.br\/site\/wp-content\/uploads\/2019\/08\/WhatsApp-Image-2019-08-28-at-19.28.59.jpeg","articleSection":["Seconci Brasil"],"inLanguage":"pt-PT"},{"@type":"WebPage","@id":"https:\/\/seconci.com.br\/site\/2019\/08\/29\/seconci-e-a-marca-da-responsabilidade-social-no-setor-da-construcao\/","url":"https:\/\/seconci.com.br\/site\/2019\/08\/29\/seconci-e-a-marca-da-responsabilidade-social-no-setor-da-construcao\/","name":"Seconci \u00e9 a marca da responsabilidade social no setor da constru\u00e7\u00e3o - Seconci Brasil","isPartOf":{"@id":"https:\/\/seconci.com.br\/site\/#website"},"primaryImageOfPage":{"@id":"https:\/\/seconci.com.br\/site\/2019\/08\/29\/seconci-e-a-marca-da-responsabilidade-social-no-setor-da-construcao\/#primaryimage"},"image":{"@id":"https:\/\/seconci.com.br\/site\/2019\/08\/29\/seconci-e-a-marca-da-responsabilidade-social-no-setor-da-construcao\/#primaryimage"},"thumbnailUrl":"https:\/\/seconci.com.br\/site\/wp-content\/uploads\/2019\/08\/WhatsApp-Image-2019-08-28-at-19.28.59.jpeg","datePublished":"2019-08-29T17:44:49+00:00","breadcrumb":{"@id":"https:\/\/seconci.com.br\/site\/2019\/08\/29\/seconci-e-a-marca-da-responsabilidade-social-no-setor-da-construcao\/#breadcrumb"},"inLanguage":"pt-PT","potentialAction":[{"@type":"ReadAction","target":["https:\/\/seconci.com.br\/site\/2019\/08\/29\/seconci-e-a-marca-da-responsabilidade-social-no-setor-da-construcao\/"]}]},{"@type":"ImageObject","inLanguage":"pt-PT","@id":"https:\/\/seconci.com.br\/site\/2019\/08\/29\/seconci-e-a-marca-da-responsabilidade-social-no-setor-da-construcao\/#primaryimage","url":"https:\/\/seconci.com.br\/site\/wp-content\/uploads\/2019\/08\/WhatsApp-Image-2019-08-28-at-19.28.59.jpeg","contentUrl":"https:\/\/seconci.com.br\/site\/wp-content\/uploads\/2019\/08\/WhatsApp-Image-2019-08-28-at-19.28.59.jpeg","width":466,"height":276},{"@type":"BreadcrumbList","@id":"https:\/\/seconci.com.br\/site\/2019\/08\/29\/seconci-e-a-marca-da-responsabilidade-social-no-setor-da-construcao\/#breadcrumb","itemListElement":[{"@type":"ListItem","position":1,"name":"In\u00edcio","item":"https:\/\/seconci.com.br\/site\/"},{"@type":"ListItem","position":2,"name":"Seconci \u00e9 a marca da responsabilidade social no setor da constru\u00e7\u00e3o"}]},{"@type":"WebSite","@id":"https:\/\/seconci.com.br\/site\/#website","url":"https:\/\/seconci.com.br\/site\/","name":"Seconci Brasil","description":"","publisher":{"@id":"https:\/\/seconci.com.br\/site\/#organization"},"potentialAction":[{"@type":"SearchAction","target":{"@type":"EntryPoint","urlTemplate":"https:\/\/seconci.com.br\/site\/?s={search_term_string}"},"query-input":{"@type":"PropertyValueSpecification","valueRequired":true,"valueName":"search_term_string"}}],"inLanguage":"pt-PT"},{"@type":"Organization","@id":"https:\/\/seconci.com.br\/site\/#organization","name":"Seconci Brasil","url":"https:\/\/seconci.com.br\/site\/","logo":{"@type":"ImageObject","inLanguage":"pt-PT","@id":"https:\/\/seconci.com.br\/site\/#\/schema\/logo\/image\/","url":"https:\/\/seconci.com.br\/site\/wp-content\/uploads\/2024\/08\/Logo-Seconci-Brasil-branca-2.png","contentUrl":"https:\/\/seconci.com.br\/site\/wp-content\/uploads\/2024\/08\/Logo-Seconci-Brasil-branca-2.png","width":1315,"height":598,"caption":"Seconci Brasil"},"image":{"@id":"https:\/\/seconci.com.br\/site\/#\/schema\/logo\/image\/"}},{"@type":"Person","@id":"https:\/\/seconci.com.br\/site\/#\/schema\/person\/1d79afd97ddc8f2c68c1e88e298aa8e2","name":"Sidney Rocha","description":"Comunicador e estagi\u00e1rio do Seconci Brasil.","url":"https:\/\/seconci.com.br\/site\/author\/sidney-rocha\/"}]}},"_links":{"self":[{"href":"https:\/\/seconci.com.br\/site\/wp-json\/wp\/v2\/posts\/8662","targetHints":{"allow":["GET"]}}],"collection":[{"href":"https:\/\/seconci.com.br\/site\/wp-json\/wp\/v2\/posts"}],"about":[{"href":"https:\/\/seconci.com.br\/site\/wp-json\/wp\/v2\/types\/post"}],"author":[{"embeddable":true,"href":"https:\/\/seconci.com.br\/site\/wp-json\/wp\/v2\/users\/3"}],"replies":[{"embeddable":true,"href":"https:\/\/seconci.com.br\/site\/wp-json\/wp\/v2\/comments?post=8662"}],"version-history":[{"count":0,"href":"https:\/\/seconci.com.br\/site\/wp-json\/wp\/v2\/posts\/8662\/revisions"}],"wp:featuredmedia":[{"embeddable":true,"href":"https:\/\/seconci.com.br\/site\/wp-json\/wp\/v2\/media\/8663"}],"wp:attachment":[{"href":"https:\/\/seconci.com.br\/site\/wp-json\/wp\/v2\/media?parent=8662"}],"wp:term":[{"taxonomy":"category","embeddable":true,"href":"https:\/\/seconci.com.br\/site\/wp-json\/wp\/v2\/categories?post=8662"},{"taxonomy":"post_tag","embeddable":true,"href":"https:\/\/seconci.com.br\/site\/wp-json\/wp\/v2\/tags?post=8662"}],"curies":[{"name":"wp","href":"https:\/\/api.w.org\/{rel}","templated":true}]}}