{"id":8674,"date":"2019-09-02T12:24:29","date_gmt":"2019-09-02T12:24:29","guid":{"rendered":"https:\/\/seconci.com.br\/site\/?p=8674"},"modified":"2019-09-02T12:24:29","modified_gmt":"2019-09-02T12:24:29","slug":"servico-social-da-construcao-avanca-no-desenvolvimento-humano","status":"publish","type":"post","link":"https:\/\/seconci.com.br\/site\/2019\/09\/02\/servico-social-da-construcao-avanca-no-desenvolvimento-humano\/","title":{"rendered":"Servi\u00e7o Social da Constru\u00e7\u00e3o avan\u00e7a no desenvolvimento humano"},"content":{"rendered":"<div class=\"\">\n<div class=\"post\">\n<p style=\"text-align: justify;\">A s\u00e9rie &#8220;SST na Ind\u00fastria da Constru\u00e7\u00e3o&#8221;,\u00a0da Comiss\u00e3o de Pol\u00edtica de Rela\u00e7\u00f5es Trabalhistas (CPRT) da C\u00e2mara Brasileira da Ind\u00fastria da Constru\u00e7\u00e3o (CBIC), destaca que, em termos de Brasil, cem por cento dos Servi\u00e7os Sociais da Ind\u00fastria da Constru\u00e7\u00e3o Civil (Seconcis) atuam na \u00e1rea de sa\u00fade e seguran\u00e7a, com foco na qualidade de vida dos trabalhadores do setor. Mas n\u00e3o \u00e9 s\u00f3 isso. O Seconci-Rio, por exemplo, vem inovando e estimulando a pr\u00e1tica\u00a0de a\u00e7\u00f5es de responsabilidade socioambiental com o seu\u00a0Programa de Relacionamento Comunit\u00e1rio, que j\u00e1 resultou no seu credenciamento junto \u00e0 Caixa Econ\u00f4mica Federal para realizar trabalho social nas comunidades e no\u00a0Projeto Solare Vizinho do Bem, em parceria com a MRV Engenharia.<\/p>\n<p style=\"text-align: justify;\">Assim como o Seconci-SP encontrou o nicho de gest\u00e3o de hospitais p\u00fablicos, em S\u00e3o Paulo, o Seconci-Rio est\u00e1 encontrando, no Rio de Janeiro, o caminho da realiza\u00e7\u00e3o de projetos sociais junto \u00e0s comunidades no entorno dos empreendimentos de habita\u00e7\u00e3o social, carro-chefe para alavancar sua receita e ressignificar o Servi\u00e7o Social do Rio de Janeiro.<\/p>\n<p style=\"text-align: justify;\">Com essa iniciativa, o Seconci-Rio passou a atuar n\u00e3o s\u00f3 na quest\u00e3o da sa\u00fade, mas em \u00e1reas para tamb\u00e9m ajudar a desenvolver a capacidade do trabalhador para que ele possa ser um cidad\u00e3o pleno, capaz de acessar os direitos de qualquer ser humano.<\/p>\n<p style=\"text-align: justify;\">\u201c\u00c9 um servi\u00e7o para a construtora, para o trabalhador e para a comunidade. Faz todo o sentido que o Seconci-Rio utilize toda a sua expertise de cuidar do trabalhador para tamb\u00e9m cuidar da comunidade em torno do empreendimento\u201d, ressalta o presidente do Seconci-Rio, Ayrton Alvarenga Xerez.<\/p>\n<p style=\"text-align: justify;\"><strong>Programa de Relacionamento Comunit\u00e1rio avan\u00e7a pelo Pa\u00eds<\/strong><\/p>\n<p style=\"text-align: justify;\">Realizado desde 2016, o programa tem conseguido n\u00e3o apenas alavancar a receita do Seconci-Rio, mas beneficiar as comunidades, minimizar ainda mais o Sistema \u00danico de Sa\u00fade (SUS) do governo federal e fortalecer as fam\u00edlias das comunidades, para que elas sejam capazes de gerar suas rendas e, assim, garantir a manuten\u00e7\u00e3o dos pr\u00e9dios e condom\u00ednios para que tenham capacidade de morar com dignidade.<\/p>\n<p style=\"text-align: justify;\">Na MRV Engenharia, o programa j\u00e1 faz parte da orienta\u00e7\u00e3o estrat\u00e9gia nacional da empresa. O projeto\u00a0Vizinho do Bem\u00a0j\u00e1 est\u00e1 em 10 territ\u00f3rios da MRV.<\/p>\n<p style=\"text-align: justify;\">Em 2017, o projeto ofereceu uma s\u00e9rie de oportunidades para a comunidade vizinha aos empreendimentos da Reserva Solare, que estava sendo constru\u00eddo em Vila Lage, no munic\u00edpio de S\u00e3o Gon\u00e7alo\/RJ, gerando impacto social e ambiental fundamental para garantia de um novo olhar para o futuro. Desde ent\u00e3o, vem sendo realizadas oficinas, projetos, treinamentos e muitas outras a\u00e7\u00f5es, todas com vi\u00e9s socioeducativo. O pr\u00f3ximo passo ser\u00e1 ajudar comunidades do entorno de empreendimentos de Campinas\/SP.<\/p>\n<p style=\"text-align: justify;\">Al\u00e9m disso, o Seconci-Rio j\u00e1 fechou 25 projetos sociais para comunidades de habita\u00e7\u00e3o de interesse social com a Caixa Econ\u00f4mica Federal. A parceria \u00e9 poss\u00edvel por que, dentro do or\u00e7amento da institui\u00e7\u00e3o, 2% do custo do im\u00f3vel \u00e9 para projeto social nesses empreendimentos.<\/p>\n<p style=\"text-align: justify;\"><strong>\u00cdndice de acidentes \u00e9 menor em empresas associadas ao Seconci-PR<\/strong><\/p>\n<p style=\"text-align: justify;\">Criado em maio de 1992, com o objetivo de proporcionar um atendimento m\u00e9dico-dent\u00e1rio aos trabalhadores fora do sistema p\u00fablico de sa\u00fade, o Servi\u00e7o Social do Sindicato da Ind\u00fastria da Constru\u00e7\u00e3o Civil no Estado do Paran\u00e1 (Seconci-PR) contribui tamb\u00e9m para a redu\u00e7\u00e3o da informalidade e a diminui\u00e7\u00e3o dos \u00edndices de acidentes.<\/p>\n<p style=\"text-align: justify;\">Para o presidente do Seconci-PR, S\u00e9rgio Luiz Crema, n\u00e3o \u00e9 \u00e0 toa o resultado. \u201cEmpresas associadas ao Programa de Sa\u00fade e Seguran\u00e7a (PSS) do Seconci-PR possuem, estatisticamente, \u00edndice de acidentes 47% menor que a m\u00e9dia das demais empresas do setor da constru\u00e7\u00e3o civil no Estado do Paran\u00e1\u201d.<\/p>\n<p style=\"text-align: justify;\">Esse desempenho \u00e9 fruto das orienta\u00e7\u00f5es e do trabalho preventivo prestado tanto para o empres\u00e1rio quanto para o trabalhador. \u201cInforma\u00e7\u00e3o \u00e9 um dos principais instrumentos para promover a sa\u00fade e a seguran\u00e7a, por isso a entidade oferece uma s\u00e9rie de cursos de capacita\u00e7\u00e3o e visitas nos canteiros de obras onde a equipe de Seguran\u00e7a do Trabalho\u201d, completa.<\/p>\n<p style=\"text-align: justify;\">Fonte:\u00a0<a href=\"https:\/\/cbic.org.br\/servico-social-da-construcao-avanca-no-desenvolvimento-humano\/\" rel=\"nofollow\">CBIC<\/a><\/p>\n<div class=\"a2a_kit a2a_kit_size_32 a2a_default_style\" style=\"text-align: justify;\" data-a2a-title=\"Sinduscon-PR\">\n<div><\/div>\n<\/div>\n<\/div>\n<\/div>\n<div class=\"spacer2\" style=\"text-align: justify;\"><\/div>\n<hr \/>\n<div class=\"ad\" style=\"text-align: justify;\">PUBLICIDADE<\/div>\n","protected":false},"excerpt":{"rendered":"<p>A s\u00e9rie &#8220;SST na Ind\u00fastria da Constru\u00e7\u00e3o&#8221;,\u00a0da Comiss\u00e3o de Pol\u00edtica de Rela\u00e7\u00f5es Trabalhistas (CPRT) da C\u00e2mara Brasileira da Ind\u00fastria da Constru\u00e7\u00e3o (CBIC), destaca que, em termos de Brasil, cem por cento dos Servi\u00e7os Sociais da Ind\u00fastria da Constru\u00e7\u00e3o Civil (Seconcis) atuam na \u00e1rea de sa\u00fade e seguran\u00e7a, com foco na qualidade de vida dos trabalhadores [&hellip;]<\/p>\n","protected":false},"author":3,"featured_media":8570,"comment_status":"closed","ping_status":"closed","sticky":false,"template":"","format":"standard","meta":{"footnotes":""},"categories":[92],"tags":[],"class_list":["post-8674","post","type-post","status-publish","format-standard","has-post-thumbnail","hentry","category-seconci-brasil"],"yoast_head":"<!-- This site is optimized with the Yoast SEO plugin v26.9 - https:\/\/yoast.com\/product\/yoast-seo-wordpress\/ -->\n<title>Servi\u00e7o Social da Constru\u00e7\u00e3o avan\u00e7a no desenvolvimento humano - Seconci Brasil<\/title>\n<meta name=\"robots\" content=\"index, follow, max-snippet:-1, max-image-preview:large, max-video-preview:-1\" \/>\n<link rel=\"canonical\" href=\"https:\/\/seconci.com.br\/site\/2019\/09\/02\/servico-social-da-construcao-avanca-no-desenvolvimento-humano\/\" \/>\n<meta property=\"og:locale\" content=\"pt_PT\" \/>\n<meta property=\"og:type\" content=\"article\" \/>\n<meta property=\"og:title\" content=\"Servi\u00e7o Social da Constru\u00e7\u00e3o avan\u00e7a no desenvolvimento humano - Seconci Brasil\" \/>\n<meta property=\"og:description\" content=\"A s\u00e9rie &#8220;SST na Ind\u00fastria da Constru\u00e7\u00e3o&#8221;,\u00a0da Comiss\u00e3o de Pol\u00edtica de Rela\u00e7\u00f5es Trabalhistas (CPRT) da C\u00e2mara Brasileira da Ind\u00fastria da Constru\u00e7\u00e3o (CBIC), destaca que, em termos de Brasil, cem por cento dos Servi\u00e7os Sociais da Ind\u00fastria da Constru\u00e7\u00e3o Civil (Seconcis) atuam na \u00e1rea de sa\u00fade e seguran\u00e7a, com foco na qualidade de vida dos trabalhadores [&hellip;]\" \/>\n<meta property=\"og:url\" content=\"https:\/\/seconci.com.br\/site\/2019\/09\/02\/servico-social-da-construcao-avanca-no-desenvolvimento-humano\/\" \/>\n<meta property=\"og:site_name\" content=\"Seconci Brasil\" \/>\n<meta property=\"article:published_time\" content=\"2019-09-02T12:24:29+00:00\" \/>\n<meta property=\"og:image\" content=\"https:\/\/seconci.com.br\/site\/wp-content\/uploads\/2019\/07\/Seguran\u00e7a-e-Sa\u00fade-no-trabalho-1.2_Prancheta-1.jpg\" \/>\n\t<meta property=\"og:image:width\" content=\"3234\" \/>\n\t<meta property=\"og:image:height\" content=\"3200\" \/>\n\t<meta property=\"og:image:type\" content=\"image\/jpeg\" \/>\n<meta name=\"author\" content=\"Sidney Rocha\" \/>\n<meta name=\"twitter:card\" content=\"summary_large_image\" \/>\n<meta name=\"twitter:label1\" content=\"Escrito por\" \/>\n\t<meta name=\"twitter:data1\" content=\"Sidney Rocha\" \/>\n\t<meta name=\"twitter:label2\" content=\"Tempo estimado de leitura\" \/>\n\t<meta name=\"twitter:data2\" content=\"4 minutos\" \/>\n<script type=\"application\/ld+json\" class=\"yoast-schema-graph\">{\"@context\":\"https:\/\/schema.org\",\"@graph\":[{\"@type\":\"Article\",\"@id\":\"https:\/\/seconci.com.br\/site\/2019\/09\/02\/servico-social-da-construcao-avanca-no-desenvolvimento-humano\/#article\",\"isPartOf\":{\"@id\":\"https:\/\/seconci.com.br\/site\/2019\/09\/02\/servico-social-da-construcao-avanca-no-desenvolvimento-humano\/\"},\"author\":{\"name\":\"Sidney Rocha\",\"@id\":\"https:\/\/seconci.com.br\/site\/#\/schema\/person\/1d79afd97ddc8f2c68c1e88e298aa8e2\"},\"headline\":\"Servi\u00e7o Social da Constru\u00e7\u00e3o avan\u00e7a no desenvolvimento humano\",\"datePublished\":\"2019-09-02T12:24:29+00:00\",\"mainEntityOfPage\":{\"@id\":\"https:\/\/seconci.com.br\/site\/2019\/09\/02\/servico-social-da-construcao-avanca-no-desenvolvimento-humano\/\"},\"wordCount\":716,\"publisher\":{\"@id\":\"https:\/\/seconci.com.br\/site\/#organization\"},\"image\":{\"@id\":\"https:\/\/seconci.com.br\/site\/2019\/09\/02\/servico-social-da-construcao-avanca-no-desenvolvimento-humano\/#primaryimage\"},\"thumbnailUrl\":\"https:\/\/seconci.com.br\/site\/wp-content\/uploads\/2019\/07\/Seguran\u00e7a-e-Sa\u00fade-no-trabalho-1.2_Prancheta-1.jpg\",\"articleSection\":[\"Seconci Brasil\"],\"inLanguage\":\"pt-PT\"},{\"@type\":\"WebPage\",\"@id\":\"https:\/\/seconci.com.br\/site\/2019\/09\/02\/servico-social-da-construcao-avanca-no-desenvolvimento-humano\/\",\"url\":\"https:\/\/seconci.com.br\/site\/2019\/09\/02\/servico-social-da-construcao-avanca-no-desenvolvimento-humano\/\",\"name\":\"Servi\u00e7o Social da Constru\u00e7\u00e3o avan\u00e7a no desenvolvimento humano - Seconci Brasil\",\"isPartOf\":{\"@id\":\"https:\/\/seconci.com.br\/site\/#website\"},\"primaryImageOfPage\":{\"@id\":\"https:\/\/seconci.com.br\/site\/2019\/09\/02\/servico-social-da-construcao-avanca-no-desenvolvimento-humano\/#primaryimage\"},\"image\":{\"@id\":\"https:\/\/seconci.com.br\/site\/2019\/09\/02\/servico-social-da-construcao-avanca-no-desenvolvimento-humano\/#primaryimage\"},\"thumbnailUrl\":\"https:\/\/seconci.com.br\/site\/wp-content\/uploads\/2019\/07\/Seguran\u00e7a-e-Sa\u00fade-no-trabalho-1.2_Prancheta-1.jpg\",\"datePublished\":\"2019-09-02T12:24:29+00:00\",\"breadcrumb\":{\"@id\":\"https:\/\/seconci.com.br\/site\/2019\/09\/02\/servico-social-da-construcao-avanca-no-desenvolvimento-humano\/#breadcrumb\"},\"inLanguage\":\"pt-PT\",\"potentialAction\":[{\"@type\":\"ReadAction\",\"target\":[\"https:\/\/seconci.com.br\/site\/2019\/09\/02\/servico-social-da-construcao-avanca-no-desenvolvimento-humano\/\"]}]},{\"@type\":\"ImageObject\",\"inLanguage\":\"pt-PT\",\"@id\":\"https:\/\/seconci.com.br\/site\/2019\/09\/02\/servico-social-da-construcao-avanca-no-desenvolvimento-humano\/#primaryimage\",\"url\":\"https:\/\/seconci.com.br\/site\/wp-content\/uploads\/2019\/07\/Seguran\u00e7a-e-Sa\u00fade-no-trabalho-1.2_Prancheta-1.jpg\",\"contentUrl\":\"https:\/\/seconci.com.br\/site\/wp-content\/uploads\/2019\/07\/Seguran\u00e7a-e-Sa\u00fade-no-trabalho-1.2_Prancheta-1.jpg\",\"width\":3234,\"height\":3200},{\"@type\":\"BreadcrumbList\",\"@id\":\"https:\/\/seconci.com.br\/site\/2019\/09\/02\/servico-social-da-construcao-avanca-no-desenvolvimento-humano\/#breadcrumb\",\"itemListElement\":[{\"@type\":\"ListItem\",\"position\":1,\"name\":\"In\u00edcio\",\"item\":\"https:\/\/seconci.com.br\/site\/\"},{\"@type\":\"ListItem\",\"position\":2,\"name\":\"Servi\u00e7o Social da Constru\u00e7\u00e3o avan\u00e7a no desenvolvimento humano\"}]},{\"@type\":\"WebSite\",\"@id\":\"https:\/\/seconci.com.br\/site\/#website\",\"url\":\"https:\/\/seconci.com.br\/site\/\",\"name\":\"Seconci Brasil\",\"description\":\"\",\"publisher\":{\"@id\":\"https:\/\/seconci.com.br\/site\/#organization\"},\"potentialAction\":[{\"@type\":\"SearchAction\",\"target\":{\"@type\":\"EntryPoint\",\"urlTemplate\":\"https:\/\/seconci.com.br\/site\/?s={search_term_string}\"},\"query-input\":{\"@type\":\"PropertyValueSpecification\",\"valueRequired\":true,\"valueName\":\"search_term_string\"}}],\"inLanguage\":\"pt-PT\"},{\"@type\":\"Organization\",\"@id\":\"https:\/\/seconci.com.br\/site\/#organization\",\"name\":\"Seconci Brasil\",\"url\":\"https:\/\/seconci.com.br\/site\/\",\"logo\":{\"@type\":\"ImageObject\",\"inLanguage\":\"pt-PT\",\"@id\":\"https:\/\/seconci.com.br\/site\/#\/schema\/logo\/image\/\",\"url\":\"https:\/\/seconci.com.br\/site\/wp-content\/uploads\/2024\/08\/Logo-Seconci-Brasil-branca-2.png\",\"contentUrl\":\"https:\/\/seconci.com.br\/site\/wp-content\/uploads\/2024\/08\/Logo-Seconci-Brasil-branca-2.png\",\"width\":1315,\"height\":598,\"caption\":\"Seconci Brasil\"},\"image\":{\"@id\":\"https:\/\/seconci.com.br\/site\/#\/schema\/logo\/image\/\"}},{\"@type\":\"Person\",\"@id\":\"https:\/\/seconci.com.br\/site\/#\/schema\/person\/1d79afd97ddc8f2c68c1e88e298aa8e2\",\"name\":\"Sidney Rocha\",\"description\":\"Comunicador e estagi\u00e1rio do Seconci Brasil.\",\"url\":\"https:\/\/seconci.com.br\/site\/author\/sidney-rocha\/\"}]}<\/script>\n<!-- \/ Yoast SEO plugin. -->","yoast_head_json":{"title":"Servi\u00e7o Social da Constru\u00e7\u00e3o avan\u00e7a no desenvolvimento humano - Seconci Brasil","robots":{"index":"index","follow":"follow","max-snippet":"max-snippet:-1","max-image-preview":"max-image-preview:large","max-video-preview":"max-video-preview:-1"},"canonical":"https:\/\/seconci.com.br\/site\/2019\/09\/02\/servico-social-da-construcao-avanca-no-desenvolvimento-humano\/","og_locale":"pt_PT","og_type":"article","og_title":"Servi\u00e7o Social da Constru\u00e7\u00e3o avan\u00e7a no desenvolvimento humano - Seconci Brasil","og_description":"A s\u00e9rie &#8220;SST na Ind\u00fastria da Constru\u00e7\u00e3o&#8221;,\u00a0da Comiss\u00e3o de Pol\u00edtica de Rela\u00e7\u00f5es Trabalhistas (CPRT) da C\u00e2mara Brasileira da Ind\u00fastria da Constru\u00e7\u00e3o (CBIC), destaca que, em termos de Brasil, cem por cento dos Servi\u00e7os Sociais da Ind\u00fastria da Constru\u00e7\u00e3o Civil (Seconcis) atuam na \u00e1rea de sa\u00fade e seguran\u00e7a, com foco na qualidade de vida dos trabalhadores [&hellip;]","og_url":"https:\/\/seconci.com.br\/site\/2019\/09\/02\/servico-social-da-construcao-avanca-no-desenvolvimento-humano\/","og_site_name":"Seconci Brasil","article_published_time":"2019-09-02T12:24:29+00:00","og_image":[{"width":3234,"height":3200,"url":"https:\/\/seconci.com.br\/site\/wp-content\/uploads\/2019\/07\/Seguran\u00e7a-e-Sa\u00fade-no-trabalho-1.2_Prancheta-1.jpg","type":"image\/jpeg"}],"author":"Sidney Rocha","twitter_card":"summary_large_image","twitter_misc":{"Escrito por":"Sidney Rocha","Tempo estimado de leitura":"4 minutos"},"schema":{"@context":"https:\/\/schema.org","@graph":[{"@type":"Article","@id":"https:\/\/seconci.com.br\/site\/2019\/09\/02\/servico-social-da-construcao-avanca-no-desenvolvimento-humano\/#article","isPartOf":{"@id":"https:\/\/seconci.com.br\/site\/2019\/09\/02\/servico-social-da-construcao-avanca-no-desenvolvimento-humano\/"},"author":{"name":"Sidney Rocha","@id":"https:\/\/seconci.com.br\/site\/#\/schema\/person\/1d79afd97ddc8f2c68c1e88e298aa8e2"},"headline":"Servi\u00e7o Social da Constru\u00e7\u00e3o avan\u00e7a no desenvolvimento humano","datePublished":"2019-09-02T12:24:29+00:00","mainEntityOfPage":{"@id":"https:\/\/seconci.com.br\/site\/2019\/09\/02\/servico-social-da-construcao-avanca-no-desenvolvimento-humano\/"},"wordCount":716,"publisher":{"@id":"https:\/\/seconci.com.br\/site\/#organization"},"image":{"@id":"https:\/\/seconci.com.br\/site\/2019\/09\/02\/servico-social-da-construcao-avanca-no-desenvolvimento-humano\/#primaryimage"},"thumbnailUrl":"https:\/\/seconci.com.br\/site\/wp-content\/uploads\/2019\/07\/Seguran\u00e7a-e-Sa\u00fade-no-trabalho-1.2_Prancheta-1.jpg","articleSection":["Seconci Brasil"],"inLanguage":"pt-PT"},{"@type":"WebPage","@id":"https:\/\/seconci.com.br\/site\/2019\/09\/02\/servico-social-da-construcao-avanca-no-desenvolvimento-humano\/","url":"https:\/\/seconci.com.br\/site\/2019\/09\/02\/servico-social-da-construcao-avanca-no-desenvolvimento-humano\/","name":"Servi\u00e7o Social da Constru\u00e7\u00e3o avan\u00e7a no desenvolvimento humano - Seconci Brasil","isPartOf":{"@id":"https:\/\/seconci.com.br\/site\/#website"},"primaryImageOfPage":{"@id":"https:\/\/seconci.com.br\/site\/2019\/09\/02\/servico-social-da-construcao-avanca-no-desenvolvimento-humano\/#primaryimage"},"image":{"@id":"https:\/\/seconci.com.br\/site\/2019\/09\/02\/servico-social-da-construcao-avanca-no-desenvolvimento-humano\/#primaryimage"},"thumbnailUrl":"https:\/\/seconci.com.br\/site\/wp-content\/uploads\/2019\/07\/Seguran\u00e7a-e-Sa\u00fade-no-trabalho-1.2_Prancheta-1.jpg","datePublished":"2019-09-02T12:24:29+00:00","breadcrumb":{"@id":"https:\/\/seconci.com.br\/site\/2019\/09\/02\/servico-social-da-construcao-avanca-no-desenvolvimento-humano\/#breadcrumb"},"inLanguage":"pt-PT","potentialAction":[{"@type":"ReadAction","target":["https:\/\/seconci.com.br\/site\/2019\/09\/02\/servico-social-da-construcao-avanca-no-desenvolvimento-humano\/"]}]},{"@type":"ImageObject","inLanguage":"pt-PT","@id":"https:\/\/seconci.com.br\/site\/2019\/09\/02\/servico-social-da-construcao-avanca-no-desenvolvimento-humano\/#primaryimage","url":"https:\/\/seconci.com.br\/site\/wp-content\/uploads\/2019\/07\/Seguran\u00e7a-e-Sa\u00fade-no-trabalho-1.2_Prancheta-1.jpg","contentUrl":"https:\/\/seconci.com.br\/site\/wp-content\/uploads\/2019\/07\/Seguran\u00e7a-e-Sa\u00fade-no-trabalho-1.2_Prancheta-1.jpg","width":3234,"height":3200},{"@type":"BreadcrumbList","@id":"https:\/\/seconci.com.br\/site\/2019\/09\/02\/servico-social-da-construcao-avanca-no-desenvolvimento-humano\/#breadcrumb","itemListElement":[{"@type":"ListItem","position":1,"name":"In\u00edcio","item":"https:\/\/seconci.com.br\/site\/"},{"@type":"ListItem","position":2,"name":"Servi\u00e7o Social da Constru\u00e7\u00e3o avan\u00e7a no desenvolvimento humano"}]},{"@type":"WebSite","@id":"https:\/\/seconci.com.br\/site\/#website","url":"https:\/\/seconci.com.br\/site\/","name":"Seconci Brasil","description":"","publisher":{"@id":"https:\/\/seconci.com.br\/site\/#organization"},"potentialAction":[{"@type":"SearchAction","target":{"@type":"EntryPoint","urlTemplate":"https:\/\/seconci.com.br\/site\/?s={search_term_string}"},"query-input":{"@type":"PropertyValueSpecification","valueRequired":true,"valueName":"search_term_string"}}],"inLanguage":"pt-PT"},{"@type":"Organization","@id":"https:\/\/seconci.com.br\/site\/#organization","name":"Seconci Brasil","url":"https:\/\/seconci.com.br\/site\/","logo":{"@type":"ImageObject","inLanguage":"pt-PT","@id":"https:\/\/seconci.com.br\/site\/#\/schema\/logo\/image\/","url":"https:\/\/seconci.com.br\/site\/wp-content\/uploads\/2024\/08\/Logo-Seconci-Brasil-branca-2.png","contentUrl":"https:\/\/seconci.com.br\/site\/wp-content\/uploads\/2024\/08\/Logo-Seconci-Brasil-branca-2.png","width":1315,"height":598,"caption":"Seconci Brasil"},"image":{"@id":"https:\/\/seconci.com.br\/site\/#\/schema\/logo\/image\/"}},{"@type":"Person","@id":"https:\/\/seconci.com.br\/site\/#\/schema\/person\/1d79afd97ddc8f2c68c1e88e298aa8e2","name":"Sidney Rocha","description":"Comunicador e estagi\u00e1rio do Seconci Brasil.","url":"https:\/\/seconci.com.br\/site\/author\/sidney-rocha\/"}]}},"_links":{"self":[{"href":"https:\/\/seconci.com.br\/site\/wp-json\/wp\/v2\/posts\/8674","targetHints":{"allow":["GET"]}}],"collection":[{"href":"https:\/\/seconci.com.br\/site\/wp-json\/wp\/v2\/posts"}],"about":[{"href":"https:\/\/seconci.com.br\/site\/wp-json\/wp\/v2\/types\/post"}],"author":[{"embeddable":true,"href":"https:\/\/seconci.com.br\/site\/wp-json\/wp\/v2\/users\/3"}],"replies":[{"embeddable":true,"href":"https:\/\/seconci.com.br\/site\/wp-json\/wp\/v2\/comments?post=8674"}],"version-history":[{"count":0,"href":"https:\/\/seconci.com.br\/site\/wp-json\/wp\/v2\/posts\/8674\/revisions"}],"wp:featuredmedia":[{"embeddable":true,"href":"https:\/\/seconci.com.br\/site\/wp-json\/wp\/v2\/media\/8570"}],"wp:attachment":[{"href":"https:\/\/seconci.com.br\/site\/wp-json\/wp\/v2\/media?parent=8674"}],"wp:term":[{"taxonomy":"category","embeddable":true,"href":"https:\/\/seconci.com.br\/site\/wp-json\/wp\/v2\/categories?post=8674"},{"taxonomy":"post_tag","embeddable":true,"href":"https:\/\/seconci.com.br\/site\/wp-json\/wp\/v2\/tags?post=8674"}],"curies":[{"name":"wp","href":"https:\/\/api.w.org\/{rel}","templated":true}]}}