{"id":8677,"date":"2019-09-02T14:00:22","date_gmt":"2019-09-02T14:00:22","guid":{"rendered":"https:\/\/seconci.com.br\/site\/?p=8677"},"modified":"2019-09-02T14:00:22","modified_gmt":"2019-09-02T14:00:22","slug":"brasilia-recebe-encontro-de-seconcis","status":"publish","type":"post","link":"https:\/\/seconci.com.br\/site\/2019\/09\/02\/brasilia-recebe-encontro-de-seconcis\/","title":{"rendered":"Bras\u00edlia recebe Encontro de Seconci\u2019s"},"content":{"rendered":"<p class=\"fontplugin_fontid_80857_CenturyGothic\" style=\"text-align: justify;\"><em>Evento anual re\u00fane entidades do setor que atuam em diversos estados da Federa\u00e7\u00e3o<\/em><\/p>\n<p style=\"text-align: justify;\">|\u00a0<span class=\"fontplugin_fontid_80857_CenturyGothic\"><em><strong>Assessoria de Comunica\u00e7\u00e3o Social do Seconci-DF<\/strong>\u00a0<\/em><\/span>|<\/p>\n<p class=\"fontplugin_fontid_80857_CenturyGothic\" style=\"text-align: justify;\">O Servi\u00e7o Social da Ind\u00fastria da Constru\u00e7\u00e3o Civil do Distrito Federal (Seconci-DF) e a Associa\u00e7\u00e3o de Seconcis (Seconci Brasil) promovem o Encontro Nacional de Seconcis (ENSE) nos dias 26 e 27 de setembro de 2019, na capital do pa\u00eds. O evento acontece uma vez por ano e re\u00fane os dirigentes e corpo t\u00e9cnico das entidades para dois dias de debates, palestras e troca de experi\u00eancias. Essa \u00e9 a primeira vez que o ENSE acontece no DF.<\/p>\n<p class=\"fontplugin_fontid_80857_CenturyGothic\" style=\"text-align: justify;\">O ENSE teve in\u00edcio dentro do Encontro Nacional da Ind\u00fastria da Constru\u00e7\u00e3o (Enic), sendo promovido pelo F\u00f3rum dos Seconcis, da C\u00e2mara Brasileira da Ind\u00fastria da Constru\u00e7\u00e3o (Cbic). H\u00e1 pouco mais de uma d\u00e9cada, os dirigentes perceberam que havia a necessidade de ampliar o alcance do encontro para que as \u00e1reas t\u00e9cnicas pudessem participar dos debates e discuss\u00f5es, inclusive com divis\u00e3o de debates por \u00e1reas t\u00e9cnicas.<\/p>\n<p class=\"fontplugin_fontid_80857_CenturyGothic\" style=\"text-align: justify;\">O presidente do Seconci Brasil, Antonio Carlos Salgueiro mostrou-se empolgado em ter o ENSE no Distrito Federal pela primeira vez. \u201cAs expectativas s\u00e3o as melhores, pois cada SECONCI fez suas sugest\u00f5es de pauta para cada grupo, e com isso foi poss\u00edvel montar uma pauta bastante rica. Tenho certeza que vai ser muito proveitoso para todos\u201d, disse Salgueiro.<\/p>\n<p class=\"fontplugin_fontid_80857_CenturyGothic\" style=\"text-align: justify;\">Nos \u00faltimos anos, a manh\u00e3 do primeiro dia de evento \u00e9 reservada para palestras e a presen\u00e7a de autoridades locais e nacionais para prestigiar o trabalho social feito pelos Seconcis. Este ano, o ENSE ter\u00e1 duas palestras na quinta-feira, 26: \u201cImpactos da Nova Legisla\u00e7\u00e3o Trabalhista na Constru\u00e7\u00e3o Civil, com o ministro do Tribunal Superior do Trabalho, Ives Gandra\u201d e \u201cO futuro do trabalhador na constru\u00e7\u00e3o civil diante das inova\u00e7\u00f5es tecnol\u00f3gicas, com o presidente do Sinduscon-DF, Dionyzio Klavdianos\u201d.<\/p>\n<p class=\"fontplugin_fontid_80857_CenturyGothic\" style=\"text-align: justify;\">Al\u00e9m das palestras, haver\u00e1 um case sobre o Seconci-DF, segundo criado no Brasil e em funcionamento desde 1988. O presidente da entidade, Marcelo Machado Guimar\u00e3es, afirma que receber outras entidades que fazem o mesmo trabalho em prol do social da constru\u00e7\u00e3o civil aumenta a responsabilidade do DF. \u201cA expectativa \u00e9 muito grande. Nossa inten\u00e7\u00e3o \u00e9 que esse evento seja um marco. Al\u00e9m disso, essa \u00e9 uma oportunidade de mostrar os benef\u00edcios que estamos fazendo nesse interc\u00e2mbio social sempre t\u00e3o gratificante e enriquecedor\u201d, falou Marcelo.<\/p>\n<p class=\"fontplugin_fontid_80857_CenturyGothic\" style=\"text-align: justify;\">Al\u00e9m das palestras e das reuni\u00f5es t\u00e9cnicas, est\u00e1 programada uma visita \u00e0 sede do Seconci-DF na tarde da sexta-feira, 27 de setembro, para que os participantes de outros estados possam conhecer o trabalho desenvolvido pelo social da constru\u00e7\u00e3o civil do Distrito Federal.<\/p>\n<p class=\"fontplugin_fontid_80857_CenturyGothic\" style=\"text-align: justify;\"><strong>APOIO<\/strong>: o ENSE deste ano conta com o apoio institucional do Sindicato da Ind\u00fastria da Constru\u00e7\u00e3o (Sinduscon-DF); Sindicato dos Trabalhadores da Constru\u00e7\u00e3o (Sticombe); Associa\u00e7\u00e3o de Empresas do Mercado Imobili\u00e1rio do Distrito Federal (Ademi-DF); Sistema Fibra; M\u00fatua; e tamb\u00e9m das empresas: Villela e Carvalho; Ip\u00ea Constru\u00e7\u00e3o e Incorpora\u00e7\u00e3o; Brasal Incorpora\u00e7\u00f5es; Almeida Fran\u00e7a Engenharia; Rotacon Constru\u00e7\u00e3o; Laborat\u00f3rio Sabin; Riopar Fresagem e Reciclagem; Marluvas Equipamentos Profissionais e Gr\u00e1fica Taguapel.<\/p>\n<p class=\"fontplugin_fontid_80857_CenturyGothic\" style=\"text-align: justify;\"><strong>Para mais informa\u00e7\u00f5es sobre o ENSE 2019, entre em contato (62) 99235-9022 |\u00a0<\/strong><a href=\"mailto:seconcibrasil@gmail.com\"><strong>seconcibrasil@gmail.com<\/strong><\/a><strong>\u00a0ou (61) 3399-1888 R-203 |\u00a0<\/strong><a href=\"mailto:seconci@seconci-df.org.br\"><strong>seconci@seconci-df.org.br<\/strong><\/a><\/p>\n","protected":false},"excerpt":{"rendered":"<p>Evento anual re\u00fane entidades do setor que atuam em diversos estados da Federa\u00e7\u00e3o |\u00a0Assessoria de Comunica\u00e7\u00e3o Social do Seconci-DF\u00a0| O Servi\u00e7o Social da Ind\u00fastria da Constru\u00e7\u00e3o Civil do Distrito Federal (Seconci-DF) e a Associa\u00e7\u00e3o de Seconcis (Seconci Brasil) promovem o Encontro Nacional de Seconcis (ENSE) nos dias 26 e 27 de setembro de 2019, na [&hellip;]<\/p>\n","protected":false},"author":3,"featured_media":8678,"comment_status":"closed","ping_status":"closed","sticky":false,"template":"","format":"standard","meta":{"footnotes":""},"categories":[77],"tags":[],"class_list":["post-8677","post","type-post","status-publish","format-standard","has-post-thumbnail","hentry","category-seconci-distrito-federal"],"yoast_head":"<!-- This site is optimized with the Yoast SEO plugin v26.9 - https:\/\/yoast.com\/product\/yoast-seo-wordpress\/ -->\n<title>Bras\u00edlia recebe Encontro de Seconci\u2019s - Seconci Brasil<\/title>\n<meta name=\"robots\" content=\"index, follow, max-snippet:-1, max-image-preview:large, max-video-preview:-1\" \/>\n<link rel=\"canonical\" href=\"https:\/\/seconci.com.br\/site\/2019\/09\/02\/brasilia-recebe-encontro-de-seconcis\/\" \/>\n<meta property=\"og:locale\" content=\"pt_PT\" \/>\n<meta property=\"og:type\" content=\"article\" \/>\n<meta property=\"og:title\" content=\"Bras\u00edlia recebe Encontro de Seconci\u2019s - Seconci Brasil\" \/>\n<meta property=\"og:description\" content=\"Evento anual re\u00fane entidades do setor que atuam em diversos estados da Federa\u00e7\u00e3o |\u00a0Assessoria de Comunica\u00e7\u00e3o Social do Seconci-DF\u00a0| O Servi\u00e7o Social da Ind\u00fastria da Constru\u00e7\u00e3o Civil do Distrito Federal (Seconci-DF) e a Associa\u00e7\u00e3o de Seconcis (Seconci Brasil) promovem o Encontro Nacional de Seconcis (ENSE) nos dias 26 e 27 de setembro de 2019, na [&hellip;]\" \/>\n<meta property=\"og:url\" content=\"https:\/\/seconci.com.br\/site\/2019\/09\/02\/brasilia-recebe-encontro-de-seconcis\/\" \/>\n<meta property=\"og:site_name\" content=\"Seconci Brasil\" \/>\n<meta property=\"article:published_time\" content=\"2019-09-02T14:00:22+00:00\" \/>\n<meta property=\"og:image\" content=\"https:\/\/seconci.com.br\/site\/wp-content\/uploads\/2019\/09\/WhatsApp-Image-2019-08-08-at-16.17.32.jpeg\" \/>\n\t<meta property=\"og:image:width\" content=\"689\" \/>\n\t<meta property=\"og:image:height\" content=\"282\" \/>\n\t<meta property=\"og:image:type\" content=\"image\/jpeg\" \/>\n<meta name=\"author\" content=\"Sidney Rocha\" \/>\n<meta name=\"twitter:card\" content=\"summary_large_image\" \/>\n<meta name=\"twitter:label1\" content=\"Escrito por\" \/>\n\t<meta name=\"twitter:data1\" content=\"Sidney Rocha\" \/>\n\t<meta name=\"twitter:label2\" content=\"Tempo estimado de leitura\" \/>\n\t<meta name=\"twitter:data2\" content=\"3 minutos\" \/>\n<script type=\"application\/ld+json\" class=\"yoast-schema-graph\">{\"@context\":\"https:\/\/schema.org\",\"@graph\":[{\"@type\":\"Article\",\"@id\":\"https:\/\/seconci.com.br\/site\/2019\/09\/02\/brasilia-recebe-encontro-de-seconcis\/#article\",\"isPartOf\":{\"@id\":\"https:\/\/seconci.com.br\/site\/2019\/09\/02\/brasilia-recebe-encontro-de-seconcis\/\"},\"author\":{\"name\":\"Sidney Rocha\",\"@id\":\"https:\/\/seconci.com.br\/site\/#\/schema\/person\/1d79afd97ddc8f2c68c1e88e298aa8e2\"},\"headline\":\"Bras\u00edlia recebe Encontro de Seconci\u2019s\",\"datePublished\":\"2019-09-02T14:00:22+00:00\",\"mainEntityOfPage\":{\"@id\":\"https:\/\/seconci.com.br\/site\/2019\/09\/02\/brasilia-recebe-encontro-de-seconcis\/\"},\"wordCount\":560,\"publisher\":{\"@id\":\"https:\/\/seconci.com.br\/site\/#organization\"},\"image\":{\"@id\":\"https:\/\/seconci.com.br\/site\/2019\/09\/02\/brasilia-recebe-encontro-de-seconcis\/#primaryimage\"},\"thumbnailUrl\":\"https:\/\/seconci.com.br\/site\/wp-content\/uploads\/2019\/09\/WhatsApp-Image-2019-08-08-at-16.17.32.jpeg\",\"articleSection\":[\"Seconci Distrito Federal\"],\"inLanguage\":\"pt-PT\"},{\"@type\":\"WebPage\",\"@id\":\"https:\/\/seconci.com.br\/site\/2019\/09\/02\/brasilia-recebe-encontro-de-seconcis\/\",\"url\":\"https:\/\/seconci.com.br\/site\/2019\/09\/02\/brasilia-recebe-encontro-de-seconcis\/\",\"name\":\"Bras\u00edlia recebe Encontro de Seconci\u2019s - Seconci Brasil\",\"isPartOf\":{\"@id\":\"https:\/\/seconci.com.br\/site\/#website\"},\"primaryImageOfPage\":{\"@id\":\"https:\/\/seconci.com.br\/site\/2019\/09\/02\/brasilia-recebe-encontro-de-seconcis\/#primaryimage\"},\"image\":{\"@id\":\"https:\/\/seconci.com.br\/site\/2019\/09\/02\/brasilia-recebe-encontro-de-seconcis\/#primaryimage\"},\"thumbnailUrl\":\"https:\/\/seconci.com.br\/site\/wp-content\/uploads\/2019\/09\/WhatsApp-Image-2019-08-08-at-16.17.32.jpeg\",\"datePublished\":\"2019-09-02T14:00:22+00:00\",\"breadcrumb\":{\"@id\":\"https:\/\/seconci.com.br\/site\/2019\/09\/02\/brasilia-recebe-encontro-de-seconcis\/#breadcrumb\"},\"inLanguage\":\"pt-PT\",\"potentialAction\":[{\"@type\":\"ReadAction\",\"target\":[\"https:\/\/seconci.com.br\/site\/2019\/09\/02\/brasilia-recebe-encontro-de-seconcis\/\"]}]},{\"@type\":\"ImageObject\",\"inLanguage\":\"pt-PT\",\"@id\":\"https:\/\/seconci.com.br\/site\/2019\/09\/02\/brasilia-recebe-encontro-de-seconcis\/#primaryimage\",\"url\":\"https:\/\/seconci.com.br\/site\/wp-content\/uploads\/2019\/09\/WhatsApp-Image-2019-08-08-at-16.17.32.jpeg\",\"contentUrl\":\"https:\/\/seconci.com.br\/site\/wp-content\/uploads\/2019\/09\/WhatsApp-Image-2019-08-08-at-16.17.32.jpeg\",\"width\":689,\"height\":282},{\"@type\":\"BreadcrumbList\",\"@id\":\"https:\/\/seconci.com.br\/site\/2019\/09\/02\/brasilia-recebe-encontro-de-seconcis\/#breadcrumb\",\"itemListElement\":[{\"@type\":\"ListItem\",\"position\":1,\"name\":\"In\u00edcio\",\"item\":\"https:\/\/seconci.com.br\/site\/\"},{\"@type\":\"ListItem\",\"position\":2,\"name\":\"Bras\u00edlia recebe Encontro de Seconci\u2019s\"}]},{\"@type\":\"WebSite\",\"@id\":\"https:\/\/seconci.com.br\/site\/#website\",\"url\":\"https:\/\/seconci.com.br\/site\/\",\"name\":\"Seconci Brasil\",\"description\":\"\",\"publisher\":{\"@id\":\"https:\/\/seconci.com.br\/site\/#organization\"},\"potentialAction\":[{\"@type\":\"SearchAction\",\"target\":{\"@type\":\"EntryPoint\",\"urlTemplate\":\"https:\/\/seconci.com.br\/site\/?s={search_term_string}\"},\"query-input\":{\"@type\":\"PropertyValueSpecification\",\"valueRequired\":true,\"valueName\":\"search_term_string\"}}],\"inLanguage\":\"pt-PT\"},{\"@type\":\"Organization\",\"@id\":\"https:\/\/seconci.com.br\/site\/#organization\",\"name\":\"Seconci Brasil\",\"url\":\"https:\/\/seconci.com.br\/site\/\",\"logo\":{\"@type\":\"ImageObject\",\"inLanguage\":\"pt-PT\",\"@id\":\"https:\/\/seconci.com.br\/site\/#\/schema\/logo\/image\/\",\"url\":\"https:\/\/seconci.com.br\/site\/wp-content\/uploads\/2024\/08\/Logo-Seconci-Brasil-branca-2.png\",\"contentUrl\":\"https:\/\/seconci.com.br\/site\/wp-content\/uploads\/2024\/08\/Logo-Seconci-Brasil-branca-2.png\",\"width\":1315,\"height\":598,\"caption\":\"Seconci Brasil\"},\"image\":{\"@id\":\"https:\/\/seconci.com.br\/site\/#\/schema\/logo\/image\/\"}},{\"@type\":\"Person\",\"@id\":\"https:\/\/seconci.com.br\/site\/#\/schema\/person\/1d79afd97ddc8f2c68c1e88e298aa8e2\",\"name\":\"Sidney Rocha\",\"description\":\"Comunicador e estagi\u00e1rio do Seconci Brasil.\",\"url\":\"https:\/\/seconci.com.br\/site\/author\/sidney-rocha\/\"}]}<\/script>\n<!-- \/ Yoast SEO plugin. -->","yoast_head_json":{"title":"Bras\u00edlia recebe Encontro de Seconci\u2019s - Seconci Brasil","robots":{"index":"index","follow":"follow","max-snippet":"max-snippet:-1","max-image-preview":"max-image-preview:large","max-video-preview":"max-video-preview:-1"},"canonical":"https:\/\/seconci.com.br\/site\/2019\/09\/02\/brasilia-recebe-encontro-de-seconcis\/","og_locale":"pt_PT","og_type":"article","og_title":"Bras\u00edlia recebe Encontro de Seconci\u2019s - Seconci Brasil","og_description":"Evento anual re\u00fane entidades do setor que atuam em diversos estados da Federa\u00e7\u00e3o |\u00a0Assessoria de Comunica\u00e7\u00e3o Social do Seconci-DF\u00a0| O Servi\u00e7o Social da Ind\u00fastria da Constru\u00e7\u00e3o Civil do Distrito Federal (Seconci-DF) e a Associa\u00e7\u00e3o de Seconcis (Seconci Brasil) promovem o Encontro Nacional de Seconcis (ENSE) nos dias 26 e 27 de setembro de 2019, na [&hellip;]","og_url":"https:\/\/seconci.com.br\/site\/2019\/09\/02\/brasilia-recebe-encontro-de-seconcis\/","og_site_name":"Seconci Brasil","article_published_time":"2019-09-02T14:00:22+00:00","og_image":[{"width":689,"height":282,"url":"https:\/\/seconci.com.br\/site\/wp-content\/uploads\/2019\/09\/WhatsApp-Image-2019-08-08-at-16.17.32.jpeg","type":"image\/jpeg"}],"author":"Sidney Rocha","twitter_card":"summary_large_image","twitter_misc":{"Escrito por":"Sidney Rocha","Tempo estimado de leitura":"3 minutos"},"schema":{"@context":"https:\/\/schema.org","@graph":[{"@type":"Article","@id":"https:\/\/seconci.com.br\/site\/2019\/09\/02\/brasilia-recebe-encontro-de-seconcis\/#article","isPartOf":{"@id":"https:\/\/seconci.com.br\/site\/2019\/09\/02\/brasilia-recebe-encontro-de-seconcis\/"},"author":{"name":"Sidney Rocha","@id":"https:\/\/seconci.com.br\/site\/#\/schema\/person\/1d79afd97ddc8f2c68c1e88e298aa8e2"},"headline":"Bras\u00edlia recebe Encontro de Seconci\u2019s","datePublished":"2019-09-02T14:00:22+00:00","mainEntityOfPage":{"@id":"https:\/\/seconci.com.br\/site\/2019\/09\/02\/brasilia-recebe-encontro-de-seconcis\/"},"wordCount":560,"publisher":{"@id":"https:\/\/seconci.com.br\/site\/#organization"},"image":{"@id":"https:\/\/seconci.com.br\/site\/2019\/09\/02\/brasilia-recebe-encontro-de-seconcis\/#primaryimage"},"thumbnailUrl":"https:\/\/seconci.com.br\/site\/wp-content\/uploads\/2019\/09\/WhatsApp-Image-2019-08-08-at-16.17.32.jpeg","articleSection":["Seconci Distrito Federal"],"inLanguage":"pt-PT"},{"@type":"WebPage","@id":"https:\/\/seconci.com.br\/site\/2019\/09\/02\/brasilia-recebe-encontro-de-seconcis\/","url":"https:\/\/seconci.com.br\/site\/2019\/09\/02\/brasilia-recebe-encontro-de-seconcis\/","name":"Bras\u00edlia recebe Encontro de Seconci\u2019s - Seconci Brasil","isPartOf":{"@id":"https:\/\/seconci.com.br\/site\/#website"},"primaryImageOfPage":{"@id":"https:\/\/seconci.com.br\/site\/2019\/09\/02\/brasilia-recebe-encontro-de-seconcis\/#primaryimage"},"image":{"@id":"https:\/\/seconci.com.br\/site\/2019\/09\/02\/brasilia-recebe-encontro-de-seconcis\/#primaryimage"},"thumbnailUrl":"https:\/\/seconci.com.br\/site\/wp-content\/uploads\/2019\/09\/WhatsApp-Image-2019-08-08-at-16.17.32.jpeg","datePublished":"2019-09-02T14:00:22+00:00","breadcrumb":{"@id":"https:\/\/seconci.com.br\/site\/2019\/09\/02\/brasilia-recebe-encontro-de-seconcis\/#breadcrumb"},"inLanguage":"pt-PT","potentialAction":[{"@type":"ReadAction","target":["https:\/\/seconci.com.br\/site\/2019\/09\/02\/brasilia-recebe-encontro-de-seconcis\/"]}]},{"@type":"ImageObject","inLanguage":"pt-PT","@id":"https:\/\/seconci.com.br\/site\/2019\/09\/02\/brasilia-recebe-encontro-de-seconcis\/#primaryimage","url":"https:\/\/seconci.com.br\/site\/wp-content\/uploads\/2019\/09\/WhatsApp-Image-2019-08-08-at-16.17.32.jpeg","contentUrl":"https:\/\/seconci.com.br\/site\/wp-content\/uploads\/2019\/09\/WhatsApp-Image-2019-08-08-at-16.17.32.jpeg","width":689,"height":282},{"@type":"BreadcrumbList","@id":"https:\/\/seconci.com.br\/site\/2019\/09\/02\/brasilia-recebe-encontro-de-seconcis\/#breadcrumb","itemListElement":[{"@type":"ListItem","position":1,"name":"In\u00edcio","item":"https:\/\/seconci.com.br\/site\/"},{"@type":"ListItem","position":2,"name":"Bras\u00edlia recebe Encontro de Seconci\u2019s"}]},{"@type":"WebSite","@id":"https:\/\/seconci.com.br\/site\/#website","url":"https:\/\/seconci.com.br\/site\/","name":"Seconci Brasil","description":"","publisher":{"@id":"https:\/\/seconci.com.br\/site\/#organization"},"potentialAction":[{"@type":"SearchAction","target":{"@type":"EntryPoint","urlTemplate":"https:\/\/seconci.com.br\/site\/?s={search_term_string}"},"query-input":{"@type":"PropertyValueSpecification","valueRequired":true,"valueName":"search_term_string"}}],"inLanguage":"pt-PT"},{"@type":"Organization","@id":"https:\/\/seconci.com.br\/site\/#organization","name":"Seconci Brasil","url":"https:\/\/seconci.com.br\/site\/","logo":{"@type":"ImageObject","inLanguage":"pt-PT","@id":"https:\/\/seconci.com.br\/site\/#\/schema\/logo\/image\/","url":"https:\/\/seconci.com.br\/site\/wp-content\/uploads\/2024\/08\/Logo-Seconci-Brasil-branca-2.png","contentUrl":"https:\/\/seconci.com.br\/site\/wp-content\/uploads\/2024\/08\/Logo-Seconci-Brasil-branca-2.png","width":1315,"height":598,"caption":"Seconci Brasil"},"image":{"@id":"https:\/\/seconci.com.br\/site\/#\/schema\/logo\/image\/"}},{"@type":"Person","@id":"https:\/\/seconci.com.br\/site\/#\/schema\/person\/1d79afd97ddc8f2c68c1e88e298aa8e2","name":"Sidney Rocha","description":"Comunicador e estagi\u00e1rio do Seconci Brasil.","url":"https:\/\/seconci.com.br\/site\/author\/sidney-rocha\/"}]}},"_links":{"self":[{"href":"https:\/\/seconci.com.br\/site\/wp-json\/wp\/v2\/posts\/8677","targetHints":{"allow":["GET"]}}],"collection":[{"href":"https:\/\/seconci.com.br\/site\/wp-json\/wp\/v2\/posts"}],"about":[{"href":"https:\/\/seconci.com.br\/site\/wp-json\/wp\/v2\/types\/post"}],"author":[{"embeddable":true,"href":"https:\/\/seconci.com.br\/site\/wp-json\/wp\/v2\/users\/3"}],"replies":[{"embeddable":true,"href":"https:\/\/seconci.com.br\/site\/wp-json\/wp\/v2\/comments?post=8677"}],"version-history":[{"count":0,"href":"https:\/\/seconci.com.br\/site\/wp-json\/wp\/v2\/posts\/8677\/revisions"}],"wp:featuredmedia":[{"embeddable":true,"href":"https:\/\/seconci.com.br\/site\/wp-json\/wp\/v2\/media\/8678"}],"wp:attachment":[{"href":"https:\/\/seconci.com.br\/site\/wp-json\/wp\/v2\/media?parent=8677"}],"wp:term":[{"taxonomy":"category","embeddable":true,"href":"https:\/\/seconci.com.br\/site\/wp-json\/wp\/v2\/categories?post=8677"},{"taxonomy":"post_tag","embeddable":true,"href":"https:\/\/seconci.com.br\/site\/wp-json\/wp\/v2\/tags?post=8677"}],"curies":[{"name":"wp","href":"https:\/\/api.w.org\/{rel}","templated":true}]}}