{"id":8681,"date":"2019-09-04T14:00:54","date_gmt":"2019-09-04T14:00:54","guid":{"rendered":"https:\/\/seconci.com.br\/site\/?p=8681"},"modified":"2019-09-04T14:00:54","modified_gmt":"2019-09-04T14:00:54","slug":"inscricao-para-o-premio-de-responsabilidade-social-termina-no-dia-12","status":"publish","type":"post","link":"https:\/\/seconci.com.br\/site\/2019\/09\/04\/inscricao-para-o-premio-de-responsabilidade-social-termina-no-dia-12\/","title":{"rendered":"Inscri\u00e7\u00e3o para o Pr\u00eamio de Responsabilidade Social termina no dia 12"},"content":{"rendered":"<p style=\"text-align: justify;\">|<em><strong> Ag\u00eancia Cbic<\/strong><\/em> |<\/p>\n<p style=\"text-align: justify;\">Sua empresa, entidade ou Servi\u00e7o Social da Ind\u00fastria (Seconci) desenvolve projeto de responsabilidade social ou se destaca em pr\u00e1ticas trabalhistas proativas? Em caso positivo, \u00e9 hora dele ganhar proje\u00e7\u00e3o nacional e mostrar para Pa\u00eds a import\u00e2ncia da Ind\u00fastria da Constru\u00e7\u00e3o. Se voc\u00ea tem um projeto de responsabilidade social ou se destaca em pr\u00e1ticas trabalhistas, participe. Sua empresa merece esse reconhecimento. Inscri\u00e7\u00f5es at\u00e9 12 de setembro pelo site\u00a0<a href=\"http:\/\/www.cbic.org.br\/premioresponsabilidadesocial\">www.cbic.org.br\/premioresponsabilidadesocial<\/a>.<\/p>\n<p style=\"text-align: justify;\">Com mais de 10 anos de hist\u00f3ria, a premia\u00e7\u00e3o segue as diretrizes da ISO 26000, segundo a qual a responsabilidade social se expressa pelo desejo e pelo prop\u00f3sito das organiza\u00e7\u00f5es em incorporarem considera\u00e7\u00f5es socioambientais em seus processos decis\u00f3rios e a responsabilizar-se pelos impactos de suas decis\u00f5es e atividades na sociedade e no meio ambiente.<\/p>\n<p style=\"text-align: justify;\">Realizado pela Comiss\u00e3o de Responsabilidade Social (CRS) da C\u00e2mara Brasileira da Ind\u00fastria da Constru\u00e7\u00e3o (CBIC), com a correaliza\u00e7\u00e3o do Sesi Nacional, podem concorrer \u00e0 premia\u00e7\u00e3o entidades e empresas construtoras ou do mercado imobili\u00e1rio associadas \u00e0 CBIC e sediadas no Brasil, que estejam desenvolvendo a\u00e7\u00f5es, projetos ou programas de responsabilidade social.<\/p>\n<p style=\"text-align: justify;\">Os agraciados nas Categorias<strong>\u00a0Empresa<\/strong>,\u00a0<strong>Entidade<\/strong>,\u00a0<strong>Seconci<\/strong>\u00a0e\u00a0<strong>Seconci Reconhecimento social<\/strong>\u00a0receber\u00e3o trof\u00e9u, certificado e premia\u00e7\u00e3o em dinheiro no valor de R$ 15 mil.<\/p>\n<p style=\"text-align: justify;\">J\u00e1 o vencedor da Categoria Especial \u2013<strong>\u00a0Medalha de Pr\u00e1ticas Proativas<\/strong>\u00a0receber\u00e1 medalha, certificado e premia\u00e7\u00e3o em dinheiro no valor de R$ 5 mil. Os recursos dever\u00e3o ser destinados exclusivamente para o desenvolvimento dos projetos\/ pr\u00e1ticas premiadas.<\/p>\n<p style=\"text-align: justify;\">Os concorrentes ter\u00e3o a oportunidade de apresentar projetos de Responsabilidade Social em seis diferentes temas, a saber:<\/p>\n<ul style=\"text-align: justify;\">\n<li>Direitos humanos<\/li>\n<li>Pr\u00e1ticas Trabalhistas<\/li>\n<li>Meio Ambiente<\/li>\n<li>Pr\u00e1ticas Leais de Opera\u00e7\u00e3o<\/li>\n<li>Quest\u00f5es relativas a consumidores<\/li>\n<li>Envolvimento e desenvolvimento comunit\u00e1rio<\/li>\n<\/ul>\n<p style=\"text-align: justify;\">\n<p style=\"text-align: justify;\">Veja mais sobre a premia\u00e7\u00e3o no\u00a0<a href=\"https:\/\/cbic.org.br\/premioresponsabilidadesocial\/\">site da CBIC<\/a>.<\/p>\n<p>Para auxiliar empresas e institui\u00e7\u00f5es que unem performance e prop\u00f3sito, a CRS\/CBIC preparou o v\u00eddeo abaixo sobre o funcionamento da premia\u00e7\u00e3o. Assista!<\/p>\n<p><iframe title=\"Tutorial: Pr\u00eamio CBIC de Responsabilidade Social 2019\" width=\"800\" height=\"450\" src=\"https:\/\/www.youtube.com\/embed\/Kp_4lZ8QMbE?feature=oembed\" frameborder=\"0\" allow=\"accelerometer; autoplay; clipboard-write; encrypted-media; gyroscope; picture-in-picture; web-share\" referrerpolicy=\"strict-origin-when-cross-origin\" allowfullscreen><\/iframe><\/p>\n","protected":false},"excerpt":{"rendered":"<p>| Ag\u00eancia Cbic | Sua empresa, entidade ou Servi\u00e7o Social da Ind\u00fastria (Seconci) desenvolve projeto de responsabilidade social ou se destaca em pr\u00e1ticas trabalhistas proativas? Em caso positivo, \u00e9 hora dele ganhar proje\u00e7\u00e3o nacional e mostrar para Pa\u00eds a import\u00e2ncia da Ind\u00fastria da Constru\u00e7\u00e3o. Se voc\u00ea tem um projeto de responsabilidade social ou se destaca [&hellip;]<\/p>\n","protected":false},"author":3,"featured_media":8682,"comment_status":"closed","ping_status":"closed","sticky":false,"template":"","format":"standard","meta":{"footnotes":""},"categories":[92],"tags":[],"class_list":["post-8681","post","type-post","status-publish","format-standard","has-post-thumbnail","hentry","category-seconci-brasil"],"yoast_head":"<!-- This site is optimized with the Yoast SEO plugin v26.9 - https:\/\/yoast.com\/product\/yoast-seo-wordpress\/ -->\n<title>Inscri\u00e7\u00e3o para o Pr\u00eamio de Responsabilidade Social termina no dia 12 - Seconci Brasil<\/title>\n<meta name=\"robots\" content=\"index, follow, max-snippet:-1, max-image-preview:large, max-video-preview:-1\" \/>\n<link rel=\"canonical\" href=\"https:\/\/seconci.com.br\/site\/2019\/09\/04\/inscricao-para-o-premio-de-responsabilidade-social-termina-no-dia-12\/\" \/>\n<meta property=\"og:locale\" content=\"pt_PT\" \/>\n<meta property=\"og:type\" content=\"article\" \/>\n<meta property=\"og:title\" content=\"Inscri\u00e7\u00e3o para o Pr\u00eamio de Responsabilidade Social termina no dia 12 - Seconci Brasil\" \/>\n<meta property=\"og:description\" content=\"| Ag\u00eancia Cbic | Sua empresa, entidade ou Servi\u00e7o Social da Ind\u00fastria (Seconci) desenvolve projeto de responsabilidade social ou se destaca em pr\u00e1ticas trabalhistas proativas? Em caso positivo, \u00e9 hora dele ganhar proje\u00e7\u00e3o nacional e mostrar para Pa\u00eds a import\u00e2ncia da Ind\u00fastria da Constru\u00e7\u00e3o. Se voc\u00ea tem um projeto de responsabilidade social ou se destaca [&hellip;]\" \/>\n<meta property=\"og:url\" content=\"https:\/\/seconci.com.br\/site\/2019\/09\/04\/inscricao-para-o-premio-de-responsabilidade-social-termina-no-dia-12\/\" \/>\n<meta property=\"og:site_name\" content=\"Seconci Brasil\" \/>\n<meta property=\"article:published_time\" content=\"2019-09-04T14:00:54+00:00\" \/>\n<meta property=\"og:image\" content=\"https:\/\/seconci.com.br\/site\/wp-content\/uploads\/2019\/09\/19-09-CBIC-Premio-CBIC-de-Responsabilidade-Social-2019-WhatsApp-CBIC-576x1024.jpg\" \/>\n\t<meta property=\"og:image:width\" content=\"576\" \/>\n\t<meta property=\"og:image:height\" content=\"1024\" \/>\n\t<meta property=\"og:image:type\" content=\"image\/jpeg\" \/>\n<meta name=\"author\" content=\"Sidney Rocha\" \/>\n<meta name=\"twitter:card\" content=\"summary_large_image\" \/>\n<meta name=\"twitter:label1\" content=\"Escrito por\" \/>\n\t<meta name=\"twitter:data1\" content=\"Sidney Rocha\" \/>\n\t<meta name=\"twitter:label2\" content=\"Tempo estimado de leitura\" \/>\n\t<meta name=\"twitter:data2\" content=\"2 minutos\" \/>\n<script type=\"application\/ld+json\" class=\"yoast-schema-graph\">{\"@context\":\"https:\/\/schema.org\",\"@graph\":[{\"@type\":\"Article\",\"@id\":\"https:\/\/seconci.com.br\/site\/2019\/09\/04\/inscricao-para-o-premio-de-responsabilidade-social-termina-no-dia-12\/#article\",\"isPartOf\":{\"@id\":\"https:\/\/seconci.com.br\/site\/2019\/09\/04\/inscricao-para-o-premio-de-responsabilidade-social-termina-no-dia-12\/\"},\"author\":{\"name\":\"Sidney Rocha\",\"@id\":\"https:\/\/seconci.com.br\/site\/#\/schema\/person\/1d79afd97ddc8f2c68c1e88e298aa8e2\"},\"headline\":\"Inscri\u00e7\u00e3o para o Pr\u00eamio de Responsabilidade Social termina no dia 12\",\"datePublished\":\"2019-09-04T14:00:54+00:00\",\"mainEntityOfPage\":{\"@id\":\"https:\/\/seconci.com.br\/site\/2019\/09\/04\/inscricao-para-o-premio-de-responsabilidade-social-termina-no-dia-12\/\"},\"wordCount\":364,\"publisher\":{\"@id\":\"https:\/\/seconci.com.br\/site\/#organization\"},\"image\":{\"@id\":\"https:\/\/seconci.com.br\/site\/2019\/09\/04\/inscricao-para-o-premio-de-responsabilidade-social-termina-no-dia-12\/#primaryimage\"},\"thumbnailUrl\":\"https:\/\/seconci.com.br\/site\/wp-content\/uploads\/2019\/09\/19-09-CBIC-Premio-CBIC-de-Responsabilidade-Social-2019-WhatsApp-CBIC.jpg\",\"articleSection\":[\"Seconci Brasil\"],\"inLanguage\":\"pt-PT\"},{\"@type\":\"WebPage\",\"@id\":\"https:\/\/seconci.com.br\/site\/2019\/09\/04\/inscricao-para-o-premio-de-responsabilidade-social-termina-no-dia-12\/\",\"url\":\"https:\/\/seconci.com.br\/site\/2019\/09\/04\/inscricao-para-o-premio-de-responsabilidade-social-termina-no-dia-12\/\",\"name\":\"Inscri\u00e7\u00e3o para o Pr\u00eamio de Responsabilidade Social termina no dia 12 - Seconci Brasil\",\"isPartOf\":{\"@id\":\"https:\/\/seconci.com.br\/site\/#website\"},\"primaryImageOfPage\":{\"@id\":\"https:\/\/seconci.com.br\/site\/2019\/09\/04\/inscricao-para-o-premio-de-responsabilidade-social-termina-no-dia-12\/#primaryimage\"},\"image\":{\"@id\":\"https:\/\/seconci.com.br\/site\/2019\/09\/04\/inscricao-para-o-premio-de-responsabilidade-social-termina-no-dia-12\/#primaryimage\"},\"thumbnailUrl\":\"https:\/\/seconci.com.br\/site\/wp-content\/uploads\/2019\/09\/19-09-CBIC-Premio-CBIC-de-Responsabilidade-Social-2019-WhatsApp-CBIC.jpg\",\"datePublished\":\"2019-09-04T14:00:54+00:00\",\"breadcrumb\":{\"@id\":\"https:\/\/seconci.com.br\/site\/2019\/09\/04\/inscricao-para-o-premio-de-responsabilidade-social-termina-no-dia-12\/#breadcrumb\"},\"inLanguage\":\"pt-PT\",\"potentialAction\":[{\"@type\":\"ReadAction\",\"target\":[\"https:\/\/seconci.com.br\/site\/2019\/09\/04\/inscricao-para-o-premio-de-responsabilidade-social-termina-no-dia-12\/\"]}]},{\"@type\":\"ImageObject\",\"inLanguage\":\"pt-PT\",\"@id\":\"https:\/\/seconci.com.br\/site\/2019\/09\/04\/inscricao-para-o-premio-de-responsabilidade-social-termina-no-dia-12\/#primaryimage\",\"url\":\"https:\/\/seconci.com.br\/site\/wp-content\/uploads\/2019\/09\/19-09-CBIC-Premio-CBIC-de-Responsabilidade-Social-2019-WhatsApp-CBIC.jpg\",\"contentUrl\":\"https:\/\/seconci.com.br\/site\/wp-content\/uploads\/2019\/09\/19-09-CBIC-Premio-CBIC-de-Responsabilidade-Social-2019-WhatsApp-CBIC.jpg\",\"width\":4500,\"height\":8000},{\"@type\":\"BreadcrumbList\",\"@id\":\"https:\/\/seconci.com.br\/site\/2019\/09\/04\/inscricao-para-o-premio-de-responsabilidade-social-termina-no-dia-12\/#breadcrumb\",\"itemListElement\":[{\"@type\":\"ListItem\",\"position\":1,\"name\":\"In\u00edcio\",\"item\":\"https:\/\/seconci.com.br\/site\/\"},{\"@type\":\"ListItem\",\"position\":2,\"name\":\"Inscri\u00e7\u00e3o para o Pr\u00eamio de Responsabilidade Social termina no dia 12\"}]},{\"@type\":\"WebSite\",\"@id\":\"https:\/\/seconci.com.br\/site\/#website\",\"url\":\"https:\/\/seconci.com.br\/site\/\",\"name\":\"Seconci Brasil\",\"description\":\"\",\"publisher\":{\"@id\":\"https:\/\/seconci.com.br\/site\/#organization\"},\"potentialAction\":[{\"@type\":\"SearchAction\",\"target\":{\"@type\":\"EntryPoint\",\"urlTemplate\":\"https:\/\/seconci.com.br\/site\/?s={search_term_string}\"},\"query-input\":{\"@type\":\"PropertyValueSpecification\",\"valueRequired\":true,\"valueName\":\"search_term_string\"}}],\"inLanguage\":\"pt-PT\"},{\"@type\":\"Organization\",\"@id\":\"https:\/\/seconci.com.br\/site\/#organization\",\"name\":\"Seconci Brasil\",\"url\":\"https:\/\/seconci.com.br\/site\/\",\"logo\":{\"@type\":\"ImageObject\",\"inLanguage\":\"pt-PT\",\"@id\":\"https:\/\/seconci.com.br\/site\/#\/schema\/logo\/image\/\",\"url\":\"https:\/\/seconci.com.br\/site\/wp-content\/uploads\/2024\/08\/Logo-Seconci-Brasil-branca-2.png\",\"contentUrl\":\"https:\/\/seconci.com.br\/site\/wp-content\/uploads\/2024\/08\/Logo-Seconci-Brasil-branca-2.png\",\"width\":1315,\"height\":598,\"caption\":\"Seconci Brasil\"},\"image\":{\"@id\":\"https:\/\/seconci.com.br\/site\/#\/schema\/logo\/image\/\"}},{\"@type\":\"Person\",\"@id\":\"https:\/\/seconci.com.br\/site\/#\/schema\/person\/1d79afd97ddc8f2c68c1e88e298aa8e2\",\"name\":\"Sidney Rocha\",\"description\":\"Comunicador e estagi\u00e1rio do Seconci Brasil.\",\"url\":\"https:\/\/seconci.com.br\/site\/author\/sidney-rocha\/\"}]}<\/script>\n<!-- \/ Yoast SEO plugin. -->","yoast_head_json":{"title":"Inscri\u00e7\u00e3o para o Pr\u00eamio de Responsabilidade Social termina no dia 12 - Seconci Brasil","robots":{"index":"index","follow":"follow","max-snippet":"max-snippet:-1","max-image-preview":"max-image-preview:large","max-video-preview":"max-video-preview:-1"},"canonical":"https:\/\/seconci.com.br\/site\/2019\/09\/04\/inscricao-para-o-premio-de-responsabilidade-social-termina-no-dia-12\/","og_locale":"pt_PT","og_type":"article","og_title":"Inscri\u00e7\u00e3o para o Pr\u00eamio de Responsabilidade Social termina no dia 12 - Seconci Brasil","og_description":"| Ag\u00eancia Cbic | Sua empresa, entidade ou Servi\u00e7o Social da Ind\u00fastria (Seconci) desenvolve projeto de responsabilidade social ou se destaca em pr\u00e1ticas trabalhistas proativas? Em caso positivo, \u00e9 hora dele ganhar proje\u00e7\u00e3o nacional e mostrar para Pa\u00eds a import\u00e2ncia da Ind\u00fastria da Constru\u00e7\u00e3o. Se voc\u00ea tem um projeto de responsabilidade social ou se destaca [&hellip;]","og_url":"https:\/\/seconci.com.br\/site\/2019\/09\/04\/inscricao-para-o-premio-de-responsabilidade-social-termina-no-dia-12\/","og_site_name":"Seconci Brasil","article_published_time":"2019-09-04T14:00:54+00:00","og_image":[{"width":576,"height":1024,"url":"https:\/\/seconci.com.br\/site\/wp-content\/uploads\/2019\/09\/19-09-CBIC-Premio-CBIC-de-Responsabilidade-Social-2019-WhatsApp-CBIC-576x1024.jpg","type":"image\/jpeg"}],"author":"Sidney Rocha","twitter_card":"summary_large_image","twitter_misc":{"Escrito por":"Sidney Rocha","Tempo estimado de leitura":"2 minutos"},"schema":{"@context":"https:\/\/schema.org","@graph":[{"@type":"Article","@id":"https:\/\/seconci.com.br\/site\/2019\/09\/04\/inscricao-para-o-premio-de-responsabilidade-social-termina-no-dia-12\/#article","isPartOf":{"@id":"https:\/\/seconci.com.br\/site\/2019\/09\/04\/inscricao-para-o-premio-de-responsabilidade-social-termina-no-dia-12\/"},"author":{"name":"Sidney Rocha","@id":"https:\/\/seconci.com.br\/site\/#\/schema\/person\/1d79afd97ddc8f2c68c1e88e298aa8e2"},"headline":"Inscri\u00e7\u00e3o para o Pr\u00eamio de Responsabilidade Social termina no dia 12","datePublished":"2019-09-04T14:00:54+00:00","mainEntityOfPage":{"@id":"https:\/\/seconci.com.br\/site\/2019\/09\/04\/inscricao-para-o-premio-de-responsabilidade-social-termina-no-dia-12\/"},"wordCount":364,"publisher":{"@id":"https:\/\/seconci.com.br\/site\/#organization"},"image":{"@id":"https:\/\/seconci.com.br\/site\/2019\/09\/04\/inscricao-para-o-premio-de-responsabilidade-social-termina-no-dia-12\/#primaryimage"},"thumbnailUrl":"https:\/\/seconci.com.br\/site\/wp-content\/uploads\/2019\/09\/19-09-CBIC-Premio-CBIC-de-Responsabilidade-Social-2019-WhatsApp-CBIC.jpg","articleSection":["Seconci Brasil"],"inLanguage":"pt-PT"},{"@type":"WebPage","@id":"https:\/\/seconci.com.br\/site\/2019\/09\/04\/inscricao-para-o-premio-de-responsabilidade-social-termina-no-dia-12\/","url":"https:\/\/seconci.com.br\/site\/2019\/09\/04\/inscricao-para-o-premio-de-responsabilidade-social-termina-no-dia-12\/","name":"Inscri\u00e7\u00e3o para o Pr\u00eamio de Responsabilidade Social termina no dia 12 - Seconci Brasil","isPartOf":{"@id":"https:\/\/seconci.com.br\/site\/#website"},"primaryImageOfPage":{"@id":"https:\/\/seconci.com.br\/site\/2019\/09\/04\/inscricao-para-o-premio-de-responsabilidade-social-termina-no-dia-12\/#primaryimage"},"image":{"@id":"https:\/\/seconci.com.br\/site\/2019\/09\/04\/inscricao-para-o-premio-de-responsabilidade-social-termina-no-dia-12\/#primaryimage"},"thumbnailUrl":"https:\/\/seconci.com.br\/site\/wp-content\/uploads\/2019\/09\/19-09-CBIC-Premio-CBIC-de-Responsabilidade-Social-2019-WhatsApp-CBIC.jpg","datePublished":"2019-09-04T14:00:54+00:00","breadcrumb":{"@id":"https:\/\/seconci.com.br\/site\/2019\/09\/04\/inscricao-para-o-premio-de-responsabilidade-social-termina-no-dia-12\/#breadcrumb"},"inLanguage":"pt-PT","potentialAction":[{"@type":"ReadAction","target":["https:\/\/seconci.com.br\/site\/2019\/09\/04\/inscricao-para-o-premio-de-responsabilidade-social-termina-no-dia-12\/"]}]},{"@type":"ImageObject","inLanguage":"pt-PT","@id":"https:\/\/seconci.com.br\/site\/2019\/09\/04\/inscricao-para-o-premio-de-responsabilidade-social-termina-no-dia-12\/#primaryimage","url":"https:\/\/seconci.com.br\/site\/wp-content\/uploads\/2019\/09\/19-09-CBIC-Premio-CBIC-de-Responsabilidade-Social-2019-WhatsApp-CBIC.jpg","contentUrl":"https:\/\/seconci.com.br\/site\/wp-content\/uploads\/2019\/09\/19-09-CBIC-Premio-CBIC-de-Responsabilidade-Social-2019-WhatsApp-CBIC.jpg","width":4500,"height":8000},{"@type":"BreadcrumbList","@id":"https:\/\/seconci.com.br\/site\/2019\/09\/04\/inscricao-para-o-premio-de-responsabilidade-social-termina-no-dia-12\/#breadcrumb","itemListElement":[{"@type":"ListItem","position":1,"name":"In\u00edcio","item":"https:\/\/seconci.com.br\/site\/"},{"@type":"ListItem","position":2,"name":"Inscri\u00e7\u00e3o para o Pr\u00eamio de Responsabilidade Social termina no dia 12"}]},{"@type":"WebSite","@id":"https:\/\/seconci.com.br\/site\/#website","url":"https:\/\/seconci.com.br\/site\/","name":"Seconci Brasil","description":"","publisher":{"@id":"https:\/\/seconci.com.br\/site\/#organization"},"potentialAction":[{"@type":"SearchAction","target":{"@type":"EntryPoint","urlTemplate":"https:\/\/seconci.com.br\/site\/?s={search_term_string}"},"query-input":{"@type":"PropertyValueSpecification","valueRequired":true,"valueName":"search_term_string"}}],"inLanguage":"pt-PT"},{"@type":"Organization","@id":"https:\/\/seconci.com.br\/site\/#organization","name":"Seconci Brasil","url":"https:\/\/seconci.com.br\/site\/","logo":{"@type":"ImageObject","inLanguage":"pt-PT","@id":"https:\/\/seconci.com.br\/site\/#\/schema\/logo\/image\/","url":"https:\/\/seconci.com.br\/site\/wp-content\/uploads\/2024\/08\/Logo-Seconci-Brasil-branca-2.png","contentUrl":"https:\/\/seconci.com.br\/site\/wp-content\/uploads\/2024\/08\/Logo-Seconci-Brasil-branca-2.png","width":1315,"height":598,"caption":"Seconci Brasil"},"image":{"@id":"https:\/\/seconci.com.br\/site\/#\/schema\/logo\/image\/"}},{"@type":"Person","@id":"https:\/\/seconci.com.br\/site\/#\/schema\/person\/1d79afd97ddc8f2c68c1e88e298aa8e2","name":"Sidney Rocha","description":"Comunicador e estagi\u00e1rio do Seconci Brasil.","url":"https:\/\/seconci.com.br\/site\/author\/sidney-rocha\/"}]}},"_links":{"self":[{"href":"https:\/\/seconci.com.br\/site\/wp-json\/wp\/v2\/posts\/8681","targetHints":{"allow":["GET"]}}],"collection":[{"href":"https:\/\/seconci.com.br\/site\/wp-json\/wp\/v2\/posts"}],"about":[{"href":"https:\/\/seconci.com.br\/site\/wp-json\/wp\/v2\/types\/post"}],"author":[{"embeddable":true,"href":"https:\/\/seconci.com.br\/site\/wp-json\/wp\/v2\/users\/3"}],"replies":[{"embeddable":true,"href":"https:\/\/seconci.com.br\/site\/wp-json\/wp\/v2\/comments?post=8681"}],"version-history":[{"count":0,"href":"https:\/\/seconci.com.br\/site\/wp-json\/wp\/v2\/posts\/8681\/revisions"}],"wp:featuredmedia":[{"embeddable":true,"href":"https:\/\/seconci.com.br\/site\/wp-json\/wp\/v2\/media\/8682"}],"wp:attachment":[{"href":"https:\/\/seconci.com.br\/site\/wp-json\/wp\/v2\/media?parent=8681"}],"wp:term":[{"taxonomy":"category","embeddable":true,"href":"https:\/\/seconci.com.br\/site\/wp-json\/wp\/v2\/categories?post=8681"},{"taxonomy":"post_tag","embeddable":true,"href":"https:\/\/seconci.com.br\/site\/wp-json\/wp\/v2\/tags?post=8681"}],"curies":[{"name":"wp","href":"https:\/\/api.w.org\/{rel}","templated":true}]}}