{"id":8687,"date":"2019-09-06T12:24:36","date_gmt":"2019-09-06T12:24:36","guid":{"rendered":"https:\/\/seconci.com.br\/site\/?p=8687"},"modified":"2019-09-06T16:09:32","modified_gmt":"2019-09-06T16:09:32","slug":"acoes-de-responsabilidade-social-em-pauta-na-cbic-2","status":"publish","type":"post","link":"https:\/\/seconci.com.br\/site\/2019\/09\/06\/acoes-de-responsabilidade-social-em-pauta-na-cbic-2\/","title":{"rendered":"A\u00e7\u00f5es de responsabilidade social em pauta na CBIC"},"content":{"rendered":"<p style=\"text-align: justify;\">Com a participa\u00e7\u00e3o de representantes dos Sindicatos da Constru\u00e7\u00e3o Civil (Sinduscons) do Paran\u00e1, S\u00e3o Paulo, Alagoas e Cear\u00e1, al\u00e9m dos Servi\u00e7os Sociais da Constru\u00e7\u00e3o Civil\u00a0(Seconcis) Brasil e Rio de Janeiro, a reuni\u00e3o da\u00a0<strong>Comiss\u00e3o de Responsabilidade Social (CRS) da C\u00e2mara Brasileira da Ind\u00fastria da Constru\u00e7\u00e3o (CBIC),\u00a0<\/strong>tratou de assuntos relacionados ao Dia Nacional da Constru\u00e7\u00e3o Social (DNCS) e ao Pr\u00eamio CBIC de Responsabilidade Social \u2013 projetos esses correalizados pelo Servi\u00e7o da Ind\u00fastria Nacional (Sesi), bem como do cronograma do plano de trabalho da comiss\u00e3o. A reuni\u00e3o foi realizada na sede do Seconci-SP, em S\u00e3o Paulo.<\/p>\n<p style=\"text-align: justify;\">Ana Cl\u00e1udia Gomes, vice-presidente de Responsabilidade Social da CBIC e presidente da CRS\/CBIC, iniciou a reuni\u00e3o relatando sobre sua participa\u00e7\u00e3o na Confer\u00eancia Ethos 2019, que ocorreu nos dias 3 e 4 de setembro, em S\u00e3o Paulo. O evento tinha como objetivo tratar das oportunidades que podem ser geradas com a transi\u00e7\u00e3o para modelos mais inclusivos e democr\u00e1ticos, com variadas formas de experimenta\u00e7\u00e3o da justi\u00e7a social e ambiental.<\/p>\n<p style=\"text-align: justify;\">\u201cPercebi que os temas mais abordados na ocasi\u00e3o foram \u00e9tica &amp; compliance, clima, redu\u00e7\u00e3o de desigualdade e cadeia produtiva. Ficou claro que a preocupa\u00e7\u00e3o com a transpar\u00eancia nas empresas est\u00e1 em evid\u00eancia e foi amplamente debatida em v\u00e1rias palestras\u201d, explicou Ana Cl\u00e1udia.<\/p>\n<p style=\"text-align: justify;\">J\u00e1 Denise Noleto, do Seconci Brasil, que tamb\u00e9m esteve presente na Confer\u00eancia Ethos, destacou o modelo de evento, participativo. \u201cEsse modelo amplia o olhar, traz novas ideias a partir do que os outros segmentos est\u00e3o fazendo. Os debates nos pain\u00e9is foram bastante ricos e produtivos e a troca de experi\u00eancia muito v\u00e1lida\u201d.<\/p>\n<p style=\"text-align: justify;\"><img fetchpriority=\"high\" decoding=\"async\" class=\"alignnone wp-image-40528 size-full\" src=\"https:\/\/cbic.org.br\/wp-content\/uploads\/2019\/09\/3.jpg\" sizes=\"(max-width: 1280px) 100vw, 1280px\" srcset=\"https:\/\/cbic.org.br\/wp-content\/uploads\/2019\/09\/3.jpg 1280w, https:\/\/cbic.org.br\/wp-content\/uploads\/2019\/09\/3-300x168.jpg 300w, https:\/\/cbic.org.br\/wp-content\/uploads\/2019\/09\/3-768x432.jpg 768w, https:\/\/cbic.org.br\/wp-content\/uploads\/2019\/09\/3-1024x576.jpg 1024w, https:\/\/cbic.org.br\/wp-content\/uploads\/2019\/09\/3-990x556.jpg 990w, https:\/\/cbic.org.br\/wp-content\/uploads\/2019\/09\/3-470x264.jpg 470w, https:\/\/cbic.org.br\/wp-content\/uploads\/2019\/09\/3-640x360.jpg 640w, https:\/\/cbic.org.br\/wp-content\/uploads\/2019\/09\/3-215x120.jpg 215w, https:\/\/cbic.org.br\/wp-content\/uploads\/2019\/09\/3-475x267.jpg 475w, https:\/\/cbic.org.br\/wp-content\/uploads\/2019\/09\/3-950x534.jpg 950w\" alt=\"\" width=\"1280\" height=\"720\" \/><\/p>\n<p style=\"text-align: justify;\">O Dia Nacional da Constru\u00e7\u00e3o Social, evento que ocorreu simultaneamente em 30 localidades do pa\u00eds no dia 17 de agosto, mereceu destaque na pauta. Participantes da reuni\u00e3o sugeriram mudan\u00e7as no formato do Dia Nacional da Constru\u00e7\u00e3o Social. Ana Cl\u00e1udia afirmou que as mudan\u00e7as s\u00e3o bem-vindas, mas a relev\u00e2ncia ainda \u00e9 grande.<\/p>\n<p style=\"text-align: justify;\">\u201cO evento pode ser menor, porque o mercado est\u00e1 menor, mas os n\u00fameros falam por si, foram mais de 170 mil atendimentos realizados em todo pa\u00eds\u201d. A presidente da comiss\u00e3o refor\u00e7ou ainda que o grupo deve eleger algumas estrat\u00e9gias que podem ser trabalhadas para a constru\u00e7\u00e3o de uma proposta, que ser\u00e1 apresentada ao Sesi. \u201cPrecisamos pensar em solu\u00e7\u00f5es para desenvolver a\u00e7\u00f5es que culminem no DNCS, por isso um cronograma que anteceda o dia deve ser avaliado\u201d.<\/p>\n<p style=\"text-align: justify;\">A gestora da CRS\/CBIC, Cl\u00e1udia Rodrigues,\u00a0refor\u00e7ou a linha de pensamento, destacando que o DNCS \u00e9 o maior evento da CBIC, em n\u00fameros de atendimentos. \u201cO formato pode ser revisto, mas os n\u00fameros n\u00e3o podem ser ignorados. A ideia de realizar v\u00e1rias a\u00e7\u00f5es durante o ano para culminar com o DNCS deve ser levada em considera\u00e7\u00e3o\u201d.<\/p>\n<p style=\"text-align: justify;\">Com diversas fases em andamento, o projeto de<strong>\u00a0<\/strong>\u00c9tica &amp;\u00a0<em>Compliance<\/em><strong>\u00a0<\/strong>na Constru\u00e7\u00e3o<strong>\u00a0<\/strong>tamb\u00e9m foi tema da reuni\u00e3o. O projeto que j\u00e1 capacitou e monitorou entidades associadas por meio de curso semi-presencial e semin\u00e1rios, agora chega a uma nova fase. Ainda este ano, ser\u00e1 lan\u00e7ado um curso em \u00e9tica e\u00a0<em>compliance<\/em>\u00a0elaborado para empresas do setor. O curso, em formato de Educa\u00e7\u00e3o a Dist\u00e2ncia \u2013 EAD ser\u00e1 disponibilizado para empresas associadas as entidades associadas a CBIC.<\/p>\n<p style=\"text-align: justify;\">J\u00e1 sobre o Pr\u00eamio CBIC de Responsabilidade Social \u2013 Edi\u00e7\u00e3o 2019, a presidente da CRS sugeriu que fosse refor\u00e7ada a divulga\u00e7\u00e3o sobre as inscri\u00e7\u00f5es, que se encerram no dia 12 de setembro. \u201cSolicitamos \u00e0 todas entidades associadas que fa\u00e7am a divulga\u00e7\u00e3o sobre o pr\u00eamio, que valoriza n\u00e3o apenas entidades, mas tamb\u00e9m empresas construtoras ou do mercado imobili\u00e1rio (associadas a entidades filiadas a CBIC), em rela\u00e7\u00e3o ao desenvolvendo a\u00e7\u00f5es, projetos ou programas de responsabilidade social\u201d. Ana Cl\u00e1udia destacou ainda a categoria especial \u201cPr\u00e1ticas Trabalhistas\u201d, que \u00e9 uma das novidades da edi\u00e7\u00e3o 2019 do Pr\u00eamio CBIC de Responsabilidade Social \u2013 Trof\u00e9u Paulo Safady Sim\u00e3o.<\/p>\n<p><em><strong>Fonte: Ag\u00eancia Cbic<\/strong><\/em><\/p>\n<p>&nbsp;<\/p>\n","protected":false},"excerpt":{"rendered":"<p>Com a participa\u00e7\u00e3o de representantes dos Sindicatos da Constru\u00e7\u00e3o Civil (Sinduscons) do Paran\u00e1, S\u00e3o Paulo, Alagoas e Cear\u00e1, al\u00e9m dos Servi\u00e7os Sociais da Constru\u00e7\u00e3o Civil\u00a0(Seconcis) Brasil e Rio de Janeiro, a reuni\u00e3o da\u00a0Comiss\u00e3o de Responsabilidade Social (CRS) da C\u00e2mara Brasileira da Ind\u00fastria da Constru\u00e7\u00e3o (CBIC),\u00a0tratou de assuntos relacionados ao Dia Nacional da Constru\u00e7\u00e3o Social (DNCS) [&hellip;]<\/p>\n","protected":false},"author":3,"featured_media":8688,"comment_status":"closed","ping_status":"closed","sticky":false,"template":"","format":"standard","meta":{"footnotes":""},"categories":[92],"tags":[],"class_list":["post-8687","post","type-post","status-publish","format-standard","has-post-thumbnail","hentry","category-seconci-brasil"],"yoast_head":"<!-- This site is optimized with the Yoast SEO plugin v26.9 - https:\/\/yoast.com\/product\/yoast-seo-wordpress\/ -->\n<title>A\u00e7\u00f5es de responsabilidade social em pauta na CBIC - Seconci Brasil<\/title>\n<meta name=\"robots\" content=\"index, follow, max-snippet:-1, max-image-preview:large, max-video-preview:-1\" \/>\n<link rel=\"canonical\" href=\"https:\/\/seconci.com.br\/site\/2019\/09\/06\/acoes-de-responsabilidade-social-em-pauta-na-cbic-2\/\" \/>\n<meta property=\"og:locale\" content=\"pt_PT\" \/>\n<meta property=\"og:type\" content=\"article\" \/>\n<meta property=\"og:title\" content=\"A\u00e7\u00f5es de responsabilidade social em pauta na CBIC - Seconci Brasil\" \/>\n<meta property=\"og:description\" content=\"Com a participa\u00e7\u00e3o de representantes dos Sindicatos da Constru\u00e7\u00e3o Civil (Sinduscons) do Paran\u00e1, S\u00e3o Paulo, Alagoas e Cear\u00e1, al\u00e9m dos Servi\u00e7os Sociais da Constru\u00e7\u00e3o Civil\u00a0(Seconcis) Brasil e Rio de Janeiro, a reuni\u00e3o da\u00a0Comiss\u00e3o de Responsabilidade Social (CRS) da C\u00e2mara Brasileira da Ind\u00fastria da Constru\u00e7\u00e3o (CBIC),\u00a0tratou de assuntos relacionados ao Dia Nacional da Constru\u00e7\u00e3o Social (DNCS) [&hellip;]\" \/>\n<meta property=\"og:url\" content=\"https:\/\/seconci.com.br\/site\/2019\/09\/06\/acoes-de-responsabilidade-social-em-pauta-na-cbic-2\/\" \/>\n<meta property=\"og:site_name\" content=\"Seconci Brasil\" \/>\n<meta property=\"article:published_time\" content=\"2019-09-06T12:24:36+00:00\" \/>\n<meta property=\"article:modified_time\" content=\"2019-09-06T16:09:32+00:00\" \/>\n<meta property=\"og:image\" content=\"https:\/\/seconci.com.br\/site\/wp-content\/uploads\/2019\/09\/acoes-sociais.jpg\" \/>\n\t<meta property=\"og:image:width\" content=\"1280\" \/>\n\t<meta property=\"og:image:height\" content=\"720\" \/>\n\t<meta property=\"og:image:type\" content=\"image\/jpeg\" \/>\n<meta name=\"author\" content=\"Sidney Rocha\" \/>\n<meta name=\"twitter:card\" content=\"summary_large_image\" \/>\n<meta name=\"twitter:label1\" content=\"Escrito por\" \/>\n\t<meta name=\"twitter:data1\" content=\"Sidney Rocha\" \/>\n\t<meta name=\"twitter:label2\" content=\"Tempo estimado de leitura\" \/>\n\t<meta name=\"twitter:data2\" content=\"3 minutos\" \/>\n<script type=\"application\/ld+json\" class=\"yoast-schema-graph\">{\"@context\":\"https:\/\/schema.org\",\"@graph\":[{\"@type\":\"Article\",\"@id\":\"https:\/\/seconci.com.br\/site\/2019\/09\/06\/acoes-de-responsabilidade-social-em-pauta-na-cbic-2\/#article\",\"isPartOf\":{\"@id\":\"https:\/\/seconci.com.br\/site\/2019\/09\/06\/acoes-de-responsabilidade-social-em-pauta-na-cbic-2\/\"},\"author\":{\"name\":\"Sidney Rocha\",\"@id\":\"https:\/\/seconci.com.br\/site\/#\/schema\/person\/1d79afd97ddc8f2c68c1e88e298aa8e2\"},\"headline\":\"A\u00e7\u00f5es de responsabilidade social em pauta na CBIC\",\"datePublished\":\"2019-09-06T12:24:36+00:00\",\"dateModified\":\"2019-09-06T16:09:32+00:00\",\"mainEntityOfPage\":{\"@id\":\"https:\/\/seconci.com.br\/site\/2019\/09\/06\/acoes-de-responsabilidade-social-em-pauta-na-cbic-2\/\"},\"wordCount\":708,\"publisher\":{\"@id\":\"https:\/\/seconci.com.br\/site\/#organization\"},\"image\":{\"@id\":\"https:\/\/seconci.com.br\/site\/2019\/09\/06\/acoes-de-responsabilidade-social-em-pauta-na-cbic-2\/#primaryimage\"},\"thumbnailUrl\":\"https:\/\/seconci.com.br\/site\/wp-content\/uploads\/2019\/09\/acoes-sociais.jpg\",\"articleSection\":[\"Seconci Brasil\"],\"inLanguage\":\"pt-PT\"},{\"@type\":\"WebPage\",\"@id\":\"https:\/\/seconci.com.br\/site\/2019\/09\/06\/acoes-de-responsabilidade-social-em-pauta-na-cbic-2\/\",\"url\":\"https:\/\/seconci.com.br\/site\/2019\/09\/06\/acoes-de-responsabilidade-social-em-pauta-na-cbic-2\/\",\"name\":\"A\u00e7\u00f5es de responsabilidade social em pauta na CBIC - Seconci Brasil\",\"isPartOf\":{\"@id\":\"https:\/\/seconci.com.br\/site\/#website\"},\"primaryImageOfPage\":{\"@id\":\"https:\/\/seconci.com.br\/site\/2019\/09\/06\/acoes-de-responsabilidade-social-em-pauta-na-cbic-2\/#primaryimage\"},\"image\":{\"@id\":\"https:\/\/seconci.com.br\/site\/2019\/09\/06\/acoes-de-responsabilidade-social-em-pauta-na-cbic-2\/#primaryimage\"},\"thumbnailUrl\":\"https:\/\/seconci.com.br\/site\/wp-content\/uploads\/2019\/09\/acoes-sociais.jpg\",\"datePublished\":\"2019-09-06T12:24:36+00:00\",\"dateModified\":\"2019-09-06T16:09:32+00:00\",\"breadcrumb\":{\"@id\":\"https:\/\/seconci.com.br\/site\/2019\/09\/06\/acoes-de-responsabilidade-social-em-pauta-na-cbic-2\/#breadcrumb\"},\"inLanguage\":\"pt-PT\",\"potentialAction\":[{\"@type\":\"ReadAction\",\"target\":[\"https:\/\/seconci.com.br\/site\/2019\/09\/06\/acoes-de-responsabilidade-social-em-pauta-na-cbic-2\/\"]}]},{\"@type\":\"ImageObject\",\"inLanguage\":\"pt-PT\",\"@id\":\"https:\/\/seconci.com.br\/site\/2019\/09\/06\/acoes-de-responsabilidade-social-em-pauta-na-cbic-2\/#primaryimage\",\"url\":\"https:\/\/seconci.com.br\/site\/wp-content\/uploads\/2019\/09\/acoes-sociais.jpg\",\"contentUrl\":\"https:\/\/seconci.com.br\/site\/wp-content\/uploads\/2019\/09\/acoes-sociais.jpg\",\"width\":1280,\"height\":720},{\"@type\":\"BreadcrumbList\",\"@id\":\"https:\/\/seconci.com.br\/site\/2019\/09\/06\/acoes-de-responsabilidade-social-em-pauta-na-cbic-2\/#breadcrumb\",\"itemListElement\":[{\"@type\":\"ListItem\",\"position\":1,\"name\":\"In\u00edcio\",\"item\":\"https:\/\/seconci.com.br\/site\/\"},{\"@type\":\"ListItem\",\"position\":2,\"name\":\"A\u00e7\u00f5es de responsabilidade social em pauta na CBIC\"}]},{\"@type\":\"WebSite\",\"@id\":\"https:\/\/seconci.com.br\/site\/#website\",\"url\":\"https:\/\/seconci.com.br\/site\/\",\"name\":\"Seconci Brasil\",\"description\":\"\",\"publisher\":{\"@id\":\"https:\/\/seconci.com.br\/site\/#organization\"},\"potentialAction\":[{\"@type\":\"SearchAction\",\"target\":{\"@type\":\"EntryPoint\",\"urlTemplate\":\"https:\/\/seconci.com.br\/site\/?s={search_term_string}\"},\"query-input\":{\"@type\":\"PropertyValueSpecification\",\"valueRequired\":true,\"valueName\":\"search_term_string\"}}],\"inLanguage\":\"pt-PT\"},{\"@type\":\"Organization\",\"@id\":\"https:\/\/seconci.com.br\/site\/#organization\",\"name\":\"Seconci Brasil\",\"url\":\"https:\/\/seconci.com.br\/site\/\",\"logo\":{\"@type\":\"ImageObject\",\"inLanguage\":\"pt-PT\",\"@id\":\"https:\/\/seconci.com.br\/site\/#\/schema\/logo\/image\/\",\"url\":\"https:\/\/seconci.com.br\/site\/wp-content\/uploads\/2024\/08\/Logo-Seconci-Brasil-branca-2.png\",\"contentUrl\":\"https:\/\/seconci.com.br\/site\/wp-content\/uploads\/2024\/08\/Logo-Seconci-Brasil-branca-2.png\",\"width\":1315,\"height\":598,\"caption\":\"Seconci Brasil\"},\"image\":{\"@id\":\"https:\/\/seconci.com.br\/site\/#\/schema\/logo\/image\/\"}},{\"@type\":\"Person\",\"@id\":\"https:\/\/seconci.com.br\/site\/#\/schema\/person\/1d79afd97ddc8f2c68c1e88e298aa8e2\",\"name\":\"Sidney Rocha\",\"description\":\"Comunicador e estagi\u00e1rio do Seconci Brasil.\",\"url\":\"https:\/\/seconci.com.br\/site\/author\/sidney-rocha\/\"}]}<\/script>\n<!-- \/ Yoast SEO plugin. -->","yoast_head_json":{"title":"A\u00e7\u00f5es de responsabilidade social em pauta na CBIC - Seconci Brasil","robots":{"index":"index","follow":"follow","max-snippet":"max-snippet:-1","max-image-preview":"max-image-preview:large","max-video-preview":"max-video-preview:-1"},"canonical":"https:\/\/seconci.com.br\/site\/2019\/09\/06\/acoes-de-responsabilidade-social-em-pauta-na-cbic-2\/","og_locale":"pt_PT","og_type":"article","og_title":"A\u00e7\u00f5es de responsabilidade social em pauta na CBIC - Seconci Brasil","og_description":"Com a participa\u00e7\u00e3o de representantes dos Sindicatos da Constru\u00e7\u00e3o Civil (Sinduscons) do Paran\u00e1, S\u00e3o Paulo, Alagoas e Cear\u00e1, al\u00e9m dos Servi\u00e7os Sociais da Constru\u00e7\u00e3o Civil\u00a0(Seconcis) Brasil e Rio de Janeiro, a reuni\u00e3o da\u00a0Comiss\u00e3o de Responsabilidade Social (CRS) da C\u00e2mara Brasileira da Ind\u00fastria da Constru\u00e7\u00e3o (CBIC),\u00a0tratou de assuntos relacionados ao Dia Nacional da Constru\u00e7\u00e3o Social (DNCS) [&hellip;]","og_url":"https:\/\/seconci.com.br\/site\/2019\/09\/06\/acoes-de-responsabilidade-social-em-pauta-na-cbic-2\/","og_site_name":"Seconci Brasil","article_published_time":"2019-09-06T12:24:36+00:00","article_modified_time":"2019-09-06T16:09:32+00:00","og_image":[{"width":1280,"height":720,"url":"https:\/\/seconci.com.br\/site\/wp-content\/uploads\/2019\/09\/acoes-sociais.jpg","type":"image\/jpeg"}],"author":"Sidney Rocha","twitter_card":"summary_large_image","twitter_misc":{"Escrito por":"Sidney Rocha","Tempo estimado de leitura":"3 minutos"},"schema":{"@context":"https:\/\/schema.org","@graph":[{"@type":"Article","@id":"https:\/\/seconci.com.br\/site\/2019\/09\/06\/acoes-de-responsabilidade-social-em-pauta-na-cbic-2\/#article","isPartOf":{"@id":"https:\/\/seconci.com.br\/site\/2019\/09\/06\/acoes-de-responsabilidade-social-em-pauta-na-cbic-2\/"},"author":{"name":"Sidney Rocha","@id":"https:\/\/seconci.com.br\/site\/#\/schema\/person\/1d79afd97ddc8f2c68c1e88e298aa8e2"},"headline":"A\u00e7\u00f5es de responsabilidade social em pauta na CBIC","datePublished":"2019-09-06T12:24:36+00:00","dateModified":"2019-09-06T16:09:32+00:00","mainEntityOfPage":{"@id":"https:\/\/seconci.com.br\/site\/2019\/09\/06\/acoes-de-responsabilidade-social-em-pauta-na-cbic-2\/"},"wordCount":708,"publisher":{"@id":"https:\/\/seconci.com.br\/site\/#organization"},"image":{"@id":"https:\/\/seconci.com.br\/site\/2019\/09\/06\/acoes-de-responsabilidade-social-em-pauta-na-cbic-2\/#primaryimage"},"thumbnailUrl":"https:\/\/seconci.com.br\/site\/wp-content\/uploads\/2019\/09\/acoes-sociais.jpg","articleSection":["Seconci Brasil"],"inLanguage":"pt-PT"},{"@type":"WebPage","@id":"https:\/\/seconci.com.br\/site\/2019\/09\/06\/acoes-de-responsabilidade-social-em-pauta-na-cbic-2\/","url":"https:\/\/seconci.com.br\/site\/2019\/09\/06\/acoes-de-responsabilidade-social-em-pauta-na-cbic-2\/","name":"A\u00e7\u00f5es de responsabilidade social em pauta na CBIC - Seconci Brasil","isPartOf":{"@id":"https:\/\/seconci.com.br\/site\/#website"},"primaryImageOfPage":{"@id":"https:\/\/seconci.com.br\/site\/2019\/09\/06\/acoes-de-responsabilidade-social-em-pauta-na-cbic-2\/#primaryimage"},"image":{"@id":"https:\/\/seconci.com.br\/site\/2019\/09\/06\/acoes-de-responsabilidade-social-em-pauta-na-cbic-2\/#primaryimage"},"thumbnailUrl":"https:\/\/seconci.com.br\/site\/wp-content\/uploads\/2019\/09\/acoes-sociais.jpg","datePublished":"2019-09-06T12:24:36+00:00","dateModified":"2019-09-06T16:09:32+00:00","breadcrumb":{"@id":"https:\/\/seconci.com.br\/site\/2019\/09\/06\/acoes-de-responsabilidade-social-em-pauta-na-cbic-2\/#breadcrumb"},"inLanguage":"pt-PT","potentialAction":[{"@type":"ReadAction","target":["https:\/\/seconci.com.br\/site\/2019\/09\/06\/acoes-de-responsabilidade-social-em-pauta-na-cbic-2\/"]}]},{"@type":"ImageObject","inLanguage":"pt-PT","@id":"https:\/\/seconci.com.br\/site\/2019\/09\/06\/acoes-de-responsabilidade-social-em-pauta-na-cbic-2\/#primaryimage","url":"https:\/\/seconci.com.br\/site\/wp-content\/uploads\/2019\/09\/acoes-sociais.jpg","contentUrl":"https:\/\/seconci.com.br\/site\/wp-content\/uploads\/2019\/09\/acoes-sociais.jpg","width":1280,"height":720},{"@type":"BreadcrumbList","@id":"https:\/\/seconci.com.br\/site\/2019\/09\/06\/acoes-de-responsabilidade-social-em-pauta-na-cbic-2\/#breadcrumb","itemListElement":[{"@type":"ListItem","position":1,"name":"In\u00edcio","item":"https:\/\/seconci.com.br\/site\/"},{"@type":"ListItem","position":2,"name":"A\u00e7\u00f5es de responsabilidade social em pauta na CBIC"}]},{"@type":"WebSite","@id":"https:\/\/seconci.com.br\/site\/#website","url":"https:\/\/seconci.com.br\/site\/","name":"Seconci Brasil","description":"","publisher":{"@id":"https:\/\/seconci.com.br\/site\/#organization"},"potentialAction":[{"@type":"SearchAction","target":{"@type":"EntryPoint","urlTemplate":"https:\/\/seconci.com.br\/site\/?s={search_term_string}"},"query-input":{"@type":"PropertyValueSpecification","valueRequired":true,"valueName":"search_term_string"}}],"inLanguage":"pt-PT"},{"@type":"Organization","@id":"https:\/\/seconci.com.br\/site\/#organization","name":"Seconci Brasil","url":"https:\/\/seconci.com.br\/site\/","logo":{"@type":"ImageObject","inLanguage":"pt-PT","@id":"https:\/\/seconci.com.br\/site\/#\/schema\/logo\/image\/","url":"https:\/\/seconci.com.br\/site\/wp-content\/uploads\/2024\/08\/Logo-Seconci-Brasil-branca-2.png","contentUrl":"https:\/\/seconci.com.br\/site\/wp-content\/uploads\/2024\/08\/Logo-Seconci-Brasil-branca-2.png","width":1315,"height":598,"caption":"Seconci Brasil"},"image":{"@id":"https:\/\/seconci.com.br\/site\/#\/schema\/logo\/image\/"}},{"@type":"Person","@id":"https:\/\/seconci.com.br\/site\/#\/schema\/person\/1d79afd97ddc8f2c68c1e88e298aa8e2","name":"Sidney Rocha","description":"Comunicador e estagi\u00e1rio do Seconci Brasil.","url":"https:\/\/seconci.com.br\/site\/author\/sidney-rocha\/"}]}},"_links":{"self":[{"href":"https:\/\/seconci.com.br\/site\/wp-json\/wp\/v2\/posts\/8687","targetHints":{"allow":["GET"]}}],"collection":[{"href":"https:\/\/seconci.com.br\/site\/wp-json\/wp\/v2\/posts"}],"about":[{"href":"https:\/\/seconci.com.br\/site\/wp-json\/wp\/v2\/types\/post"}],"author":[{"embeddable":true,"href":"https:\/\/seconci.com.br\/site\/wp-json\/wp\/v2\/users\/3"}],"replies":[{"embeddable":true,"href":"https:\/\/seconci.com.br\/site\/wp-json\/wp\/v2\/comments?post=8687"}],"version-history":[{"count":0,"href":"https:\/\/seconci.com.br\/site\/wp-json\/wp\/v2\/posts\/8687\/revisions"}],"wp:featuredmedia":[{"embeddable":true,"href":"https:\/\/seconci.com.br\/site\/wp-json\/wp\/v2\/media\/8688"}],"wp:attachment":[{"href":"https:\/\/seconci.com.br\/site\/wp-json\/wp\/v2\/media?parent=8687"}],"wp:term":[{"taxonomy":"category","embeddable":true,"href":"https:\/\/seconci.com.br\/site\/wp-json\/wp\/v2\/categories?post=8687"},{"taxonomy":"post_tag","embeddable":true,"href":"https:\/\/seconci.com.br\/site\/wp-json\/wp\/v2\/tags?post=8687"}],"curies":[{"name":"wp","href":"https:\/\/api.w.org\/{rel}","templated":true}]}}