{"id":8707,"date":"2019-09-24T12:39:49","date_gmt":"2019-09-24T12:39:49","guid":{"rendered":"https:\/\/seconci.com.br\/site\/?p=8707"},"modified":"2019-09-24T12:39:49","modified_gmt":"2019-09-24T12:39:49","slug":"encontro-de-seconcis-sera-realizado-pela-primeira-vez-em-brasilia","status":"publish","type":"post","link":"https:\/\/seconci.com.br\/site\/2019\/09\/24\/encontro-de-seconcis-sera-realizado-pela-primeira-vez-em-brasilia\/","title":{"rendered":"Encontro de Seconcis ser\u00e1 realizado pela primeira vez em Bras\u00edlia"},"content":{"rendered":"<p style=\"text-align: justify;\"><em>Evento acontece na sexta e as palestras s\u00e3o abertas ao p\u00fablico<\/em><\/p>\n<p style=\"text-align: justify;\">O Servi\u00e7o Social da Ind\u00fastria da Constru\u00e7\u00e3o Civil do Distrito Federal (Seconci-DF) e a Associa\u00e7\u00e3o de Seconcis (Seconci Brasil) promovem o Encontro Nacional de Seconcis (Ense) nos dias 26 e 27 de setembro. O evento ser\u00e1 realizado pela primeira vez no Distrito Federal e re\u00fane os dirigentes e corpo t\u00e9cnico das entidades para dois dias de debates, palestras e troca de experi\u00eancias.<\/p>\n<p style=\"text-align: justify;\">Durante a abertura do evento, na quinta-feira, no audit\u00f3rio do Sinduscon-DF, ser\u00e3o ministradas as seguintes palestras:<\/p>\n<p style=\"text-align: justify;\">9h \u2013 \u2018Impactos da Nova Legisla\u00e7\u00e3o Trabalhista na Constru\u00e7\u00e3o Civil\u2019, com o ministro do Tribunal Superior do Trabalho, Ives Gandra;<br \/>\n10h \u2013 \u2018O futuro do trabalhador na constru\u00e7\u00e3o civil diante das inova\u00e7\u00f5es tecnol\u00f3gicas\u2019, com o presidente da Comiss\u00e3o de Materiais, Tecnologia, Qualidade e Produtividade (Comat) da C\u00e2mara Brasileira da Ind\u00fastria da Constru\u00e7\u00e3o (CBIC) e presidente do Sinduscon-DF, Dionyzio Klavdianos;<br \/>\nCase Seconci-DF: O gerente geral do Seconci-DF, Leonardo Milazzo, far\u00e1 apresenta\u00e7\u00e3o sobre a import\u00e2ncia do servi\u00e7o social feito pelo Seconci e como a iniciativa tem mudado a vida dos trabalhadores, al\u00e9m de contribuir com a responsabilidade social das empresas.<\/p>\n<p style=\"text-align: justify;\">As reuni\u00f5es t\u00e9cnicas que acontecer\u00e3o no dia 26, \u00e0 tarde, e no dia 27 de setembro, ser\u00e3o exclusivas para os funcion\u00e1rios e inscritos dos Seconci\u2019s. Est\u00e1 prevista para a sexta-feira, 27 de setembro, a palestra \u2018Moderniza\u00e7\u00e3o das Normas Regulamentadoras\u2019, com o assessor da Secretaria do Trabalho do Minist\u00e9rio da Economia, R\u00f4mulo Machado e Silva, al\u00e9m de uma visita \u00e0 sede do Seconci-DF, para que os participantes de outros estados possam conhecer o trabalho desenvolvido pelo Servi\u00e7o Social da Constru\u00e7\u00e3o Civil do Distrito Federal.<\/p>\n<p style=\"text-align: justify;\">Segundo Antonio Carlos Salgueiro, presidente do Seconci Brasil, o evento \u00e9 fruto de um trabalho em conjunto. \u201cAs expectativas s\u00e3o as melhores, pois cada Seconci fez suas sugest\u00f5es de pauta para cada grupo, e com isso foi poss\u00edvel montar uma programa\u00e7\u00e3o bastante rica. Tenho certeza que vai ser muito proveitoso para todos\u201d, afirmou Salgueiro.<\/p>\n<p style=\"text-align: justify;\">O presidente do Seconci-DF, Marcelo Machado Guimar\u00e3es, ressalta que receber outras entidades que fazem o mesmo trabalho em prol do social da constru\u00e7\u00e3o civil aumenta a responsabilidade do DF. \u201cA expectativa \u00e9 muito grande. Nossa inten\u00e7\u00e3o \u00e9 que esse evento seja um marco. Al\u00e9m disso, essa \u00e9 uma oportunidade de mostrar os benef\u00edcios que estamos fazendo nesse interc\u00e2mbio social sempre t\u00e3o enriquecedor\u201d.<\/p>\n<p style=\"text-align: justify;\">O Ense teve in\u00edcio dentro do Encontro Nacional da Ind\u00fastria da Constru\u00e7\u00e3o (Enic), sendo promovido pelo ent\u00e3o F\u00f3rum dos Seconcis da CBIC. H\u00e1 pouco mais de uma d\u00e9cada, os dirigentes perceberam que havia a necessidade de ampliar o alcance do encontro para que as \u00e1reas t\u00e9cnicas pudessem participar dos debates e discuss\u00f5es, inclusive com divis\u00e3o de debates por \u00e1reas t\u00e9cnicas.<\/p>\n<p style=\"text-align: justify;\">O presidente da C\u00e2mara Brasileira da Ind\u00fastria da Constru\u00e7\u00e3o (CBIC), Jos\u00e9 Carlos Martins, participar\u00e1 do painel \u2018Programa de Gest\u00e3o de Seguran\u00e7a e Sa\u00fade no trabalho nos Canteiros de Obra e certifica\u00e7\u00e3o Obra Certa\u2019, dia 26 de setembro, das 13h30 \u00e0s 15h, juntamente com:<\/p>\n<p style=\"text-align: justify;\">Ant\u00f4nio Carlos Salgueiro, presidente do Seconci Brasil;<br \/>\nFernando Guedes Ferreira Filho, presidente da Comiss\u00e3o de Pol\u00edtica de Rela\u00e7\u00f5es Trabalhistas (CPRT) da CBIC;<br \/>\nHugo Sefrian Peinado, engenheiro civil, especialista em Engenharia de Seguran\u00e7a do Trabalho e professor do Departamento de Engenharia Civil da Universidade Estadual de Maring\u00e1 (UEM).<\/p>\n<p style=\"text-align: justify;\">Para mais informa\u00e7\u00f5es, ligue (61) 3399-1888 ou seconci@seconci-df.org.br<\/p>\n<p style=\"text-align: justify;\">Com informa\u00e7\u00f5es da Cbic<\/p>\n","protected":false},"excerpt":{"rendered":"<p>Evento acontece na sexta e as palestras s\u00e3o abertas ao p\u00fablico O Servi\u00e7o Social da Ind\u00fastria da Constru\u00e7\u00e3o Civil do Distrito Federal (Seconci-DF) e a Associa\u00e7\u00e3o de Seconcis (Seconci Brasil) promovem o Encontro Nacional de Seconcis (Ense) nos dias 26 e 27 de setembro. O evento ser\u00e1 realizado pela primeira vez no Distrito Federal e [&hellip;]<\/p>\n","protected":false},"author":3,"featured_media":8615,"comment_status":"closed","ping_status":"closed","sticky":false,"template":"","format":"standard","meta":{"footnotes":""},"categories":[92],"tags":[],"class_list":["post-8707","post","type-post","status-publish","format-standard","has-post-thumbnail","hentry","category-seconci-brasil"],"yoast_head":"<!-- This site is optimized with the Yoast SEO plugin v26.9 - https:\/\/yoast.com\/product\/yoast-seo-wordpress\/ -->\n<title>Encontro de Seconcis ser\u00e1 realizado pela primeira vez em Bras\u00edlia - Seconci Brasil<\/title>\n<meta name=\"robots\" content=\"index, follow, max-snippet:-1, max-image-preview:large, max-video-preview:-1\" \/>\n<link rel=\"canonical\" href=\"https:\/\/seconci.com.br\/site\/2019\/09\/24\/encontro-de-seconcis-sera-realizado-pela-primeira-vez-em-brasilia\/\" \/>\n<meta property=\"og:locale\" content=\"pt_PT\" \/>\n<meta property=\"og:type\" content=\"article\" \/>\n<meta property=\"og:title\" content=\"Encontro de Seconcis ser\u00e1 realizado pela primeira vez em Bras\u00edlia - Seconci Brasil\" \/>\n<meta property=\"og:description\" content=\"Evento acontece na sexta e as palestras s\u00e3o abertas ao p\u00fablico O Servi\u00e7o Social da Ind\u00fastria da Constru\u00e7\u00e3o Civil do Distrito Federal (Seconci-DF) e a Associa\u00e7\u00e3o de Seconcis (Seconci Brasil) promovem o Encontro Nacional de Seconcis (Ense) nos dias 26 e 27 de setembro. O evento ser\u00e1 realizado pela primeira vez no Distrito Federal e [&hellip;]\" \/>\n<meta property=\"og:url\" content=\"https:\/\/seconci.com.br\/site\/2019\/09\/24\/encontro-de-seconcis-sera-realizado-pela-primeira-vez-em-brasilia\/\" \/>\n<meta property=\"og:site_name\" content=\"Seconci Brasil\" \/>\n<meta property=\"article:published_time\" content=\"2019-09-24T12:39:49+00:00\" \/>\n<meta property=\"og:image\" content=\"https:\/\/seconci.com.br\/site\/wp-content\/uploads\/2019\/08\/WhatsApp-Image-2019-08-08-at-16.17.32.jpeg\" \/>\n\t<meta property=\"og:image:width\" content=\"689\" \/>\n\t<meta property=\"og:image:height\" content=\"282\" \/>\n\t<meta property=\"og:image:type\" content=\"image\/jpeg\" \/>\n<meta name=\"author\" content=\"Sidney Rocha\" \/>\n<meta name=\"twitter:card\" content=\"summary_large_image\" \/>\n<meta name=\"twitter:label1\" content=\"Escrito por\" \/>\n\t<meta name=\"twitter:data1\" content=\"Sidney Rocha\" \/>\n\t<meta name=\"twitter:label2\" content=\"Tempo estimado de leitura\" \/>\n\t<meta name=\"twitter:data2\" content=\"3 minutos\" \/>\n<script type=\"application\/ld+json\" class=\"yoast-schema-graph\">{\"@context\":\"https:\/\/schema.org\",\"@graph\":[{\"@type\":\"Article\",\"@id\":\"https:\/\/seconci.com.br\/site\/2019\/09\/24\/encontro-de-seconcis-sera-realizado-pela-primeira-vez-em-brasilia\/#article\",\"isPartOf\":{\"@id\":\"https:\/\/seconci.com.br\/site\/2019\/09\/24\/encontro-de-seconcis-sera-realizado-pela-primeira-vez-em-brasilia\/\"},\"author\":{\"name\":\"Sidney Rocha\",\"@id\":\"https:\/\/seconci.com.br\/site\/#\/schema\/person\/1d79afd97ddc8f2c68c1e88e298aa8e2\"},\"headline\":\"Encontro de Seconcis ser\u00e1 realizado pela primeira vez em Bras\u00edlia\",\"datePublished\":\"2019-09-24T12:39:49+00:00\",\"mainEntityOfPage\":{\"@id\":\"https:\/\/seconci.com.br\/site\/2019\/09\/24\/encontro-de-seconcis-sera-realizado-pela-primeira-vez-em-brasilia\/\"},\"wordCount\":618,\"publisher\":{\"@id\":\"https:\/\/seconci.com.br\/site\/#organization\"},\"image\":{\"@id\":\"https:\/\/seconci.com.br\/site\/2019\/09\/24\/encontro-de-seconcis-sera-realizado-pela-primeira-vez-em-brasilia\/#primaryimage\"},\"thumbnailUrl\":\"https:\/\/seconci.com.br\/site\/wp-content\/uploads\/2019\/08\/WhatsApp-Image-2019-08-08-at-16.17.32.jpeg\",\"articleSection\":[\"Seconci Brasil\"],\"inLanguage\":\"pt-PT\"},{\"@type\":\"WebPage\",\"@id\":\"https:\/\/seconci.com.br\/site\/2019\/09\/24\/encontro-de-seconcis-sera-realizado-pela-primeira-vez-em-brasilia\/\",\"url\":\"https:\/\/seconci.com.br\/site\/2019\/09\/24\/encontro-de-seconcis-sera-realizado-pela-primeira-vez-em-brasilia\/\",\"name\":\"Encontro de Seconcis ser\u00e1 realizado pela primeira vez em Bras\u00edlia - Seconci Brasil\",\"isPartOf\":{\"@id\":\"https:\/\/seconci.com.br\/site\/#website\"},\"primaryImageOfPage\":{\"@id\":\"https:\/\/seconci.com.br\/site\/2019\/09\/24\/encontro-de-seconcis-sera-realizado-pela-primeira-vez-em-brasilia\/#primaryimage\"},\"image\":{\"@id\":\"https:\/\/seconci.com.br\/site\/2019\/09\/24\/encontro-de-seconcis-sera-realizado-pela-primeira-vez-em-brasilia\/#primaryimage\"},\"thumbnailUrl\":\"https:\/\/seconci.com.br\/site\/wp-content\/uploads\/2019\/08\/WhatsApp-Image-2019-08-08-at-16.17.32.jpeg\",\"datePublished\":\"2019-09-24T12:39:49+00:00\",\"breadcrumb\":{\"@id\":\"https:\/\/seconci.com.br\/site\/2019\/09\/24\/encontro-de-seconcis-sera-realizado-pela-primeira-vez-em-brasilia\/#breadcrumb\"},\"inLanguage\":\"pt-PT\",\"potentialAction\":[{\"@type\":\"ReadAction\",\"target\":[\"https:\/\/seconci.com.br\/site\/2019\/09\/24\/encontro-de-seconcis-sera-realizado-pela-primeira-vez-em-brasilia\/\"]}]},{\"@type\":\"ImageObject\",\"inLanguage\":\"pt-PT\",\"@id\":\"https:\/\/seconci.com.br\/site\/2019\/09\/24\/encontro-de-seconcis-sera-realizado-pela-primeira-vez-em-brasilia\/#primaryimage\",\"url\":\"https:\/\/seconci.com.br\/site\/wp-content\/uploads\/2019\/08\/WhatsApp-Image-2019-08-08-at-16.17.32.jpeg\",\"contentUrl\":\"https:\/\/seconci.com.br\/site\/wp-content\/uploads\/2019\/08\/WhatsApp-Image-2019-08-08-at-16.17.32.jpeg\",\"width\":689,\"height\":282},{\"@type\":\"BreadcrumbList\",\"@id\":\"https:\/\/seconci.com.br\/site\/2019\/09\/24\/encontro-de-seconcis-sera-realizado-pela-primeira-vez-em-brasilia\/#breadcrumb\",\"itemListElement\":[{\"@type\":\"ListItem\",\"position\":1,\"name\":\"In\u00edcio\",\"item\":\"https:\/\/seconci.com.br\/site\/\"},{\"@type\":\"ListItem\",\"position\":2,\"name\":\"Encontro de Seconcis ser\u00e1 realizado pela primeira vez em Bras\u00edlia\"}]},{\"@type\":\"WebSite\",\"@id\":\"https:\/\/seconci.com.br\/site\/#website\",\"url\":\"https:\/\/seconci.com.br\/site\/\",\"name\":\"Seconci Brasil\",\"description\":\"\",\"publisher\":{\"@id\":\"https:\/\/seconci.com.br\/site\/#organization\"},\"potentialAction\":[{\"@type\":\"SearchAction\",\"target\":{\"@type\":\"EntryPoint\",\"urlTemplate\":\"https:\/\/seconci.com.br\/site\/?s={search_term_string}\"},\"query-input\":{\"@type\":\"PropertyValueSpecification\",\"valueRequired\":true,\"valueName\":\"search_term_string\"}}],\"inLanguage\":\"pt-PT\"},{\"@type\":\"Organization\",\"@id\":\"https:\/\/seconci.com.br\/site\/#organization\",\"name\":\"Seconci Brasil\",\"url\":\"https:\/\/seconci.com.br\/site\/\",\"logo\":{\"@type\":\"ImageObject\",\"inLanguage\":\"pt-PT\",\"@id\":\"https:\/\/seconci.com.br\/site\/#\/schema\/logo\/image\/\",\"url\":\"https:\/\/seconci.com.br\/site\/wp-content\/uploads\/2024\/08\/Logo-Seconci-Brasil-branca-2.png\",\"contentUrl\":\"https:\/\/seconci.com.br\/site\/wp-content\/uploads\/2024\/08\/Logo-Seconci-Brasil-branca-2.png\",\"width\":1315,\"height\":598,\"caption\":\"Seconci Brasil\"},\"image\":{\"@id\":\"https:\/\/seconci.com.br\/site\/#\/schema\/logo\/image\/\"}},{\"@type\":\"Person\",\"@id\":\"https:\/\/seconci.com.br\/site\/#\/schema\/person\/1d79afd97ddc8f2c68c1e88e298aa8e2\",\"name\":\"Sidney Rocha\",\"description\":\"Comunicador e estagi\u00e1rio do Seconci Brasil.\",\"url\":\"https:\/\/seconci.com.br\/site\/author\/sidney-rocha\/\"}]}<\/script>\n<!-- \/ Yoast SEO plugin. -->","yoast_head_json":{"title":"Encontro de Seconcis ser\u00e1 realizado pela primeira vez em Bras\u00edlia - Seconci Brasil","robots":{"index":"index","follow":"follow","max-snippet":"max-snippet:-1","max-image-preview":"max-image-preview:large","max-video-preview":"max-video-preview:-1"},"canonical":"https:\/\/seconci.com.br\/site\/2019\/09\/24\/encontro-de-seconcis-sera-realizado-pela-primeira-vez-em-brasilia\/","og_locale":"pt_PT","og_type":"article","og_title":"Encontro de Seconcis ser\u00e1 realizado pela primeira vez em Bras\u00edlia - Seconci Brasil","og_description":"Evento acontece na sexta e as palestras s\u00e3o abertas ao p\u00fablico O Servi\u00e7o Social da Ind\u00fastria da Constru\u00e7\u00e3o Civil do Distrito Federal (Seconci-DF) e a Associa\u00e7\u00e3o de Seconcis (Seconci Brasil) promovem o Encontro Nacional de Seconcis (Ense) nos dias 26 e 27 de setembro. O evento ser\u00e1 realizado pela primeira vez no Distrito Federal e [&hellip;]","og_url":"https:\/\/seconci.com.br\/site\/2019\/09\/24\/encontro-de-seconcis-sera-realizado-pela-primeira-vez-em-brasilia\/","og_site_name":"Seconci Brasil","article_published_time":"2019-09-24T12:39:49+00:00","og_image":[{"width":689,"height":282,"url":"https:\/\/seconci.com.br\/site\/wp-content\/uploads\/2019\/08\/WhatsApp-Image-2019-08-08-at-16.17.32.jpeg","type":"image\/jpeg"}],"author":"Sidney Rocha","twitter_card":"summary_large_image","twitter_misc":{"Escrito por":"Sidney Rocha","Tempo estimado de leitura":"3 minutos"},"schema":{"@context":"https:\/\/schema.org","@graph":[{"@type":"Article","@id":"https:\/\/seconci.com.br\/site\/2019\/09\/24\/encontro-de-seconcis-sera-realizado-pela-primeira-vez-em-brasilia\/#article","isPartOf":{"@id":"https:\/\/seconci.com.br\/site\/2019\/09\/24\/encontro-de-seconcis-sera-realizado-pela-primeira-vez-em-brasilia\/"},"author":{"name":"Sidney Rocha","@id":"https:\/\/seconci.com.br\/site\/#\/schema\/person\/1d79afd97ddc8f2c68c1e88e298aa8e2"},"headline":"Encontro de Seconcis ser\u00e1 realizado pela primeira vez em Bras\u00edlia","datePublished":"2019-09-24T12:39:49+00:00","mainEntityOfPage":{"@id":"https:\/\/seconci.com.br\/site\/2019\/09\/24\/encontro-de-seconcis-sera-realizado-pela-primeira-vez-em-brasilia\/"},"wordCount":618,"publisher":{"@id":"https:\/\/seconci.com.br\/site\/#organization"},"image":{"@id":"https:\/\/seconci.com.br\/site\/2019\/09\/24\/encontro-de-seconcis-sera-realizado-pela-primeira-vez-em-brasilia\/#primaryimage"},"thumbnailUrl":"https:\/\/seconci.com.br\/site\/wp-content\/uploads\/2019\/08\/WhatsApp-Image-2019-08-08-at-16.17.32.jpeg","articleSection":["Seconci Brasil"],"inLanguage":"pt-PT"},{"@type":"WebPage","@id":"https:\/\/seconci.com.br\/site\/2019\/09\/24\/encontro-de-seconcis-sera-realizado-pela-primeira-vez-em-brasilia\/","url":"https:\/\/seconci.com.br\/site\/2019\/09\/24\/encontro-de-seconcis-sera-realizado-pela-primeira-vez-em-brasilia\/","name":"Encontro de Seconcis ser\u00e1 realizado pela primeira vez em Bras\u00edlia - Seconci Brasil","isPartOf":{"@id":"https:\/\/seconci.com.br\/site\/#website"},"primaryImageOfPage":{"@id":"https:\/\/seconci.com.br\/site\/2019\/09\/24\/encontro-de-seconcis-sera-realizado-pela-primeira-vez-em-brasilia\/#primaryimage"},"image":{"@id":"https:\/\/seconci.com.br\/site\/2019\/09\/24\/encontro-de-seconcis-sera-realizado-pela-primeira-vez-em-brasilia\/#primaryimage"},"thumbnailUrl":"https:\/\/seconci.com.br\/site\/wp-content\/uploads\/2019\/08\/WhatsApp-Image-2019-08-08-at-16.17.32.jpeg","datePublished":"2019-09-24T12:39:49+00:00","breadcrumb":{"@id":"https:\/\/seconci.com.br\/site\/2019\/09\/24\/encontro-de-seconcis-sera-realizado-pela-primeira-vez-em-brasilia\/#breadcrumb"},"inLanguage":"pt-PT","potentialAction":[{"@type":"ReadAction","target":["https:\/\/seconci.com.br\/site\/2019\/09\/24\/encontro-de-seconcis-sera-realizado-pela-primeira-vez-em-brasilia\/"]}]},{"@type":"ImageObject","inLanguage":"pt-PT","@id":"https:\/\/seconci.com.br\/site\/2019\/09\/24\/encontro-de-seconcis-sera-realizado-pela-primeira-vez-em-brasilia\/#primaryimage","url":"https:\/\/seconci.com.br\/site\/wp-content\/uploads\/2019\/08\/WhatsApp-Image-2019-08-08-at-16.17.32.jpeg","contentUrl":"https:\/\/seconci.com.br\/site\/wp-content\/uploads\/2019\/08\/WhatsApp-Image-2019-08-08-at-16.17.32.jpeg","width":689,"height":282},{"@type":"BreadcrumbList","@id":"https:\/\/seconci.com.br\/site\/2019\/09\/24\/encontro-de-seconcis-sera-realizado-pela-primeira-vez-em-brasilia\/#breadcrumb","itemListElement":[{"@type":"ListItem","position":1,"name":"In\u00edcio","item":"https:\/\/seconci.com.br\/site\/"},{"@type":"ListItem","position":2,"name":"Encontro de Seconcis ser\u00e1 realizado pela primeira vez em Bras\u00edlia"}]},{"@type":"WebSite","@id":"https:\/\/seconci.com.br\/site\/#website","url":"https:\/\/seconci.com.br\/site\/","name":"Seconci Brasil","description":"","publisher":{"@id":"https:\/\/seconci.com.br\/site\/#organization"},"potentialAction":[{"@type":"SearchAction","target":{"@type":"EntryPoint","urlTemplate":"https:\/\/seconci.com.br\/site\/?s={search_term_string}"},"query-input":{"@type":"PropertyValueSpecification","valueRequired":true,"valueName":"search_term_string"}}],"inLanguage":"pt-PT"},{"@type":"Organization","@id":"https:\/\/seconci.com.br\/site\/#organization","name":"Seconci Brasil","url":"https:\/\/seconci.com.br\/site\/","logo":{"@type":"ImageObject","inLanguage":"pt-PT","@id":"https:\/\/seconci.com.br\/site\/#\/schema\/logo\/image\/","url":"https:\/\/seconci.com.br\/site\/wp-content\/uploads\/2024\/08\/Logo-Seconci-Brasil-branca-2.png","contentUrl":"https:\/\/seconci.com.br\/site\/wp-content\/uploads\/2024\/08\/Logo-Seconci-Brasil-branca-2.png","width":1315,"height":598,"caption":"Seconci Brasil"},"image":{"@id":"https:\/\/seconci.com.br\/site\/#\/schema\/logo\/image\/"}},{"@type":"Person","@id":"https:\/\/seconci.com.br\/site\/#\/schema\/person\/1d79afd97ddc8f2c68c1e88e298aa8e2","name":"Sidney Rocha","description":"Comunicador e estagi\u00e1rio do Seconci Brasil.","url":"https:\/\/seconci.com.br\/site\/author\/sidney-rocha\/"}]}},"_links":{"self":[{"href":"https:\/\/seconci.com.br\/site\/wp-json\/wp\/v2\/posts\/8707","targetHints":{"allow":["GET"]}}],"collection":[{"href":"https:\/\/seconci.com.br\/site\/wp-json\/wp\/v2\/posts"}],"about":[{"href":"https:\/\/seconci.com.br\/site\/wp-json\/wp\/v2\/types\/post"}],"author":[{"embeddable":true,"href":"https:\/\/seconci.com.br\/site\/wp-json\/wp\/v2\/users\/3"}],"replies":[{"embeddable":true,"href":"https:\/\/seconci.com.br\/site\/wp-json\/wp\/v2\/comments?post=8707"}],"version-history":[{"count":0,"href":"https:\/\/seconci.com.br\/site\/wp-json\/wp\/v2\/posts\/8707\/revisions"}],"wp:featuredmedia":[{"embeddable":true,"href":"https:\/\/seconci.com.br\/site\/wp-json\/wp\/v2\/media\/8615"}],"wp:attachment":[{"href":"https:\/\/seconci.com.br\/site\/wp-json\/wp\/v2\/media?parent=8707"}],"wp:term":[{"taxonomy":"category","embeddable":true,"href":"https:\/\/seconci.com.br\/site\/wp-json\/wp\/v2\/categories?post=8707"},{"taxonomy":"post_tag","embeddable":true,"href":"https:\/\/seconci.com.br\/site\/wp-json\/wp\/v2\/tags?post=8707"}],"curies":[{"name":"wp","href":"https:\/\/api.w.org\/{rel}","templated":true}]}}