{"id":8758,"date":"2019-10-22T11:42:40","date_gmt":"2019-10-22T11:42:40","guid":{"rendered":"https:\/\/seconci.com.br\/site\/?p=8758"},"modified":"2019-10-22T11:42:40","modified_gmt":"2019-10-22T11:42:40","slug":"setor-da-construcao-conhece-solucoes-integradas-para-a-industria","status":"publish","type":"post","link":"https:\/\/seconci.com.br\/site\/2019\/10\/22\/setor-da-construcao-conhece-solucoes-integradas-para-a-industria\/","title":{"rendered":"Setor da constru\u00e7\u00e3o conhece solu\u00e7\u00f5es integradas para a ind\u00fastria"},"content":{"rendered":"<p style=\"text-align: justify;\">|\u00a0<em><strong>Ag\u00eancia Cbic<\/strong><\/em>\u00a0|<\/p>\n<p style=\"text-align: justify;\">Membros da Comiss\u00e3o de Pol\u00edtica de Rela\u00e7\u00f5es Trabalhistas da C\u00e2mara Brasileira da Ind\u00fastria da Constru\u00e7\u00e3o (CPRT\/CBIC) de oito estados e mais o Distrito Federal conheceram na sexta-feira (18), no Sapiens Parque, em Florian\u00f3polis (SC), as instala\u00e7\u00f5es, os projetos e as solu\u00e7\u00f5es integradas desenvolvidas pelo ecossistema de inova\u00e7\u00e3o do Estado de Santa Catarina para a ind\u00fastria, que \u00e9 formado pelo Instituto da Ind\u00fastria Robson Braga de Andrade, Instituto de Inova\u00e7\u00e3o do Senai e Centro Sesi de Inova\u00e7\u00e3o em Tecnologia para Sa\u00fade, al\u00e9m do Lafaber.<\/p>\n<p style=\"text-align: justify;\">Os temas tratados na Visita T\u00e9cnica da Miss\u00e3o da Ind\u00fastria da Constru\u00e7\u00e3o, realizada pela CBIC, com a correaliza\u00e7\u00e3o do Servi\u00e7o Social da Ind\u00fastria (Sesi Nacional), t\u00eam interface com o Projeto 9 CBIC \u2013 Sesi de \u2018Realiza\u00e7\u00e3o\/participa\u00e7\u00e3o de\/em eventos para discutir e disseminar a import\u00e2ncia da Seguran\u00e7a e Sa\u00fade no Trabalho para o setor e\/ou o aprimoramento das rela\u00e7\u00f5es de trabalho na ind\u00fastria da constru\u00e7\u00e3o\u2019. Tamb\u00e9m participaram os membros da C\u00e2mara de Desenvolvimento da Ind\u00fastria da Constru\u00e7\u00e3o (CDIC) da Federa\u00e7\u00e3o das Ind\u00fastrias do Estado de Santa Catarina (Fiesc).<\/p>\n<p style=\"text-align: justify;\">\u201cEncerramos a nossa Visita T\u00e9cnica conhecendo os projetos que s\u00e3o desenvolvidos em Santa Catarina em rela\u00e7\u00e3o \u00e0 sa\u00fade e seguran\u00e7a do trabalhador e que podem ser \u00fateis para ajudar o desenvolvimento do setor da constru\u00e7\u00e3o civil\u201d, destaca o vice-presidente da \u00e1rea de Rela\u00e7\u00f5es Trabalhistas da CBIC, Fernando Guedes Ferreira Filho.<\/p>\n<p style=\"text-align: justify;\">\u201cPudemos demonstrar para a sociedade e o setor da constru\u00e7\u00e3o o quanto \u00e9 importante participarmos do \u201cSistema S\u201d e o quanto ele pode agregar qualidade tanto \u00e0 produ\u00e7\u00e3o quanto \u00e0 sa\u00fade do nosso trabalhador. Tenho certeza de que quando retornarem, os membros da CPRT v\u00e3o levar para seus estados o que estamos produzindo em Santa Catarina, tanto na \u00e1rea de tecnologia e inova\u00e7\u00e3o quanto para a seguran\u00e7a do trabalhador\u201d, refor\u00e7a o vice-presidente da Regi\u00e3o Sul da CBIC, Marco Antonio Corsini.<\/p>\n<p style=\"text-align: justify;\"><img fetchpriority=\"high\" decoding=\"async\" class=\"wp-image-3904 size-full aligncenter\" src=\"http:\/\/www.seconci-df.org.br\/wp-content\/uploads\/2019\/10\/arte-visita-cprt-21.10.2019_Prancheta-1-1.jpg\" sizes=\"(max-width: 1000px) 100vw, 1000px\" srcset=\"http:\/\/www.seconci-df.org.br\/wp-content\/uploads\/2019\/10\/arte-visita-cprt-21.10.2019_Prancheta-1-1.jpg 1000w, http:\/\/www.seconci-df.org.br\/wp-content\/uploads\/2019\/10\/arte-visita-cprt-21.10.2019_Prancheta-1-1-117x300.jpg 117w, http:\/\/www.seconci-df.org.br\/wp-content\/uploads\/2019\/10\/arte-visita-cprt-21.10.2019_Prancheta-1-1-768x1974.jpg 768w, http:\/\/www.seconci-df.org.br\/wp-content\/uploads\/2019\/10\/arte-visita-cprt-21.10.2019_Prancheta-1-1-398x1024.jpg 398w\" alt=\"\" width=\"1000\" height=\"2570\" \/><\/p>\n<p style=\"text-align: justify;\">Aos membros da miss\u00e3o foram apresentados alguns dos projetos desenvolvidos pelo Sesi e o Senai catarinense.<\/p>\n<p style=\"text-align: justify;\">O\u00a0<strong>sistema inteligente de monitoramento de barragens<\/strong>, em desenvolvimento pelo Instituto Senai de Inova\u00e7\u00e3o em Sistemas Embarcados em parceria com a empresa Dona Francisca Energ\u00e9tica. A solu\u00e7\u00e3o automatiza o gerenciamento da opera\u00e7\u00e3o e manuten\u00e7\u00e3o de barragens, o que torna o processo mais confi\u00e1vel, facilitando a tomada de decis\u00f5es.<\/p>\n<div id=\"attachment_3905\" class=\"wp-caption aligncenter\" style=\"text-align: justify;\"><img decoding=\"async\" class=\"wp-image-3905 size-full\" src=\"http:\/\/www.seconci-df.org.br\/wp-content\/uploads\/2019\/10\/visitatecnica-18102019-NQ-1-1024x683-1.jpg\" sizes=\"(max-width: 1024px) 100vw, 1024px\" srcset=\"http:\/\/www.seconci-df.org.br\/wp-content\/uploads\/2019\/10\/visitatecnica-18102019-NQ-1-1024x683-1.jpg 1024w, http:\/\/www.seconci-df.org.br\/wp-content\/uploads\/2019\/10\/visitatecnica-18102019-NQ-1-1024x683-1-300x200.jpg 300w, http:\/\/www.seconci-df.org.br\/wp-content\/uploads\/2019\/10\/visitatecnica-18102019-NQ-1-1024x683-1-768x512.jpg 768w, http:\/\/www.seconci-df.org.br\/wp-content\/uploads\/2019\/10\/visitatecnica-18102019-NQ-1-1024x683-1-450x300.jpg 450w\" alt=\"\" width=\"1024\" height=\"683\" \/><\/p>\n<p class=\"wp-caption-text\">Membros da delega\u00e7\u00e3o CBIC conhecem projeto do sistema inteligente de monitoramento de barragens (Foto: Nina Quintana)<\/p>\n<\/div>\n<p style=\"text-align: justify;\">A\u00a0<strong>Plataforma Tecnol\u00f3gica para Promo\u00e7\u00e3o de Ambiente de Trabalho e Comportamentos Seguros na Ind\u00fastria da Constru\u00e7\u00e3o Civil (SEIF),\u00a0<\/strong>ganhadora da \u00faltima edi\u00e7\u00e3o do Pr\u00eamio CBIC de Inova\u00e7\u00e3o e Sustentabilidade, monitora riscos e a gest\u00e3o de informa\u00e7\u00f5es em SST, al\u00e9m de auxiliar no planejamento, cumprimento e registro das a\u00e7\u00f5es de Seguran\u00e7a e Sa\u00fade no Trabalho em canteiros de obra. As informa\u00e7\u00f5es de Seguran\u00e7a do Trabalho da empresa e de seus trabalhadores s\u00e3o armazenadas no sistema, que se encarrega de realizar a gest\u00e3o e emitir alertas sempre que a\u00e7\u00f5es de corre\u00e7\u00e3o e aprimoramento s\u00e3o necess\u00e1rios. A plataforma pode ser utilizada por empresas de pequeno, m\u00e9dio e grande portes.<\/p>\n<p style=\"text-align: justify;\">O projeto do\u00a0<strong>nanossat\u00e9lite<\/strong>, primeiro sat\u00e9lite da ind\u00fastria nacional, est\u00e1 sendo desenvolvido pelo Senai em parceria com a empresa Visiona. O sat\u00e9lite ter\u00e1 dimens\u00f5es, em cent\u00edmetros, de 10 x 20 x 30 e dar\u00e1 voltas ao redor da Terra. A tecnologia permite o avan\u00e7o no mapeamento e monitoramento de \u00e1reas de produ\u00e7\u00e3o agr\u00edcola e pecu\u00e1ria, al\u00e9m de \u00e1reas de conserva\u00e7\u00e3o e ecossistemas ambientais.<\/p>\n<p style=\"text-align: justify;\"><img decoding=\"async\" class=\"size-full wp-image-3906 aligncenter\" src=\"http:\/\/www.seconci-df.org.br\/wp-content\/uploads\/2019\/10\/povo-fala-cprt-21.10.2019_Prancheta-1.jpg\" sizes=\"(max-width: 1000px) 100vw, 1000px\" srcset=\"http:\/\/www.seconci-df.org.br\/wp-content\/uploads\/2019\/10\/povo-fala-cprt-21.10.2019_Prancheta-1.jpg 1000w, http:\/\/www.seconci-df.org.br\/wp-content\/uploads\/2019\/10\/povo-fala-cprt-21.10.2019_Prancheta-1-89x300.jpg 89w, http:\/\/www.seconci-df.org.br\/wp-content\/uploads\/2019\/10\/povo-fala-cprt-21.10.2019_Prancheta-1-768x2597.jpg 768w, http:\/\/www.seconci-df.org.br\/wp-content\/uploads\/2019\/10\/povo-fala-cprt-21.10.2019_Prancheta-1-303x1024.jpg 303w\" alt=\"\" width=\"1000\" height=\"3381\" \/><\/p>\n<p style=\"text-align: justify;\"><em>(Com informa\u00e7\u00f5es da Fiesc\/SC)<\/em><\/p>\n","protected":false},"excerpt":{"rendered":"<p>|\u00a0Ag\u00eancia Cbic\u00a0| Membros da Comiss\u00e3o de Pol\u00edtica de Rela\u00e7\u00f5es Trabalhistas da C\u00e2mara Brasileira da Ind\u00fastria da Constru\u00e7\u00e3o (CPRT\/CBIC) de oito estados e mais o Distrito Federal conheceram na sexta-feira (18), no Sapiens Parque, em Florian\u00f3polis (SC), as instala\u00e7\u00f5es, os projetos e as solu\u00e7\u00f5es integradas desenvolvidas pelo ecossistema de inova\u00e7\u00e3o do Estado de Santa Catarina para [&hellip;]<\/p>\n","protected":false},"author":3,"featured_media":8759,"comment_status":"closed","ping_status":"closed","sticky":false,"template":"","format":"standard","meta":{"footnotes":""},"categories":[92],"tags":[],"class_list":["post-8758","post","type-post","status-publish","format-standard","has-post-thumbnail","hentry","category-seconci-brasil"],"yoast_head":"<!-- This site is optimized with the Yoast SEO plugin v26.9 - https:\/\/yoast.com\/product\/yoast-seo-wordpress\/ -->\n<title>Setor da constru\u00e7\u00e3o conhece solu\u00e7\u00f5es integradas para a ind\u00fastria - Seconci Brasil<\/title>\n<meta name=\"robots\" content=\"index, follow, max-snippet:-1, max-image-preview:large, max-video-preview:-1\" \/>\n<link rel=\"canonical\" href=\"https:\/\/seconci.com.br\/site\/2019\/10\/22\/setor-da-construcao-conhece-solucoes-integradas-para-a-industria\/\" \/>\n<meta property=\"og:locale\" content=\"pt_PT\" \/>\n<meta property=\"og:type\" content=\"article\" \/>\n<meta property=\"og:title\" content=\"Setor da constru\u00e7\u00e3o conhece solu\u00e7\u00f5es integradas para a ind\u00fastria - Seconci Brasil\" \/>\n<meta property=\"og:description\" content=\"|\u00a0Ag\u00eancia Cbic\u00a0| Membros da Comiss\u00e3o de Pol\u00edtica de Rela\u00e7\u00f5es Trabalhistas da C\u00e2mara Brasileira da Ind\u00fastria da Constru\u00e7\u00e3o (CPRT\/CBIC) de oito estados e mais o Distrito Federal conheceram na sexta-feira (18), no Sapiens Parque, em Florian\u00f3polis (SC), as instala\u00e7\u00f5es, os projetos e as solu\u00e7\u00f5es integradas desenvolvidas pelo ecossistema de inova\u00e7\u00e3o do Estado de Santa Catarina para [&hellip;]\" \/>\n<meta property=\"og:url\" content=\"https:\/\/seconci.com.br\/site\/2019\/10\/22\/setor-da-construcao-conhece-solucoes-integradas-para-a-industria\/\" \/>\n<meta property=\"og:site_name\" content=\"Seconci Brasil\" \/>\n<meta property=\"article:published_time\" content=\"2019-10-22T11:42:40+00:00\" \/>\n<meta property=\"og:image\" content=\"https:\/\/seconci.com.br\/site\/wp-content\/uploads\/2019\/10\/visitatecnica-18102019-NQ-48.jpg\" \/>\n\t<meta property=\"og:image:width\" content=\"2500\" \/>\n\t<meta property=\"og:image:height\" content=\"1667\" \/>\n\t<meta property=\"og:image:type\" content=\"image\/jpeg\" \/>\n<meta name=\"author\" content=\"Sidney Rocha\" \/>\n<meta name=\"twitter:card\" content=\"summary_large_image\" \/>\n<meta name=\"twitter:label1\" content=\"Escrito por\" \/>\n\t<meta name=\"twitter:data1\" content=\"Sidney Rocha\" \/>\n\t<meta name=\"twitter:label2\" content=\"Tempo estimado de leitura\" \/>\n\t<meta name=\"twitter:data2\" content=\"3 minutos\" \/>\n<script type=\"application\/ld+json\" class=\"yoast-schema-graph\">{\"@context\":\"https:\/\/schema.org\",\"@graph\":[{\"@type\":\"Article\",\"@id\":\"https:\/\/seconci.com.br\/site\/2019\/10\/22\/setor-da-construcao-conhece-solucoes-integradas-para-a-industria\/#article\",\"isPartOf\":{\"@id\":\"https:\/\/seconci.com.br\/site\/2019\/10\/22\/setor-da-construcao-conhece-solucoes-integradas-para-a-industria\/\"},\"author\":{\"name\":\"Sidney Rocha\",\"@id\":\"https:\/\/seconci.com.br\/site\/#\/schema\/person\/1d79afd97ddc8f2c68c1e88e298aa8e2\"},\"headline\":\"Setor da constru\u00e7\u00e3o conhece solu\u00e7\u00f5es integradas para a ind\u00fastria\",\"datePublished\":\"2019-10-22T11:42:40+00:00\",\"mainEntityOfPage\":{\"@id\":\"https:\/\/seconci.com.br\/site\/2019\/10\/22\/setor-da-construcao-conhece-solucoes-integradas-para-a-industria\/\"},\"wordCount\":659,\"publisher\":{\"@id\":\"https:\/\/seconci.com.br\/site\/#organization\"},\"image\":{\"@id\":\"https:\/\/seconci.com.br\/site\/2019\/10\/22\/setor-da-construcao-conhece-solucoes-integradas-para-a-industria\/#primaryimage\"},\"thumbnailUrl\":\"https:\/\/seconci.com.br\/site\/wp-content\/uploads\/2019\/10\/visitatecnica-18102019-NQ-48.jpg\",\"articleSection\":[\"Seconci Brasil\"],\"inLanguage\":\"pt-PT\"},{\"@type\":\"WebPage\",\"@id\":\"https:\/\/seconci.com.br\/site\/2019\/10\/22\/setor-da-construcao-conhece-solucoes-integradas-para-a-industria\/\",\"url\":\"https:\/\/seconci.com.br\/site\/2019\/10\/22\/setor-da-construcao-conhece-solucoes-integradas-para-a-industria\/\",\"name\":\"Setor da constru\u00e7\u00e3o conhece solu\u00e7\u00f5es integradas para a ind\u00fastria - Seconci Brasil\",\"isPartOf\":{\"@id\":\"https:\/\/seconci.com.br\/site\/#website\"},\"primaryImageOfPage\":{\"@id\":\"https:\/\/seconci.com.br\/site\/2019\/10\/22\/setor-da-construcao-conhece-solucoes-integradas-para-a-industria\/#primaryimage\"},\"image\":{\"@id\":\"https:\/\/seconci.com.br\/site\/2019\/10\/22\/setor-da-construcao-conhece-solucoes-integradas-para-a-industria\/#primaryimage\"},\"thumbnailUrl\":\"https:\/\/seconci.com.br\/site\/wp-content\/uploads\/2019\/10\/visitatecnica-18102019-NQ-48.jpg\",\"datePublished\":\"2019-10-22T11:42:40+00:00\",\"breadcrumb\":{\"@id\":\"https:\/\/seconci.com.br\/site\/2019\/10\/22\/setor-da-construcao-conhece-solucoes-integradas-para-a-industria\/#breadcrumb\"},\"inLanguage\":\"pt-PT\",\"potentialAction\":[{\"@type\":\"ReadAction\",\"target\":[\"https:\/\/seconci.com.br\/site\/2019\/10\/22\/setor-da-construcao-conhece-solucoes-integradas-para-a-industria\/\"]}]},{\"@type\":\"ImageObject\",\"inLanguage\":\"pt-PT\",\"@id\":\"https:\/\/seconci.com.br\/site\/2019\/10\/22\/setor-da-construcao-conhece-solucoes-integradas-para-a-industria\/#primaryimage\",\"url\":\"https:\/\/seconci.com.br\/site\/wp-content\/uploads\/2019\/10\/visitatecnica-18102019-NQ-48.jpg\",\"contentUrl\":\"https:\/\/seconci.com.br\/site\/wp-content\/uploads\/2019\/10\/visitatecnica-18102019-NQ-48.jpg\",\"width\":2500,\"height\":1667},{\"@type\":\"BreadcrumbList\",\"@id\":\"https:\/\/seconci.com.br\/site\/2019\/10\/22\/setor-da-construcao-conhece-solucoes-integradas-para-a-industria\/#breadcrumb\",\"itemListElement\":[{\"@type\":\"ListItem\",\"position\":1,\"name\":\"In\u00edcio\",\"item\":\"https:\/\/seconci.com.br\/site\/\"},{\"@type\":\"ListItem\",\"position\":2,\"name\":\"Setor da constru\u00e7\u00e3o conhece solu\u00e7\u00f5es integradas para a ind\u00fastria\"}]},{\"@type\":\"WebSite\",\"@id\":\"https:\/\/seconci.com.br\/site\/#website\",\"url\":\"https:\/\/seconci.com.br\/site\/\",\"name\":\"Seconci Brasil\",\"description\":\"\",\"publisher\":{\"@id\":\"https:\/\/seconci.com.br\/site\/#organization\"},\"potentialAction\":[{\"@type\":\"SearchAction\",\"target\":{\"@type\":\"EntryPoint\",\"urlTemplate\":\"https:\/\/seconci.com.br\/site\/?s={search_term_string}\"},\"query-input\":{\"@type\":\"PropertyValueSpecification\",\"valueRequired\":true,\"valueName\":\"search_term_string\"}}],\"inLanguage\":\"pt-PT\"},{\"@type\":\"Organization\",\"@id\":\"https:\/\/seconci.com.br\/site\/#organization\",\"name\":\"Seconci Brasil\",\"url\":\"https:\/\/seconci.com.br\/site\/\",\"logo\":{\"@type\":\"ImageObject\",\"inLanguage\":\"pt-PT\",\"@id\":\"https:\/\/seconci.com.br\/site\/#\/schema\/logo\/image\/\",\"url\":\"https:\/\/seconci.com.br\/site\/wp-content\/uploads\/2024\/08\/Logo-Seconci-Brasil-branca-2.png\",\"contentUrl\":\"https:\/\/seconci.com.br\/site\/wp-content\/uploads\/2024\/08\/Logo-Seconci-Brasil-branca-2.png\",\"width\":1315,\"height\":598,\"caption\":\"Seconci Brasil\"},\"image\":{\"@id\":\"https:\/\/seconci.com.br\/site\/#\/schema\/logo\/image\/\"}},{\"@type\":\"Person\",\"@id\":\"https:\/\/seconci.com.br\/site\/#\/schema\/person\/1d79afd97ddc8f2c68c1e88e298aa8e2\",\"name\":\"Sidney Rocha\",\"description\":\"Comunicador e estagi\u00e1rio do Seconci Brasil.\",\"url\":\"https:\/\/seconci.com.br\/site\/author\/sidney-rocha\/\"}]}<\/script>\n<!-- \/ Yoast SEO plugin. -->","yoast_head_json":{"title":"Setor da constru\u00e7\u00e3o conhece solu\u00e7\u00f5es integradas para a ind\u00fastria - Seconci Brasil","robots":{"index":"index","follow":"follow","max-snippet":"max-snippet:-1","max-image-preview":"max-image-preview:large","max-video-preview":"max-video-preview:-1"},"canonical":"https:\/\/seconci.com.br\/site\/2019\/10\/22\/setor-da-construcao-conhece-solucoes-integradas-para-a-industria\/","og_locale":"pt_PT","og_type":"article","og_title":"Setor da constru\u00e7\u00e3o conhece solu\u00e7\u00f5es integradas para a ind\u00fastria - Seconci Brasil","og_description":"|\u00a0Ag\u00eancia Cbic\u00a0| Membros da Comiss\u00e3o de Pol\u00edtica de Rela\u00e7\u00f5es Trabalhistas da C\u00e2mara Brasileira da Ind\u00fastria da Constru\u00e7\u00e3o (CPRT\/CBIC) de oito estados e mais o Distrito Federal conheceram na sexta-feira (18), no Sapiens Parque, em Florian\u00f3polis (SC), as instala\u00e7\u00f5es, os projetos e as solu\u00e7\u00f5es integradas desenvolvidas pelo ecossistema de inova\u00e7\u00e3o do Estado de Santa Catarina para [&hellip;]","og_url":"https:\/\/seconci.com.br\/site\/2019\/10\/22\/setor-da-construcao-conhece-solucoes-integradas-para-a-industria\/","og_site_name":"Seconci Brasil","article_published_time":"2019-10-22T11:42:40+00:00","og_image":[{"width":2500,"height":1667,"url":"https:\/\/seconci.com.br\/site\/wp-content\/uploads\/2019\/10\/visitatecnica-18102019-NQ-48.jpg","type":"image\/jpeg"}],"author":"Sidney Rocha","twitter_card":"summary_large_image","twitter_misc":{"Escrito por":"Sidney Rocha","Tempo estimado de leitura":"3 minutos"},"schema":{"@context":"https:\/\/schema.org","@graph":[{"@type":"Article","@id":"https:\/\/seconci.com.br\/site\/2019\/10\/22\/setor-da-construcao-conhece-solucoes-integradas-para-a-industria\/#article","isPartOf":{"@id":"https:\/\/seconci.com.br\/site\/2019\/10\/22\/setor-da-construcao-conhece-solucoes-integradas-para-a-industria\/"},"author":{"name":"Sidney Rocha","@id":"https:\/\/seconci.com.br\/site\/#\/schema\/person\/1d79afd97ddc8f2c68c1e88e298aa8e2"},"headline":"Setor da constru\u00e7\u00e3o conhece solu\u00e7\u00f5es integradas para a ind\u00fastria","datePublished":"2019-10-22T11:42:40+00:00","mainEntityOfPage":{"@id":"https:\/\/seconci.com.br\/site\/2019\/10\/22\/setor-da-construcao-conhece-solucoes-integradas-para-a-industria\/"},"wordCount":659,"publisher":{"@id":"https:\/\/seconci.com.br\/site\/#organization"},"image":{"@id":"https:\/\/seconci.com.br\/site\/2019\/10\/22\/setor-da-construcao-conhece-solucoes-integradas-para-a-industria\/#primaryimage"},"thumbnailUrl":"https:\/\/seconci.com.br\/site\/wp-content\/uploads\/2019\/10\/visitatecnica-18102019-NQ-48.jpg","articleSection":["Seconci Brasil"],"inLanguage":"pt-PT"},{"@type":"WebPage","@id":"https:\/\/seconci.com.br\/site\/2019\/10\/22\/setor-da-construcao-conhece-solucoes-integradas-para-a-industria\/","url":"https:\/\/seconci.com.br\/site\/2019\/10\/22\/setor-da-construcao-conhece-solucoes-integradas-para-a-industria\/","name":"Setor da constru\u00e7\u00e3o conhece solu\u00e7\u00f5es integradas para a ind\u00fastria - Seconci Brasil","isPartOf":{"@id":"https:\/\/seconci.com.br\/site\/#website"},"primaryImageOfPage":{"@id":"https:\/\/seconci.com.br\/site\/2019\/10\/22\/setor-da-construcao-conhece-solucoes-integradas-para-a-industria\/#primaryimage"},"image":{"@id":"https:\/\/seconci.com.br\/site\/2019\/10\/22\/setor-da-construcao-conhece-solucoes-integradas-para-a-industria\/#primaryimage"},"thumbnailUrl":"https:\/\/seconci.com.br\/site\/wp-content\/uploads\/2019\/10\/visitatecnica-18102019-NQ-48.jpg","datePublished":"2019-10-22T11:42:40+00:00","breadcrumb":{"@id":"https:\/\/seconci.com.br\/site\/2019\/10\/22\/setor-da-construcao-conhece-solucoes-integradas-para-a-industria\/#breadcrumb"},"inLanguage":"pt-PT","potentialAction":[{"@type":"ReadAction","target":["https:\/\/seconci.com.br\/site\/2019\/10\/22\/setor-da-construcao-conhece-solucoes-integradas-para-a-industria\/"]}]},{"@type":"ImageObject","inLanguage":"pt-PT","@id":"https:\/\/seconci.com.br\/site\/2019\/10\/22\/setor-da-construcao-conhece-solucoes-integradas-para-a-industria\/#primaryimage","url":"https:\/\/seconci.com.br\/site\/wp-content\/uploads\/2019\/10\/visitatecnica-18102019-NQ-48.jpg","contentUrl":"https:\/\/seconci.com.br\/site\/wp-content\/uploads\/2019\/10\/visitatecnica-18102019-NQ-48.jpg","width":2500,"height":1667},{"@type":"BreadcrumbList","@id":"https:\/\/seconci.com.br\/site\/2019\/10\/22\/setor-da-construcao-conhece-solucoes-integradas-para-a-industria\/#breadcrumb","itemListElement":[{"@type":"ListItem","position":1,"name":"In\u00edcio","item":"https:\/\/seconci.com.br\/site\/"},{"@type":"ListItem","position":2,"name":"Setor da constru\u00e7\u00e3o conhece solu\u00e7\u00f5es integradas para a ind\u00fastria"}]},{"@type":"WebSite","@id":"https:\/\/seconci.com.br\/site\/#website","url":"https:\/\/seconci.com.br\/site\/","name":"Seconci Brasil","description":"","publisher":{"@id":"https:\/\/seconci.com.br\/site\/#organization"},"potentialAction":[{"@type":"SearchAction","target":{"@type":"EntryPoint","urlTemplate":"https:\/\/seconci.com.br\/site\/?s={search_term_string}"},"query-input":{"@type":"PropertyValueSpecification","valueRequired":true,"valueName":"search_term_string"}}],"inLanguage":"pt-PT"},{"@type":"Organization","@id":"https:\/\/seconci.com.br\/site\/#organization","name":"Seconci Brasil","url":"https:\/\/seconci.com.br\/site\/","logo":{"@type":"ImageObject","inLanguage":"pt-PT","@id":"https:\/\/seconci.com.br\/site\/#\/schema\/logo\/image\/","url":"https:\/\/seconci.com.br\/site\/wp-content\/uploads\/2024\/08\/Logo-Seconci-Brasil-branca-2.png","contentUrl":"https:\/\/seconci.com.br\/site\/wp-content\/uploads\/2024\/08\/Logo-Seconci-Brasil-branca-2.png","width":1315,"height":598,"caption":"Seconci Brasil"},"image":{"@id":"https:\/\/seconci.com.br\/site\/#\/schema\/logo\/image\/"}},{"@type":"Person","@id":"https:\/\/seconci.com.br\/site\/#\/schema\/person\/1d79afd97ddc8f2c68c1e88e298aa8e2","name":"Sidney Rocha","description":"Comunicador e estagi\u00e1rio do Seconci Brasil.","url":"https:\/\/seconci.com.br\/site\/author\/sidney-rocha\/"}]}},"_links":{"self":[{"href":"https:\/\/seconci.com.br\/site\/wp-json\/wp\/v2\/posts\/8758","targetHints":{"allow":["GET"]}}],"collection":[{"href":"https:\/\/seconci.com.br\/site\/wp-json\/wp\/v2\/posts"}],"about":[{"href":"https:\/\/seconci.com.br\/site\/wp-json\/wp\/v2\/types\/post"}],"author":[{"embeddable":true,"href":"https:\/\/seconci.com.br\/site\/wp-json\/wp\/v2\/users\/3"}],"replies":[{"embeddable":true,"href":"https:\/\/seconci.com.br\/site\/wp-json\/wp\/v2\/comments?post=8758"}],"version-history":[{"count":0,"href":"https:\/\/seconci.com.br\/site\/wp-json\/wp\/v2\/posts\/8758\/revisions"}],"wp:featuredmedia":[{"embeddable":true,"href":"https:\/\/seconci.com.br\/site\/wp-json\/wp\/v2\/media\/8759"}],"wp:attachment":[{"href":"https:\/\/seconci.com.br\/site\/wp-json\/wp\/v2\/media?parent=8758"}],"wp:term":[{"taxonomy":"category","embeddable":true,"href":"https:\/\/seconci.com.br\/site\/wp-json\/wp\/v2\/categories?post=8758"},{"taxonomy":"post_tag","embeddable":true,"href":"https:\/\/seconci.com.br\/site\/wp-json\/wp\/v2\/tags?post=8758"}],"curies":[{"name":"wp","href":"https:\/\/api.w.org\/{rel}","templated":true}]}}