{"id":8765,"date":"2019-10-24T13:28:11","date_gmt":"2019-10-24T13:28:11","guid":{"rendered":"https:\/\/seconci.com.br\/site\/?p=8765"},"modified":"2019-10-24T13:28:11","modified_gmt":"2019-10-24T13:28:11","slug":"joao-pessoa-recebe-campanha-nacional-contra-acidentes-na-construcao","status":"publish","type":"post","link":"https:\/\/seconci.com.br\/site\/2019\/10\/24\/joao-pessoa-recebe-campanha-nacional-contra-acidentes-na-construcao\/","title":{"rendered":"Jo\u00e3o Pessoa recebe campanha nacional contra acidentes na constru\u00e7\u00e3o"},"content":{"rendered":"<p style=\"text-align: justify;\">| Ag\u00eancia Cbic |<\/p>\n<p style=\"text-align: justify;\">A C\u00e2mara Brasileira da Ind\u00fastria da Constru\u00e7\u00e3o (CBIC) e o Servi\u00e7o Social da Ind\u00fastria (Sesi Nacional) promovem na pr\u00f3xima sexta-feira, 1\u00ba de novembro, evento regional da Campanha Nacional de Preven\u00e7\u00e3o de Acidentes na Ind\u00fastria da Constru\u00e7\u00e3o \u2013 Canpat Constru\u00e7\u00e3o 2018\/2019, em Jo\u00e3o Pessoa, na Para\u00edba. A mobiliza\u00e7\u00e3o busca induzir maior redu\u00e7\u00e3o na incid\u00eancia de acidentes em canteiros de obras e tornar o ambiente de trabalho cada vez mais produtivo e seguro.<\/p>\n<p style=\"text-align: justify;\">Com o tema \u2018Mais preven\u00e7\u00e3o, menos quedas\u2019, esta edi\u00e7\u00e3o da Canpat Constru\u00e7\u00e3o ser\u00e1 realizada em parceria com o Sindicato da Ind\u00fastria da Constru\u00e7\u00e3o Civil de Jo\u00e3o Pessoa (Sinduscon-JP) na sede do Sinduscon-JP, das 8h \u00e0s 12h30, na sede da entidade, no bairro Tambauzinho.<\/p>\n<p style=\"text-align: justify;\">Ap\u00f3s o credenciamento e caf\u00e9 da manh\u00e3, ocorrer\u00e1 solenidade de abertura do evento, com a participa\u00e7\u00e3o do presidente da CBIC, Jos\u00e9 Carlos Martins, do presidente da Comiss\u00e3o de Pol\u00edtica de Rela\u00e7\u00f5es Trabalhistas (CPRT) da CBIC, Fernando Guedes Ferreira Filho, e do presidente do Sinduscon-JP, Jos\u00e9 William Montenegro Leal, entre outros convidados.<\/p>\n<p style=\"text-align: justify;\">Durante o encontro haver\u00e1:<\/p>\n<ul style=\"text-align: justify;\">\n<li>Apresenta\u00e7\u00e3o dos\u00a0<strong>resultados das a\u00e7\u00f5es pr\u00e9vias<\/strong>\u00a0realizadas nos canteiros de obra da cidade; e<\/li>\n<li>Entrega de\u00a0<strong>certificados \u00e0s empresas<\/strong>\u00a0que realizaram a\u00e7\u00f5es de sensibiliza\u00e7\u00e3o nos locais de trabalho.<\/li>\n<\/ul>\n<p style=\"text-align: justify;\">Em seguida, tr\u00eas especialistas v\u00e3o debater o tema\u00a0<strong>\u2018Preven\u00e7\u00e3o de Quedas por Trabalho em Altura\u2019<\/strong>\u00a0na constru\u00e7\u00e3o civil.<\/p>\n<p style=\"text-align: justify;\">Tamb\u00e9m haver\u00e1 apresenta\u00e7\u00f5es sobre o trabalho desenvolvido pela Associa\u00e7\u00e3o dos Servi\u00e7os Sociais da Ind\u00fastria da Constru\u00e7\u00e3o Civil dos Estados do Brasil (<strong>Seconci-Brasil<\/strong>), sobre a atualiza\u00e7\u00e3o e substitui\u00e7\u00e3o do Sistema de Escritura\u00e7\u00e3o Digital das Obriga\u00e7\u00f5es Fiscais, Previdenci\u00e1rias e Trabalhistas (<strong>eSocial<\/strong>) e sobre a Plataforma Digital para\u00a0<strong>Gest\u00e3o de Programas de Sa\u00fade e Seguran\u00e7a na Industria<\/strong>, pelo Sesi Para\u00edba.<\/p>\n<p style=\"text-align: justify;\">Criada h\u00e1 dois anos em Bras\u00edlia, a Canpat Constru\u00e7\u00e3o \u00e9 disseminada em todo o Brasil por meio de eventos regionais que visam \u00e0\u00a0<strong>conscientiza\u00e7\u00e3o dos empres\u00e1rios e o di\u00e1logo com integrantes do poder p\u00fablico em busca das boas pr\u00e1ticas de seguran\u00e7a do trabalho<\/strong>. A iniciativa da CBIC e do Sesi combina esfor\u00e7os com os principais atores da seguran\u00e7a e sa\u00fade do trabalho, como os Seconcis e os \u00f3rg\u00e3os de inspe\u00e7\u00e3o do trabalho.<\/p>\n<p style=\"text-align: justify;\">A Canpat Constru\u00e7\u00e3o tem interface com o projeto \u2018Realiza\u00e7\u00e3o de Eventos para Discutir e Disseminar a Import\u00e2ncia da Seguran\u00e7a e Sa\u00fade no Trabalho para o Setor e\/ou o Aprimoramento das Rela\u00e7\u00f5es de Trabalho na Ind\u00fastria da Constru\u00e7\u00e3o\u2019, iniciativa da CBIC com a correaliza\u00e7\u00e3o do Sesi Nacional.<\/p>\n<p style=\"text-align: justify;\"><strong><a href=\"https:\/\/docs.google.com\/forms\/d\/e\/1FAIpQLSfwmpsI4uGb1H9ASbyrR8AHnXXnOxCxDEmmrCL8boMj9BCjAg\/viewform\"><img fetchpriority=\"high\" decoding=\"async\" class=\"aligncenter wp-image-42390\" src=\"https:\/\/cbic.org.br\/wp-content\/uploads\/2019\/10\/CANPAT-Constru%C3%A7%C3%A3o-Jo%C3%A3o-Pessoa-Convite-com-Programa%C3%A7%C3%A3o-427x1024.jpg\" sizes=\"(max-width: 625px) 100vw, 625px\" srcset=\"https:\/\/cbic.org.br\/wp-content\/uploads\/2019\/10\/CANPAT-Constru\u00e7\u00e3o-Jo\u00e3o-Pessoa-Convite-com-Programa\u00e7\u00e3o-427x1024.jpg 427w, https:\/\/cbic.org.br\/wp-content\/uploads\/2019\/10\/CANPAT-Constru\u00e7\u00e3o-Jo\u00e3o-Pessoa-Convite-com-Programa\u00e7\u00e3o-125x300.jpg 125w, https:\/\/cbic.org.br\/wp-content\/uploads\/2019\/10\/CANPAT-Constru\u00e7\u00e3o-Jo\u00e3o-Pessoa-Convite-com-Programa\u00e7\u00e3o-768x1844.jpg 768w, https:\/\/cbic.org.br\/wp-content\/uploads\/2019\/10\/CANPAT-Constru\u00e7\u00e3o-Jo\u00e3o-Pessoa-Convite-com-Programa\u00e7\u00e3o-250x600.jpg 250w\" alt=\"\" width=\"625\" height=\"1500\" \/><\/a><\/strong><\/p>\n<p style=\"text-align: justify;\"><strong><br \/>\nServi\u00e7o<br \/>\n<\/strong>Campanha Nacional de Preven\u00e7\u00e3o de Acidentes na Ind\u00fastria da Constru\u00e7\u00e3o, em Jo\u00e3o Pessoa<strong><br \/>\n<\/strong>Data: 1\u00ba de novembro de 2019 (quinta-feira)<strong><br \/>\n<\/strong>Hor\u00e1rio: 08h00 \u00e0s 12h30<br \/>\nLocal: Sinduscon-JP<br \/>\nEndere\u00e7o: Rua Professor \u00c1lvaro Carvalho, 248 \u2013 Tambauzinho, Jo\u00e3o Pessoa-PB, 58042-010<\/p>\n<p style=\"text-align: justify;\"><strong>Como se inscrever?<br \/>\n<\/strong>Colaboradores de empresas associadas ao Sinduscon-JP podem fazer a\u00a0<a href=\"https:\/\/bit.ly\/31H6ck8\">inscri\u00e7\u00e3o gratuita<\/a>.<\/p>\n","protected":false},"excerpt":{"rendered":"<p>| Ag\u00eancia Cbic | A C\u00e2mara Brasileira da Ind\u00fastria da Constru\u00e7\u00e3o (CBIC) e o Servi\u00e7o Social da Ind\u00fastria (Sesi Nacional) promovem na pr\u00f3xima sexta-feira, 1\u00ba de novembro, evento regional da Campanha Nacional de Preven\u00e7\u00e3o de Acidentes na Ind\u00fastria da Constru\u00e7\u00e3o \u2013 Canpat Constru\u00e7\u00e3o 2018\/2019, em Jo\u00e3o Pessoa, na Para\u00edba. A mobiliza\u00e7\u00e3o busca induzir maior redu\u00e7\u00e3o [&hellip;]<\/p>\n","protected":false},"author":3,"featured_media":8766,"comment_status":"closed","ping_status":"closed","sticky":false,"template":"","format":"standard","meta":{"footnotes":""},"categories":[92],"tags":[],"class_list":["post-8765","post","type-post","status-publish","format-standard","has-post-thumbnail","hentry","category-seconci-brasil"],"yoast_head":"<!-- This site is optimized with the Yoast SEO plugin v26.9 - https:\/\/yoast.com\/product\/yoast-seo-wordpress\/ -->\n<title>Jo\u00e3o Pessoa recebe campanha nacional contra acidentes na constru\u00e7\u00e3o - Seconci Brasil<\/title>\n<meta name=\"robots\" content=\"index, follow, max-snippet:-1, max-image-preview:large, max-video-preview:-1\" \/>\n<link rel=\"canonical\" href=\"https:\/\/seconci.com.br\/site\/2019\/10\/24\/joao-pessoa-recebe-campanha-nacional-contra-acidentes-na-construcao\/\" \/>\n<meta property=\"og:locale\" content=\"pt_PT\" \/>\n<meta property=\"og:type\" content=\"article\" \/>\n<meta property=\"og:title\" content=\"Jo\u00e3o Pessoa recebe campanha nacional contra acidentes na constru\u00e7\u00e3o - Seconci Brasil\" \/>\n<meta property=\"og:description\" content=\"| Ag\u00eancia Cbic | A C\u00e2mara Brasileira da Ind\u00fastria da Constru\u00e7\u00e3o (CBIC) e o Servi\u00e7o Social da Ind\u00fastria (Sesi Nacional) promovem na pr\u00f3xima sexta-feira, 1\u00ba de novembro, evento regional da Campanha Nacional de Preven\u00e7\u00e3o de Acidentes na Ind\u00fastria da Constru\u00e7\u00e3o \u2013 Canpat Constru\u00e7\u00e3o 2018\/2019, em Jo\u00e3o Pessoa, na Para\u00edba. A mobiliza\u00e7\u00e3o busca induzir maior redu\u00e7\u00e3o [&hellip;]\" \/>\n<meta property=\"og:url\" content=\"https:\/\/seconci.com.br\/site\/2019\/10\/24\/joao-pessoa-recebe-campanha-nacional-contra-acidentes-na-construcao\/\" \/>\n<meta property=\"og:site_name\" content=\"Seconci Brasil\" \/>\n<meta property=\"article:published_time\" content=\"2019-10-24T13:28:11+00:00\" \/>\n<meta property=\"og:image\" content=\"https:\/\/seconci.com.br\/site\/wp-content\/uploads\/2019\/10\/CANPAT-Constru\u00e7\u00e3o-Jo\u00e3o-Pessoa.jpg\" \/>\n\t<meta property=\"og:image:width\" content=\"2500\" \/>\n\t<meta property=\"og:image:height\" content=\"1612\" \/>\n\t<meta property=\"og:image:type\" content=\"image\/jpeg\" \/>\n<meta name=\"author\" content=\"Sidney Rocha\" \/>\n<meta name=\"twitter:card\" content=\"summary_large_image\" \/>\n<meta name=\"twitter:label1\" content=\"Escrito por\" \/>\n\t<meta name=\"twitter:data1\" content=\"Sidney Rocha\" \/>\n\t<meta name=\"twitter:label2\" content=\"Tempo estimado de leitura\" \/>\n\t<meta name=\"twitter:data2\" content=\"3 minutos\" \/>\n<script type=\"application\/ld+json\" class=\"yoast-schema-graph\">{\"@context\":\"https:\/\/schema.org\",\"@graph\":[{\"@type\":\"Article\",\"@id\":\"https:\/\/seconci.com.br\/site\/2019\/10\/24\/joao-pessoa-recebe-campanha-nacional-contra-acidentes-na-construcao\/#article\",\"isPartOf\":{\"@id\":\"https:\/\/seconci.com.br\/site\/2019\/10\/24\/joao-pessoa-recebe-campanha-nacional-contra-acidentes-na-construcao\/\"},\"author\":{\"name\":\"Sidney Rocha\",\"@id\":\"https:\/\/seconci.com.br\/site\/#\/schema\/person\/1d79afd97ddc8f2c68c1e88e298aa8e2\"},\"headline\":\"Jo\u00e3o Pessoa recebe campanha nacional contra acidentes na constru\u00e7\u00e3o\",\"datePublished\":\"2019-10-24T13:28:11+00:00\",\"mainEntityOfPage\":{\"@id\":\"https:\/\/seconci.com.br\/site\/2019\/10\/24\/joao-pessoa-recebe-campanha-nacional-contra-acidentes-na-construcao\/\"},\"wordCount\":529,\"publisher\":{\"@id\":\"https:\/\/seconci.com.br\/site\/#organization\"},\"image\":{\"@id\":\"https:\/\/seconci.com.br\/site\/2019\/10\/24\/joao-pessoa-recebe-campanha-nacional-contra-acidentes-na-construcao\/#primaryimage\"},\"thumbnailUrl\":\"https:\/\/seconci.com.br\/site\/wp-content\/uploads\/2019\/10\/CANPAT-Constru\u00e7\u00e3o-Jo\u00e3o-Pessoa.jpg\",\"articleSection\":[\"Seconci Brasil\"],\"inLanguage\":\"pt-PT\"},{\"@type\":\"WebPage\",\"@id\":\"https:\/\/seconci.com.br\/site\/2019\/10\/24\/joao-pessoa-recebe-campanha-nacional-contra-acidentes-na-construcao\/\",\"url\":\"https:\/\/seconci.com.br\/site\/2019\/10\/24\/joao-pessoa-recebe-campanha-nacional-contra-acidentes-na-construcao\/\",\"name\":\"Jo\u00e3o Pessoa recebe campanha nacional contra acidentes na constru\u00e7\u00e3o - Seconci Brasil\",\"isPartOf\":{\"@id\":\"https:\/\/seconci.com.br\/site\/#website\"},\"primaryImageOfPage\":{\"@id\":\"https:\/\/seconci.com.br\/site\/2019\/10\/24\/joao-pessoa-recebe-campanha-nacional-contra-acidentes-na-construcao\/#primaryimage\"},\"image\":{\"@id\":\"https:\/\/seconci.com.br\/site\/2019\/10\/24\/joao-pessoa-recebe-campanha-nacional-contra-acidentes-na-construcao\/#primaryimage\"},\"thumbnailUrl\":\"https:\/\/seconci.com.br\/site\/wp-content\/uploads\/2019\/10\/CANPAT-Constru\u00e7\u00e3o-Jo\u00e3o-Pessoa.jpg\",\"datePublished\":\"2019-10-24T13:28:11+00:00\",\"breadcrumb\":{\"@id\":\"https:\/\/seconci.com.br\/site\/2019\/10\/24\/joao-pessoa-recebe-campanha-nacional-contra-acidentes-na-construcao\/#breadcrumb\"},\"inLanguage\":\"pt-PT\",\"potentialAction\":[{\"@type\":\"ReadAction\",\"target\":[\"https:\/\/seconci.com.br\/site\/2019\/10\/24\/joao-pessoa-recebe-campanha-nacional-contra-acidentes-na-construcao\/\"]}]},{\"@type\":\"ImageObject\",\"inLanguage\":\"pt-PT\",\"@id\":\"https:\/\/seconci.com.br\/site\/2019\/10\/24\/joao-pessoa-recebe-campanha-nacional-contra-acidentes-na-construcao\/#primaryimage\",\"url\":\"https:\/\/seconci.com.br\/site\/wp-content\/uploads\/2019\/10\/CANPAT-Constru\u00e7\u00e3o-Jo\u00e3o-Pessoa.jpg\",\"contentUrl\":\"https:\/\/seconci.com.br\/site\/wp-content\/uploads\/2019\/10\/CANPAT-Constru\u00e7\u00e3o-Jo\u00e3o-Pessoa.jpg\",\"width\":2500,\"height\":1612},{\"@type\":\"BreadcrumbList\",\"@id\":\"https:\/\/seconci.com.br\/site\/2019\/10\/24\/joao-pessoa-recebe-campanha-nacional-contra-acidentes-na-construcao\/#breadcrumb\",\"itemListElement\":[{\"@type\":\"ListItem\",\"position\":1,\"name\":\"In\u00edcio\",\"item\":\"https:\/\/seconci.com.br\/site\/\"},{\"@type\":\"ListItem\",\"position\":2,\"name\":\"Jo\u00e3o Pessoa recebe campanha nacional contra acidentes na constru\u00e7\u00e3o\"}]},{\"@type\":\"WebSite\",\"@id\":\"https:\/\/seconci.com.br\/site\/#website\",\"url\":\"https:\/\/seconci.com.br\/site\/\",\"name\":\"Seconci Brasil\",\"description\":\"\",\"publisher\":{\"@id\":\"https:\/\/seconci.com.br\/site\/#organization\"},\"potentialAction\":[{\"@type\":\"SearchAction\",\"target\":{\"@type\":\"EntryPoint\",\"urlTemplate\":\"https:\/\/seconci.com.br\/site\/?s={search_term_string}\"},\"query-input\":{\"@type\":\"PropertyValueSpecification\",\"valueRequired\":true,\"valueName\":\"search_term_string\"}}],\"inLanguage\":\"pt-PT\"},{\"@type\":\"Organization\",\"@id\":\"https:\/\/seconci.com.br\/site\/#organization\",\"name\":\"Seconci Brasil\",\"url\":\"https:\/\/seconci.com.br\/site\/\",\"logo\":{\"@type\":\"ImageObject\",\"inLanguage\":\"pt-PT\",\"@id\":\"https:\/\/seconci.com.br\/site\/#\/schema\/logo\/image\/\",\"url\":\"https:\/\/seconci.com.br\/site\/wp-content\/uploads\/2024\/08\/Logo-Seconci-Brasil-branca-2.png\",\"contentUrl\":\"https:\/\/seconci.com.br\/site\/wp-content\/uploads\/2024\/08\/Logo-Seconci-Brasil-branca-2.png\",\"width\":1315,\"height\":598,\"caption\":\"Seconci Brasil\"},\"image\":{\"@id\":\"https:\/\/seconci.com.br\/site\/#\/schema\/logo\/image\/\"}},{\"@type\":\"Person\",\"@id\":\"https:\/\/seconci.com.br\/site\/#\/schema\/person\/1d79afd97ddc8f2c68c1e88e298aa8e2\",\"name\":\"Sidney Rocha\",\"description\":\"Comunicador e estagi\u00e1rio do Seconci Brasil.\",\"url\":\"https:\/\/seconci.com.br\/site\/author\/sidney-rocha\/\"}]}<\/script>\n<!-- \/ Yoast SEO plugin. -->","yoast_head_json":{"title":"Jo\u00e3o Pessoa recebe campanha nacional contra acidentes na constru\u00e7\u00e3o - Seconci Brasil","robots":{"index":"index","follow":"follow","max-snippet":"max-snippet:-1","max-image-preview":"max-image-preview:large","max-video-preview":"max-video-preview:-1"},"canonical":"https:\/\/seconci.com.br\/site\/2019\/10\/24\/joao-pessoa-recebe-campanha-nacional-contra-acidentes-na-construcao\/","og_locale":"pt_PT","og_type":"article","og_title":"Jo\u00e3o Pessoa recebe campanha nacional contra acidentes na constru\u00e7\u00e3o - Seconci Brasil","og_description":"| Ag\u00eancia Cbic | A C\u00e2mara Brasileira da Ind\u00fastria da Constru\u00e7\u00e3o (CBIC) e o Servi\u00e7o Social da Ind\u00fastria (Sesi Nacional) promovem na pr\u00f3xima sexta-feira, 1\u00ba de novembro, evento regional da Campanha Nacional de Preven\u00e7\u00e3o de Acidentes na Ind\u00fastria da Constru\u00e7\u00e3o \u2013 Canpat Constru\u00e7\u00e3o 2018\/2019, em Jo\u00e3o Pessoa, na Para\u00edba. A mobiliza\u00e7\u00e3o busca induzir maior redu\u00e7\u00e3o [&hellip;]","og_url":"https:\/\/seconci.com.br\/site\/2019\/10\/24\/joao-pessoa-recebe-campanha-nacional-contra-acidentes-na-construcao\/","og_site_name":"Seconci Brasil","article_published_time":"2019-10-24T13:28:11+00:00","og_image":[{"width":2500,"height":1612,"url":"https:\/\/seconci.com.br\/site\/wp-content\/uploads\/2019\/10\/CANPAT-Constru\u00e7\u00e3o-Jo\u00e3o-Pessoa.jpg","type":"image\/jpeg"}],"author":"Sidney Rocha","twitter_card":"summary_large_image","twitter_misc":{"Escrito por":"Sidney Rocha","Tempo estimado de leitura":"3 minutos"},"schema":{"@context":"https:\/\/schema.org","@graph":[{"@type":"Article","@id":"https:\/\/seconci.com.br\/site\/2019\/10\/24\/joao-pessoa-recebe-campanha-nacional-contra-acidentes-na-construcao\/#article","isPartOf":{"@id":"https:\/\/seconci.com.br\/site\/2019\/10\/24\/joao-pessoa-recebe-campanha-nacional-contra-acidentes-na-construcao\/"},"author":{"name":"Sidney Rocha","@id":"https:\/\/seconci.com.br\/site\/#\/schema\/person\/1d79afd97ddc8f2c68c1e88e298aa8e2"},"headline":"Jo\u00e3o Pessoa recebe campanha nacional contra acidentes na constru\u00e7\u00e3o","datePublished":"2019-10-24T13:28:11+00:00","mainEntityOfPage":{"@id":"https:\/\/seconci.com.br\/site\/2019\/10\/24\/joao-pessoa-recebe-campanha-nacional-contra-acidentes-na-construcao\/"},"wordCount":529,"publisher":{"@id":"https:\/\/seconci.com.br\/site\/#organization"},"image":{"@id":"https:\/\/seconci.com.br\/site\/2019\/10\/24\/joao-pessoa-recebe-campanha-nacional-contra-acidentes-na-construcao\/#primaryimage"},"thumbnailUrl":"https:\/\/seconci.com.br\/site\/wp-content\/uploads\/2019\/10\/CANPAT-Constru\u00e7\u00e3o-Jo\u00e3o-Pessoa.jpg","articleSection":["Seconci Brasil"],"inLanguage":"pt-PT"},{"@type":"WebPage","@id":"https:\/\/seconci.com.br\/site\/2019\/10\/24\/joao-pessoa-recebe-campanha-nacional-contra-acidentes-na-construcao\/","url":"https:\/\/seconci.com.br\/site\/2019\/10\/24\/joao-pessoa-recebe-campanha-nacional-contra-acidentes-na-construcao\/","name":"Jo\u00e3o Pessoa recebe campanha nacional contra acidentes na constru\u00e7\u00e3o - Seconci Brasil","isPartOf":{"@id":"https:\/\/seconci.com.br\/site\/#website"},"primaryImageOfPage":{"@id":"https:\/\/seconci.com.br\/site\/2019\/10\/24\/joao-pessoa-recebe-campanha-nacional-contra-acidentes-na-construcao\/#primaryimage"},"image":{"@id":"https:\/\/seconci.com.br\/site\/2019\/10\/24\/joao-pessoa-recebe-campanha-nacional-contra-acidentes-na-construcao\/#primaryimage"},"thumbnailUrl":"https:\/\/seconci.com.br\/site\/wp-content\/uploads\/2019\/10\/CANPAT-Constru\u00e7\u00e3o-Jo\u00e3o-Pessoa.jpg","datePublished":"2019-10-24T13:28:11+00:00","breadcrumb":{"@id":"https:\/\/seconci.com.br\/site\/2019\/10\/24\/joao-pessoa-recebe-campanha-nacional-contra-acidentes-na-construcao\/#breadcrumb"},"inLanguage":"pt-PT","potentialAction":[{"@type":"ReadAction","target":["https:\/\/seconci.com.br\/site\/2019\/10\/24\/joao-pessoa-recebe-campanha-nacional-contra-acidentes-na-construcao\/"]}]},{"@type":"ImageObject","inLanguage":"pt-PT","@id":"https:\/\/seconci.com.br\/site\/2019\/10\/24\/joao-pessoa-recebe-campanha-nacional-contra-acidentes-na-construcao\/#primaryimage","url":"https:\/\/seconci.com.br\/site\/wp-content\/uploads\/2019\/10\/CANPAT-Constru\u00e7\u00e3o-Jo\u00e3o-Pessoa.jpg","contentUrl":"https:\/\/seconci.com.br\/site\/wp-content\/uploads\/2019\/10\/CANPAT-Constru\u00e7\u00e3o-Jo\u00e3o-Pessoa.jpg","width":2500,"height":1612},{"@type":"BreadcrumbList","@id":"https:\/\/seconci.com.br\/site\/2019\/10\/24\/joao-pessoa-recebe-campanha-nacional-contra-acidentes-na-construcao\/#breadcrumb","itemListElement":[{"@type":"ListItem","position":1,"name":"In\u00edcio","item":"https:\/\/seconci.com.br\/site\/"},{"@type":"ListItem","position":2,"name":"Jo\u00e3o Pessoa recebe campanha nacional contra acidentes na constru\u00e7\u00e3o"}]},{"@type":"WebSite","@id":"https:\/\/seconci.com.br\/site\/#website","url":"https:\/\/seconci.com.br\/site\/","name":"Seconci Brasil","description":"","publisher":{"@id":"https:\/\/seconci.com.br\/site\/#organization"},"potentialAction":[{"@type":"SearchAction","target":{"@type":"EntryPoint","urlTemplate":"https:\/\/seconci.com.br\/site\/?s={search_term_string}"},"query-input":{"@type":"PropertyValueSpecification","valueRequired":true,"valueName":"search_term_string"}}],"inLanguage":"pt-PT"},{"@type":"Organization","@id":"https:\/\/seconci.com.br\/site\/#organization","name":"Seconci Brasil","url":"https:\/\/seconci.com.br\/site\/","logo":{"@type":"ImageObject","inLanguage":"pt-PT","@id":"https:\/\/seconci.com.br\/site\/#\/schema\/logo\/image\/","url":"https:\/\/seconci.com.br\/site\/wp-content\/uploads\/2024\/08\/Logo-Seconci-Brasil-branca-2.png","contentUrl":"https:\/\/seconci.com.br\/site\/wp-content\/uploads\/2024\/08\/Logo-Seconci-Brasil-branca-2.png","width":1315,"height":598,"caption":"Seconci Brasil"},"image":{"@id":"https:\/\/seconci.com.br\/site\/#\/schema\/logo\/image\/"}},{"@type":"Person","@id":"https:\/\/seconci.com.br\/site\/#\/schema\/person\/1d79afd97ddc8f2c68c1e88e298aa8e2","name":"Sidney Rocha","description":"Comunicador e estagi\u00e1rio do Seconci Brasil.","url":"https:\/\/seconci.com.br\/site\/author\/sidney-rocha\/"}]}},"_links":{"self":[{"href":"https:\/\/seconci.com.br\/site\/wp-json\/wp\/v2\/posts\/8765","targetHints":{"allow":["GET"]}}],"collection":[{"href":"https:\/\/seconci.com.br\/site\/wp-json\/wp\/v2\/posts"}],"about":[{"href":"https:\/\/seconci.com.br\/site\/wp-json\/wp\/v2\/types\/post"}],"author":[{"embeddable":true,"href":"https:\/\/seconci.com.br\/site\/wp-json\/wp\/v2\/users\/3"}],"replies":[{"embeddable":true,"href":"https:\/\/seconci.com.br\/site\/wp-json\/wp\/v2\/comments?post=8765"}],"version-history":[{"count":0,"href":"https:\/\/seconci.com.br\/site\/wp-json\/wp\/v2\/posts\/8765\/revisions"}],"wp:featuredmedia":[{"embeddable":true,"href":"https:\/\/seconci.com.br\/site\/wp-json\/wp\/v2\/media\/8766"}],"wp:attachment":[{"href":"https:\/\/seconci.com.br\/site\/wp-json\/wp\/v2\/media?parent=8765"}],"wp:term":[{"taxonomy":"category","embeddable":true,"href":"https:\/\/seconci.com.br\/site\/wp-json\/wp\/v2\/categories?post=8765"},{"taxonomy":"post_tag","embeddable":true,"href":"https:\/\/seconci.com.br\/site\/wp-json\/wp\/v2\/tags?post=8765"}],"curies":[{"name":"wp","href":"https:\/\/api.w.org\/{rel}","templated":true}]}}