{"id":8768,"date":"2019-10-24T13:30:28","date_gmt":"2019-10-24T13:30:28","guid":{"rendered":"https:\/\/seconci.com.br\/site\/?p=8768"},"modified":"2019-10-24T13:31:16","modified_gmt":"2019-10-24T13:31:16","slug":"8768","status":"publish","type":"post","link":"https:\/\/seconci.com.br\/site\/2019\/10\/24\/8768\/","title":{"rendered":"A\u00e7\u00f5es nos canteiros de obra antecedem evento da CANPAT Constru\u00e7\u00e3o de Jo\u00e3o Pessoa"},"content":{"rendered":"<p style=\"text-align: justify;\">| <strong><em>Ag\u00eancia Cbic<\/em><\/strong> |<\/p>\n<p style=\"text-align: justify;\">Os canteiros de obra de Jo\u00e3o Pessoa, Para\u00edba, est\u00e3o recebendo, no per\u00edodo de 07 a 25 de outubro, as a\u00e7\u00f5es de sensibiliza\u00e7\u00e3o da Campanha Nacional de Preven\u00e7\u00e3o de Acidentes na Ind\u00fastria da Constru\u00e7\u00e3o, a \u201cCANPAT Constru\u00e7\u00e3o 2018-2019 \u2013 Mais Preven\u00e7\u00e3o, Menos Queda\u2019.<\/p>\n<p style=\"text-align: justify;\">O objetivo \u00e9 conscientizar profissionais e empresas para a preven\u00e7\u00e3o de acidentes de trabalho na ind\u00fastria da constru\u00e7\u00e3o, tornando o ambiente de trabalho cada vez mais produtivo e seguro. At\u00e9 o dia 22 de outubro foram visitadas 15 obras, com participa\u00e7\u00e3o de mais de 900 trabalhadores. A meta do Sinduscon-JP \u00e9 alcan\u00e7ar mil trabalhadores at\u00e9 o dia do evento da CANPAT Constru\u00e7\u00e3o na regi\u00e3o.<\/p>\n<p style=\"text-align: justify;\">As a\u00e7\u00f5es contam com a participa\u00e7\u00e3o da engenheira de Seguran\u00e7a do Trabalho do Seconci-DF, Juliana Moreira de Oliveira, representando a C\u00e2mara Brasileira da Ind\u00fastria da Constru\u00e7\u00e3o (CBIC); do engenheiro de seguran\u00e7a do trabalho do Sinduscon-JP, Daniel Cordeiro. \u201dDurante as a\u00e7\u00f5es de sensibiliza\u00e7\u00e3o, foram disseminados conte\u00fados para os trabalhadores e gestores que executam as atividades nos canteiros de obras da nossa grande Jo\u00e3o Pessoa. Tudo come\u00e7a com educa\u00e7\u00e3o, conscientiza\u00e7\u00e3o e disciplina, assim nossa meta para um futuro pr\u00f3ximo \u00e9 chegar a zero acidente de trabalho\u201d, disse Daniel.<\/p>\n<p style=\"text-align: justify;\"><img fetchpriority=\"high\" decoding=\"async\" class=\"size-full wp-image-3919 aligncenter\" src=\"http:\/\/www.seconci-df.org.br\/wp-content\/uploads\/2019\/10\/WhatsApp-Image-2019-10-24-at-09.56.41.jpeg\" sizes=\"(max-width: 1024px) 100vw, 1024px\" srcset=\"http:\/\/www.seconci-df.org.br\/wp-content\/uploads\/2019\/10\/WhatsApp-Image-2019-10-24-at-09.56.41.jpeg 1024w, http:\/\/www.seconci-df.org.br\/wp-content\/uploads\/2019\/10\/WhatsApp-Image-2019-10-24-at-09.56.41-300x225.jpeg 300w, http:\/\/www.seconci-df.org.br\/wp-content\/uploads\/2019\/10\/WhatsApp-Image-2019-10-24-at-09.56.41-768x576.jpeg 768w, http:\/\/www.seconci-df.org.br\/wp-content\/uploads\/2019\/10\/WhatsApp-Image-2019-10-24-at-09.56.41-400x300.jpeg 400w\" alt=\"\" width=\"1024\" height=\"768\" \/><\/p>\n<p style=\"text-align: justify;\">Foi apresentada a Campanha aos trabalhadores, destacando que ela se trata de uma iniciativa da CBIC, do Servi\u00e7o Social da Ind\u00fastria (SESI), do Sindicato da Ind\u00fastria da Constru\u00e7\u00e3o Civil de Jo\u00e3o Pessoa (Sinduscon-JP), da Associa\u00e7\u00e3o de Seconcis (Seconci Brasil), e da Fiscaliza\u00e7\u00e3o do Trabalho.<\/p>\n<p style=\"text-align: justify;\">Correalizador da CANPAT Constru\u00e7\u00e3o, o SESI da Para\u00edba participou das a\u00e7\u00f5es por meio dos seus profissionais de seguran\u00e7a do trabalho Erivan G. da Silva e S\u00e1vio Freire. As palestras apresentadas falaram sobre a import\u00e2ncia da utiliza\u00e7\u00e3o dos equipamentos de prote\u00e7\u00e3o individual (EPIs) e coletiva (EPCs) adequados, da sinaliza\u00e7\u00e3o, da realiza\u00e7\u00e3o de treinamentos, do cumprimento dos procedimentos operacionais, entre outros, para a preven\u00e7\u00e3o de acidentes de quedas por trabalho em altura, tema da Campanha. Segundo o T\u00e9cnico de Seguran\u00e7a Erivan, a CANPAT Constru\u00e7ao nos remete a um n\u00edvel mais alto no que se diz respeito a preven\u00e7\u00e3o de quedas em altura, onde a dissemina\u00e7\u00e3o do conhecimento e lembran\u00e7a dos conceitos pelos trabalhadores nos apontam caminhos de avan\u00e7os quanto a conscientiza\u00e7\u00e3o destes nos canteiros de obras de Jo\u00e3o Pessoa, proporcionando assim mais preven\u00e7\u00e3o e menos queda e mais avan\u00e7os na produtividade.<\/p>\n<p style=\"text-align: justify;\">O primeiro canteiro a receber a a\u00e7\u00e3o da CANPAT Constru\u00e7\u00e3o em Jo\u00e3o Pessoa foi o Grupo CONSERPA ENGER. Para o engenheiro civil da empresa, Andr\u00e9 Medeiros Honorato, a Campanha \u00e9 uma iniciativa de extrema import\u00e2ncia para a constru\u00e7\u00e3o civil. \u201cDurante o processo de constru\u00e7\u00e3o, o local de trabalho est\u00e1 em constante transforma\u00e7\u00e3o o que gera v\u00e1rias situa\u00e7\u00f5es de risco de acidentes. A reuni\u00e3o foi bastante proveitosa para os nossos colaboradores, a conversa descontra\u00edda, juntamente com v\u00eddeos e ilustra\u00e7\u00f5es prenderam bem a aten\u00e7\u00e3o de todos os presentes do in\u00edcio ao fim. Tenho certeza que todos absorveram a mensagem que a reuni\u00e3o pretendia passar\u201d, falou Andr\u00e9.<\/p>\n<p style=\"text-align: justify;\">Para o t\u00e9cnico de seguran\u00e7a da MRV Constru\u00e7\u00f5es, Fabiano Oliveira da Costa, a CANPAT Constru\u00e7\u00e3o veio em um \u00f3timo momento. \u201cCom o novo m\u00e9todo construtivo os nossos colaboradores est\u00e3o sempre expostos a risco de queda, diante da din\u00e2mica da obra a palestra foi de extrema import\u00e2ncia para tirar as d\u00favidas, trazer novas informa\u00e7\u00f5es e orienta\u00e7\u00e3o para os colaboradores dos riscos de queda\u201d, disse Fabiano.<\/p>\n<p style=\"text-align: justify;\">Receberam a\u00e7\u00f5es at\u00e9 o dia 22 de outubro, al\u00e9m do Grupo CONSERPA ENGER e da MRV Constru\u00e7\u00f5es Ltda, as seguintes empresas: Alliance Wellington Barreto Constru\u00e7\u00f5es SPE Ltda; Delta Engenharia Ltda; Imperial Constru\u00e7\u00f5es Ltda; Construtora Tropical Ltda; FCK Engenharia Ltda; ABC Constru\u00e7\u00f5es Ltda; Atlantis \u2013 Planejamento e Constru\u00e7\u00f5es Ltda; Equil\u00edbrio Construtora Ltda; Massai Constru\u00e7\u00f5es Incorpora\u00e7\u00f5es e Participa\u00e7\u00f5es Ltda; Construtora Everest Ltda; Sanco Engenharia \u2013 Eireli; Construtora Oceania \u2013 Eireli e Construtora Litoral Ltda.<\/p>\n<p style=\"text-align: justify;\"><strong>CANPAT Constru\u00e7\u00e3o de Jo\u00e3o Pessoa \u2013 1\u00ba de novembro<\/strong><\/p>\n<p style=\"text-align: justify;\">As a\u00e7\u00f5es nos canteiros de obras antecedem a realiza\u00e7\u00e3o do evento regional da CANPAT Constru\u00e7\u00e3o de Jo\u00e3o Pessoa, que ser\u00e1 realizado no dia 1\u00ba de novembro, das 8h \u00e0s 12h30, na sede do Sinduscon-JP. No encontro, ser\u00e3o tratados os temas preven\u00e7\u00e3o de quedas por trabalho em altura e atualiza\u00e7\u00e3o e substitui\u00e7\u00e3o do e-Social. Tamb\u00e9m ser\u00e3o apresentados a plataforma digital para gest\u00e3o de programas de sa\u00fade e seguran\u00e7a na ind\u00fastria.<\/p>\n<p style=\"text-align: justify;\">Durante o evento, ser\u00e3o entregues os certificados \u00e0s empresas que realizaram a\u00e7\u00f5es de sensibiliza\u00e7\u00e3o nos canteiros de obras.\u00a0 Al\u00e9m disso, ser\u00e3o apresentados os resultados das A\u00e7\u00f5es\u00a0 realizadas nos canteiros de Jo\u00e3o Pessoa e regi\u00e3o.<\/p>\n","protected":false},"excerpt":{"rendered":"<p>| Ag\u00eancia Cbic | Os canteiros de obra de Jo\u00e3o Pessoa, Para\u00edba, est\u00e3o recebendo, no per\u00edodo de 07 a 25 de outubro, as a\u00e7\u00f5es de sensibiliza\u00e7\u00e3o da Campanha Nacional de Preven\u00e7\u00e3o de Acidentes na Ind\u00fastria da Constru\u00e7\u00e3o, a \u201cCANPAT Constru\u00e7\u00e3o 2018-2019 \u2013 Mais Preven\u00e7\u00e3o, Menos Queda\u2019. O objetivo \u00e9 conscientizar profissionais e empresas para a [&hellip;]<\/p>\n","protected":false},"author":3,"featured_media":8769,"comment_status":"closed","ping_status":"closed","sticky":false,"template":"","format":"standard","meta":{"footnotes":""},"categories":[92],"tags":[],"class_list":["post-8768","post","type-post","status-publish","format-standard","has-post-thumbnail","hentry","category-seconci-brasil"],"yoast_head":"<!-- This site is optimized with the Yoast SEO plugin v26.9 - https:\/\/yoast.com\/product\/yoast-seo-wordpress\/ -->\n<title>A\u00e7\u00f5es nos canteiros de obra antecedem evento da CANPAT Constru\u00e7\u00e3o de Jo\u00e3o Pessoa - Seconci Brasil<\/title>\n<meta name=\"robots\" content=\"index, follow, max-snippet:-1, max-image-preview:large, max-video-preview:-1\" \/>\n<link rel=\"canonical\" href=\"https:\/\/seconci.com.br\/site\/2019\/10\/24\/8768\/\" \/>\n<meta property=\"og:locale\" content=\"pt_PT\" \/>\n<meta property=\"og:type\" content=\"article\" \/>\n<meta property=\"og:title\" content=\"A\u00e7\u00f5es nos canteiros de obra antecedem evento da CANPAT Constru\u00e7\u00e3o de Jo\u00e3o Pessoa - Seconci Brasil\" \/>\n<meta property=\"og:description\" content=\"| Ag\u00eancia Cbic | Os canteiros de obra de Jo\u00e3o Pessoa, Para\u00edba, est\u00e3o recebendo, no per\u00edodo de 07 a 25 de outubro, as a\u00e7\u00f5es de sensibiliza\u00e7\u00e3o da Campanha Nacional de Preven\u00e7\u00e3o de Acidentes na Ind\u00fastria da Constru\u00e7\u00e3o, a \u201cCANPAT Constru\u00e7\u00e3o 2018-2019 \u2013 Mais Preven\u00e7\u00e3o, Menos Queda\u2019. O objetivo \u00e9 conscientizar profissionais e empresas para a [&hellip;]\" \/>\n<meta property=\"og:url\" content=\"https:\/\/seconci.com.br\/site\/2019\/10\/24\/8768\/\" \/>\n<meta property=\"og:site_name\" content=\"Seconci Brasil\" \/>\n<meta property=\"article:published_time\" content=\"2019-10-24T13:30:28+00:00\" \/>\n<meta property=\"article:modified_time\" content=\"2019-10-24T13:31:16+00:00\" \/>\n<meta property=\"og:image\" content=\"https:\/\/seconci.com.br\/site\/wp-content\/uploads\/2019\/10\/canpat-JP.jpeg\" \/>\n\t<meta property=\"og:image:width\" content=\"1280\" \/>\n\t<meta property=\"og:image:height\" content=\"960\" \/>\n\t<meta property=\"og:image:type\" content=\"image\/jpeg\" \/>\n<meta name=\"author\" content=\"Sidney Rocha\" \/>\n<meta name=\"twitter:card\" content=\"summary_large_image\" \/>\n<meta name=\"twitter:label1\" content=\"Escrito por\" \/>\n\t<meta name=\"twitter:data1\" content=\"Sidney Rocha\" \/>\n\t<meta name=\"twitter:label2\" content=\"Tempo estimado de leitura\" \/>\n\t<meta name=\"twitter:data2\" content=\"4 minutos\" \/>\n<script type=\"application\/ld+json\" class=\"yoast-schema-graph\">{\"@context\":\"https:\/\/schema.org\",\"@graph\":[{\"@type\":\"Article\",\"@id\":\"https:\/\/seconci.com.br\/site\/2019\/10\/24\/8768\/#article\",\"isPartOf\":{\"@id\":\"https:\/\/seconci.com.br\/site\/2019\/10\/24\/8768\/\"},\"author\":{\"name\":\"Sidney Rocha\",\"@id\":\"https:\/\/seconci.com.br\/site\/#\/schema\/person\/1d79afd97ddc8f2c68c1e88e298aa8e2\"},\"headline\":\"A\u00e7\u00f5es nos canteiros de obra antecedem evento da CANPAT Constru\u00e7\u00e3o de Jo\u00e3o Pessoa\",\"datePublished\":\"2019-10-24T13:30:28+00:00\",\"dateModified\":\"2019-10-24T13:31:16+00:00\",\"mainEntityOfPage\":{\"@id\":\"https:\/\/seconci.com.br\/site\/2019\/10\/24\/8768\/\"},\"wordCount\":854,\"publisher\":{\"@id\":\"https:\/\/seconci.com.br\/site\/#organization\"},\"image\":{\"@id\":\"https:\/\/seconci.com.br\/site\/2019\/10\/24\/8768\/#primaryimage\"},\"thumbnailUrl\":\"https:\/\/seconci.com.br\/site\/wp-content\/uploads\/2019\/10\/canpat-JP.jpeg\",\"articleSection\":[\"Seconci Brasil\"],\"inLanguage\":\"pt-PT\"},{\"@type\":\"WebPage\",\"@id\":\"https:\/\/seconci.com.br\/site\/2019\/10\/24\/8768\/\",\"url\":\"https:\/\/seconci.com.br\/site\/2019\/10\/24\/8768\/\",\"name\":\"A\u00e7\u00f5es nos canteiros de obra antecedem evento da CANPAT Constru\u00e7\u00e3o de Jo\u00e3o Pessoa - Seconci Brasil\",\"isPartOf\":{\"@id\":\"https:\/\/seconci.com.br\/site\/#website\"},\"primaryImageOfPage\":{\"@id\":\"https:\/\/seconci.com.br\/site\/2019\/10\/24\/8768\/#primaryimage\"},\"image\":{\"@id\":\"https:\/\/seconci.com.br\/site\/2019\/10\/24\/8768\/#primaryimage\"},\"thumbnailUrl\":\"https:\/\/seconci.com.br\/site\/wp-content\/uploads\/2019\/10\/canpat-JP.jpeg\",\"datePublished\":\"2019-10-24T13:30:28+00:00\",\"dateModified\":\"2019-10-24T13:31:16+00:00\",\"breadcrumb\":{\"@id\":\"https:\/\/seconci.com.br\/site\/2019\/10\/24\/8768\/#breadcrumb\"},\"inLanguage\":\"pt-PT\",\"potentialAction\":[{\"@type\":\"ReadAction\",\"target\":[\"https:\/\/seconci.com.br\/site\/2019\/10\/24\/8768\/\"]}]},{\"@type\":\"ImageObject\",\"inLanguage\":\"pt-PT\",\"@id\":\"https:\/\/seconci.com.br\/site\/2019\/10\/24\/8768\/#primaryimage\",\"url\":\"https:\/\/seconci.com.br\/site\/wp-content\/uploads\/2019\/10\/canpat-JP.jpeg\",\"contentUrl\":\"https:\/\/seconci.com.br\/site\/wp-content\/uploads\/2019\/10\/canpat-JP.jpeg\",\"width\":1280,\"height\":960},{\"@type\":\"BreadcrumbList\",\"@id\":\"https:\/\/seconci.com.br\/site\/2019\/10\/24\/8768\/#breadcrumb\",\"itemListElement\":[{\"@type\":\"ListItem\",\"position\":1,\"name\":\"In\u00edcio\",\"item\":\"https:\/\/seconci.com.br\/site\/\"},{\"@type\":\"ListItem\",\"position\":2,\"name\":\"A\u00e7\u00f5es nos canteiros de obra antecedem evento da CANPAT Constru\u00e7\u00e3o de Jo\u00e3o Pessoa\"}]},{\"@type\":\"WebSite\",\"@id\":\"https:\/\/seconci.com.br\/site\/#website\",\"url\":\"https:\/\/seconci.com.br\/site\/\",\"name\":\"Seconci Brasil\",\"description\":\"\",\"publisher\":{\"@id\":\"https:\/\/seconci.com.br\/site\/#organization\"},\"potentialAction\":[{\"@type\":\"SearchAction\",\"target\":{\"@type\":\"EntryPoint\",\"urlTemplate\":\"https:\/\/seconci.com.br\/site\/?s={search_term_string}\"},\"query-input\":{\"@type\":\"PropertyValueSpecification\",\"valueRequired\":true,\"valueName\":\"search_term_string\"}}],\"inLanguage\":\"pt-PT\"},{\"@type\":\"Organization\",\"@id\":\"https:\/\/seconci.com.br\/site\/#organization\",\"name\":\"Seconci Brasil\",\"url\":\"https:\/\/seconci.com.br\/site\/\",\"logo\":{\"@type\":\"ImageObject\",\"inLanguage\":\"pt-PT\",\"@id\":\"https:\/\/seconci.com.br\/site\/#\/schema\/logo\/image\/\",\"url\":\"https:\/\/seconci.com.br\/site\/wp-content\/uploads\/2024\/08\/Logo-Seconci-Brasil-branca-2.png\",\"contentUrl\":\"https:\/\/seconci.com.br\/site\/wp-content\/uploads\/2024\/08\/Logo-Seconci-Brasil-branca-2.png\",\"width\":1315,\"height\":598,\"caption\":\"Seconci Brasil\"},\"image\":{\"@id\":\"https:\/\/seconci.com.br\/site\/#\/schema\/logo\/image\/\"}},{\"@type\":\"Person\",\"@id\":\"https:\/\/seconci.com.br\/site\/#\/schema\/person\/1d79afd97ddc8f2c68c1e88e298aa8e2\",\"name\":\"Sidney Rocha\",\"description\":\"Comunicador e estagi\u00e1rio do Seconci Brasil.\",\"url\":\"https:\/\/seconci.com.br\/site\/author\/sidney-rocha\/\"}]}<\/script>\n<!-- \/ Yoast SEO plugin. -->","yoast_head_json":{"title":"A\u00e7\u00f5es nos canteiros de obra antecedem evento da CANPAT Constru\u00e7\u00e3o de Jo\u00e3o Pessoa - Seconci Brasil","robots":{"index":"index","follow":"follow","max-snippet":"max-snippet:-1","max-image-preview":"max-image-preview:large","max-video-preview":"max-video-preview:-1"},"canonical":"https:\/\/seconci.com.br\/site\/2019\/10\/24\/8768\/","og_locale":"pt_PT","og_type":"article","og_title":"A\u00e7\u00f5es nos canteiros de obra antecedem evento da CANPAT Constru\u00e7\u00e3o de Jo\u00e3o Pessoa - Seconci Brasil","og_description":"| Ag\u00eancia Cbic | Os canteiros de obra de Jo\u00e3o Pessoa, Para\u00edba, est\u00e3o recebendo, no per\u00edodo de 07 a 25 de outubro, as a\u00e7\u00f5es de sensibiliza\u00e7\u00e3o da Campanha Nacional de Preven\u00e7\u00e3o de Acidentes na Ind\u00fastria da Constru\u00e7\u00e3o, a \u201cCANPAT Constru\u00e7\u00e3o 2018-2019 \u2013 Mais Preven\u00e7\u00e3o, Menos Queda\u2019. O objetivo \u00e9 conscientizar profissionais e empresas para a [&hellip;]","og_url":"https:\/\/seconci.com.br\/site\/2019\/10\/24\/8768\/","og_site_name":"Seconci Brasil","article_published_time":"2019-10-24T13:30:28+00:00","article_modified_time":"2019-10-24T13:31:16+00:00","og_image":[{"width":1280,"height":960,"url":"https:\/\/seconci.com.br\/site\/wp-content\/uploads\/2019\/10\/canpat-JP.jpeg","type":"image\/jpeg"}],"author":"Sidney Rocha","twitter_card":"summary_large_image","twitter_misc":{"Escrito por":"Sidney Rocha","Tempo estimado de leitura":"4 minutos"},"schema":{"@context":"https:\/\/schema.org","@graph":[{"@type":"Article","@id":"https:\/\/seconci.com.br\/site\/2019\/10\/24\/8768\/#article","isPartOf":{"@id":"https:\/\/seconci.com.br\/site\/2019\/10\/24\/8768\/"},"author":{"name":"Sidney Rocha","@id":"https:\/\/seconci.com.br\/site\/#\/schema\/person\/1d79afd97ddc8f2c68c1e88e298aa8e2"},"headline":"A\u00e7\u00f5es nos canteiros de obra antecedem evento da CANPAT Constru\u00e7\u00e3o de Jo\u00e3o Pessoa","datePublished":"2019-10-24T13:30:28+00:00","dateModified":"2019-10-24T13:31:16+00:00","mainEntityOfPage":{"@id":"https:\/\/seconci.com.br\/site\/2019\/10\/24\/8768\/"},"wordCount":854,"publisher":{"@id":"https:\/\/seconci.com.br\/site\/#organization"},"image":{"@id":"https:\/\/seconci.com.br\/site\/2019\/10\/24\/8768\/#primaryimage"},"thumbnailUrl":"https:\/\/seconci.com.br\/site\/wp-content\/uploads\/2019\/10\/canpat-JP.jpeg","articleSection":["Seconci Brasil"],"inLanguage":"pt-PT"},{"@type":"WebPage","@id":"https:\/\/seconci.com.br\/site\/2019\/10\/24\/8768\/","url":"https:\/\/seconci.com.br\/site\/2019\/10\/24\/8768\/","name":"A\u00e7\u00f5es nos canteiros de obra antecedem evento da CANPAT Constru\u00e7\u00e3o de Jo\u00e3o Pessoa - Seconci Brasil","isPartOf":{"@id":"https:\/\/seconci.com.br\/site\/#website"},"primaryImageOfPage":{"@id":"https:\/\/seconci.com.br\/site\/2019\/10\/24\/8768\/#primaryimage"},"image":{"@id":"https:\/\/seconci.com.br\/site\/2019\/10\/24\/8768\/#primaryimage"},"thumbnailUrl":"https:\/\/seconci.com.br\/site\/wp-content\/uploads\/2019\/10\/canpat-JP.jpeg","datePublished":"2019-10-24T13:30:28+00:00","dateModified":"2019-10-24T13:31:16+00:00","breadcrumb":{"@id":"https:\/\/seconci.com.br\/site\/2019\/10\/24\/8768\/#breadcrumb"},"inLanguage":"pt-PT","potentialAction":[{"@type":"ReadAction","target":["https:\/\/seconci.com.br\/site\/2019\/10\/24\/8768\/"]}]},{"@type":"ImageObject","inLanguage":"pt-PT","@id":"https:\/\/seconci.com.br\/site\/2019\/10\/24\/8768\/#primaryimage","url":"https:\/\/seconci.com.br\/site\/wp-content\/uploads\/2019\/10\/canpat-JP.jpeg","contentUrl":"https:\/\/seconci.com.br\/site\/wp-content\/uploads\/2019\/10\/canpat-JP.jpeg","width":1280,"height":960},{"@type":"BreadcrumbList","@id":"https:\/\/seconci.com.br\/site\/2019\/10\/24\/8768\/#breadcrumb","itemListElement":[{"@type":"ListItem","position":1,"name":"In\u00edcio","item":"https:\/\/seconci.com.br\/site\/"},{"@type":"ListItem","position":2,"name":"A\u00e7\u00f5es nos canteiros de obra antecedem evento da CANPAT Constru\u00e7\u00e3o de Jo\u00e3o Pessoa"}]},{"@type":"WebSite","@id":"https:\/\/seconci.com.br\/site\/#website","url":"https:\/\/seconci.com.br\/site\/","name":"Seconci Brasil","description":"","publisher":{"@id":"https:\/\/seconci.com.br\/site\/#organization"},"potentialAction":[{"@type":"SearchAction","target":{"@type":"EntryPoint","urlTemplate":"https:\/\/seconci.com.br\/site\/?s={search_term_string}"},"query-input":{"@type":"PropertyValueSpecification","valueRequired":true,"valueName":"search_term_string"}}],"inLanguage":"pt-PT"},{"@type":"Organization","@id":"https:\/\/seconci.com.br\/site\/#organization","name":"Seconci Brasil","url":"https:\/\/seconci.com.br\/site\/","logo":{"@type":"ImageObject","inLanguage":"pt-PT","@id":"https:\/\/seconci.com.br\/site\/#\/schema\/logo\/image\/","url":"https:\/\/seconci.com.br\/site\/wp-content\/uploads\/2024\/08\/Logo-Seconci-Brasil-branca-2.png","contentUrl":"https:\/\/seconci.com.br\/site\/wp-content\/uploads\/2024\/08\/Logo-Seconci-Brasil-branca-2.png","width":1315,"height":598,"caption":"Seconci Brasil"},"image":{"@id":"https:\/\/seconci.com.br\/site\/#\/schema\/logo\/image\/"}},{"@type":"Person","@id":"https:\/\/seconci.com.br\/site\/#\/schema\/person\/1d79afd97ddc8f2c68c1e88e298aa8e2","name":"Sidney Rocha","description":"Comunicador e estagi\u00e1rio do Seconci Brasil.","url":"https:\/\/seconci.com.br\/site\/author\/sidney-rocha\/"}]}},"_links":{"self":[{"href":"https:\/\/seconci.com.br\/site\/wp-json\/wp\/v2\/posts\/8768","targetHints":{"allow":["GET"]}}],"collection":[{"href":"https:\/\/seconci.com.br\/site\/wp-json\/wp\/v2\/posts"}],"about":[{"href":"https:\/\/seconci.com.br\/site\/wp-json\/wp\/v2\/types\/post"}],"author":[{"embeddable":true,"href":"https:\/\/seconci.com.br\/site\/wp-json\/wp\/v2\/users\/3"}],"replies":[{"embeddable":true,"href":"https:\/\/seconci.com.br\/site\/wp-json\/wp\/v2\/comments?post=8768"}],"version-history":[{"count":0,"href":"https:\/\/seconci.com.br\/site\/wp-json\/wp\/v2\/posts\/8768\/revisions"}],"wp:featuredmedia":[{"embeddable":true,"href":"https:\/\/seconci.com.br\/site\/wp-json\/wp\/v2\/media\/8769"}],"wp:attachment":[{"href":"https:\/\/seconci.com.br\/site\/wp-json\/wp\/v2\/media?parent=8768"}],"wp:term":[{"taxonomy":"category","embeddable":true,"href":"https:\/\/seconci.com.br\/site\/wp-json\/wp\/v2\/categories?post=8768"},{"taxonomy":"post_tag","embeddable":true,"href":"https:\/\/seconci.com.br\/site\/wp-json\/wp\/v2\/tags?post=8768"}],"curies":[{"name":"wp","href":"https:\/\/api.w.org\/{rel}","templated":true}]}}