{"id":8782,"date":"2019-10-29T13:04:10","date_gmt":"2019-10-29T13:04:10","guid":{"rendered":"https:\/\/seconci.com.br\/site\/?p=8782"},"modified":"2019-10-29T13:04:10","modified_gmt":"2019-10-29T13:04:10","slug":"seconci-sp-como-se-proteger-das-caries","status":"publish","type":"post","link":"https:\/\/seconci.com.br\/site\/2019\/10\/29\/seconci-sp-como-se-proteger-das-caries\/","title":{"rendered":"Seconci-SP: como se proteger das c\u00e1ries"},"content":{"rendered":"<p style=\"text-align: justify;\"><em>Doen\u00e7a multifatorial pode ser prevenida com higiene bucal e alimenta\u00e7\u00e3o saud\u00e1vel<\/em><\/p>\n<p style=\"text-align: justify;\">| <strong>Assessoria de Comunica\u00e7\u00e3o Social do Seconci-SP<\/strong> |<\/p>\n<p style=\"text-align: justify;\">Segunda doen\u00e7a mais comum do mundo depois do resfriado, a c\u00e1rie \u00e9 uma deteriora\u00e7\u00e3o dos dentes, provocada principalmente por m\u00e1 higiene da boca e que pode ser perfeitamente prevenida. \u00c9 o que relata a dentista do Seconci-SP Vanessa Alves, por ocasi\u00e3o do Dia Nacional da Sa\u00fade Bucal, ocorrido em 25 de outubro.<\/p>\n<p style=\"text-align: justify;\">\u201cA boca \u00e9 repleta de bact\u00e9rias, que em condi\u00e7\u00f5es normais de sa\u00fade bucal est\u00e3o em equil\u00edbrio. Mas sem uma higiene adequada, forma-se uma placa constitu\u00edda por estas bact\u00e9rias e carboidratos (a\u00e7\u00facar e amido) provenientes da alimenta\u00e7\u00e3o, formando um biofilme que envolve os dentes. Quando essas bact\u00e9rias se multiplicam, produzem \u00e1cidos que corroem as estruturas dentais\u201d, explica a dra. Vanessa.<\/p>\n<p style=\"text-align: justify;\">Segundo a dentista, o aumento de c\u00e1ries pode estar associado ao baixo fluxo de saliva, a qual contribui para o equil\u00edbrio do PH neutro da regi\u00e3o e devolve minerais aos dentes. \u201cPor isso, a xerostomia, que \u00e9 a redu\u00e7\u00e3o da quantidade de saliva, pode levar a maior incid\u00eancia de c\u00e1rie. Essa redu\u00e7\u00e3o pode ocorrer pelo uso de medicamentos, como antidepressivos, antiem\u00e9ticos, sedativos e tratamento de radioterapia e quimioterapia\u201d, afirma.<\/p>\n<p style=\"text-align: justify;\">Por ser a c\u00e1rie uma doen\u00e7a multifatorial, a higiene bucal regular ap\u00f3s as refei\u00e7\u00f5es \u00e9 a forma de preven\u00e7\u00e3o mais importante, incluindo boa escova\u00e7\u00e3o dos dentes e da l\u00edngua, e uso correto do fio dental. Al\u00e9m disso, \u00e9 fundamental uma alimenta\u00e7\u00e3o saud\u00e1vel e equilibrada, sem excessos de carboidrato e a\u00e7\u00facar. A dra. Vanessa tamb\u00e9m recomenda a visita ao dentista a cada seis meses para avalia\u00e7\u00e3o.<\/p>\n<p style=\"text-align: justify;\">\u201cA cura \u00e9 relacionada \u00e0 profundidade da les\u00e3o, podendo ser por procedimentos de restaura\u00e7\u00e3o, de tratamento do canal ou, em casos mais extremos, pela extra\u00e7\u00e3o do dente\u201d, informa a dra. Vanessa. \u201cPor isso, a melhor solu\u00e7\u00e3o \u00e9 preveni-la\u201d, completa.<\/p>\n<p style=\"text-align: justify;\">No Seconci-SP, os trabalhadores e seus familiares contam com toda a estrutura laboratorial e profissionais de diferentes especialidades dentro da odontologia para a realiza\u00e7\u00e3o de exames e tratamentos. A entidade disp\u00f5e tamb\u00e9m de unidades odontol\u00f3gicas m\u00f3veis que, quando solicitadas pelas empresas, v\u00e3o at\u00e9 o canteiro de obra e realizam avalia\u00e7\u00f5es e procedimentos simples.<\/p>\n","protected":false},"excerpt":{"rendered":"<p>Doen\u00e7a multifatorial pode ser prevenida com higiene bucal e alimenta\u00e7\u00e3o saud\u00e1vel | Assessoria de Comunica\u00e7\u00e3o Social do Seconci-SP | Segunda doen\u00e7a mais comum do mundo depois do resfriado, a c\u00e1rie \u00e9 uma deteriora\u00e7\u00e3o dos dentes, provocada principalmente por m\u00e1 higiene da boca e que pode ser perfeitamente prevenida. \u00c9 o que relata a dentista do [&hellip;]<\/p>\n","protected":false},"author":3,"featured_media":0,"comment_status":"closed","ping_status":"closed","sticky":false,"template":"","format":"standard","meta":{"footnotes":""},"categories":[87],"tags":[],"class_list":["post-8782","post","type-post","status-publish","format-standard","hentry","category-seconci-sao-paulo"],"yoast_head":"<!-- This site is optimized with the Yoast SEO plugin v26.9 - https:\/\/yoast.com\/product\/yoast-seo-wordpress\/ -->\n<title>Seconci-SP: como se proteger das c\u00e1ries - Seconci Brasil<\/title>\n<meta name=\"robots\" content=\"index, follow, max-snippet:-1, max-image-preview:large, max-video-preview:-1\" \/>\n<link rel=\"canonical\" href=\"https:\/\/seconci.com.br\/site\/2019\/10\/29\/seconci-sp-como-se-proteger-das-caries\/\" \/>\n<meta property=\"og:locale\" content=\"pt_PT\" \/>\n<meta property=\"og:type\" content=\"article\" \/>\n<meta property=\"og:title\" content=\"Seconci-SP: como se proteger das c\u00e1ries - Seconci Brasil\" \/>\n<meta property=\"og:description\" content=\"Doen\u00e7a multifatorial pode ser prevenida com higiene bucal e alimenta\u00e7\u00e3o saud\u00e1vel | Assessoria de Comunica\u00e7\u00e3o Social do Seconci-SP | Segunda doen\u00e7a mais comum do mundo depois do resfriado, a c\u00e1rie \u00e9 uma deteriora\u00e7\u00e3o dos dentes, provocada principalmente por m\u00e1 higiene da boca e que pode ser perfeitamente prevenida. \u00c9 o que relata a dentista do [&hellip;]\" \/>\n<meta property=\"og:url\" content=\"https:\/\/seconci.com.br\/site\/2019\/10\/29\/seconci-sp-como-se-proteger-das-caries\/\" \/>\n<meta property=\"og:site_name\" content=\"Seconci Brasil\" \/>\n<meta property=\"article:published_time\" content=\"2019-10-29T13:04:10+00:00\" \/>\n<meta name=\"author\" content=\"Sidney Rocha\" \/>\n<meta name=\"twitter:card\" content=\"summary_large_image\" \/>\n<meta name=\"twitter:label1\" content=\"Escrito por\" \/>\n\t<meta name=\"twitter:data1\" content=\"Sidney Rocha\" \/>\n\t<meta name=\"twitter:label2\" content=\"Tempo estimado de leitura\" \/>\n\t<meta name=\"twitter:data2\" content=\"2 minutos\" \/>\n<script type=\"application\/ld+json\" class=\"yoast-schema-graph\">{\"@context\":\"https:\/\/schema.org\",\"@graph\":[{\"@type\":\"Article\",\"@id\":\"https:\/\/seconci.com.br\/site\/2019\/10\/29\/seconci-sp-como-se-proteger-das-caries\/#article\",\"isPartOf\":{\"@id\":\"https:\/\/seconci.com.br\/site\/2019\/10\/29\/seconci-sp-como-se-proteger-das-caries\/\"},\"author\":{\"name\":\"Sidney Rocha\",\"@id\":\"https:\/\/seconci.com.br\/site\/#\/schema\/person\/1d79afd97ddc8f2c68c1e88e298aa8e2\"},\"headline\":\"Seconci-SP: como se proteger das c\u00e1ries\",\"datePublished\":\"2019-10-29T13:04:10+00:00\",\"mainEntityOfPage\":{\"@id\":\"https:\/\/seconci.com.br\/site\/2019\/10\/29\/seconci-sp-como-se-proteger-das-caries\/\"},\"wordCount\":402,\"publisher\":{\"@id\":\"https:\/\/seconci.com.br\/site\/#organization\"},\"articleSection\":[\"Seconci S\u00e3o Paulo\"],\"inLanguage\":\"pt-PT\"},{\"@type\":\"WebPage\",\"@id\":\"https:\/\/seconci.com.br\/site\/2019\/10\/29\/seconci-sp-como-se-proteger-das-caries\/\",\"url\":\"https:\/\/seconci.com.br\/site\/2019\/10\/29\/seconci-sp-como-se-proteger-das-caries\/\",\"name\":\"Seconci-SP: como se proteger das c\u00e1ries - Seconci Brasil\",\"isPartOf\":{\"@id\":\"https:\/\/seconci.com.br\/site\/#website\"},\"datePublished\":\"2019-10-29T13:04:10+00:00\",\"breadcrumb\":{\"@id\":\"https:\/\/seconci.com.br\/site\/2019\/10\/29\/seconci-sp-como-se-proteger-das-caries\/#breadcrumb\"},\"inLanguage\":\"pt-PT\",\"potentialAction\":[{\"@type\":\"ReadAction\",\"target\":[\"https:\/\/seconci.com.br\/site\/2019\/10\/29\/seconci-sp-como-se-proteger-das-caries\/\"]}]},{\"@type\":\"BreadcrumbList\",\"@id\":\"https:\/\/seconci.com.br\/site\/2019\/10\/29\/seconci-sp-como-se-proteger-das-caries\/#breadcrumb\",\"itemListElement\":[{\"@type\":\"ListItem\",\"position\":1,\"name\":\"In\u00edcio\",\"item\":\"https:\/\/seconci.com.br\/site\/\"},{\"@type\":\"ListItem\",\"position\":2,\"name\":\"Seconci-SP: como se proteger das c\u00e1ries\"}]},{\"@type\":\"WebSite\",\"@id\":\"https:\/\/seconci.com.br\/site\/#website\",\"url\":\"https:\/\/seconci.com.br\/site\/\",\"name\":\"Seconci Brasil\",\"description\":\"\",\"publisher\":{\"@id\":\"https:\/\/seconci.com.br\/site\/#organization\"},\"potentialAction\":[{\"@type\":\"SearchAction\",\"target\":{\"@type\":\"EntryPoint\",\"urlTemplate\":\"https:\/\/seconci.com.br\/site\/?s={search_term_string}\"},\"query-input\":{\"@type\":\"PropertyValueSpecification\",\"valueRequired\":true,\"valueName\":\"search_term_string\"}}],\"inLanguage\":\"pt-PT\"},{\"@type\":\"Organization\",\"@id\":\"https:\/\/seconci.com.br\/site\/#organization\",\"name\":\"Seconci Brasil\",\"url\":\"https:\/\/seconci.com.br\/site\/\",\"logo\":{\"@type\":\"ImageObject\",\"inLanguage\":\"pt-PT\",\"@id\":\"https:\/\/seconci.com.br\/site\/#\/schema\/logo\/image\/\",\"url\":\"https:\/\/seconci.com.br\/site\/wp-content\/uploads\/2024\/08\/Logo-Seconci-Brasil-branca-2.png\",\"contentUrl\":\"https:\/\/seconci.com.br\/site\/wp-content\/uploads\/2024\/08\/Logo-Seconci-Brasil-branca-2.png\",\"width\":1315,\"height\":598,\"caption\":\"Seconci Brasil\"},\"image\":{\"@id\":\"https:\/\/seconci.com.br\/site\/#\/schema\/logo\/image\/\"}},{\"@type\":\"Person\",\"@id\":\"https:\/\/seconci.com.br\/site\/#\/schema\/person\/1d79afd97ddc8f2c68c1e88e298aa8e2\",\"name\":\"Sidney Rocha\",\"description\":\"Comunicador e estagi\u00e1rio do Seconci Brasil.\",\"url\":\"https:\/\/seconci.com.br\/site\/author\/sidney-rocha\/\"}]}<\/script>\n<!-- \/ Yoast SEO plugin. -->","yoast_head_json":{"title":"Seconci-SP: como se proteger das c\u00e1ries - Seconci Brasil","robots":{"index":"index","follow":"follow","max-snippet":"max-snippet:-1","max-image-preview":"max-image-preview:large","max-video-preview":"max-video-preview:-1"},"canonical":"https:\/\/seconci.com.br\/site\/2019\/10\/29\/seconci-sp-como-se-proteger-das-caries\/","og_locale":"pt_PT","og_type":"article","og_title":"Seconci-SP: como se proteger das c\u00e1ries - Seconci Brasil","og_description":"Doen\u00e7a multifatorial pode ser prevenida com higiene bucal e alimenta\u00e7\u00e3o saud\u00e1vel | Assessoria de Comunica\u00e7\u00e3o Social do Seconci-SP | Segunda doen\u00e7a mais comum do mundo depois do resfriado, a c\u00e1rie \u00e9 uma deteriora\u00e7\u00e3o dos dentes, provocada principalmente por m\u00e1 higiene da boca e que pode ser perfeitamente prevenida. \u00c9 o que relata a dentista do [&hellip;]","og_url":"https:\/\/seconci.com.br\/site\/2019\/10\/29\/seconci-sp-como-se-proteger-das-caries\/","og_site_name":"Seconci Brasil","article_published_time":"2019-10-29T13:04:10+00:00","author":"Sidney Rocha","twitter_card":"summary_large_image","twitter_misc":{"Escrito por":"Sidney Rocha","Tempo estimado de leitura":"2 minutos"},"schema":{"@context":"https:\/\/schema.org","@graph":[{"@type":"Article","@id":"https:\/\/seconci.com.br\/site\/2019\/10\/29\/seconci-sp-como-se-proteger-das-caries\/#article","isPartOf":{"@id":"https:\/\/seconci.com.br\/site\/2019\/10\/29\/seconci-sp-como-se-proteger-das-caries\/"},"author":{"name":"Sidney Rocha","@id":"https:\/\/seconci.com.br\/site\/#\/schema\/person\/1d79afd97ddc8f2c68c1e88e298aa8e2"},"headline":"Seconci-SP: como se proteger das c\u00e1ries","datePublished":"2019-10-29T13:04:10+00:00","mainEntityOfPage":{"@id":"https:\/\/seconci.com.br\/site\/2019\/10\/29\/seconci-sp-como-se-proteger-das-caries\/"},"wordCount":402,"publisher":{"@id":"https:\/\/seconci.com.br\/site\/#organization"},"articleSection":["Seconci S\u00e3o Paulo"],"inLanguage":"pt-PT"},{"@type":"WebPage","@id":"https:\/\/seconci.com.br\/site\/2019\/10\/29\/seconci-sp-como-se-proteger-das-caries\/","url":"https:\/\/seconci.com.br\/site\/2019\/10\/29\/seconci-sp-como-se-proteger-das-caries\/","name":"Seconci-SP: como se proteger das c\u00e1ries - Seconci Brasil","isPartOf":{"@id":"https:\/\/seconci.com.br\/site\/#website"},"datePublished":"2019-10-29T13:04:10+00:00","breadcrumb":{"@id":"https:\/\/seconci.com.br\/site\/2019\/10\/29\/seconci-sp-como-se-proteger-das-caries\/#breadcrumb"},"inLanguage":"pt-PT","potentialAction":[{"@type":"ReadAction","target":["https:\/\/seconci.com.br\/site\/2019\/10\/29\/seconci-sp-como-se-proteger-das-caries\/"]}]},{"@type":"BreadcrumbList","@id":"https:\/\/seconci.com.br\/site\/2019\/10\/29\/seconci-sp-como-se-proteger-das-caries\/#breadcrumb","itemListElement":[{"@type":"ListItem","position":1,"name":"In\u00edcio","item":"https:\/\/seconci.com.br\/site\/"},{"@type":"ListItem","position":2,"name":"Seconci-SP: como se proteger das c\u00e1ries"}]},{"@type":"WebSite","@id":"https:\/\/seconci.com.br\/site\/#website","url":"https:\/\/seconci.com.br\/site\/","name":"Seconci Brasil","description":"","publisher":{"@id":"https:\/\/seconci.com.br\/site\/#organization"},"potentialAction":[{"@type":"SearchAction","target":{"@type":"EntryPoint","urlTemplate":"https:\/\/seconci.com.br\/site\/?s={search_term_string}"},"query-input":{"@type":"PropertyValueSpecification","valueRequired":true,"valueName":"search_term_string"}}],"inLanguage":"pt-PT"},{"@type":"Organization","@id":"https:\/\/seconci.com.br\/site\/#organization","name":"Seconci Brasil","url":"https:\/\/seconci.com.br\/site\/","logo":{"@type":"ImageObject","inLanguage":"pt-PT","@id":"https:\/\/seconci.com.br\/site\/#\/schema\/logo\/image\/","url":"https:\/\/seconci.com.br\/site\/wp-content\/uploads\/2024\/08\/Logo-Seconci-Brasil-branca-2.png","contentUrl":"https:\/\/seconci.com.br\/site\/wp-content\/uploads\/2024\/08\/Logo-Seconci-Brasil-branca-2.png","width":1315,"height":598,"caption":"Seconci Brasil"},"image":{"@id":"https:\/\/seconci.com.br\/site\/#\/schema\/logo\/image\/"}},{"@type":"Person","@id":"https:\/\/seconci.com.br\/site\/#\/schema\/person\/1d79afd97ddc8f2c68c1e88e298aa8e2","name":"Sidney Rocha","description":"Comunicador e estagi\u00e1rio do Seconci Brasil.","url":"https:\/\/seconci.com.br\/site\/author\/sidney-rocha\/"}]}},"_links":{"self":[{"href":"https:\/\/seconci.com.br\/site\/wp-json\/wp\/v2\/posts\/8782","targetHints":{"allow":["GET"]}}],"collection":[{"href":"https:\/\/seconci.com.br\/site\/wp-json\/wp\/v2\/posts"}],"about":[{"href":"https:\/\/seconci.com.br\/site\/wp-json\/wp\/v2\/types\/post"}],"author":[{"embeddable":true,"href":"https:\/\/seconci.com.br\/site\/wp-json\/wp\/v2\/users\/3"}],"replies":[{"embeddable":true,"href":"https:\/\/seconci.com.br\/site\/wp-json\/wp\/v2\/comments?post=8782"}],"version-history":[{"count":0,"href":"https:\/\/seconci.com.br\/site\/wp-json\/wp\/v2\/posts\/8782\/revisions"}],"wp:attachment":[{"href":"https:\/\/seconci.com.br\/site\/wp-json\/wp\/v2\/media?parent=8782"}],"wp:term":[{"taxonomy":"category","embeddable":true,"href":"https:\/\/seconci.com.br\/site\/wp-json\/wp\/v2\/categories?post=8782"},{"taxonomy":"post_tag","embeddable":true,"href":"https:\/\/seconci.com.br\/site\/wp-json\/wp\/v2\/tags?post=8782"}],"curies":[{"name":"wp","href":"https:\/\/api.w.org\/{rel}","templated":true}]}}