{"id":8808,"date":"2019-11-07T11:53:06","date_gmt":"2019-11-07T11:53:06","guid":{"rendered":"https:\/\/seconci.com.br\/site\/?p=8808"},"modified":"2019-11-07T11:56:32","modified_gmt":"2019-11-07T11:56:32","slug":"construcao-premia-melhores-praticas-em-seguranca-e-saude-no-trabalho","status":"publish","type":"post","link":"https:\/\/seconci.com.br\/site\/2019\/11\/07\/construcao-premia-melhores-praticas-em-seguranca-e-saude-no-trabalho\/","title":{"rendered":"Constru\u00e7\u00e3o premia melhores pr\u00e1ticas em Seguran\u00e7a e Sa\u00fade no Trabalho"},"content":{"rendered":"<p style=\"text-align: justify;\">Acontece na noite desta quarta-feira (6), na sede do Servi\u00e7o Social da Constru\u00e7\u00e3o Civil do Estado de S\u00e3o Paulo (Seconci-SP), em S\u00e3o Paulo, a cerim\u00f3nia de entrega dA 6\u00aa edi\u00e7\u00e3o do\u00a0\u2018Pr\u00eamio Seconci-SP de Sa\u00fade e Seguran\u00e7a do Trabalho\u2019.<\/p>\n<p style=\"text-align: justify;\">Dirigido \u00e0s empresas da constru\u00e7\u00e3o civil, a premia\u00e7\u00e3o visa\u00a0<strong>identificar e valorizar as melhores pr\u00e1ticas em Sa\u00fade e Seguran\u00e7a do Trabalho em canteiros de obras\u00a0<\/strong>de edifica\u00e7\u00f5es (residenciais, comerciais, industriais, esportivas, portu\u00e1rias, aeroportu\u00e1rias, educacionais e hospitalares) e obras de arte (pontes e viadutos) localizadas no Estado de S\u00e3o Paulo.<\/p>\n<p style=\"text-align: justify;\">Visando incentivar a participa\u00e7\u00e3o de empresas de todos os portes, o Estado foi dividido em sete regi\u00f5es, portanto os cases inscritos concorrer\u00e3o somente com projetos de sua regi\u00e3o. O pr\u00eamio ser\u00e1 concedido \u00e0s categorias:<\/p>\n<ul>\n<li style=\"text-align: justify;\"><strong>Controle de Riscos no Canteiro<\/strong>\u00a0\u2013 Iniciativas, de car\u00e1ter inovador, em prol da seguran\u00e7a dos trabalhadores<\/li>\n<li style=\"text-align: justify;\"><strong>Controle da Sa\u00fade no Canteiro<\/strong>\u00a0\u2013 Pr\u00e1ticas, de car\u00e1ter inovador, relativas \u00e0 promo\u00e7\u00e3o, preven\u00e7\u00e3o e manuten\u00e7\u00e3o da sa\u00fade coletiva dos trabalhadores<\/li>\n<li style=\"text-align: justify;\"><strong>Gerenciamento Ambiental do Entorno da Obra<\/strong>\u00a0\u2013 A\u00e7\u00f5es diferenciadas para minimizar\/reduzir os transtornos causados na circunvizinhan\u00e7a da obra, durante o per\u00edodo de sua execu\u00e7\u00e3o<\/li>\n<li style=\"text-align: justify;\"><strong>Trabalhador(a) Modelo<\/strong>\u00a0\u2013 Reconhecimento de profissional da \u00e1rea operacional que tenha se destacado por seu desempenho e comprometimento no exerc\u00edcio de suas tarefas na perspectiva de Sa\u00fade e Seguran\u00e7a do Trabalho<\/li>\n<li style=\"text-align: justify;\"><strong>Personalidade do Ano<\/strong>\u00a0\u2013 Profissional com significativa representatividade no setor de Sa\u00fade e Seguran\u00e7a do Trabalho, escolhido(a) pelo Conselho Deliberativo do Seconci-SP e pela Comiss\u00e3o Organizadora do Pr\u00eamio<\/li>\n<\/ul>\n","protected":false},"excerpt":{"rendered":"<p>Acontece na noite desta quarta-feira (6), na sede do Servi\u00e7o Social da Constru\u00e7\u00e3o Civil do Estado de S\u00e3o Paulo (Seconci-SP), em S\u00e3o Paulo, a cerim\u00f3nia de entrega dA 6\u00aa edi\u00e7\u00e3o do\u00a0\u2018Pr\u00eamio Seconci-SP de Sa\u00fade e Seguran\u00e7a do Trabalho\u2019. Dirigido \u00e0s empresas da constru\u00e7\u00e3o civil, a premia\u00e7\u00e3o visa\u00a0identificar e valorizar as melhores pr\u00e1ticas em Sa\u00fade e [&hellip;]<\/p>\n","protected":false},"author":3,"featured_media":8809,"comment_status":"closed","ping_status":"closed","sticky":false,"template":"","format":"standard","meta":{"footnotes":""},"categories":[87],"tags":[],"class_list":["post-8808","post","type-post","status-publish","format-standard","has-post-thumbnail","hentry","category-seconci-sao-paulo"],"yoast_head":"<!-- This site is optimized with the Yoast SEO plugin v26.9 - https:\/\/yoast.com\/product\/yoast-seo-wordpress\/ -->\n<title>Constru\u00e7\u00e3o premia melhores pr\u00e1ticas em Seguran\u00e7a e Sa\u00fade no Trabalho - Seconci Brasil<\/title>\n<meta name=\"robots\" content=\"index, follow, max-snippet:-1, max-image-preview:large, max-video-preview:-1\" \/>\n<link rel=\"canonical\" href=\"https:\/\/seconci.com.br\/site\/2019\/11\/07\/construcao-premia-melhores-praticas-em-seguranca-e-saude-no-trabalho\/\" \/>\n<meta property=\"og:locale\" content=\"pt_PT\" \/>\n<meta property=\"og:type\" content=\"article\" \/>\n<meta property=\"og:title\" content=\"Constru\u00e7\u00e3o premia melhores pr\u00e1ticas em Seguran\u00e7a e Sa\u00fade no Trabalho - Seconci Brasil\" \/>\n<meta property=\"og:description\" content=\"Acontece na noite desta quarta-feira (6), na sede do Servi\u00e7o Social da Constru\u00e7\u00e3o Civil do Estado de S\u00e3o Paulo (Seconci-SP), em S\u00e3o Paulo, a cerim\u00f3nia de entrega dA 6\u00aa edi\u00e7\u00e3o do\u00a0\u2018Pr\u00eamio Seconci-SP de Sa\u00fade e Seguran\u00e7a do Trabalho\u2019. Dirigido \u00e0s empresas da constru\u00e7\u00e3o civil, a premia\u00e7\u00e3o visa\u00a0identificar e valorizar as melhores pr\u00e1ticas em Sa\u00fade e [&hellip;]\" \/>\n<meta property=\"og:url\" content=\"https:\/\/seconci.com.br\/site\/2019\/11\/07\/construcao-premia-melhores-praticas-em-seguranca-e-saude-no-trabalho\/\" \/>\n<meta property=\"og:site_name\" content=\"Seconci Brasil\" \/>\n<meta property=\"article:published_time\" content=\"2019-11-07T11:53:06+00:00\" \/>\n<meta property=\"article:modified_time\" content=\"2019-11-07T11:56:32+00:00\" \/>\n<meta property=\"og:image\" content=\"https:\/\/seconci.com.br\/site\/wp-content\/uploads\/2019\/11\/Pr\u00eamio_Seconci-SP2.png\" \/>\n\t<meta property=\"og:image:width\" content=\"1037\" \/>\n\t<meta property=\"og:image:height\" content=\"365\" \/>\n\t<meta property=\"og:image:type\" content=\"image\/png\" \/>\n<meta name=\"author\" content=\"Sidney Rocha\" \/>\n<meta name=\"twitter:card\" content=\"summary_large_image\" \/>\n<meta name=\"twitter:label1\" content=\"Escrito por\" \/>\n\t<meta name=\"twitter:data1\" content=\"Sidney Rocha\" \/>\n\t<meta name=\"twitter:label2\" content=\"Tempo estimado de leitura\" \/>\n\t<meta name=\"twitter:data2\" content=\"1 minuto\" \/>\n<script type=\"application\/ld+json\" class=\"yoast-schema-graph\">{\"@context\":\"https:\/\/schema.org\",\"@graph\":[{\"@type\":\"Article\",\"@id\":\"https:\/\/seconci.com.br\/site\/2019\/11\/07\/construcao-premia-melhores-praticas-em-seguranca-e-saude-no-trabalho\/#article\",\"isPartOf\":{\"@id\":\"https:\/\/seconci.com.br\/site\/2019\/11\/07\/construcao-premia-melhores-praticas-em-seguranca-e-saude-no-trabalho\/\"},\"author\":{\"name\":\"Sidney Rocha\",\"@id\":\"https:\/\/seconci.com.br\/site\/#\/schema\/person\/1d79afd97ddc8f2c68c1e88e298aa8e2\"},\"headline\":\"Constru\u00e7\u00e3o premia melhores pr\u00e1ticas em Seguran\u00e7a e Sa\u00fade no Trabalho\",\"datePublished\":\"2019-11-07T11:53:06+00:00\",\"dateModified\":\"2019-11-07T11:56:32+00:00\",\"mainEntityOfPage\":{\"@id\":\"https:\/\/seconci.com.br\/site\/2019\/11\/07\/construcao-premia-melhores-praticas-em-seguranca-e-saude-no-trabalho\/\"},\"wordCount\":294,\"publisher\":{\"@id\":\"https:\/\/seconci.com.br\/site\/#organization\"},\"image\":{\"@id\":\"https:\/\/seconci.com.br\/site\/2019\/11\/07\/construcao-premia-melhores-praticas-em-seguranca-e-saude-no-trabalho\/#primaryimage\"},\"thumbnailUrl\":\"https:\/\/seconci.com.br\/site\/wp-content\/uploads\/2019\/11\/Pr\u00eamio_Seconci-SP2.png\",\"articleSection\":[\"Seconci S\u00e3o Paulo\"],\"inLanguage\":\"pt-PT\"},{\"@type\":\"WebPage\",\"@id\":\"https:\/\/seconci.com.br\/site\/2019\/11\/07\/construcao-premia-melhores-praticas-em-seguranca-e-saude-no-trabalho\/\",\"url\":\"https:\/\/seconci.com.br\/site\/2019\/11\/07\/construcao-premia-melhores-praticas-em-seguranca-e-saude-no-trabalho\/\",\"name\":\"Constru\u00e7\u00e3o premia melhores pr\u00e1ticas em Seguran\u00e7a e Sa\u00fade no Trabalho - Seconci Brasil\",\"isPartOf\":{\"@id\":\"https:\/\/seconci.com.br\/site\/#website\"},\"primaryImageOfPage\":{\"@id\":\"https:\/\/seconci.com.br\/site\/2019\/11\/07\/construcao-premia-melhores-praticas-em-seguranca-e-saude-no-trabalho\/#primaryimage\"},\"image\":{\"@id\":\"https:\/\/seconci.com.br\/site\/2019\/11\/07\/construcao-premia-melhores-praticas-em-seguranca-e-saude-no-trabalho\/#primaryimage\"},\"thumbnailUrl\":\"https:\/\/seconci.com.br\/site\/wp-content\/uploads\/2019\/11\/Pr\u00eamio_Seconci-SP2.png\",\"datePublished\":\"2019-11-07T11:53:06+00:00\",\"dateModified\":\"2019-11-07T11:56:32+00:00\",\"breadcrumb\":{\"@id\":\"https:\/\/seconci.com.br\/site\/2019\/11\/07\/construcao-premia-melhores-praticas-em-seguranca-e-saude-no-trabalho\/#breadcrumb\"},\"inLanguage\":\"pt-PT\",\"potentialAction\":[{\"@type\":\"ReadAction\",\"target\":[\"https:\/\/seconci.com.br\/site\/2019\/11\/07\/construcao-premia-melhores-praticas-em-seguranca-e-saude-no-trabalho\/\"]}]},{\"@type\":\"ImageObject\",\"inLanguage\":\"pt-PT\",\"@id\":\"https:\/\/seconci.com.br\/site\/2019\/11\/07\/construcao-premia-melhores-praticas-em-seguranca-e-saude-no-trabalho\/#primaryimage\",\"url\":\"https:\/\/seconci.com.br\/site\/wp-content\/uploads\/2019\/11\/Pr\u00eamio_Seconci-SP2.png\",\"contentUrl\":\"https:\/\/seconci.com.br\/site\/wp-content\/uploads\/2019\/11\/Pr\u00eamio_Seconci-SP2.png\",\"width\":1037,\"height\":365},{\"@type\":\"BreadcrumbList\",\"@id\":\"https:\/\/seconci.com.br\/site\/2019\/11\/07\/construcao-premia-melhores-praticas-em-seguranca-e-saude-no-trabalho\/#breadcrumb\",\"itemListElement\":[{\"@type\":\"ListItem\",\"position\":1,\"name\":\"In\u00edcio\",\"item\":\"https:\/\/seconci.com.br\/site\/\"},{\"@type\":\"ListItem\",\"position\":2,\"name\":\"Constru\u00e7\u00e3o premia melhores pr\u00e1ticas em Seguran\u00e7a e Sa\u00fade no Trabalho\"}]},{\"@type\":\"WebSite\",\"@id\":\"https:\/\/seconci.com.br\/site\/#website\",\"url\":\"https:\/\/seconci.com.br\/site\/\",\"name\":\"Seconci Brasil\",\"description\":\"\",\"publisher\":{\"@id\":\"https:\/\/seconci.com.br\/site\/#organization\"},\"potentialAction\":[{\"@type\":\"SearchAction\",\"target\":{\"@type\":\"EntryPoint\",\"urlTemplate\":\"https:\/\/seconci.com.br\/site\/?s={search_term_string}\"},\"query-input\":{\"@type\":\"PropertyValueSpecification\",\"valueRequired\":true,\"valueName\":\"search_term_string\"}}],\"inLanguage\":\"pt-PT\"},{\"@type\":\"Organization\",\"@id\":\"https:\/\/seconci.com.br\/site\/#organization\",\"name\":\"Seconci Brasil\",\"url\":\"https:\/\/seconci.com.br\/site\/\",\"logo\":{\"@type\":\"ImageObject\",\"inLanguage\":\"pt-PT\",\"@id\":\"https:\/\/seconci.com.br\/site\/#\/schema\/logo\/image\/\",\"url\":\"https:\/\/seconci.com.br\/site\/wp-content\/uploads\/2024\/08\/Logo-Seconci-Brasil-branca-2.png\",\"contentUrl\":\"https:\/\/seconci.com.br\/site\/wp-content\/uploads\/2024\/08\/Logo-Seconci-Brasil-branca-2.png\",\"width\":1315,\"height\":598,\"caption\":\"Seconci Brasil\"},\"image\":{\"@id\":\"https:\/\/seconci.com.br\/site\/#\/schema\/logo\/image\/\"}},{\"@type\":\"Person\",\"@id\":\"https:\/\/seconci.com.br\/site\/#\/schema\/person\/1d79afd97ddc8f2c68c1e88e298aa8e2\",\"name\":\"Sidney Rocha\",\"description\":\"Comunicador e estagi\u00e1rio do Seconci Brasil.\",\"url\":\"https:\/\/seconci.com.br\/site\/author\/sidney-rocha\/\"}]}<\/script>\n<!-- \/ Yoast SEO plugin. -->","yoast_head_json":{"title":"Constru\u00e7\u00e3o premia melhores pr\u00e1ticas em Seguran\u00e7a e Sa\u00fade no Trabalho - Seconci Brasil","robots":{"index":"index","follow":"follow","max-snippet":"max-snippet:-1","max-image-preview":"max-image-preview:large","max-video-preview":"max-video-preview:-1"},"canonical":"https:\/\/seconci.com.br\/site\/2019\/11\/07\/construcao-premia-melhores-praticas-em-seguranca-e-saude-no-trabalho\/","og_locale":"pt_PT","og_type":"article","og_title":"Constru\u00e7\u00e3o premia melhores pr\u00e1ticas em Seguran\u00e7a e Sa\u00fade no Trabalho - Seconci Brasil","og_description":"Acontece na noite desta quarta-feira (6), na sede do Servi\u00e7o Social da Constru\u00e7\u00e3o Civil do Estado de S\u00e3o Paulo (Seconci-SP), em S\u00e3o Paulo, a cerim\u00f3nia de entrega dA 6\u00aa edi\u00e7\u00e3o do\u00a0\u2018Pr\u00eamio Seconci-SP de Sa\u00fade e Seguran\u00e7a do Trabalho\u2019. Dirigido \u00e0s empresas da constru\u00e7\u00e3o civil, a premia\u00e7\u00e3o visa\u00a0identificar e valorizar as melhores pr\u00e1ticas em Sa\u00fade e [&hellip;]","og_url":"https:\/\/seconci.com.br\/site\/2019\/11\/07\/construcao-premia-melhores-praticas-em-seguranca-e-saude-no-trabalho\/","og_site_name":"Seconci Brasil","article_published_time":"2019-11-07T11:53:06+00:00","article_modified_time":"2019-11-07T11:56:32+00:00","og_image":[{"width":1037,"height":365,"url":"https:\/\/seconci.com.br\/site\/wp-content\/uploads\/2019\/11\/Pr\u00eamio_Seconci-SP2.png","type":"image\/png"}],"author":"Sidney Rocha","twitter_card":"summary_large_image","twitter_misc":{"Escrito por":"Sidney Rocha","Tempo estimado de leitura":"1 minuto"},"schema":{"@context":"https:\/\/schema.org","@graph":[{"@type":"Article","@id":"https:\/\/seconci.com.br\/site\/2019\/11\/07\/construcao-premia-melhores-praticas-em-seguranca-e-saude-no-trabalho\/#article","isPartOf":{"@id":"https:\/\/seconci.com.br\/site\/2019\/11\/07\/construcao-premia-melhores-praticas-em-seguranca-e-saude-no-trabalho\/"},"author":{"name":"Sidney Rocha","@id":"https:\/\/seconci.com.br\/site\/#\/schema\/person\/1d79afd97ddc8f2c68c1e88e298aa8e2"},"headline":"Constru\u00e7\u00e3o premia melhores pr\u00e1ticas em Seguran\u00e7a e Sa\u00fade no Trabalho","datePublished":"2019-11-07T11:53:06+00:00","dateModified":"2019-11-07T11:56:32+00:00","mainEntityOfPage":{"@id":"https:\/\/seconci.com.br\/site\/2019\/11\/07\/construcao-premia-melhores-praticas-em-seguranca-e-saude-no-trabalho\/"},"wordCount":294,"publisher":{"@id":"https:\/\/seconci.com.br\/site\/#organization"},"image":{"@id":"https:\/\/seconci.com.br\/site\/2019\/11\/07\/construcao-premia-melhores-praticas-em-seguranca-e-saude-no-trabalho\/#primaryimage"},"thumbnailUrl":"https:\/\/seconci.com.br\/site\/wp-content\/uploads\/2019\/11\/Pr\u00eamio_Seconci-SP2.png","articleSection":["Seconci S\u00e3o Paulo"],"inLanguage":"pt-PT"},{"@type":"WebPage","@id":"https:\/\/seconci.com.br\/site\/2019\/11\/07\/construcao-premia-melhores-praticas-em-seguranca-e-saude-no-trabalho\/","url":"https:\/\/seconci.com.br\/site\/2019\/11\/07\/construcao-premia-melhores-praticas-em-seguranca-e-saude-no-trabalho\/","name":"Constru\u00e7\u00e3o premia melhores pr\u00e1ticas em Seguran\u00e7a e Sa\u00fade no Trabalho - Seconci Brasil","isPartOf":{"@id":"https:\/\/seconci.com.br\/site\/#website"},"primaryImageOfPage":{"@id":"https:\/\/seconci.com.br\/site\/2019\/11\/07\/construcao-premia-melhores-praticas-em-seguranca-e-saude-no-trabalho\/#primaryimage"},"image":{"@id":"https:\/\/seconci.com.br\/site\/2019\/11\/07\/construcao-premia-melhores-praticas-em-seguranca-e-saude-no-trabalho\/#primaryimage"},"thumbnailUrl":"https:\/\/seconci.com.br\/site\/wp-content\/uploads\/2019\/11\/Pr\u00eamio_Seconci-SP2.png","datePublished":"2019-11-07T11:53:06+00:00","dateModified":"2019-11-07T11:56:32+00:00","breadcrumb":{"@id":"https:\/\/seconci.com.br\/site\/2019\/11\/07\/construcao-premia-melhores-praticas-em-seguranca-e-saude-no-trabalho\/#breadcrumb"},"inLanguage":"pt-PT","potentialAction":[{"@type":"ReadAction","target":["https:\/\/seconci.com.br\/site\/2019\/11\/07\/construcao-premia-melhores-praticas-em-seguranca-e-saude-no-trabalho\/"]}]},{"@type":"ImageObject","inLanguage":"pt-PT","@id":"https:\/\/seconci.com.br\/site\/2019\/11\/07\/construcao-premia-melhores-praticas-em-seguranca-e-saude-no-trabalho\/#primaryimage","url":"https:\/\/seconci.com.br\/site\/wp-content\/uploads\/2019\/11\/Pr\u00eamio_Seconci-SP2.png","contentUrl":"https:\/\/seconci.com.br\/site\/wp-content\/uploads\/2019\/11\/Pr\u00eamio_Seconci-SP2.png","width":1037,"height":365},{"@type":"BreadcrumbList","@id":"https:\/\/seconci.com.br\/site\/2019\/11\/07\/construcao-premia-melhores-praticas-em-seguranca-e-saude-no-trabalho\/#breadcrumb","itemListElement":[{"@type":"ListItem","position":1,"name":"In\u00edcio","item":"https:\/\/seconci.com.br\/site\/"},{"@type":"ListItem","position":2,"name":"Constru\u00e7\u00e3o premia melhores pr\u00e1ticas em Seguran\u00e7a e Sa\u00fade no Trabalho"}]},{"@type":"WebSite","@id":"https:\/\/seconci.com.br\/site\/#website","url":"https:\/\/seconci.com.br\/site\/","name":"Seconci Brasil","description":"","publisher":{"@id":"https:\/\/seconci.com.br\/site\/#organization"},"potentialAction":[{"@type":"SearchAction","target":{"@type":"EntryPoint","urlTemplate":"https:\/\/seconci.com.br\/site\/?s={search_term_string}"},"query-input":{"@type":"PropertyValueSpecification","valueRequired":true,"valueName":"search_term_string"}}],"inLanguage":"pt-PT"},{"@type":"Organization","@id":"https:\/\/seconci.com.br\/site\/#organization","name":"Seconci Brasil","url":"https:\/\/seconci.com.br\/site\/","logo":{"@type":"ImageObject","inLanguage":"pt-PT","@id":"https:\/\/seconci.com.br\/site\/#\/schema\/logo\/image\/","url":"https:\/\/seconci.com.br\/site\/wp-content\/uploads\/2024\/08\/Logo-Seconci-Brasil-branca-2.png","contentUrl":"https:\/\/seconci.com.br\/site\/wp-content\/uploads\/2024\/08\/Logo-Seconci-Brasil-branca-2.png","width":1315,"height":598,"caption":"Seconci Brasil"},"image":{"@id":"https:\/\/seconci.com.br\/site\/#\/schema\/logo\/image\/"}},{"@type":"Person","@id":"https:\/\/seconci.com.br\/site\/#\/schema\/person\/1d79afd97ddc8f2c68c1e88e298aa8e2","name":"Sidney Rocha","description":"Comunicador e estagi\u00e1rio do Seconci Brasil.","url":"https:\/\/seconci.com.br\/site\/author\/sidney-rocha\/"}]}},"_links":{"self":[{"href":"https:\/\/seconci.com.br\/site\/wp-json\/wp\/v2\/posts\/8808","targetHints":{"allow":["GET"]}}],"collection":[{"href":"https:\/\/seconci.com.br\/site\/wp-json\/wp\/v2\/posts"}],"about":[{"href":"https:\/\/seconci.com.br\/site\/wp-json\/wp\/v2\/types\/post"}],"author":[{"embeddable":true,"href":"https:\/\/seconci.com.br\/site\/wp-json\/wp\/v2\/users\/3"}],"replies":[{"embeddable":true,"href":"https:\/\/seconci.com.br\/site\/wp-json\/wp\/v2\/comments?post=8808"}],"version-history":[{"count":0,"href":"https:\/\/seconci.com.br\/site\/wp-json\/wp\/v2\/posts\/8808\/revisions"}],"wp:featuredmedia":[{"embeddable":true,"href":"https:\/\/seconci.com.br\/site\/wp-json\/wp\/v2\/media\/8809"}],"wp:attachment":[{"href":"https:\/\/seconci.com.br\/site\/wp-json\/wp\/v2\/media?parent=8808"}],"wp:term":[{"taxonomy":"category","embeddable":true,"href":"https:\/\/seconci.com.br\/site\/wp-json\/wp\/v2\/categories?post=8808"},{"taxonomy":"post_tag","embeddable":true,"href":"https:\/\/seconci.com.br\/site\/wp-json\/wp\/v2\/tags?post=8808"}],"curies":[{"name":"wp","href":"https:\/\/api.w.org\/{rel}","templated":true}]}}