{"id":8811,"date":"2019-11-07T11:55:33","date_gmt":"2019-11-07T11:55:33","guid":{"rendered":"https:\/\/seconci.com.br\/site\/?p=8811"},"modified":"2019-11-07T11:55:33","modified_gmt":"2019-11-07T11:55:33","slug":"novembro-azul-seconci-sp-ilumina-sua-sede","status":"publish","type":"post","link":"https:\/\/seconci.com.br\/site\/2019\/11\/07\/novembro-azul-seconci-sp-ilumina-sua-sede\/","title":{"rendered":"Novembro Azul: Seconci-SP ilumina sua sede"},"content":{"rendered":"<p style=\"text-align: justify;\"><em>Entidade refor\u00e7a a import\u00e2ncia dos exames anuais para a preven\u00e7\u00e3o do c\u00e2ncer de pr\u00f3stata<\/em><\/p>\n<p style=\"text-align: justify;\">| <strong>Assessoria de Comunica\u00e7\u00e3o Social do Seconci-SP<\/strong> |<\/p>\n<p style=\"text-align: justify;\">Dados do Instituto Nacional do C\u00e2ncer (INCA) apontam que o c\u00e2ncer de pr\u00f3stata se tornou o segundo mais incidente entre os homens e, ao se considerar ambos os sexos, o quarto mais comum. Para alertar sobre a necessidade de preven\u00e7\u00e3o da doen\u00e7a, o\u00a0<a href=\"http:\/\/www.seconci-sp.org.br\/\">Seconci-SP<\/a>\u00a0(Servi\u00e7o Social da Constru\u00e7\u00e3o) ingressou na campanha Novembro Azul, iluminando sua sede.<\/p>\n<p style=\"text-align: justify;\">A relev\u00e2ncia do diagn\u00f3stico precoce aumenta as chances de cura do paciente. Todo homem acima de 45 anos deve visitar o urologista anualmente. Quando existe hist\u00f3rico familiar de c\u00e2ncer de pr\u00f3stata, \u00e9 recomend\u00e1vel a antecipa\u00e7\u00e3o dos cuidados para os 40 anos.<\/p>\n<p style=\"text-align: justify;\">A preven\u00e7\u00e3o da doen\u00e7a acontece por meio da realiza\u00e7\u00e3o de tr\u00eas an\u00e1lises: ultrassom de rins, bexiga e pr\u00f3stata; exame de PSA (coleta de sangue) e exame de toque, que investiga a regi\u00e3o para constatar n\u00f3dulos, mesmo que pequenos. Os exames podem ajudar a identificar outras patologias associadas \u00e0 sa\u00fade do sexo masculino.<\/p>\n<p style=\"text-align: justify;\">Se constatados ind\u00edcios de c\u00e2ncer, ser\u00e1 necess\u00e1ria a realiza\u00e7\u00e3o de uma bi\u00f3psia. Nos casos iniciais, recomenda-se a cirurgia para remo\u00e7\u00e3o de toda a pr\u00f3stata e de alguns tecidos \u00e0 sua volta, como a ves\u00edcula seminal, ou a radioterapia que utiliza radia\u00e7\u00f5es para destruir o tumor e impedir que as c\u00e9lulas se multipliquem. Quanto mais inicial o estado, maiores as chances de cura. J\u00e1 nos n\u00edveis avan\u00e7ados, \u00e9 indicado o uso do bloqueador hormonal, respons\u00e1vel pela redu\u00e7\u00e3o de horm\u00f4nios masculinos.<\/p>\n<p style=\"text-align: justify;\">Finalizado o tratamento, o paciente deve retornar a cada quatro meses no primeiro ano e depois a cada seis meses. Passados cinco anos, o retorno deve ocorrer uma vez por ano. Com o avan\u00e7o da tecnologia, a cirurgia se tornou um procedimento menos invasivo e de r\u00e1pida recupera\u00e7\u00e3o.<\/p>\n<p style=\"text-align: justify;\">O Seconci-SP conta com uma equipe m\u00e9dica que poder\u00e1 orientar os trabalhadores e seus familiares sobre a preven\u00e7\u00e3o, diagn\u00f3stico e tratamento apropriado do c\u00e2ncer de pr\u00f3stata.<\/p>\n","protected":false},"excerpt":{"rendered":"<p>Entidade refor\u00e7a a import\u00e2ncia dos exames anuais para a preven\u00e7\u00e3o do c\u00e2ncer de pr\u00f3stata | Assessoria de Comunica\u00e7\u00e3o Social do Seconci-SP | Dados do Instituto Nacional do C\u00e2ncer (INCA) apontam que o c\u00e2ncer de pr\u00f3stata se tornou o segundo mais incidente entre os homens e, ao se considerar ambos os sexos, o quarto mais comum. [&hellip;]<\/p>\n","protected":false},"author":3,"featured_media":8812,"comment_status":"closed","ping_status":"closed","sticky":false,"template":"","format":"standard","meta":{"footnotes":""},"categories":[87],"tags":[],"class_list":["post-8811","post","type-post","status-publish","format-standard","has-post-thumbnail","hentry","category-seconci-sao-paulo"],"yoast_head":"<!-- This site is optimized with the Yoast SEO plugin v26.9 - https:\/\/yoast.com\/product\/yoast-seo-wordpress\/ -->\n<title>Novembro Azul: Seconci-SP ilumina sua sede - Seconci Brasil<\/title>\n<meta name=\"robots\" content=\"index, follow, max-snippet:-1, max-image-preview:large, max-video-preview:-1\" \/>\n<link rel=\"canonical\" href=\"https:\/\/seconci.com.br\/site\/2019\/11\/07\/novembro-azul-seconci-sp-ilumina-sua-sede\/\" \/>\n<meta property=\"og:locale\" content=\"pt_PT\" \/>\n<meta property=\"og:type\" content=\"article\" \/>\n<meta property=\"og:title\" content=\"Novembro Azul: Seconci-SP ilumina sua sede - Seconci Brasil\" \/>\n<meta property=\"og:description\" content=\"Entidade refor\u00e7a a import\u00e2ncia dos exames anuais para a preven\u00e7\u00e3o do c\u00e2ncer de pr\u00f3stata | Assessoria de Comunica\u00e7\u00e3o Social do Seconci-SP | Dados do Instituto Nacional do C\u00e2ncer (INCA) apontam que o c\u00e2ncer de pr\u00f3stata se tornou o segundo mais incidente entre os homens e, ao se considerar ambos os sexos, o quarto mais comum. [&hellip;]\" \/>\n<meta property=\"og:url\" content=\"https:\/\/seconci.com.br\/site\/2019\/11\/07\/novembro-azul-seconci-sp-ilumina-sua-sede\/\" \/>\n<meta property=\"og:site_name\" content=\"Seconci Brasil\" \/>\n<meta property=\"article:published_time\" content=\"2019-11-07T11:55:33+00:00\" \/>\n<meta property=\"og:image\" content=\"https:\/\/seconci.com.br\/site\/wp-content\/uploads\/2019\/11\/Seconci-SP_Novembro-Azul-300x300.jpeg\" \/>\n\t<meta property=\"og:image:width\" content=\"300\" \/>\n\t<meta property=\"og:image:height\" content=\"300\" \/>\n\t<meta property=\"og:image:type\" content=\"image\/jpeg\" \/>\n<meta name=\"author\" content=\"Sidney Rocha\" \/>\n<meta name=\"twitter:card\" content=\"summary_large_image\" \/>\n<meta name=\"twitter:label1\" content=\"Escrito por\" \/>\n\t<meta name=\"twitter:data1\" content=\"Sidney Rocha\" \/>\n\t<meta name=\"twitter:label2\" content=\"Tempo estimado de leitura\" \/>\n\t<meta name=\"twitter:data2\" content=\"2 minutos\" \/>\n<script type=\"application\/ld+json\" class=\"yoast-schema-graph\">{\"@context\":\"https:\/\/schema.org\",\"@graph\":[{\"@type\":\"Article\",\"@id\":\"https:\/\/seconci.com.br\/site\/2019\/11\/07\/novembro-azul-seconci-sp-ilumina-sua-sede\/#article\",\"isPartOf\":{\"@id\":\"https:\/\/seconci.com.br\/site\/2019\/11\/07\/novembro-azul-seconci-sp-ilumina-sua-sede\/\"},\"author\":{\"name\":\"Sidney Rocha\",\"@id\":\"https:\/\/seconci.com.br\/site\/#\/schema\/person\/1d79afd97ddc8f2c68c1e88e298aa8e2\"},\"headline\":\"Novembro Azul: Seconci-SP ilumina sua sede\",\"datePublished\":\"2019-11-07T11:55:33+00:00\",\"mainEntityOfPage\":{\"@id\":\"https:\/\/seconci.com.br\/site\/2019\/11\/07\/novembro-azul-seconci-sp-ilumina-sua-sede\/\"},\"wordCount\":374,\"publisher\":{\"@id\":\"https:\/\/seconci.com.br\/site\/#organization\"},\"image\":{\"@id\":\"https:\/\/seconci.com.br\/site\/2019\/11\/07\/novembro-azul-seconci-sp-ilumina-sua-sede\/#primaryimage\"},\"thumbnailUrl\":\"https:\/\/seconci.com.br\/site\/wp-content\/uploads\/2019\/11\/Seconci-SP_Novembro-Azul-300x300.jpeg\",\"articleSection\":[\"Seconci S\u00e3o Paulo\"],\"inLanguage\":\"pt-PT\"},{\"@type\":\"WebPage\",\"@id\":\"https:\/\/seconci.com.br\/site\/2019\/11\/07\/novembro-azul-seconci-sp-ilumina-sua-sede\/\",\"url\":\"https:\/\/seconci.com.br\/site\/2019\/11\/07\/novembro-azul-seconci-sp-ilumina-sua-sede\/\",\"name\":\"Novembro Azul: Seconci-SP ilumina sua sede - Seconci Brasil\",\"isPartOf\":{\"@id\":\"https:\/\/seconci.com.br\/site\/#website\"},\"primaryImageOfPage\":{\"@id\":\"https:\/\/seconci.com.br\/site\/2019\/11\/07\/novembro-azul-seconci-sp-ilumina-sua-sede\/#primaryimage\"},\"image\":{\"@id\":\"https:\/\/seconci.com.br\/site\/2019\/11\/07\/novembro-azul-seconci-sp-ilumina-sua-sede\/#primaryimage\"},\"thumbnailUrl\":\"https:\/\/seconci.com.br\/site\/wp-content\/uploads\/2019\/11\/Seconci-SP_Novembro-Azul-300x300.jpeg\",\"datePublished\":\"2019-11-07T11:55:33+00:00\",\"breadcrumb\":{\"@id\":\"https:\/\/seconci.com.br\/site\/2019\/11\/07\/novembro-azul-seconci-sp-ilumina-sua-sede\/#breadcrumb\"},\"inLanguage\":\"pt-PT\",\"potentialAction\":[{\"@type\":\"ReadAction\",\"target\":[\"https:\/\/seconci.com.br\/site\/2019\/11\/07\/novembro-azul-seconci-sp-ilumina-sua-sede\/\"]}]},{\"@type\":\"ImageObject\",\"inLanguage\":\"pt-PT\",\"@id\":\"https:\/\/seconci.com.br\/site\/2019\/11\/07\/novembro-azul-seconci-sp-ilumina-sua-sede\/#primaryimage\",\"url\":\"https:\/\/seconci.com.br\/site\/wp-content\/uploads\/2019\/11\/Seconci-SP_Novembro-Azul-300x300.jpeg\",\"contentUrl\":\"https:\/\/seconci.com.br\/site\/wp-content\/uploads\/2019\/11\/Seconci-SP_Novembro-Azul-300x300.jpeg\",\"width\":300,\"height\":300},{\"@type\":\"BreadcrumbList\",\"@id\":\"https:\/\/seconci.com.br\/site\/2019\/11\/07\/novembro-azul-seconci-sp-ilumina-sua-sede\/#breadcrumb\",\"itemListElement\":[{\"@type\":\"ListItem\",\"position\":1,\"name\":\"In\u00edcio\",\"item\":\"https:\/\/seconci.com.br\/site\/\"},{\"@type\":\"ListItem\",\"position\":2,\"name\":\"Novembro Azul: Seconci-SP ilumina sua sede\"}]},{\"@type\":\"WebSite\",\"@id\":\"https:\/\/seconci.com.br\/site\/#website\",\"url\":\"https:\/\/seconci.com.br\/site\/\",\"name\":\"Seconci Brasil\",\"description\":\"\",\"publisher\":{\"@id\":\"https:\/\/seconci.com.br\/site\/#organization\"},\"potentialAction\":[{\"@type\":\"SearchAction\",\"target\":{\"@type\":\"EntryPoint\",\"urlTemplate\":\"https:\/\/seconci.com.br\/site\/?s={search_term_string}\"},\"query-input\":{\"@type\":\"PropertyValueSpecification\",\"valueRequired\":true,\"valueName\":\"search_term_string\"}}],\"inLanguage\":\"pt-PT\"},{\"@type\":\"Organization\",\"@id\":\"https:\/\/seconci.com.br\/site\/#organization\",\"name\":\"Seconci Brasil\",\"url\":\"https:\/\/seconci.com.br\/site\/\",\"logo\":{\"@type\":\"ImageObject\",\"inLanguage\":\"pt-PT\",\"@id\":\"https:\/\/seconci.com.br\/site\/#\/schema\/logo\/image\/\",\"url\":\"https:\/\/seconci.com.br\/site\/wp-content\/uploads\/2024\/08\/Logo-Seconci-Brasil-branca-2.png\",\"contentUrl\":\"https:\/\/seconci.com.br\/site\/wp-content\/uploads\/2024\/08\/Logo-Seconci-Brasil-branca-2.png\",\"width\":1315,\"height\":598,\"caption\":\"Seconci Brasil\"},\"image\":{\"@id\":\"https:\/\/seconci.com.br\/site\/#\/schema\/logo\/image\/\"}},{\"@type\":\"Person\",\"@id\":\"https:\/\/seconci.com.br\/site\/#\/schema\/person\/1d79afd97ddc8f2c68c1e88e298aa8e2\",\"name\":\"Sidney Rocha\",\"description\":\"Comunicador e estagi\u00e1rio do Seconci Brasil.\",\"url\":\"https:\/\/seconci.com.br\/site\/author\/sidney-rocha\/\"}]}<\/script>\n<!-- \/ Yoast SEO plugin. -->","yoast_head_json":{"title":"Novembro Azul: Seconci-SP ilumina sua sede - Seconci Brasil","robots":{"index":"index","follow":"follow","max-snippet":"max-snippet:-1","max-image-preview":"max-image-preview:large","max-video-preview":"max-video-preview:-1"},"canonical":"https:\/\/seconci.com.br\/site\/2019\/11\/07\/novembro-azul-seconci-sp-ilumina-sua-sede\/","og_locale":"pt_PT","og_type":"article","og_title":"Novembro Azul: Seconci-SP ilumina sua sede - Seconci Brasil","og_description":"Entidade refor\u00e7a a import\u00e2ncia dos exames anuais para a preven\u00e7\u00e3o do c\u00e2ncer de pr\u00f3stata | Assessoria de Comunica\u00e7\u00e3o Social do Seconci-SP | Dados do Instituto Nacional do C\u00e2ncer (INCA) apontam que o c\u00e2ncer de pr\u00f3stata se tornou o segundo mais incidente entre os homens e, ao se considerar ambos os sexos, o quarto mais comum. [&hellip;]","og_url":"https:\/\/seconci.com.br\/site\/2019\/11\/07\/novembro-azul-seconci-sp-ilumina-sua-sede\/","og_site_name":"Seconci Brasil","article_published_time":"2019-11-07T11:55:33+00:00","og_image":[{"width":300,"height":300,"url":"https:\/\/seconci.com.br\/site\/wp-content\/uploads\/2019\/11\/Seconci-SP_Novembro-Azul-300x300.jpeg","type":"image\/jpeg"}],"author":"Sidney Rocha","twitter_card":"summary_large_image","twitter_misc":{"Escrito por":"Sidney Rocha","Tempo estimado de leitura":"2 minutos"},"schema":{"@context":"https:\/\/schema.org","@graph":[{"@type":"Article","@id":"https:\/\/seconci.com.br\/site\/2019\/11\/07\/novembro-azul-seconci-sp-ilumina-sua-sede\/#article","isPartOf":{"@id":"https:\/\/seconci.com.br\/site\/2019\/11\/07\/novembro-azul-seconci-sp-ilumina-sua-sede\/"},"author":{"name":"Sidney Rocha","@id":"https:\/\/seconci.com.br\/site\/#\/schema\/person\/1d79afd97ddc8f2c68c1e88e298aa8e2"},"headline":"Novembro Azul: Seconci-SP ilumina sua sede","datePublished":"2019-11-07T11:55:33+00:00","mainEntityOfPage":{"@id":"https:\/\/seconci.com.br\/site\/2019\/11\/07\/novembro-azul-seconci-sp-ilumina-sua-sede\/"},"wordCount":374,"publisher":{"@id":"https:\/\/seconci.com.br\/site\/#organization"},"image":{"@id":"https:\/\/seconci.com.br\/site\/2019\/11\/07\/novembro-azul-seconci-sp-ilumina-sua-sede\/#primaryimage"},"thumbnailUrl":"https:\/\/seconci.com.br\/site\/wp-content\/uploads\/2019\/11\/Seconci-SP_Novembro-Azul-300x300.jpeg","articleSection":["Seconci S\u00e3o Paulo"],"inLanguage":"pt-PT"},{"@type":"WebPage","@id":"https:\/\/seconci.com.br\/site\/2019\/11\/07\/novembro-azul-seconci-sp-ilumina-sua-sede\/","url":"https:\/\/seconci.com.br\/site\/2019\/11\/07\/novembro-azul-seconci-sp-ilumina-sua-sede\/","name":"Novembro Azul: Seconci-SP ilumina sua sede - Seconci Brasil","isPartOf":{"@id":"https:\/\/seconci.com.br\/site\/#website"},"primaryImageOfPage":{"@id":"https:\/\/seconci.com.br\/site\/2019\/11\/07\/novembro-azul-seconci-sp-ilumina-sua-sede\/#primaryimage"},"image":{"@id":"https:\/\/seconci.com.br\/site\/2019\/11\/07\/novembro-azul-seconci-sp-ilumina-sua-sede\/#primaryimage"},"thumbnailUrl":"https:\/\/seconci.com.br\/site\/wp-content\/uploads\/2019\/11\/Seconci-SP_Novembro-Azul-300x300.jpeg","datePublished":"2019-11-07T11:55:33+00:00","breadcrumb":{"@id":"https:\/\/seconci.com.br\/site\/2019\/11\/07\/novembro-azul-seconci-sp-ilumina-sua-sede\/#breadcrumb"},"inLanguage":"pt-PT","potentialAction":[{"@type":"ReadAction","target":["https:\/\/seconci.com.br\/site\/2019\/11\/07\/novembro-azul-seconci-sp-ilumina-sua-sede\/"]}]},{"@type":"ImageObject","inLanguage":"pt-PT","@id":"https:\/\/seconci.com.br\/site\/2019\/11\/07\/novembro-azul-seconci-sp-ilumina-sua-sede\/#primaryimage","url":"https:\/\/seconci.com.br\/site\/wp-content\/uploads\/2019\/11\/Seconci-SP_Novembro-Azul-300x300.jpeg","contentUrl":"https:\/\/seconci.com.br\/site\/wp-content\/uploads\/2019\/11\/Seconci-SP_Novembro-Azul-300x300.jpeg","width":300,"height":300},{"@type":"BreadcrumbList","@id":"https:\/\/seconci.com.br\/site\/2019\/11\/07\/novembro-azul-seconci-sp-ilumina-sua-sede\/#breadcrumb","itemListElement":[{"@type":"ListItem","position":1,"name":"In\u00edcio","item":"https:\/\/seconci.com.br\/site\/"},{"@type":"ListItem","position":2,"name":"Novembro Azul: Seconci-SP ilumina sua sede"}]},{"@type":"WebSite","@id":"https:\/\/seconci.com.br\/site\/#website","url":"https:\/\/seconci.com.br\/site\/","name":"Seconci Brasil","description":"","publisher":{"@id":"https:\/\/seconci.com.br\/site\/#organization"},"potentialAction":[{"@type":"SearchAction","target":{"@type":"EntryPoint","urlTemplate":"https:\/\/seconci.com.br\/site\/?s={search_term_string}"},"query-input":{"@type":"PropertyValueSpecification","valueRequired":true,"valueName":"search_term_string"}}],"inLanguage":"pt-PT"},{"@type":"Organization","@id":"https:\/\/seconci.com.br\/site\/#organization","name":"Seconci Brasil","url":"https:\/\/seconci.com.br\/site\/","logo":{"@type":"ImageObject","inLanguage":"pt-PT","@id":"https:\/\/seconci.com.br\/site\/#\/schema\/logo\/image\/","url":"https:\/\/seconci.com.br\/site\/wp-content\/uploads\/2024\/08\/Logo-Seconci-Brasil-branca-2.png","contentUrl":"https:\/\/seconci.com.br\/site\/wp-content\/uploads\/2024\/08\/Logo-Seconci-Brasil-branca-2.png","width":1315,"height":598,"caption":"Seconci Brasil"},"image":{"@id":"https:\/\/seconci.com.br\/site\/#\/schema\/logo\/image\/"}},{"@type":"Person","@id":"https:\/\/seconci.com.br\/site\/#\/schema\/person\/1d79afd97ddc8f2c68c1e88e298aa8e2","name":"Sidney Rocha","description":"Comunicador e estagi\u00e1rio do Seconci Brasil.","url":"https:\/\/seconci.com.br\/site\/author\/sidney-rocha\/"}]}},"_links":{"self":[{"href":"https:\/\/seconci.com.br\/site\/wp-json\/wp\/v2\/posts\/8811","targetHints":{"allow":["GET"]}}],"collection":[{"href":"https:\/\/seconci.com.br\/site\/wp-json\/wp\/v2\/posts"}],"about":[{"href":"https:\/\/seconci.com.br\/site\/wp-json\/wp\/v2\/types\/post"}],"author":[{"embeddable":true,"href":"https:\/\/seconci.com.br\/site\/wp-json\/wp\/v2\/users\/3"}],"replies":[{"embeddable":true,"href":"https:\/\/seconci.com.br\/site\/wp-json\/wp\/v2\/comments?post=8811"}],"version-history":[{"count":0,"href":"https:\/\/seconci.com.br\/site\/wp-json\/wp\/v2\/posts\/8811\/revisions"}],"wp:featuredmedia":[{"embeddable":true,"href":"https:\/\/seconci.com.br\/site\/wp-json\/wp\/v2\/media\/8812"}],"wp:attachment":[{"href":"https:\/\/seconci.com.br\/site\/wp-json\/wp\/v2\/media?parent=8811"}],"wp:term":[{"taxonomy":"category","embeddable":true,"href":"https:\/\/seconci.com.br\/site\/wp-json\/wp\/v2\/categories?post=8811"},{"taxonomy":"post_tag","embeddable":true,"href":"https:\/\/seconci.com.br\/site\/wp-json\/wp\/v2\/tags?post=8811"}],"curies":[{"name":"wp","href":"https:\/\/api.w.org\/{rel}","templated":true}]}}