{"id":8822,"date":"2019-11-11T12:34:14","date_gmt":"2019-11-11T12:34:14","guid":{"rendered":"https:\/\/seconci.com.br\/site\/?p=8822"},"modified":"2019-11-11T12:35:10","modified_gmt":"2019-11-11T12:35:10","slug":"sifilis-seconci-sp-explica-os-sintomas-e-forma-de-tratamento","status":"publish","type":"post","link":"https:\/\/seconci.com.br\/site\/2019\/11\/11\/sifilis-seconci-sp-explica-os-sintomas-e-forma-de-tratamento\/","title":{"rendered":"S\u00edfilis: Seconci-SP explica os sintomas e forma de tratamento"},"content":{"rendered":"<p style=\"text-align: justify;\"><em>Doen\u00e7a \u00e9 tratada \u00e0 base de penicilina e tem cura, podendo o paciente ficar livre das sequelas quando diagnosticado nos primeiros est\u00e1gios<\/em><\/p>\n<p style=\"text-align: justify;\">| <strong>Assessoria de Comunica\u00e7\u00e3o Social do Seconci-SP<\/strong> |<\/p>\n<p style=\"text-align: justify;\">Os \u00faltimos dados dispon\u00edveis do Minist\u00e9rio da Sa\u00fade apontam crescimento nos casos de s\u00edfilis no Brasil. Somente em 2017 foi registrado um aumento de 28,5% na taxa de detec\u00e7\u00e3o em gestantes; 16,4% na incid\u00eancia de s\u00edfilis cong\u00eanita e 31,8% nos casos de s\u00edfilis adquirida, quando comparado a 2016. Diante deste cen\u00e1rio, o Seconci -SP (Servi\u00e7o Social da Constru\u00e7\u00e3o) aproveita para esclarecer os principais sintomas e formas de tratamento destas doen\u00e7as.<\/p>\n<p style=\"text-align: justify;\">A m\u00e9dica cl\u00ednica da institui\u00e7\u00e3o, Dagmar Maia Kistemann, explica que a s\u00edfilis \u00e9 considerada porta de entrada para infec\u00e7\u00f5es transmiss\u00edveis (IST), incluindo o V\u00edrus da Imunodefici\u00eancia Humana (popularmente conhecido como o v\u00edrus HIV). \u201cApesar de n\u00e3o ser uma regra, o primeiro sintoma da s\u00edfilis \u00e9 uma \u00falcera indolor, que pode desaparecer sem deixar cicatrizes\u201d, explica a doutora.<\/p>\n<p style=\"text-align: justify;\">Al\u00e9m disso, por serem infec\u00e7\u00f5es sexualmente transmiss\u00edveis, \u00e9 muito importante que as pessoas utilizem o preservativo durante todo o ato sexual para evitar o cont\u00e1gio. A m\u00e9dica explica, ainda, que muitas pessoas podem nem saber que est\u00e3o infectadas pela enfermidade.<\/p>\n<p style=\"text-align: justify;\"><strong>Sintomas e evolu\u00e7\u00e3o da doen\u00e7a<\/strong><\/p>\n<p style=\"text-align: justify;\">A s\u00edfilis \u00e9 causada pela bact\u00e9ria Treponema pallidum. Al\u00e9m da rela\u00e7\u00e3o sexual, o cont\u00e1gio tamb\u00e9m pode ocorrer de m\u00e3e para filho, no momento do parto e, de forma mais rara, por meio de transfus\u00e3o de sangue. Ap\u00f3s a contamina\u00e7\u00e3o, a doen\u00e7a se desenvolve em quatro est\u00e1gios: prim\u00e1rio, secund\u00e1rio, latente e terci\u00e1rio.<\/p>\n<p style=\"text-align: justify;\">Na s\u00edfilis prim\u00e1ria, os sintomas se manifestam de dez a noventa dias (m\u00e9dia de 21 dias) ap\u00f3s o cont\u00e1gio, nas regi\u00f5es da boca, \u00e2nus e \u00e1rea genital, onde s\u00e3o formadas feridas indolores (cancros). As feridas podem ter remiss\u00e3o espont\u00e2nea em at\u00e9 quatro semanas sem deixar cicatrizes. Ap\u00f3s este per\u00edodo, se o paciente n\u00e3o for tratado, a infec\u00e7\u00e3o continuar\u00e1 no organismo sem sintoma aparente (infec\u00e7\u00e3o latente).<\/p>\n<p style=\"text-align: justify;\">Na sequ\u00eancia, o paciente entra na fase secund\u00e1ria, em que os sintomas s\u00e3o variados e duram em m\u00e9dia entre quatro a 12 semanas. Nesta fase, a pessoa pode apresentar manchas na pele em diferentes partes do corpo, diversas les\u00f5es como alopecia (perda de cabelo), especialmente na cabe\u00e7a e nas sobrancelhas (madarose).<\/p>\n<p style=\"text-align: justify;\">Segundo a m\u00e9dica cl\u00ednica do Seconci-SP, ap\u00f3s os est\u00e1gios iniciais, a doen\u00e7a entra no per\u00edodo chamado de lat\u00eancia, no qual a pessoa n\u00e3o apresenta sintomas, mas continua infectada. Se n\u00e3o for submetido a tratamento, o indiv\u00edduo entrar\u00e1 na fase terci\u00e1ria. Esta etapa pode levar de dois a 40 anos depois do in\u00edcio da infec\u00e7\u00e3o para se manifestar e a pessoa est\u00e1 sujeita a problemas mais graves, como danos no c\u00e9rebro ou na medula, no nervo \u00f3tico, nos sistemas \u00f3sseo e cardiovascular e les\u00f5es cut\u00e2neas.<\/p>\n<p style=\"text-align: justify;\">J\u00e1 a s\u00edfilis cong\u00eanita ocorre em qualquer fase gestacional, podendo levar ao abortamento ou sequelas tardias. \u201cA crian\u00e7a pode apresentar manchas na pele, anemia severa, pneumonia, baixo peso, prematuridade e outros manifesta\u00e7\u00f5es graves. J\u00e1 entre as manifesta\u00e7\u00f5es tardias da doen\u00e7a podemos destacar: m\u00e1 forma\u00e7\u00e3o dos dentes, surdez, cegueira, dificuldade de aprendizado, m\u00e1 forma\u00e7\u00e3o dos ossos, convuls\u00f5es, entre outras complica\u00e7\u00f5es mais graves\u201d, pontua a m\u00e9dica.<\/p>\n<p style=\"text-align: justify;\">Os problemas ao beb\u00ea podem ser evitados por meio da realiza\u00e7\u00e3o do pr\u00e9-natal, onde \u00e9 feita a sorologia para s\u00edfilis e seu tratamento precoce.<\/p>\n<p style=\"text-align: justify;\"><strong>Tratamento e cura<\/strong><\/p>\n<p style=\"text-align: justify;\">A Dra. Dagmar destaca que a detec\u00e7\u00e3o da s\u00edfilis \u00e9 realizada por meio de an\u00e1lise laboratorial do sangue, feita de forma gratuita no Sistema \u00danico de Sa\u00fade (SUS) ou nas unidades p\u00fablicas de sa\u00fade. \u201cQuando \u00e9 detectada e tratada logo no in\u00edcio, aumenta a possibilidade de o paciente se curar da s\u00edfilis sem nenhuma sequela. Por isso, \u00e9 muito importante realizar os exames peri\u00f3dicos e, no caso das gr\u00e1vidas, fazer o pr\u00e9-natal durante toda a gesta\u00e7\u00e3o\u201d.<\/p>\n<p style=\"text-align: justify;\">A m\u00e9dica pontua ainda que o tratamento da s\u00edfilis \u00e9 realizado \u00e0 base de penicilina, mas a dosagem e per\u00edodo podem variar de acordo com a fase da doen\u00e7a em que a pessoa se encontra.<\/p>\n","protected":false},"excerpt":{"rendered":"<p>Doen\u00e7a \u00e9 tratada \u00e0 base de penicilina e tem cura, podendo o paciente ficar livre das sequelas quando diagnosticado nos primeiros est\u00e1gios | Assessoria de Comunica\u00e7\u00e3o Social do Seconci-SP | Os \u00faltimos dados dispon\u00edveis do Minist\u00e9rio da Sa\u00fade apontam crescimento nos casos de s\u00edfilis no Brasil. Somente em 2017 foi registrado um aumento de 28,5% [&hellip;]<\/p>\n","protected":false},"author":3,"featured_media":8823,"comment_status":"closed","ping_status":"closed","sticky":false,"template":"","format":"standard","meta":{"footnotes":""},"categories":[87],"tags":[],"class_list":["post-8822","post","type-post","status-publish","format-standard","has-post-thumbnail","hentry","category-seconci-sao-paulo"],"yoast_head":"<!-- This site is optimized with the Yoast SEO plugin v26.9 - https:\/\/yoast.com\/product\/yoast-seo-wordpress\/ -->\n<title>S\u00edfilis: Seconci-SP explica os sintomas e forma de tratamento - Seconci Brasil<\/title>\n<meta name=\"robots\" content=\"index, follow, max-snippet:-1, max-image-preview:large, max-video-preview:-1\" \/>\n<link rel=\"canonical\" href=\"https:\/\/seconci.com.br\/site\/2019\/11\/11\/sifilis-seconci-sp-explica-os-sintomas-e-forma-de-tratamento\/\" \/>\n<meta property=\"og:locale\" content=\"pt_PT\" \/>\n<meta property=\"og:type\" content=\"article\" \/>\n<meta property=\"og:title\" content=\"S\u00edfilis: Seconci-SP explica os sintomas e forma de tratamento - Seconci Brasil\" \/>\n<meta property=\"og:description\" content=\"Doen\u00e7a \u00e9 tratada \u00e0 base de penicilina e tem cura, podendo o paciente ficar livre das sequelas quando diagnosticado nos primeiros est\u00e1gios | Assessoria de Comunica\u00e7\u00e3o Social do Seconci-SP | Os \u00faltimos dados dispon\u00edveis do Minist\u00e9rio da Sa\u00fade apontam crescimento nos casos de s\u00edfilis no Brasil. Somente em 2017 foi registrado um aumento de 28,5% [&hellip;]\" \/>\n<meta property=\"og:url\" content=\"https:\/\/seconci.com.br\/site\/2019\/11\/11\/sifilis-seconci-sp-explica-os-sintomas-e-forma-de-tratamento\/\" \/>\n<meta property=\"og:site_name\" content=\"Seconci Brasil\" \/>\n<meta property=\"article:published_time\" content=\"2019-11-11T12:34:14+00:00\" \/>\n<meta property=\"article:modified_time\" content=\"2019-11-11T12:35:10+00:00\" \/>\n<meta property=\"og:image\" content=\"https:\/\/seconci.com.br\/site\/wp-content\/uploads\/2019\/11\/29027-201607061131-init.jpg\" \/>\n\t<meta property=\"og:image:width\" content=\"724\" \/>\n\t<meta property=\"og:image:height\" content=\"483\" \/>\n\t<meta property=\"og:image:type\" content=\"image\/jpeg\" \/>\n<meta name=\"author\" content=\"Sidney Rocha\" \/>\n<meta name=\"twitter:card\" content=\"summary_large_image\" \/>\n<meta name=\"twitter:label1\" content=\"Escrito por\" \/>\n\t<meta name=\"twitter:data1\" content=\"Sidney Rocha\" \/>\n\t<meta name=\"twitter:label2\" content=\"Tempo estimado de leitura\" \/>\n\t<meta name=\"twitter:data2\" content=\"4 minutos\" \/>\n<script type=\"application\/ld+json\" class=\"yoast-schema-graph\">{\"@context\":\"https:\/\/schema.org\",\"@graph\":[{\"@type\":\"Article\",\"@id\":\"https:\/\/seconci.com.br\/site\/2019\/11\/11\/sifilis-seconci-sp-explica-os-sintomas-e-forma-de-tratamento\/#article\",\"isPartOf\":{\"@id\":\"https:\/\/seconci.com.br\/site\/2019\/11\/11\/sifilis-seconci-sp-explica-os-sintomas-e-forma-de-tratamento\/\"},\"author\":{\"name\":\"Sidney Rocha\",\"@id\":\"https:\/\/seconci.com.br\/site\/#\/schema\/person\/1d79afd97ddc8f2c68c1e88e298aa8e2\"},\"headline\":\"S\u00edfilis: Seconci-SP explica os sintomas e forma de tratamento\",\"datePublished\":\"2019-11-11T12:34:14+00:00\",\"dateModified\":\"2019-11-11T12:35:10+00:00\",\"mainEntityOfPage\":{\"@id\":\"https:\/\/seconci.com.br\/site\/2019\/11\/11\/sifilis-seconci-sp-explica-os-sintomas-e-forma-de-tratamento\/\"},\"wordCount\":759,\"publisher\":{\"@id\":\"https:\/\/seconci.com.br\/site\/#organization\"},\"image\":{\"@id\":\"https:\/\/seconci.com.br\/site\/2019\/11\/11\/sifilis-seconci-sp-explica-os-sintomas-e-forma-de-tratamento\/#primaryimage\"},\"thumbnailUrl\":\"https:\/\/seconci.com.br\/site\/wp-content\/uploads\/2019\/11\/29027-201607061131-init.jpg\",\"articleSection\":[\"Seconci S\u00e3o Paulo\"],\"inLanguage\":\"pt-PT\"},{\"@type\":\"WebPage\",\"@id\":\"https:\/\/seconci.com.br\/site\/2019\/11\/11\/sifilis-seconci-sp-explica-os-sintomas-e-forma-de-tratamento\/\",\"url\":\"https:\/\/seconci.com.br\/site\/2019\/11\/11\/sifilis-seconci-sp-explica-os-sintomas-e-forma-de-tratamento\/\",\"name\":\"S\u00edfilis: Seconci-SP explica os sintomas e forma de tratamento - Seconci Brasil\",\"isPartOf\":{\"@id\":\"https:\/\/seconci.com.br\/site\/#website\"},\"primaryImageOfPage\":{\"@id\":\"https:\/\/seconci.com.br\/site\/2019\/11\/11\/sifilis-seconci-sp-explica-os-sintomas-e-forma-de-tratamento\/#primaryimage\"},\"image\":{\"@id\":\"https:\/\/seconci.com.br\/site\/2019\/11\/11\/sifilis-seconci-sp-explica-os-sintomas-e-forma-de-tratamento\/#primaryimage\"},\"thumbnailUrl\":\"https:\/\/seconci.com.br\/site\/wp-content\/uploads\/2019\/11\/29027-201607061131-init.jpg\",\"datePublished\":\"2019-11-11T12:34:14+00:00\",\"dateModified\":\"2019-11-11T12:35:10+00:00\",\"breadcrumb\":{\"@id\":\"https:\/\/seconci.com.br\/site\/2019\/11\/11\/sifilis-seconci-sp-explica-os-sintomas-e-forma-de-tratamento\/#breadcrumb\"},\"inLanguage\":\"pt-PT\",\"potentialAction\":[{\"@type\":\"ReadAction\",\"target\":[\"https:\/\/seconci.com.br\/site\/2019\/11\/11\/sifilis-seconci-sp-explica-os-sintomas-e-forma-de-tratamento\/\"]}]},{\"@type\":\"ImageObject\",\"inLanguage\":\"pt-PT\",\"@id\":\"https:\/\/seconci.com.br\/site\/2019\/11\/11\/sifilis-seconci-sp-explica-os-sintomas-e-forma-de-tratamento\/#primaryimage\",\"url\":\"https:\/\/seconci.com.br\/site\/wp-content\/uploads\/2019\/11\/29027-201607061131-init.jpg\",\"contentUrl\":\"https:\/\/seconci.com.br\/site\/wp-content\/uploads\/2019\/11\/29027-201607061131-init.jpg\",\"width\":724,\"height\":483},{\"@type\":\"BreadcrumbList\",\"@id\":\"https:\/\/seconci.com.br\/site\/2019\/11\/11\/sifilis-seconci-sp-explica-os-sintomas-e-forma-de-tratamento\/#breadcrumb\",\"itemListElement\":[{\"@type\":\"ListItem\",\"position\":1,\"name\":\"In\u00edcio\",\"item\":\"https:\/\/seconci.com.br\/site\/\"},{\"@type\":\"ListItem\",\"position\":2,\"name\":\"S\u00edfilis: Seconci-SP explica os sintomas e forma de tratamento\"}]},{\"@type\":\"WebSite\",\"@id\":\"https:\/\/seconci.com.br\/site\/#website\",\"url\":\"https:\/\/seconci.com.br\/site\/\",\"name\":\"Seconci Brasil\",\"description\":\"\",\"publisher\":{\"@id\":\"https:\/\/seconci.com.br\/site\/#organization\"},\"potentialAction\":[{\"@type\":\"SearchAction\",\"target\":{\"@type\":\"EntryPoint\",\"urlTemplate\":\"https:\/\/seconci.com.br\/site\/?s={search_term_string}\"},\"query-input\":{\"@type\":\"PropertyValueSpecification\",\"valueRequired\":true,\"valueName\":\"search_term_string\"}}],\"inLanguage\":\"pt-PT\"},{\"@type\":\"Organization\",\"@id\":\"https:\/\/seconci.com.br\/site\/#organization\",\"name\":\"Seconci Brasil\",\"url\":\"https:\/\/seconci.com.br\/site\/\",\"logo\":{\"@type\":\"ImageObject\",\"inLanguage\":\"pt-PT\",\"@id\":\"https:\/\/seconci.com.br\/site\/#\/schema\/logo\/image\/\",\"url\":\"https:\/\/seconci.com.br\/site\/wp-content\/uploads\/2024\/08\/Logo-Seconci-Brasil-branca-2.png\",\"contentUrl\":\"https:\/\/seconci.com.br\/site\/wp-content\/uploads\/2024\/08\/Logo-Seconci-Brasil-branca-2.png\",\"width\":1315,\"height\":598,\"caption\":\"Seconci Brasil\"},\"image\":{\"@id\":\"https:\/\/seconci.com.br\/site\/#\/schema\/logo\/image\/\"}},{\"@type\":\"Person\",\"@id\":\"https:\/\/seconci.com.br\/site\/#\/schema\/person\/1d79afd97ddc8f2c68c1e88e298aa8e2\",\"name\":\"Sidney Rocha\",\"description\":\"Comunicador e estagi\u00e1rio do Seconci Brasil.\",\"url\":\"https:\/\/seconci.com.br\/site\/author\/sidney-rocha\/\"}]}<\/script>\n<!-- \/ Yoast SEO plugin. -->","yoast_head_json":{"title":"S\u00edfilis: Seconci-SP explica os sintomas e forma de tratamento - Seconci Brasil","robots":{"index":"index","follow":"follow","max-snippet":"max-snippet:-1","max-image-preview":"max-image-preview:large","max-video-preview":"max-video-preview:-1"},"canonical":"https:\/\/seconci.com.br\/site\/2019\/11\/11\/sifilis-seconci-sp-explica-os-sintomas-e-forma-de-tratamento\/","og_locale":"pt_PT","og_type":"article","og_title":"S\u00edfilis: Seconci-SP explica os sintomas e forma de tratamento - Seconci Brasil","og_description":"Doen\u00e7a \u00e9 tratada \u00e0 base de penicilina e tem cura, podendo o paciente ficar livre das sequelas quando diagnosticado nos primeiros est\u00e1gios | Assessoria de Comunica\u00e7\u00e3o Social do Seconci-SP | Os \u00faltimos dados dispon\u00edveis do Minist\u00e9rio da Sa\u00fade apontam crescimento nos casos de s\u00edfilis no Brasil. Somente em 2017 foi registrado um aumento de 28,5% [&hellip;]","og_url":"https:\/\/seconci.com.br\/site\/2019\/11\/11\/sifilis-seconci-sp-explica-os-sintomas-e-forma-de-tratamento\/","og_site_name":"Seconci Brasil","article_published_time":"2019-11-11T12:34:14+00:00","article_modified_time":"2019-11-11T12:35:10+00:00","og_image":[{"width":724,"height":483,"url":"https:\/\/seconci.com.br\/site\/wp-content\/uploads\/2019\/11\/29027-201607061131-init.jpg","type":"image\/jpeg"}],"author":"Sidney Rocha","twitter_card":"summary_large_image","twitter_misc":{"Escrito por":"Sidney Rocha","Tempo estimado de leitura":"4 minutos"},"schema":{"@context":"https:\/\/schema.org","@graph":[{"@type":"Article","@id":"https:\/\/seconci.com.br\/site\/2019\/11\/11\/sifilis-seconci-sp-explica-os-sintomas-e-forma-de-tratamento\/#article","isPartOf":{"@id":"https:\/\/seconci.com.br\/site\/2019\/11\/11\/sifilis-seconci-sp-explica-os-sintomas-e-forma-de-tratamento\/"},"author":{"name":"Sidney Rocha","@id":"https:\/\/seconci.com.br\/site\/#\/schema\/person\/1d79afd97ddc8f2c68c1e88e298aa8e2"},"headline":"S\u00edfilis: Seconci-SP explica os sintomas e forma de tratamento","datePublished":"2019-11-11T12:34:14+00:00","dateModified":"2019-11-11T12:35:10+00:00","mainEntityOfPage":{"@id":"https:\/\/seconci.com.br\/site\/2019\/11\/11\/sifilis-seconci-sp-explica-os-sintomas-e-forma-de-tratamento\/"},"wordCount":759,"publisher":{"@id":"https:\/\/seconci.com.br\/site\/#organization"},"image":{"@id":"https:\/\/seconci.com.br\/site\/2019\/11\/11\/sifilis-seconci-sp-explica-os-sintomas-e-forma-de-tratamento\/#primaryimage"},"thumbnailUrl":"https:\/\/seconci.com.br\/site\/wp-content\/uploads\/2019\/11\/29027-201607061131-init.jpg","articleSection":["Seconci S\u00e3o Paulo"],"inLanguage":"pt-PT"},{"@type":"WebPage","@id":"https:\/\/seconci.com.br\/site\/2019\/11\/11\/sifilis-seconci-sp-explica-os-sintomas-e-forma-de-tratamento\/","url":"https:\/\/seconci.com.br\/site\/2019\/11\/11\/sifilis-seconci-sp-explica-os-sintomas-e-forma-de-tratamento\/","name":"S\u00edfilis: Seconci-SP explica os sintomas e forma de tratamento - Seconci Brasil","isPartOf":{"@id":"https:\/\/seconci.com.br\/site\/#website"},"primaryImageOfPage":{"@id":"https:\/\/seconci.com.br\/site\/2019\/11\/11\/sifilis-seconci-sp-explica-os-sintomas-e-forma-de-tratamento\/#primaryimage"},"image":{"@id":"https:\/\/seconci.com.br\/site\/2019\/11\/11\/sifilis-seconci-sp-explica-os-sintomas-e-forma-de-tratamento\/#primaryimage"},"thumbnailUrl":"https:\/\/seconci.com.br\/site\/wp-content\/uploads\/2019\/11\/29027-201607061131-init.jpg","datePublished":"2019-11-11T12:34:14+00:00","dateModified":"2019-11-11T12:35:10+00:00","breadcrumb":{"@id":"https:\/\/seconci.com.br\/site\/2019\/11\/11\/sifilis-seconci-sp-explica-os-sintomas-e-forma-de-tratamento\/#breadcrumb"},"inLanguage":"pt-PT","potentialAction":[{"@type":"ReadAction","target":["https:\/\/seconci.com.br\/site\/2019\/11\/11\/sifilis-seconci-sp-explica-os-sintomas-e-forma-de-tratamento\/"]}]},{"@type":"ImageObject","inLanguage":"pt-PT","@id":"https:\/\/seconci.com.br\/site\/2019\/11\/11\/sifilis-seconci-sp-explica-os-sintomas-e-forma-de-tratamento\/#primaryimage","url":"https:\/\/seconci.com.br\/site\/wp-content\/uploads\/2019\/11\/29027-201607061131-init.jpg","contentUrl":"https:\/\/seconci.com.br\/site\/wp-content\/uploads\/2019\/11\/29027-201607061131-init.jpg","width":724,"height":483},{"@type":"BreadcrumbList","@id":"https:\/\/seconci.com.br\/site\/2019\/11\/11\/sifilis-seconci-sp-explica-os-sintomas-e-forma-de-tratamento\/#breadcrumb","itemListElement":[{"@type":"ListItem","position":1,"name":"In\u00edcio","item":"https:\/\/seconci.com.br\/site\/"},{"@type":"ListItem","position":2,"name":"S\u00edfilis: Seconci-SP explica os sintomas e forma de tratamento"}]},{"@type":"WebSite","@id":"https:\/\/seconci.com.br\/site\/#website","url":"https:\/\/seconci.com.br\/site\/","name":"Seconci Brasil","description":"","publisher":{"@id":"https:\/\/seconci.com.br\/site\/#organization"},"potentialAction":[{"@type":"SearchAction","target":{"@type":"EntryPoint","urlTemplate":"https:\/\/seconci.com.br\/site\/?s={search_term_string}"},"query-input":{"@type":"PropertyValueSpecification","valueRequired":true,"valueName":"search_term_string"}}],"inLanguage":"pt-PT"},{"@type":"Organization","@id":"https:\/\/seconci.com.br\/site\/#organization","name":"Seconci Brasil","url":"https:\/\/seconci.com.br\/site\/","logo":{"@type":"ImageObject","inLanguage":"pt-PT","@id":"https:\/\/seconci.com.br\/site\/#\/schema\/logo\/image\/","url":"https:\/\/seconci.com.br\/site\/wp-content\/uploads\/2024\/08\/Logo-Seconci-Brasil-branca-2.png","contentUrl":"https:\/\/seconci.com.br\/site\/wp-content\/uploads\/2024\/08\/Logo-Seconci-Brasil-branca-2.png","width":1315,"height":598,"caption":"Seconci Brasil"},"image":{"@id":"https:\/\/seconci.com.br\/site\/#\/schema\/logo\/image\/"}},{"@type":"Person","@id":"https:\/\/seconci.com.br\/site\/#\/schema\/person\/1d79afd97ddc8f2c68c1e88e298aa8e2","name":"Sidney Rocha","description":"Comunicador e estagi\u00e1rio do Seconci Brasil.","url":"https:\/\/seconci.com.br\/site\/author\/sidney-rocha\/"}]}},"_links":{"self":[{"href":"https:\/\/seconci.com.br\/site\/wp-json\/wp\/v2\/posts\/8822","targetHints":{"allow":["GET"]}}],"collection":[{"href":"https:\/\/seconci.com.br\/site\/wp-json\/wp\/v2\/posts"}],"about":[{"href":"https:\/\/seconci.com.br\/site\/wp-json\/wp\/v2\/types\/post"}],"author":[{"embeddable":true,"href":"https:\/\/seconci.com.br\/site\/wp-json\/wp\/v2\/users\/3"}],"replies":[{"embeddable":true,"href":"https:\/\/seconci.com.br\/site\/wp-json\/wp\/v2\/comments?post=8822"}],"version-history":[{"count":0,"href":"https:\/\/seconci.com.br\/site\/wp-json\/wp\/v2\/posts\/8822\/revisions"}],"wp:featuredmedia":[{"embeddable":true,"href":"https:\/\/seconci.com.br\/site\/wp-json\/wp\/v2\/media\/8823"}],"wp:attachment":[{"href":"https:\/\/seconci.com.br\/site\/wp-json\/wp\/v2\/media?parent=8822"}],"wp:term":[{"taxonomy":"category","embeddable":true,"href":"https:\/\/seconci.com.br\/site\/wp-json\/wp\/v2\/categories?post=8822"},{"taxonomy":"post_tag","embeddable":true,"href":"https:\/\/seconci.com.br\/site\/wp-json\/wp\/v2\/tags?post=8822"}],"curies":[{"name":"wp","href":"https:\/\/api.w.org\/{rel}","templated":true}]}}