{"id":8830,"date":"2019-11-13T14:25:58","date_gmt":"2019-11-13T14:25:58","guid":{"rendered":"https:\/\/seconci.com.br\/site\/?p=8830"},"modified":"2019-11-13T14:25:58","modified_gmt":"2019-11-13T14:25:58","slug":"seconci-sp-dia-mundial-do-diabetes-confira-principais-tipos-e-como-prevenir-a-doenca","status":"publish","type":"post","link":"https:\/\/seconci.com.br\/site\/2019\/11\/13\/seconci-sp-dia-mundial-do-diabetes-confira-principais-tipos-e-como-prevenir-a-doenca\/","title":{"rendered":"| Seconci-SP | Dia mundial do diabetes: confira principais tipos e como prevenir a doen\u00e7a"},"content":{"rendered":"<p style=\"text-align: justify;\">| <strong>Assessoria de Comunica\u00e7\u00e3o Social do Seconci-SP<\/strong> |<\/p>\n<p style=\"text-align: justify;\">Nesta pr\u00f3xima quinta-feira, dia 14 de novembro, ser\u00e1 celebrado o Dia Mundial do Diabetes, data criada pela Federa\u00e7\u00e3o Internacional de Diabetes (IDF, na sigla em ingl\u00eas) para chamar a aten\u00e7\u00e3o das pessoas para uma doen\u00e7a silenciosa e sem cura, que exige um acompanhamento multidisciplinar. Hoje, a enfermidade j\u00e1 atinge 13 milh\u00f5es de brasileiros e, de acordo com a Sociedade Brasileira de Diabetes, esse n\u00famero tende a aumentar mais de 150% at\u00e9 2035.<\/p>\n<p style=\"text-align: justify;\">A endocrinologista do\u00a0Seconci-SP\u00a0(Servi\u00e7o Social da Constru\u00e7\u00e3o), Bruna Lima da Silva, explica que a doen\u00e7a \u00e9 causada pela defici\u00eancia na produ\u00e7\u00e3o ou na a\u00e7\u00e3o da insulina \u2014 horm\u00f4nio que regula a glicose no sangue e garante energia para o organismo. \u201cO diabetes pode se manifestar em diversas formas e exige tratamentos espec\u00edficos. O tipo 1 acontece em pessoas geneticamente predispostas, sendo mais comum em crian\u00e7as, adolescentes e adultos jovens. J\u00e1 o tipo 2, que \u00e9 encontrado com maior frequ\u00eancia em indiv\u00edduos acima de 40 anos, est\u00e1 diretamente relacionado ao sobrepeso, sedentarismo e h\u00e1bitos alimentares inadequados\u201d, explica a m\u00e9dica.<\/p>\n<p style=\"text-align: justify;\">Al\u00e9m destes, a doen\u00e7a pode acometer mulheres durante a gesta\u00e7\u00e3o, trazendo riscos tanto para a m\u00e3e quanto para o feto e o neonato, sendo geralmente diagnosticado no segundo ou terceiro trimestres da gesta\u00e7\u00e3o. Pode ser transit\u00f3rio ou persistir ap\u00f3s o parto, caracterizando-se como importante fator de risco independente para desenvolvimento futuro de DM2 (diabetes mellitus tipo 2).<\/p>\n<figure class=\"wp-block-image is-resized\" style=\"text-align: justify;\"><img fetchpriority=\"high\" decoding=\"async\" class=\"wp-image-22538 td-animation-stack-type0-2\" src=\"https:\/\/i1.wp.com\/atibaiaconnection.com.br\/wp-content\/uploads\/2019\/04\/saude-hospital.jpg?resize=597%2C448&amp;ssl=1\" sizes=\"(max-width: 597px) 100vw, 597px\" srcset=\"https:\/\/i1.wp.com\/atibaiaconnection.com.br\/wp-content\/uploads\/2019\/04\/saude-hospital.jpg?w=889&amp;ssl=1 889w, https:\/\/i1.wp.com\/atibaiaconnection.com.br\/wp-content\/uploads\/2019\/04\/saude-hospital.jpg?resize=300%2C225&amp;ssl=1 300w, https:\/\/i1.wp.com\/atibaiaconnection.com.br\/wp-content\/uploads\/2019\/04\/saude-hospital.jpg?resize=768%2C576&amp;ssl=1 768w, https:\/\/i1.wp.com\/atibaiaconnection.com.br\/wp-content\/uploads\/2019\/04\/saude-hospital.jpg?resize=80%2C60&amp;ssl=1 80w, https:\/\/i1.wp.com\/atibaiaconnection.com.br\/wp-content\/uploads\/2019\/04\/saude-hospital.jpg?resize=265%2C198&amp;ssl=1 265w, https:\/\/i1.wp.com\/atibaiaconnection.com.br\/wp-content\/uploads\/2019\/04\/saude-hospital.jpg?resize=696%2C522&amp;ssl=1 696w, https:\/\/i1.wp.com\/atibaiaconnection.com.br\/wp-content\/uploads\/2019\/04\/saude-hospital.jpg?resize=560%2C420&amp;ssl=1 560w\" alt=\"\" width=\"597\" height=\"448\" data-attachment-id=\"22538\" data-permalink=\"https:\/\/atibaiaconnection.com.br\/construcao-do-hospital-municipal-de-atibaia-e-tema-de-audiencia-publica-dia-24-de-abril\/saude-hospital\/\" data-orig-file=\"https:\/\/i1.wp.com\/atibaiaconnection.com.br\/wp-content\/uploads\/2019\/04\/saude-hospital.jpg?fit=889%2C667&amp;ssl=1\" data-orig-size=\"889,667\" data-comments-opened=\"1\" data-image-meta=\"{&quot;aperture&quot;:&quot;0&quot;,&quot;credit&quot;:&quot;&quot;,&quot;camera&quot;:&quot;&quot;,&quot;caption&quot;:&quot;&quot;,&quot;created_timestamp&quot;:&quot;0&quot;,&quot;copyright&quot;:&quot;&quot;,&quot;focal_length&quot;:&quot;0&quot;,&quot;iso&quot;:&quot;0&quot;,&quot;shutter_speed&quot;:&quot;0&quot;,&quot;title&quot;:&quot;&quot;,&quot;orientation&quot;:&quot;0&quot;}\" data-image-title=\"saude hospital\" data-image-description=\"\" data-medium-file=\"https:\/\/i1.wp.com\/atibaiaconnection.com.br\/wp-content\/uploads\/2019\/04\/saude-hospital.jpg?fit=300%2C225&amp;ssl=1\" data-large-file=\"https:\/\/i1.wp.com\/atibaiaconnection.com.br\/wp-content\/uploads\/2019\/04\/saude-hospital.jpg?fit=696%2C522&amp;ssl=1\" \/><figcaption>Imagem: Reprodu\u00e7\u00e3o<\/figcaption><\/figure>\n<p style=\"text-align: justify;\">Embora a enfermidade seja silenciosa na maioria dos casos, exigindo exames laboratoriais para diagnostic\u00e1-la, sintomas como fome, sede excessiva, fraqueza e perda de peso podem ocorrer. \u201cPor n\u00e3o ser uma patologia 100% gen\u00e9tica, o fator ambiental \u00e9 determinante. Quem tem uma vida mais saud\u00e1vel, tem menos chance de desenvolver diabetes\u201d, explica a endocrinologista.<\/p>\n<p style=\"text-align: justify;\">Fatores como alcoolismo e tabagismo tamb\u00e9m podem contribuir para o aumento de risco da doen\u00e7a. \u201c\u00c9 preciso, portanto, focar na educa\u00e7\u00e3o dos h\u00e1bitos para a preven\u00e7\u00e3o: reduzir carboidratos, cortar o a\u00e7\u00facar e se dedicar \u00e0s atividades f\u00edsicas com mais frequ\u00eancia\u201d, complementa. \u201cQuando n\u00e3o tratada, as sequelas da doen\u00e7a podem ser irrevers\u00edveis, como perda de vis\u00e3o, insufici\u00eancia renal ou at\u00e9 a amputa\u00e7\u00e3o de algum membro\u201d.<\/p>\n<figure class=\"wp-block-image is-resized\" style=\"text-align: justify;\"><img decoding=\"async\" class=\"wp-image-15316 td-animation-stack-type0-2\" src=\"https:\/\/i2.wp.com\/atibaiaconnection.com.br\/wp-content\/uploads\/2018\/05\/diabetes.jpg?resize=594%2C371&amp;ssl=1\" sizes=\"(max-width: 594px) 100vw, 594px\" srcset=\"https:\/\/i2.wp.com\/atibaiaconnection.com.br\/wp-content\/uploads\/2018\/05\/diabetes.jpg?w=800&amp;ssl=1 800w, https:\/\/i2.wp.com\/atibaiaconnection.com.br\/wp-content\/uploads\/2018\/05\/diabetes.jpg?resize=300%2C188&amp;ssl=1 300w, https:\/\/i2.wp.com\/atibaiaconnection.com.br\/wp-content\/uploads\/2018\/05\/diabetes.jpg?resize=768%2C480&amp;ssl=1 768w, https:\/\/i2.wp.com\/atibaiaconnection.com.br\/wp-content\/uploads\/2018\/05\/diabetes.jpg?resize=696%2C435&amp;ssl=1 696w, https:\/\/i2.wp.com\/atibaiaconnection.com.br\/wp-content\/uploads\/2018\/05\/diabetes.jpg?resize=672%2C420&amp;ssl=1 672w\" alt=\"\" width=\"594\" height=\"371\" data-attachment-id=\"15316\" data-permalink=\"https:\/\/atibaiaconnection.com.br\/quase-metade-dos-brasileiros-sofre-de-sedentarismo-confira-dicas-para-evitar-o-problema\/diabetes\/\" data-orig-file=\"https:\/\/i2.wp.com\/atibaiaconnection.com.br\/wp-content\/uploads\/2018\/05\/diabetes.jpg?fit=800%2C500&amp;ssl=1\" data-orig-size=\"800,500\" data-comments-opened=\"1\" data-image-meta=\"{&quot;aperture&quot;:&quot;0&quot;,&quot;credit&quot;:&quot;&quot;,&quot;camera&quot;:&quot;&quot;,&quot;caption&quot;:&quot;&quot;,&quot;created_timestamp&quot;:&quot;0&quot;,&quot;copyright&quot;:&quot;&quot;,&quot;focal_length&quot;:&quot;0&quot;,&quot;iso&quot;:&quot;0&quot;,&quot;shutter_speed&quot;:&quot;0&quot;,&quot;title&quot;:&quot;569735008&quot;,&quot;orientation&quot;:&quot;1&quot;}\" data-image-title=\"diabetes\" data-image-description=\"\" data-medium-file=\"https:\/\/i2.wp.com\/atibaiaconnection.com.br\/wp-content\/uploads\/2018\/05\/diabetes.jpg?fit=300%2C188&amp;ssl=1\" data-large-file=\"https:\/\/i2.wp.com\/atibaiaconnection.com.br\/wp-content\/uploads\/2018\/05\/diabetes.jpg?fit=696%2C435&amp;ssl=1\" \/><figcaption>Foto: Reprodu\u00e7\u00e3o<\/figcaption><\/figure>\n<p style=\"text-align: justify;\">No Seconci-SP, os trabalhadores e seus familiares contam com toda a estrutura laboratorial e profissionais de diferentes especialidades para a realiza\u00e7\u00e3o de exames e tratamentos. Para a preven\u00e7\u00e3o do diabetes especificamente, a entidade conta com uma equipe multidisciplinar que inclui nutricionistas, endocrinologistas e nefrologistas, al\u00e9m de psic\u00f3logos e psiquiatras, quando necess\u00e1rio.<\/p>\n","protected":false},"excerpt":{"rendered":"<p>| Assessoria de Comunica\u00e7\u00e3o Social do Seconci-SP | Nesta pr\u00f3xima quinta-feira, dia 14 de novembro, ser\u00e1 celebrado o Dia Mundial do Diabetes, data criada pela Federa\u00e7\u00e3o Internacional de Diabetes (IDF, na sigla em ingl\u00eas) para chamar a aten\u00e7\u00e3o das pessoas para uma doen\u00e7a silenciosa e sem cura, que exige um acompanhamento multidisciplinar. Hoje, a enfermidade [&hellip;]<\/p>\n","protected":false},"author":3,"featured_media":8831,"comment_status":"closed","ping_status":"closed","sticky":false,"template":"","format":"standard","meta":{"footnotes":""},"categories":[87],"tags":[],"class_list":["post-8830","post","type-post","status-publish","format-standard","has-post-thumbnail","hentry","category-seconci-sao-paulo"],"yoast_head":"<!-- This site is optimized with the Yoast SEO plugin v26.9 - https:\/\/yoast.com\/product\/yoast-seo-wordpress\/ -->\n<title>| Seconci-SP | Dia mundial do diabetes: confira principais tipos e como prevenir a doen\u00e7a - Seconci Brasil<\/title>\n<meta name=\"robots\" content=\"index, follow, max-snippet:-1, max-image-preview:large, max-video-preview:-1\" \/>\n<link rel=\"canonical\" href=\"https:\/\/seconci.com.br\/site\/2019\/11\/13\/seconci-sp-dia-mundial-do-diabetes-confira-principais-tipos-e-como-prevenir-a-doenca\/\" \/>\n<meta property=\"og:locale\" content=\"pt_PT\" \/>\n<meta property=\"og:type\" content=\"article\" \/>\n<meta property=\"og:title\" content=\"| Seconci-SP | Dia mundial do diabetes: confira principais tipos e como prevenir a doen\u00e7a - Seconci Brasil\" \/>\n<meta property=\"og:description\" content=\"| Assessoria de Comunica\u00e7\u00e3o Social do Seconci-SP | Nesta pr\u00f3xima quinta-feira, dia 14 de novembro, ser\u00e1 celebrado o Dia Mundial do Diabetes, data criada pela Federa\u00e7\u00e3o Internacional de Diabetes (IDF, na sigla em ingl\u00eas) para chamar a aten\u00e7\u00e3o das pessoas para uma doen\u00e7a silenciosa e sem cura, que exige um acompanhamento multidisciplinar. Hoje, a enfermidade [&hellip;]\" \/>\n<meta property=\"og:url\" content=\"https:\/\/seconci.com.br\/site\/2019\/11\/13\/seconci-sp-dia-mundial-do-diabetes-confira-principais-tipos-e-como-prevenir-a-doenca\/\" \/>\n<meta property=\"og:site_name\" content=\"Seconci Brasil\" \/>\n<meta property=\"article:published_time\" content=\"2019-11-13T14:25:58+00:00\" \/>\n<meta property=\"og:image\" content=\"https:\/\/seconci.com.br\/site\/wp-content\/uploads\/2019\/11\/dia-mundial-diabetes-14-de-novembro.jpg\" \/>\n\t<meta property=\"og:image:width\" content=\"696\" \/>\n\t<meta property=\"og:image:height\" content=\"410\" \/>\n\t<meta property=\"og:image:type\" content=\"image\/jpeg\" \/>\n<meta name=\"author\" content=\"Sidney Rocha\" \/>\n<meta name=\"twitter:card\" content=\"summary_large_image\" \/>\n<meta name=\"twitter:label1\" content=\"Escrito por\" \/>\n\t<meta name=\"twitter:data1\" content=\"Sidney Rocha\" \/>\n\t<meta name=\"twitter:label2\" content=\"Tempo estimado de leitura\" \/>\n\t<meta name=\"twitter:data2\" content=\"2 minutos\" \/>\n<script type=\"application\/ld+json\" class=\"yoast-schema-graph\">{\"@context\":\"https:\/\/schema.org\",\"@graph\":[{\"@type\":\"Article\",\"@id\":\"https:\/\/seconci.com.br\/site\/2019\/11\/13\/seconci-sp-dia-mundial-do-diabetes-confira-principais-tipos-e-como-prevenir-a-doenca\/#article\",\"isPartOf\":{\"@id\":\"https:\/\/seconci.com.br\/site\/2019\/11\/13\/seconci-sp-dia-mundial-do-diabetes-confira-principais-tipos-e-como-prevenir-a-doenca\/\"},\"author\":{\"name\":\"Sidney Rocha\",\"@id\":\"https:\/\/seconci.com.br\/site\/#\/schema\/person\/1d79afd97ddc8f2c68c1e88e298aa8e2\"},\"headline\":\"| Seconci-SP | Dia mundial do diabetes: confira principais tipos e como prevenir a doen\u00e7a\",\"datePublished\":\"2019-11-13T14:25:58+00:00\",\"mainEntityOfPage\":{\"@id\":\"https:\/\/seconci.com.br\/site\/2019\/11\/13\/seconci-sp-dia-mundial-do-diabetes-confira-principais-tipos-e-como-prevenir-a-doenca\/\"},\"wordCount\":459,\"publisher\":{\"@id\":\"https:\/\/seconci.com.br\/site\/#organization\"},\"image\":{\"@id\":\"https:\/\/seconci.com.br\/site\/2019\/11\/13\/seconci-sp-dia-mundial-do-diabetes-confira-principais-tipos-e-como-prevenir-a-doenca\/#primaryimage\"},\"thumbnailUrl\":\"https:\/\/seconci.com.br\/site\/wp-content\/uploads\/2019\/11\/dia-mundial-diabetes-14-de-novembro.jpg\",\"articleSection\":[\"Seconci S\u00e3o Paulo\"],\"inLanguage\":\"pt-PT\"},{\"@type\":\"WebPage\",\"@id\":\"https:\/\/seconci.com.br\/site\/2019\/11\/13\/seconci-sp-dia-mundial-do-diabetes-confira-principais-tipos-e-como-prevenir-a-doenca\/\",\"url\":\"https:\/\/seconci.com.br\/site\/2019\/11\/13\/seconci-sp-dia-mundial-do-diabetes-confira-principais-tipos-e-como-prevenir-a-doenca\/\",\"name\":\"| Seconci-SP | Dia mundial do diabetes: confira principais tipos e como prevenir a doen\u00e7a - Seconci Brasil\",\"isPartOf\":{\"@id\":\"https:\/\/seconci.com.br\/site\/#website\"},\"primaryImageOfPage\":{\"@id\":\"https:\/\/seconci.com.br\/site\/2019\/11\/13\/seconci-sp-dia-mundial-do-diabetes-confira-principais-tipos-e-como-prevenir-a-doenca\/#primaryimage\"},\"image\":{\"@id\":\"https:\/\/seconci.com.br\/site\/2019\/11\/13\/seconci-sp-dia-mundial-do-diabetes-confira-principais-tipos-e-como-prevenir-a-doenca\/#primaryimage\"},\"thumbnailUrl\":\"https:\/\/seconci.com.br\/site\/wp-content\/uploads\/2019\/11\/dia-mundial-diabetes-14-de-novembro.jpg\",\"datePublished\":\"2019-11-13T14:25:58+00:00\",\"breadcrumb\":{\"@id\":\"https:\/\/seconci.com.br\/site\/2019\/11\/13\/seconci-sp-dia-mundial-do-diabetes-confira-principais-tipos-e-como-prevenir-a-doenca\/#breadcrumb\"},\"inLanguage\":\"pt-PT\",\"potentialAction\":[{\"@type\":\"ReadAction\",\"target\":[\"https:\/\/seconci.com.br\/site\/2019\/11\/13\/seconci-sp-dia-mundial-do-diabetes-confira-principais-tipos-e-como-prevenir-a-doenca\/\"]}]},{\"@type\":\"ImageObject\",\"inLanguage\":\"pt-PT\",\"@id\":\"https:\/\/seconci.com.br\/site\/2019\/11\/13\/seconci-sp-dia-mundial-do-diabetes-confira-principais-tipos-e-como-prevenir-a-doenca\/#primaryimage\",\"url\":\"https:\/\/seconci.com.br\/site\/wp-content\/uploads\/2019\/11\/dia-mundial-diabetes-14-de-novembro.jpg\",\"contentUrl\":\"https:\/\/seconci.com.br\/site\/wp-content\/uploads\/2019\/11\/dia-mundial-diabetes-14-de-novembro.jpg\",\"width\":696,\"height\":410},{\"@type\":\"BreadcrumbList\",\"@id\":\"https:\/\/seconci.com.br\/site\/2019\/11\/13\/seconci-sp-dia-mundial-do-diabetes-confira-principais-tipos-e-como-prevenir-a-doenca\/#breadcrumb\",\"itemListElement\":[{\"@type\":\"ListItem\",\"position\":1,\"name\":\"In\u00edcio\",\"item\":\"https:\/\/seconci.com.br\/site\/\"},{\"@type\":\"ListItem\",\"position\":2,\"name\":\"| Seconci-SP | Dia mundial do diabetes: confira principais tipos e como prevenir a doen\u00e7a\"}]},{\"@type\":\"WebSite\",\"@id\":\"https:\/\/seconci.com.br\/site\/#website\",\"url\":\"https:\/\/seconci.com.br\/site\/\",\"name\":\"Seconci Brasil\",\"description\":\"\",\"publisher\":{\"@id\":\"https:\/\/seconci.com.br\/site\/#organization\"},\"potentialAction\":[{\"@type\":\"SearchAction\",\"target\":{\"@type\":\"EntryPoint\",\"urlTemplate\":\"https:\/\/seconci.com.br\/site\/?s={search_term_string}\"},\"query-input\":{\"@type\":\"PropertyValueSpecification\",\"valueRequired\":true,\"valueName\":\"search_term_string\"}}],\"inLanguage\":\"pt-PT\"},{\"@type\":\"Organization\",\"@id\":\"https:\/\/seconci.com.br\/site\/#organization\",\"name\":\"Seconci Brasil\",\"url\":\"https:\/\/seconci.com.br\/site\/\",\"logo\":{\"@type\":\"ImageObject\",\"inLanguage\":\"pt-PT\",\"@id\":\"https:\/\/seconci.com.br\/site\/#\/schema\/logo\/image\/\",\"url\":\"https:\/\/seconci.com.br\/site\/wp-content\/uploads\/2024\/08\/Logo-Seconci-Brasil-branca-2.png\",\"contentUrl\":\"https:\/\/seconci.com.br\/site\/wp-content\/uploads\/2024\/08\/Logo-Seconci-Brasil-branca-2.png\",\"width\":1315,\"height\":598,\"caption\":\"Seconci Brasil\"},\"image\":{\"@id\":\"https:\/\/seconci.com.br\/site\/#\/schema\/logo\/image\/\"}},{\"@type\":\"Person\",\"@id\":\"https:\/\/seconci.com.br\/site\/#\/schema\/person\/1d79afd97ddc8f2c68c1e88e298aa8e2\",\"name\":\"Sidney Rocha\",\"description\":\"Comunicador e estagi\u00e1rio do Seconci Brasil.\",\"url\":\"https:\/\/seconci.com.br\/site\/author\/sidney-rocha\/\"}]}<\/script>\n<!-- \/ Yoast SEO plugin. -->","yoast_head_json":{"title":"| Seconci-SP | Dia mundial do diabetes: confira principais tipos e como prevenir a doen\u00e7a - Seconci Brasil","robots":{"index":"index","follow":"follow","max-snippet":"max-snippet:-1","max-image-preview":"max-image-preview:large","max-video-preview":"max-video-preview:-1"},"canonical":"https:\/\/seconci.com.br\/site\/2019\/11\/13\/seconci-sp-dia-mundial-do-diabetes-confira-principais-tipos-e-como-prevenir-a-doenca\/","og_locale":"pt_PT","og_type":"article","og_title":"| Seconci-SP | Dia mundial do diabetes: confira principais tipos e como prevenir a doen\u00e7a - Seconci Brasil","og_description":"| Assessoria de Comunica\u00e7\u00e3o Social do Seconci-SP | Nesta pr\u00f3xima quinta-feira, dia 14 de novembro, ser\u00e1 celebrado o Dia Mundial do Diabetes, data criada pela Federa\u00e7\u00e3o Internacional de Diabetes (IDF, na sigla em ingl\u00eas) para chamar a aten\u00e7\u00e3o das pessoas para uma doen\u00e7a silenciosa e sem cura, que exige um acompanhamento multidisciplinar. Hoje, a enfermidade [&hellip;]","og_url":"https:\/\/seconci.com.br\/site\/2019\/11\/13\/seconci-sp-dia-mundial-do-diabetes-confira-principais-tipos-e-como-prevenir-a-doenca\/","og_site_name":"Seconci Brasil","article_published_time":"2019-11-13T14:25:58+00:00","og_image":[{"width":696,"height":410,"url":"https:\/\/seconci.com.br\/site\/wp-content\/uploads\/2019\/11\/dia-mundial-diabetes-14-de-novembro.jpg","type":"image\/jpeg"}],"author":"Sidney Rocha","twitter_card":"summary_large_image","twitter_misc":{"Escrito por":"Sidney Rocha","Tempo estimado de leitura":"2 minutos"},"schema":{"@context":"https:\/\/schema.org","@graph":[{"@type":"Article","@id":"https:\/\/seconci.com.br\/site\/2019\/11\/13\/seconci-sp-dia-mundial-do-diabetes-confira-principais-tipos-e-como-prevenir-a-doenca\/#article","isPartOf":{"@id":"https:\/\/seconci.com.br\/site\/2019\/11\/13\/seconci-sp-dia-mundial-do-diabetes-confira-principais-tipos-e-como-prevenir-a-doenca\/"},"author":{"name":"Sidney Rocha","@id":"https:\/\/seconci.com.br\/site\/#\/schema\/person\/1d79afd97ddc8f2c68c1e88e298aa8e2"},"headline":"| Seconci-SP | Dia mundial do diabetes: confira principais tipos e como prevenir a doen\u00e7a","datePublished":"2019-11-13T14:25:58+00:00","mainEntityOfPage":{"@id":"https:\/\/seconci.com.br\/site\/2019\/11\/13\/seconci-sp-dia-mundial-do-diabetes-confira-principais-tipos-e-como-prevenir-a-doenca\/"},"wordCount":459,"publisher":{"@id":"https:\/\/seconci.com.br\/site\/#organization"},"image":{"@id":"https:\/\/seconci.com.br\/site\/2019\/11\/13\/seconci-sp-dia-mundial-do-diabetes-confira-principais-tipos-e-como-prevenir-a-doenca\/#primaryimage"},"thumbnailUrl":"https:\/\/seconci.com.br\/site\/wp-content\/uploads\/2019\/11\/dia-mundial-diabetes-14-de-novembro.jpg","articleSection":["Seconci S\u00e3o Paulo"],"inLanguage":"pt-PT"},{"@type":"WebPage","@id":"https:\/\/seconci.com.br\/site\/2019\/11\/13\/seconci-sp-dia-mundial-do-diabetes-confira-principais-tipos-e-como-prevenir-a-doenca\/","url":"https:\/\/seconci.com.br\/site\/2019\/11\/13\/seconci-sp-dia-mundial-do-diabetes-confira-principais-tipos-e-como-prevenir-a-doenca\/","name":"| Seconci-SP | Dia mundial do diabetes: confira principais tipos e como prevenir a doen\u00e7a - Seconci Brasil","isPartOf":{"@id":"https:\/\/seconci.com.br\/site\/#website"},"primaryImageOfPage":{"@id":"https:\/\/seconci.com.br\/site\/2019\/11\/13\/seconci-sp-dia-mundial-do-diabetes-confira-principais-tipos-e-como-prevenir-a-doenca\/#primaryimage"},"image":{"@id":"https:\/\/seconci.com.br\/site\/2019\/11\/13\/seconci-sp-dia-mundial-do-diabetes-confira-principais-tipos-e-como-prevenir-a-doenca\/#primaryimage"},"thumbnailUrl":"https:\/\/seconci.com.br\/site\/wp-content\/uploads\/2019\/11\/dia-mundial-diabetes-14-de-novembro.jpg","datePublished":"2019-11-13T14:25:58+00:00","breadcrumb":{"@id":"https:\/\/seconci.com.br\/site\/2019\/11\/13\/seconci-sp-dia-mundial-do-diabetes-confira-principais-tipos-e-como-prevenir-a-doenca\/#breadcrumb"},"inLanguage":"pt-PT","potentialAction":[{"@type":"ReadAction","target":["https:\/\/seconci.com.br\/site\/2019\/11\/13\/seconci-sp-dia-mundial-do-diabetes-confira-principais-tipos-e-como-prevenir-a-doenca\/"]}]},{"@type":"ImageObject","inLanguage":"pt-PT","@id":"https:\/\/seconci.com.br\/site\/2019\/11\/13\/seconci-sp-dia-mundial-do-diabetes-confira-principais-tipos-e-como-prevenir-a-doenca\/#primaryimage","url":"https:\/\/seconci.com.br\/site\/wp-content\/uploads\/2019\/11\/dia-mundial-diabetes-14-de-novembro.jpg","contentUrl":"https:\/\/seconci.com.br\/site\/wp-content\/uploads\/2019\/11\/dia-mundial-diabetes-14-de-novembro.jpg","width":696,"height":410},{"@type":"BreadcrumbList","@id":"https:\/\/seconci.com.br\/site\/2019\/11\/13\/seconci-sp-dia-mundial-do-diabetes-confira-principais-tipos-e-como-prevenir-a-doenca\/#breadcrumb","itemListElement":[{"@type":"ListItem","position":1,"name":"In\u00edcio","item":"https:\/\/seconci.com.br\/site\/"},{"@type":"ListItem","position":2,"name":"| Seconci-SP | Dia mundial do diabetes: confira principais tipos e como prevenir a doen\u00e7a"}]},{"@type":"WebSite","@id":"https:\/\/seconci.com.br\/site\/#website","url":"https:\/\/seconci.com.br\/site\/","name":"Seconci Brasil","description":"","publisher":{"@id":"https:\/\/seconci.com.br\/site\/#organization"},"potentialAction":[{"@type":"SearchAction","target":{"@type":"EntryPoint","urlTemplate":"https:\/\/seconci.com.br\/site\/?s={search_term_string}"},"query-input":{"@type":"PropertyValueSpecification","valueRequired":true,"valueName":"search_term_string"}}],"inLanguage":"pt-PT"},{"@type":"Organization","@id":"https:\/\/seconci.com.br\/site\/#organization","name":"Seconci Brasil","url":"https:\/\/seconci.com.br\/site\/","logo":{"@type":"ImageObject","inLanguage":"pt-PT","@id":"https:\/\/seconci.com.br\/site\/#\/schema\/logo\/image\/","url":"https:\/\/seconci.com.br\/site\/wp-content\/uploads\/2024\/08\/Logo-Seconci-Brasil-branca-2.png","contentUrl":"https:\/\/seconci.com.br\/site\/wp-content\/uploads\/2024\/08\/Logo-Seconci-Brasil-branca-2.png","width":1315,"height":598,"caption":"Seconci Brasil"},"image":{"@id":"https:\/\/seconci.com.br\/site\/#\/schema\/logo\/image\/"}},{"@type":"Person","@id":"https:\/\/seconci.com.br\/site\/#\/schema\/person\/1d79afd97ddc8f2c68c1e88e298aa8e2","name":"Sidney Rocha","description":"Comunicador e estagi\u00e1rio do Seconci Brasil.","url":"https:\/\/seconci.com.br\/site\/author\/sidney-rocha\/"}]}},"_links":{"self":[{"href":"https:\/\/seconci.com.br\/site\/wp-json\/wp\/v2\/posts\/8830","targetHints":{"allow":["GET"]}}],"collection":[{"href":"https:\/\/seconci.com.br\/site\/wp-json\/wp\/v2\/posts"}],"about":[{"href":"https:\/\/seconci.com.br\/site\/wp-json\/wp\/v2\/types\/post"}],"author":[{"embeddable":true,"href":"https:\/\/seconci.com.br\/site\/wp-json\/wp\/v2\/users\/3"}],"replies":[{"embeddable":true,"href":"https:\/\/seconci.com.br\/site\/wp-json\/wp\/v2\/comments?post=8830"}],"version-history":[{"count":0,"href":"https:\/\/seconci.com.br\/site\/wp-json\/wp\/v2\/posts\/8830\/revisions"}],"wp:featuredmedia":[{"embeddable":true,"href":"https:\/\/seconci.com.br\/site\/wp-json\/wp\/v2\/media\/8831"}],"wp:attachment":[{"href":"https:\/\/seconci.com.br\/site\/wp-json\/wp\/v2\/media?parent=8830"}],"wp:term":[{"taxonomy":"category","embeddable":true,"href":"https:\/\/seconci.com.br\/site\/wp-json\/wp\/v2\/categories?post=8830"},{"taxonomy":"post_tag","embeddable":true,"href":"https:\/\/seconci.com.br\/site\/wp-json\/wp\/v2\/tags?post=8830"}],"curies":[{"name":"wp","href":"https:\/\/api.w.org\/{rel}","templated":true}]}}