{"id":8843,"date":"2019-11-22T11:41:10","date_gmt":"2019-11-22T11:41:10","guid":{"rendered":"https:\/\/seconci.com.br\/site\/?p=8843"},"modified":"2019-11-22T11:41:10","modified_gmt":"2019-11-22T11:41:10","slug":"seconci-sp-traz-dicas-para-evitar-a-proliferacao-da-dengue","status":"publish","type":"post","link":"https:\/\/seconci.com.br\/site\/2019\/11\/22\/seconci-sp-traz-dicas-para-evitar-a-proliferacao-da-dengue\/","title":{"rendered":"Seconci-SP traz dicas para evitar a prolifera\u00e7\u00e3o da dengue"},"content":{"rendered":"<p style=\"text-align: justify;\"><em>Entre janeiro e agosto, os casos da doen\u00e7a cresceram 3.712% na compara\u00e7\u00e3o com o mesmo per\u00edodo do ano passado<\/em><\/p>\n<p style=\"text-align: justify;\">| <em>Por Portal Itapetininga.com.br<\/em> |<\/p>\n<div style=\"text-align: justify;\">\n<p>Segundo dados do Minist\u00e9rio da Sa\u00fade, entre janeiro e agosto deste ano, foram registrados\u00a0437 mil casos\u00a0de dengue no Estado de S\u00e3o Paulo, n\u00famero que representa um aumento de\u00a03.712% se comparado\u00a0ao mesmo per\u00edodo de 2018.\u00a0Diante deste crescimento, o\u00a0<a href=\"http:\/\/www.seconci-sp.org.br\/\" target=\"_blank\" rel=\"noopener noreferrer\" data-saferedirecturl=\"https:\/\/www.google.com\/url?q=http:\/\/www.seconci-sp.org.br\/&amp;source=gmail&amp;ust=1574465774978000&amp;usg=AFQjCNHd09WEvrlm9yY2i4R6mW4oWHEMzQ\">Seconci-SP\u00a0<\/a>(Servi\u00e7o Social da Constru\u00e7\u00e3o)\u00a0aproveita o\u00a0Dia Nacional de Combate \u00e0 Dengue, celebrado no pr\u00f3ximo s\u00e1bado (23\/11), para trazer orienta\u00e7\u00f5es\u00a0para\u00a0combate\u00a0aos\u00a0focos da doen\u00e7a nos canteiros de obra.<\/p>\n<\/div>\n<div style=\"text-align: justify;\">\n<p>A\u00a0coordenadora do Servi\u00e7o Social do Seconci-SP, \u00c2ngela Nogueira Braga da Silva,\u00a0comenta que no m\u00eas de novembro se inicia o\u00a0per\u00edodo \u00famido, com maior frequ\u00eancia de chuvas. \u201cPor este motivo,\u00a0nesta \u00e9poca \u00e9 muito importante redobrar o\u00a0combate aos focos do mosquito\u00a0Aedes Aegypti, transmissor do v\u00edrus da dengue\u201d, ressalta.<\/p>\n<\/div>\n<div style=\"text-align: justify;\">\n<p>A especialista comenta que muitas pessoas imaginam que as larvas\u00a0do mosquito s\u00f3 crescem em locais com grande\u00a0ac\u00famulo\u00a0de\u00a0\u00e1gua, como\u00a0piscinas\u00a0abandonadas\u00a0e baldes. Contudo, os ovos do\u00a0Aedes Aegypti\u00a0podem se desenvolver tamb\u00e9m em\u00a0pequenos recipientes, como uma tampinha de garrafa de refrigerante, por exemplo.<\/p>\n<\/div>\n<div style=\"text-align: justify;\">\n<p>Por este motivo, de\u00a0acordo com a\u00a0coordenadora, \u00e9 fundamental que as\u00a0construtoras\u00a0estejam atentas a locais como\u00a0bols\u00f5es formados por\u00a0lonas, carrinhos de m\u00e3o, betoneiras, lajes e fossos de elevadores.\u00a0\u201c\u00c9 importante verificar todos os locais da obra, principalmente aquelas \u00e1reas\u00a0onde os trabalhadores j\u00e1 n\u00e3o est\u00e3o mais mexendo todos os dias\u201d, recomenda.<\/p>\n<\/div>\n<div style=\"text-align: justify;\">\n<p>A especialista\u00a0destaca ainda que os ovos do mosquito da\u00a0dengue, uma\u00a0vez depositados\u00a0pela f\u00eamea\u00a0em um recipiente, poder\u00e3o\u00a0se\u00a0manter vivos\u00a0esperando pela \u00e1gua para se\u00a0desenvolverem\u00a0por mais de um ano, raz\u00e3o pela qual adotar a verifica\u00e7\u00e3o di\u00e1ria e\u00a0as limpeza dos recipientes s\u00e3o excelentes estrat\u00e9gias para\u00a0prevenir o surgimento de criadouros.<\/p>\n<\/div>\n<div style=\"text-align: justify;\">\n<p>\u201cA forma\u00e7\u00e3o de trabalhadores multiplicadores de boas pr\u00e1ticas\u00a0\u00e9\u00a0outra forma\u00a0eficiente\u00a0de combate, pois al\u00e9m de eliminar poss\u00edveis focos nos canteiros\u00a0em rondas di\u00e1rias, estas pessoas se tornam\u00a0disseminadoras dessas a\u00e7\u00f5es, inclusive fora da obra\u201d,\u00a0aconselha\u00a0\u00c2ngela.<\/p>\n<\/div>\n<div style=\"text-align: justify;\">\n<p>A\u00a0coordenadora do Servi\u00e7o Social do Seconci-SP\u00a0pondera que \u00e9 fundamental tamb\u00e9m ficar atento a poss\u00edveis criadouros no entorno da obra, como em terrenos baldios\u00a0e\u00a0resid\u00eancias desocupadas. Em casos como estes, a prefeitura da cidade pode ser acionada para entrar em contato com o respons\u00e1vel\u00a0pelo\u00a0local.<\/p>\n<\/div>\n<div style=\"text-align: justify;\">\n<p><strong>Sintomas e tratamento da dengue<\/strong><\/p>\n<\/div>\n<div style=\"text-align: justify;\">\n<p>Transmitida por meio de v\u00edrus presente na picada do mosquito\u00a0Aedes\u00a0Aegipty, a dengue tem como principais sintomas febre alta, dor de cabe\u00e7a, nas articula\u00e7\u00f5es e atr\u00e1s dos olhos, n\u00e1useas, tontura, cansa\u00e7o extremo, manchas pelo corpo e perda de apetite e paladar.<\/p>\n<\/div>\n<div style=\"text-align: justify;\">\n<p>O v\u00edrus da dengue possui quatro varia\u00e7\u00f5es e, uma vez infectada, a pessoa fica\u00a0imune somente\u00a0somente \u00e0quele tipo da doen\u00e7a. Por isso, um paciente\u00a0pode contrair a dengue\u00a0at\u00e9 quatro vezes. Os sintomas s\u00e3o os mesmos em todos os tipos, com exce\u00e7\u00e3o do 4, que \u00e9 a hemorr\u00e1gica \u2013 e mais grave -, em que o paciente apresenta sangramentos, fica extremamente debilitado em virtude da queda de plaquetas no sangue e pode at\u00e9 morrer.<\/p>\n<\/div>\n<div style=\"text-align: justify;\">Os primeiros\u00a0sinais costumam aparecer\u00a0de 2 a 9 dias ap\u00f3s o cont\u00e1gio, que \u00e9 o per\u00edodo de incuba\u00e7\u00e3o da doen\u00e7a. J\u00e1 a detec\u00e7\u00e3o da dengue ocorre por meio de exame de sangue, realizado preferencialmente a partir do sexto dia de contamina\u00e7\u00e3o, quando os resultados s\u00e3o mais conclusivos. Quanto ao tratamento, como n\u00e3o existe cura para a dengue, \u00e9 focado na atenua\u00e7\u00e3o dos sintomas e hidrata\u00e7\u00e3o do paciente.<\/div>\n","protected":false},"excerpt":{"rendered":"<p>Entre janeiro e agosto, os casos da doen\u00e7a cresceram 3.712% na compara\u00e7\u00e3o com o mesmo per\u00edodo do ano passado | Por Portal Itapetininga.com.br | Segundo dados do Minist\u00e9rio da Sa\u00fade, entre janeiro e agosto deste ano, foram registrados\u00a0437 mil casos\u00a0de dengue no Estado de S\u00e3o Paulo, n\u00famero que representa um aumento de\u00a03.712% se comparado\u00a0ao mesmo [&hellip;]<\/p>\n","protected":false},"author":3,"featured_media":8806,"comment_status":"closed","ping_status":"closed","sticky":false,"template":"","format":"standard","meta":{"footnotes":""},"categories":[87],"tags":[],"class_list":["post-8843","post","type-post","status-publish","format-standard","has-post-thumbnail","hentry","category-seconci-sao-paulo"],"yoast_head":"<!-- This site is optimized with the Yoast SEO plugin v26.9 - https:\/\/yoast.com\/product\/yoast-seo-wordpress\/ -->\n<title>Seconci-SP traz dicas para evitar a prolifera\u00e7\u00e3o da dengue - Seconci Brasil<\/title>\n<meta name=\"robots\" content=\"index, follow, max-snippet:-1, max-image-preview:large, max-video-preview:-1\" \/>\n<link rel=\"canonical\" href=\"https:\/\/seconci.com.br\/site\/2019\/11\/22\/seconci-sp-traz-dicas-para-evitar-a-proliferacao-da-dengue\/\" \/>\n<meta property=\"og:locale\" content=\"pt_PT\" \/>\n<meta property=\"og:type\" content=\"article\" \/>\n<meta property=\"og:title\" content=\"Seconci-SP traz dicas para evitar a prolifera\u00e7\u00e3o da dengue - Seconci Brasil\" \/>\n<meta property=\"og:description\" content=\"Entre janeiro e agosto, os casos da doen\u00e7a cresceram 3.712% na compara\u00e7\u00e3o com o mesmo per\u00edodo do ano passado | Por Portal Itapetininga.com.br | Segundo dados do Minist\u00e9rio da Sa\u00fade, entre janeiro e agosto deste ano, foram registrados\u00a0437 mil casos\u00a0de dengue no Estado de S\u00e3o Paulo, n\u00famero que representa um aumento de\u00a03.712% se comparado\u00a0ao mesmo [&hellip;]\" \/>\n<meta property=\"og:url\" content=\"https:\/\/seconci.com.br\/site\/2019\/11\/22\/seconci-sp-traz-dicas-para-evitar-a-proliferacao-da-dengue\/\" \/>\n<meta property=\"og:site_name\" content=\"Seconci Brasil\" \/>\n<meta property=\"article:published_time\" content=\"2019-11-22T11:41:10+00:00\" \/>\n<meta property=\"og:image\" content=\"https:\/\/seconci.com.br\/site\/wp-content\/uploads\/2019\/11\/aedes-goias.png\" \/>\n\t<meta property=\"og:image:width\" content=\"792\" \/>\n\t<meta property=\"og:image:height\" content=\"555\" \/>\n\t<meta property=\"og:image:type\" content=\"image\/png\" \/>\n<meta name=\"author\" content=\"Sidney Rocha\" \/>\n<meta name=\"twitter:card\" content=\"summary_large_image\" \/>\n<meta name=\"twitter:label1\" content=\"Escrito por\" \/>\n\t<meta name=\"twitter:data1\" content=\"Sidney Rocha\" \/>\n\t<meta name=\"twitter:label2\" content=\"Tempo estimado de leitura\" \/>\n\t<meta name=\"twitter:data2\" content=\"3 minutos\" \/>\n<script type=\"application\/ld+json\" class=\"yoast-schema-graph\">{\"@context\":\"https:\/\/schema.org\",\"@graph\":[{\"@type\":\"Article\",\"@id\":\"https:\/\/seconci.com.br\/site\/2019\/11\/22\/seconci-sp-traz-dicas-para-evitar-a-proliferacao-da-dengue\/#article\",\"isPartOf\":{\"@id\":\"https:\/\/seconci.com.br\/site\/2019\/11\/22\/seconci-sp-traz-dicas-para-evitar-a-proliferacao-da-dengue\/\"},\"author\":{\"name\":\"Sidney Rocha\",\"@id\":\"https:\/\/seconci.com.br\/site\/#\/schema\/person\/1d79afd97ddc8f2c68c1e88e298aa8e2\"},\"headline\":\"Seconci-SP traz dicas para evitar a prolifera\u00e7\u00e3o da dengue\",\"datePublished\":\"2019-11-22T11:41:10+00:00\",\"mainEntityOfPage\":{\"@id\":\"https:\/\/seconci.com.br\/site\/2019\/11\/22\/seconci-sp-traz-dicas-para-evitar-a-proliferacao-da-dengue\/\"},\"wordCount\":639,\"publisher\":{\"@id\":\"https:\/\/seconci.com.br\/site\/#organization\"},\"image\":{\"@id\":\"https:\/\/seconci.com.br\/site\/2019\/11\/22\/seconci-sp-traz-dicas-para-evitar-a-proliferacao-da-dengue\/#primaryimage\"},\"thumbnailUrl\":\"https:\/\/seconci.com.br\/site\/wp-content\/uploads\/2019\/11\/aedes-goias.png\",\"articleSection\":[\"Seconci S\u00e3o Paulo\"],\"inLanguage\":\"pt-PT\"},{\"@type\":\"WebPage\",\"@id\":\"https:\/\/seconci.com.br\/site\/2019\/11\/22\/seconci-sp-traz-dicas-para-evitar-a-proliferacao-da-dengue\/\",\"url\":\"https:\/\/seconci.com.br\/site\/2019\/11\/22\/seconci-sp-traz-dicas-para-evitar-a-proliferacao-da-dengue\/\",\"name\":\"Seconci-SP traz dicas para evitar a prolifera\u00e7\u00e3o da dengue - Seconci Brasil\",\"isPartOf\":{\"@id\":\"https:\/\/seconci.com.br\/site\/#website\"},\"primaryImageOfPage\":{\"@id\":\"https:\/\/seconci.com.br\/site\/2019\/11\/22\/seconci-sp-traz-dicas-para-evitar-a-proliferacao-da-dengue\/#primaryimage\"},\"image\":{\"@id\":\"https:\/\/seconci.com.br\/site\/2019\/11\/22\/seconci-sp-traz-dicas-para-evitar-a-proliferacao-da-dengue\/#primaryimage\"},\"thumbnailUrl\":\"https:\/\/seconci.com.br\/site\/wp-content\/uploads\/2019\/11\/aedes-goias.png\",\"datePublished\":\"2019-11-22T11:41:10+00:00\",\"breadcrumb\":{\"@id\":\"https:\/\/seconci.com.br\/site\/2019\/11\/22\/seconci-sp-traz-dicas-para-evitar-a-proliferacao-da-dengue\/#breadcrumb\"},\"inLanguage\":\"pt-PT\",\"potentialAction\":[{\"@type\":\"ReadAction\",\"target\":[\"https:\/\/seconci.com.br\/site\/2019\/11\/22\/seconci-sp-traz-dicas-para-evitar-a-proliferacao-da-dengue\/\"]}]},{\"@type\":\"ImageObject\",\"inLanguage\":\"pt-PT\",\"@id\":\"https:\/\/seconci.com.br\/site\/2019\/11\/22\/seconci-sp-traz-dicas-para-evitar-a-proliferacao-da-dengue\/#primaryimage\",\"url\":\"https:\/\/seconci.com.br\/site\/wp-content\/uploads\/2019\/11\/aedes-goias.png\",\"contentUrl\":\"https:\/\/seconci.com.br\/site\/wp-content\/uploads\/2019\/11\/aedes-goias.png\",\"width\":792,\"height\":555},{\"@type\":\"BreadcrumbList\",\"@id\":\"https:\/\/seconci.com.br\/site\/2019\/11\/22\/seconci-sp-traz-dicas-para-evitar-a-proliferacao-da-dengue\/#breadcrumb\",\"itemListElement\":[{\"@type\":\"ListItem\",\"position\":1,\"name\":\"In\u00edcio\",\"item\":\"https:\/\/seconci.com.br\/site\/\"},{\"@type\":\"ListItem\",\"position\":2,\"name\":\"Seconci-SP traz dicas para evitar a prolifera\u00e7\u00e3o da dengue\"}]},{\"@type\":\"WebSite\",\"@id\":\"https:\/\/seconci.com.br\/site\/#website\",\"url\":\"https:\/\/seconci.com.br\/site\/\",\"name\":\"Seconci Brasil\",\"description\":\"\",\"publisher\":{\"@id\":\"https:\/\/seconci.com.br\/site\/#organization\"},\"potentialAction\":[{\"@type\":\"SearchAction\",\"target\":{\"@type\":\"EntryPoint\",\"urlTemplate\":\"https:\/\/seconci.com.br\/site\/?s={search_term_string}\"},\"query-input\":{\"@type\":\"PropertyValueSpecification\",\"valueRequired\":true,\"valueName\":\"search_term_string\"}}],\"inLanguage\":\"pt-PT\"},{\"@type\":\"Organization\",\"@id\":\"https:\/\/seconci.com.br\/site\/#organization\",\"name\":\"Seconci Brasil\",\"url\":\"https:\/\/seconci.com.br\/site\/\",\"logo\":{\"@type\":\"ImageObject\",\"inLanguage\":\"pt-PT\",\"@id\":\"https:\/\/seconci.com.br\/site\/#\/schema\/logo\/image\/\",\"url\":\"https:\/\/seconci.com.br\/site\/wp-content\/uploads\/2024\/08\/Logo-Seconci-Brasil-branca-2.png\",\"contentUrl\":\"https:\/\/seconci.com.br\/site\/wp-content\/uploads\/2024\/08\/Logo-Seconci-Brasil-branca-2.png\",\"width\":1315,\"height\":598,\"caption\":\"Seconci Brasil\"},\"image\":{\"@id\":\"https:\/\/seconci.com.br\/site\/#\/schema\/logo\/image\/\"}},{\"@type\":\"Person\",\"@id\":\"https:\/\/seconci.com.br\/site\/#\/schema\/person\/1d79afd97ddc8f2c68c1e88e298aa8e2\",\"name\":\"Sidney Rocha\",\"description\":\"Comunicador e estagi\u00e1rio do Seconci Brasil.\",\"url\":\"https:\/\/seconci.com.br\/site\/author\/sidney-rocha\/\"}]}<\/script>\n<!-- \/ Yoast SEO plugin. -->","yoast_head_json":{"title":"Seconci-SP traz dicas para evitar a prolifera\u00e7\u00e3o da dengue - Seconci Brasil","robots":{"index":"index","follow":"follow","max-snippet":"max-snippet:-1","max-image-preview":"max-image-preview:large","max-video-preview":"max-video-preview:-1"},"canonical":"https:\/\/seconci.com.br\/site\/2019\/11\/22\/seconci-sp-traz-dicas-para-evitar-a-proliferacao-da-dengue\/","og_locale":"pt_PT","og_type":"article","og_title":"Seconci-SP traz dicas para evitar a prolifera\u00e7\u00e3o da dengue - Seconci Brasil","og_description":"Entre janeiro e agosto, os casos da doen\u00e7a cresceram 3.712% na compara\u00e7\u00e3o com o mesmo per\u00edodo do ano passado | Por Portal Itapetininga.com.br | Segundo dados do Minist\u00e9rio da Sa\u00fade, entre janeiro e agosto deste ano, foram registrados\u00a0437 mil casos\u00a0de dengue no Estado de S\u00e3o Paulo, n\u00famero que representa um aumento de\u00a03.712% se comparado\u00a0ao mesmo [&hellip;]","og_url":"https:\/\/seconci.com.br\/site\/2019\/11\/22\/seconci-sp-traz-dicas-para-evitar-a-proliferacao-da-dengue\/","og_site_name":"Seconci Brasil","article_published_time":"2019-11-22T11:41:10+00:00","og_image":[{"width":792,"height":555,"url":"https:\/\/seconci.com.br\/site\/wp-content\/uploads\/2019\/11\/aedes-goias.png","type":"image\/png"}],"author":"Sidney Rocha","twitter_card":"summary_large_image","twitter_misc":{"Escrito por":"Sidney Rocha","Tempo estimado de leitura":"3 minutos"},"schema":{"@context":"https:\/\/schema.org","@graph":[{"@type":"Article","@id":"https:\/\/seconci.com.br\/site\/2019\/11\/22\/seconci-sp-traz-dicas-para-evitar-a-proliferacao-da-dengue\/#article","isPartOf":{"@id":"https:\/\/seconci.com.br\/site\/2019\/11\/22\/seconci-sp-traz-dicas-para-evitar-a-proliferacao-da-dengue\/"},"author":{"name":"Sidney Rocha","@id":"https:\/\/seconci.com.br\/site\/#\/schema\/person\/1d79afd97ddc8f2c68c1e88e298aa8e2"},"headline":"Seconci-SP traz dicas para evitar a prolifera\u00e7\u00e3o da dengue","datePublished":"2019-11-22T11:41:10+00:00","mainEntityOfPage":{"@id":"https:\/\/seconci.com.br\/site\/2019\/11\/22\/seconci-sp-traz-dicas-para-evitar-a-proliferacao-da-dengue\/"},"wordCount":639,"publisher":{"@id":"https:\/\/seconci.com.br\/site\/#organization"},"image":{"@id":"https:\/\/seconci.com.br\/site\/2019\/11\/22\/seconci-sp-traz-dicas-para-evitar-a-proliferacao-da-dengue\/#primaryimage"},"thumbnailUrl":"https:\/\/seconci.com.br\/site\/wp-content\/uploads\/2019\/11\/aedes-goias.png","articleSection":["Seconci S\u00e3o Paulo"],"inLanguage":"pt-PT"},{"@type":"WebPage","@id":"https:\/\/seconci.com.br\/site\/2019\/11\/22\/seconci-sp-traz-dicas-para-evitar-a-proliferacao-da-dengue\/","url":"https:\/\/seconci.com.br\/site\/2019\/11\/22\/seconci-sp-traz-dicas-para-evitar-a-proliferacao-da-dengue\/","name":"Seconci-SP traz dicas para evitar a prolifera\u00e7\u00e3o da dengue - Seconci Brasil","isPartOf":{"@id":"https:\/\/seconci.com.br\/site\/#website"},"primaryImageOfPage":{"@id":"https:\/\/seconci.com.br\/site\/2019\/11\/22\/seconci-sp-traz-dicas-para-evitar-a-proliferacao-da-dengue\/#primaryimage"},"image":{"@id":"https:\/\/seconci.com.br\/site\/2019\/11\/22\/seconci-sp-traz-dicas-para-evitar-a-proliferacao-da-dengue\/#primaryimage"},"thumbnailUrl":"https:\/\/seconci.com.br\/site\/wp-content\/uploads\/2019\/11\/aedes-goias.png","datePublished":"2019-11-22T11:41:10+00:00","breadcrumb":{"@id":"https:\/\/seconci.com.br\/site\/2019\/11\/22\/seconci-sp-traz-dicas-para-evitar-a-proliferacao-da-dengue\/#breadcrumb"},"inLanguage":"pt-PT","potentialAction":[{"@type":"ReadAction","target":["https:\/\/seconci.com.br\/site\/2019\/11\/22\/seconci-sp-traz-dicas-para-evitar-a-proliferacao-da-dengue\/"]}]},{"@type":"ImageObject","inLanguage":"pt-PT","@id":"https:\/\/seconci.com.br\/site\/2019\/11\/22\/seconci-sp-traz-dicas-para-evitar-a-proliferacao-da-dengue\/#primaryimage","url":"https:\/\/seconci.com.br\/site\/wp-content\/uploads\/2019\/11\/aedes-goias.png","contentUrl":"https:\/\/seconci.com.br\/site\/wp-content\/uploads\/2019\/11\/aedes-goias.png","width":792,"height":555},{"@type":"BreadcrumbList","@id":"https:\/\/seconci.com.br\/site\/2019\/11\/22\/seconci-sp-traz-dicas-para-evitar-a-proliferacao-da-dengue\/#breadcrumb","itemListElement":[{"@type":"ListItem","position":1,"name":"In\u00edcio","item":"https:\/\/seconci.com.br\/site\/"},{"@type":"ListItem","position":2,"name":"Seconci-SP traz dicas para evitar a prolifera\u00e7\u00e3o da dengue"}]},{"@type":"WebSite","@id":"https:\/\/seconci.com.br\/site\/#website","url":"https:\/\/seconci.com.br\/site\/","name":"Seconci Brasil","description":"","publisher":{"@id":"https:\/\/seconci.com.br\/site\/#organization"},"potentialAction":[{"@type":"SearchAction","target":{"@type":"EntryPoint","urlTemplate":"https:\/\/seconci.com.br\/site\/?s={search_term_string}"},"query-input":{"@type":"PropertyValueSpecification","valueRequired":true,"valueName":"search_term_string"}}],"inLanguage":"pt-PT"},{"@type":"Organization","@id":"https:\/\/seconci.com.br\/site\/#organization","name":"Seconci Brasil","url":"https:\/\/seconci.com.br\/site\/","logo":{"@type":"ImageObject","inLanguage":"pt-PT","@id":"https:\/\/seconci.com.br\/site\/#\/schema\/logo\/image\/","url":"https:\/\/seconci.com.br\/site\/wp-content\/uploads\/2024\/08\/Logo-Seconci-Brasil-branca-2.png","contentUrl":"https:\/\/seconci.com.br\/site\/wp-content\/uploads\/2024\/08\/Logo-Seconci-Brasil-branca-2.png","width":1315,"height":598,"caption":"Seconci Brasil"},"image":{"@id":"https:\/\/seconci.com.br\/site\/#\/schema\/logo\/image\/"}},{"@type":"Person","@id":"https:\/\/seconci.com.br\/site\/#\/schema\/person\/1d79afd97ddc8f2c68c1e88e298aa8e2","name":"Sidney Rocha","description":"Comunicador e estagi\u00e1rio do Seconci Brasil.","url":"https:\/\/seconci.com.br\/site\/author\/sidney-rocha\/"}]}},"_links":{"self":[{"href":"https:\/\/seconci.com.br\/site\/wp-json\/wp\/v2\/posts\/8843","targetHints":{"allow":["GET"]}}],"collection":[{"href":"https:\/\/seconci.com.br\/site\/wp-json\/wp\/v2\/posts"}],"about":[{"href":"https:\/\/seconci.com.br\/site\/wp-json\/wp\/v2\/types\/post"}],"author":[{"embeddable":true,"href":"https:\/\/seconci.com.br\/site\/wp-json\/wp\/v2\/users\/3"}],"replies":[{"embeddable":true,"href":"https:\/\/seconci.com.br\/site\/wp-json\/wp\/v2\/comments?post=8843"}],"version-history":[{"count":0,"href":"https:\/\/seconci.com.br\/site\/wp-json\/wp\/v2\/posts\/8843\/revisions"}],"wp:featuredmedia":[{"embeddable":true,"href":"https:\/\/seconci.com.br\/site\/wp-json\/wp\/v2\/media\/8806"}],"wp:attachment":[{"href":"https:\/\/seconci.com.br\/site\/wp-json\/wp\/v2\/media?parent=8843"}],"wp:term":[{"taxonomy":"category","embeddable":true,"href":"https:\/\/seconci.com.br\/site\/wp-json\/wp\/v2\/categories?post=8843"},{"taxonomy":"post_tag","embeddable":true,"href":"https:\/\/seconci.com.br\/site\/wp-json\/wp\/v2\/tags?post=8843"}],"curies":[{"name":"wp","href":"https:\/\/api.w.org\/{rel}","templated":true}]}}