{"id":8866,"date":"2019-11-28T16:24:44","date_gmt":"2019-11-28T16:24:44","guid":{"rendered":"https:\/\/seconci.com.br\/site\/?p=8866"},"modified":"2019-11-28T16:24:44","modified_gmt":"2019-11-28T16:24:44","slug":"seconci-rio-premio-vitae-rio-revela-vencedores-do-ciclo-2019","status":"publish","type":"post","link":"https:\/\/seconci.com.br\/site\/2019\/11\/28\/seconci-rio-premio-vitae-rio-revela-vencedores-do-ciclo-2019\/","title":{"rendered":"| Seconci-Rio | Pr\u00eamio Vitae-Rio revela vencedores do ciclo 2019"},"content":{"rendered":"<p style=\"text-align: justify;\">A entrega do Pr\u00eamio Vitae-Rio aos vencedores do ciclo 2019 aconteceu durante o #Confraterniza Rio, evento que reuniu gestores e empres\u00e1rios da constru\u00e7\u00e3o civil e do mercado imobili\u00e1rio, no \u00faltimo dia 26, no Museu Hist\u00f3rico Nacional. Pelo oitavo ano consecutivo, a RJZ Cyrela recebeu o trof\u00e9u na categoria ouro. Para Guilherme Tonelli, s\u00f3cio da empresa, \u00e9 uma honra participar do pr\u00eamio e uma satisfa\u00e7\u00e3o receber o reconhecimento m\u00e1ximo. A MRV, Tegra, Cal\u00e7ada, Cofix, Efer Mozak e Racional tamb\u00e9m foram premiadas.<\/p>\n<p style=\"text-align: justify;\">Nos \u00faltimos meses, as empresas inscritas foram avaliadas pela equipe de avaliadores e ju\u00edzes, todos cedidos pelas escolas t\u00e9cnicas e universidades parceiras: Universidade Federal Fluminense (UFF), Centro Federal de Educa\u00e7\u00e3o Tecnol\u00f3gica (CEFET), Universidade do Estado do Rio de Janeiro (UERJ) e Universidade Federal do Rio de Janeiro (UFRJ). As empresas contempladas com o pr\u00eamio passaram por um rigoroso processo e foram reconhecidas pela excel\u00eancia em suas pr\u00e1ticas, em diversas categorias.<\/p>\n<p style=\"text-align: justify;\">A premia\u00e7\u00e3o, que chegou em sua 14\u00aa edi\u00e7\u00e3o, \u00e9 uma realiza\u00e7\u00e3o do Seconci-Rio, com apoio do Sinduscon-Rio e a concep\u00e7\u00e3o da DMP Consultores Associados. Seu objetivo \u00e9 reconhecer as empresas que contribuem para aprimorar os programas de sa\u00fade e seguran\u00e7a para todo setor da constru\u00e7\u00e3o no Rio de Janeiro.<\/p>\n<p>&nbsp;<\/p>\n<p style=\"text-align: justify;\">Confira as empresas vencedoras:<\/p>\n<p style=\"text-align: justify;\"><strong>&gt;&gt; Categoria Ouro: <\/strong><\/p>\n<ul>\n<li style=\"text-align: justify;\"><strong>RJZ CYRELA<\/strong><\/li>\n<\/ul>\n<p style=\"text-align: justify;\">\u2013 A empresa tamb\u00e9m recebeu a medalha de maior quantidade de pr\u00e1ticas proativas validadas pela banca de ju\u00edzes.<\/p>\n<p style=\"text-align: justify;\"><strong>&gt;&gt; Categoria Prata: <\/strong><\/p>\n<ul>\n<li style=\"text-align: justify;\"><strong>MRV ENGENHARIA<\/strong><\/li>\n<li style=\"text-align: justify;\"><strong>TEGRA ENGENHARIA<\/strong><\/li>\n<\/ul>\n<p style=\"text-align: justify;\"><strong>&gt;&gt; Categoria Bronze: <\/strong><\/p>\n<ul>\n<li style=\"text-align: justify;\"><strong>CAL\u00c7ADA EMPREENDIMENTOS IMOBILI\u00c1RIOS<\/strong><\/li>\n<li style=\"text-align: justify;\"><strong>COFIX CONSTRU\u00c7\u00d5ES E EMPREENDIMENTOS<\/strong><\/li>\n<li style=\"text-align: justify;\"><strong>EFER CONSTRUTORES ASSOCIADOS<\/strong><\/li>\n<li style=\"text-align: justify;\"><strong>MOZAK ENGENHARIA<\/strong><\/li>\n<li style=\"text-align: justify;\"><strong>RACIONAL ENGENHARIA<\/strong><\/li>\n<\/ul>\n<p style=\"text-align: justify;\">O #Confraterniza Rio foi uma iniciativa do Sinduscon-Rio, Seconci-Rio e Ademi-RJ, com patroc\u00ednio da Firjan SESI e da Caixa e apoio do PASI. <a href=\"http:\/\/seconci-rio.com.br\/wp\/premio-vitae-rio-2019\/?utm_campaign=informe_especial_confraterniza_rio&amp;utm_medium=email&amp;utm_source=RD+Station\">Clique aqui<\/a> para ver mais fotos do evento<\/p>\n","protected":false},"excerpt":{"rendered":"<p>A entrega do Pr\u00eamio Vitae-Rio aos vencedores do ciclo 2019 aconteceu durante o #Confraterniza Rio, evento que reuniu gestores e empres\u00e1rios da constru\u00e7\u00e3o civil e do mercado imobili\u00e1rio, no \u00faltimo dia 26, no Museu Hist\u00f3rico Nacional. Pelo oitavo ano consecutivo, a RJZ Cyrela recebeu o trof\u00e9u na categoria ouro. Para Guilherme Tonelli, s\u00f3cio da empresa, [&hellip;]<\/p>\n","protected":false},"author":3,"featured_media":8867,"comment_status":"closed","ping_status":"closed","sticky":false,"template":"","format":"standard","meta":{"footnotes":""},"categories":[85],"tags":[],"class_list":["post-8866","post","type-post","status-publish","format-standard","has-post-thumbnail","hentry","category-seconci-rio-de-janeiro"],"yoast_head":"<!-- This site is optimized with the Yoast SEO plugin v26.9 - https:\/\/yoast.com\/product\/yoast-seo-wordpress\/ -->\n<title>| Seconci-Rio | Pr\u00eamio Vitae-Rio revela vencedores do ciclo 2019 - Seconci Brasil<\/title>\n<meta name=\"robots\" content=\"index, follow, max-snippet:-1, max-image-preview:large, max-video-preview:-1\" \/>\n<link rel=\"canonical\" href=\"https:\/\/seconci.com.br\/site\/2019\/11\/28\/seconci-rio-premio-vitae-rio-revela-vencedores-do-ciclo-2019\/\" \/>\n<meta property=\"og:locale\" content=\"pt_PT\" \/>\n<meta property=\"og:type\" content=\"article\" \/>\n<meta property=\"og:title\" content=\"| Seconci-Rio | Pr\u00eamio Vitae-Rio revela vencedores do ciclo 2019 - Seconci Brasil\" \/>\n<meta property=\"og:description\" content=\"A entrega do Pr\u00eamio Vitae-Rio aos vencedores do ciclo 2019 aconteceu durante o #Confraterniza Rio, evento que reuniu gestores e empres\u00e1rios da constru\u00e7\u00e3o civil e do mercado imobili\u00e1rio, no \u00faltimo dia 26, no Museu Hist\u00f3rico Nacional. Pelo oitavo ano consecutivo, a RJZ Cyrela recebeu o trof\u00e9u na categoria ouro. Para Guilherme Tonelli, s\u00f3cio da empresa, [&hellip;]\" \/>\n<meta property=\"og:url\" content=\"https:\/\/seconci.com.br\/site\/2019\/11\/28\/seconci-rio-premio-vitae-rio-revela-vencedores-do-ciclo-2019\/\" \/>\n<meta property=\"og:site_name\" content=\"Seconci Brasil\" \/>\n<meta property=\"article:published_time\" content=\"2019-11-28T16:24:44+00:00\" \/>\n<meta property=\"og:image\" content=\"https:\/\/seconci.com.br\/site\/wp-content\/uploads\/2019\/11\/vitaerio2019-e1574958264512.jpg\" \/>\n\t<meta property=\"og:image:width\" content=\"2000\" \/>\n\t<meta property=\"og:image:height\" content=\"1082\" \/>\n\t<meta property=\"og:image:type\" content=\"image\/jpeg\" \/>\n<meta name=\"author\" content=\"Sidney Rocha\" \/>\n<meta name=\"twitter:card\" content=\"summary_large_image\" \/>\n<meta name=\"twitter:label1\" content=\"Escrito por\" \/>\n\t<meta name=\"twitter:data1\" content=\"Sidney Rocha\" \/>\n\t<meta name=\"twitter:label2\" content=\"Tempo estimado de leitura\" \/>\n\t<meta name=\"twitter:data2\" content=\"2 minutos\" \/>\n<script type=\"application\/ld+json\" class=\"yoast-schema-graph\">{\"@context\":\"https:\/\/schema.org\",\"@graph\":[{\"@type\":\"Article\",\"@id\":\"https:\/\/seconci.com.br\/site\/2019\/11\/28\/seconci-rio-premio-vitae-rio-revela-vencedores-do-ciclo-2019\/#article\",\"isPartOf\":{\"@id\":\"https:\/\/seconci.com.br\/site\/2019\/11\/28\/seconci-rio-premio-vitae-rio-revela-vencedores-do-ciclo-2019\/\"},\"author\":{\"name\":\"Sidney Rocha\",\"@id\":\"https:\/\/seconci.com.br\/site\/#\/schema\/person\/1d79afd97ddc8f2c68c1e88e298aa8e2\"},\"headline\":\"| Seconci-Rio | Pr\u00eamio Vitae-Rio revela vencedores do ciclo 2019\",\"datePublished\":\"2019-11-28T16:24:44+00:00\",\"mainEntityOfPage\":{\"@id\":\"https:\/\/seconci.com.br\/site\/2019\/11\/28\/seconci-rio-premio-vitae-rio-revela-vencedores-do-ciclo-2019\/\"},\"wordCount\":319,\"publisher\":{\"@id\":\"https:\/\/seconci.com.br\/site\/#organization\"},\"image\":{\"@id\":\"https:\/\/seconci.com.br\/site\/2019\/11\/28\/seconci-rio-premio-vitae-rio-revela-vencedores-do-ciclo-2019\/#primaryimage\"},\"thumbnailUrl\":\"https:\/\/seconci.com.br\/site\/wp-content\/uploads\/2019\/11\/vitaerio2019-e1574958264512.jpg\",\"articleSection\":[\"Seconci Rio de Janeiro\"],\"inLanguage\":\"pt-PT\"},{\"@type\":\"WebPage\",\"@id\":\"https:\/\/seconci.com.br\/site\/2019\/11\/28\/seconci-rio-premio-vitae-rio-revela-vencedores-do-ciclo-2019\/\",\"url\":\"https:\/\/seconci.com.br\/site\/2019\/11\/28\/seconci-rio-premio-vitae-rio-revela-vencedores-do-ciclo-2019\/\",\"name\":\"| Seconci-Rio | Pr\u00eamio Vitae-Rio revela vencedores do ciclo 2019 - Seconci Brasil\",\"isPartOf\":{\"@id\":\"https:\/\/seconci.com.br\/site\/#website\"},\"primaryImageOfPage\":{\"@id\":\"https:\/\/seconci.com.br\/site\/2019\/11\/28\/seconci-rio-premio-vitae-rio-revela-vencedores-do-ciclo-2019\/#primaryimage\"},\"image\":{\"@id\":\"https:\/\/seconci.com.br\/site\/2019\/11\/28\/seconci-rio-premio-vitae-rio-revela-vencedores-do-ciclo-2019\/#primaryimage\"},\"thumbnailUrl\":\"https:\/\/seconci.com.br\/site\/wp-content\/uploads\/2019\/11\/vitaerio2019-e1574958264512.jpg\",\"datePublished\":\"2019-11-28T16:24:44+00:00\",\"breadcrumb\":{\"@id\":\"https:\/\/seconci.com.br\/site\/2019\/11\/28\/seconci-rio-premio-vitae-rio-revela-vencedores-do-ciclo-2019\/#breadcrumb\"},\"inLanguage\":\"pt-PT\",\"potentialAction\":[{\"@type\":\"ReadAction\",\"target\":[\"https:\/\/seconci.com.br\/site\/2019\/11\/28\/seconci-rio-premio-vitae-rio-revela-vencedores-do-ciclo-2019\/\"]}]},{\"@type\":\"ImageObject\",\"inLanguage\":\"pt-PT\",\"@id\":\"https:\/\/seconci.com.br\/site\/2019\/11\/28\/seconci-rio-premio-vitae-rio-revela-vencedores-do-ciclo-2019\/#primaryimage\",\"url\":\"https:\/\/seconci.com.br\/site\/wp-content\/uploads\/2019\/11\/vitaerio2019-e1574958264512.jpg\",\"contentUrl\":\"https:\/\/seconci.com.br\/site\/wp-content\/uploads\/2019\/11\/vitaerio2019-e1574958264512.jpg\",\"width\":2000,\"height\":1082},{\"@type\":\"BreadcrumbList\",\"@id\":\"https:\/\/seconci.com.br\/site\/2019\/11\/28\/seconci-rio-premio-vitae-rio-revela-vencedores-do-ciclo-2019\/#breadcrumb\",\"itemListElement\":[{\"@type\":\"ListItem\",\"position\":1,\"name\":\"In\u00edcio\",\"item\":\"https:\/\/seconci.com.br\/site\/\"},{\"@type\":\"ListItem\",\"position\":2,\"name\":\"| Seconci-Rio | Pr\u00eamio Vitae-Rio revela vencedores do ciclo 2019\"}]},{\"@type\":\"WebSite\",\"@id\":\"https:\/\/seconci.com.br\/site\/#website\",\"url\":\"https:\/\/seconci.com.br\/site\/\",\"name\":\"Seconci Brasil\",\"description\":\"\",\"publisher\":{\"@id\":\"https:\/\/seconci.com.br\/site\/#organization\"},\"potentialAction\":[{\"@type\":\"SearchAction\",\"target\":{\"@type\":\"EntryPoint\",\"urlTemplate\":\"https:\/\/seconci.com.br\/site\/?s={search_term_string}\"},\"query-input\":{\"@type\":\"PropertyValueSpecification\",\"valueRequired\":true,\"valueName\":\"search_term_string\"}}],\"inLanguage\":\"pt-PT\"},{\"@type\":\"Organization\",\"@id\":\"https:\/\/seconci.com.br\/site\/#organization\",\"name\":\"Seconci Brasil\",\"url\":\"https:\/\/seconci.com.br\/site\/\",\"logo\":{\"@type\":\"ImageObject\",\"inLanguage\":\"pt-PT\",\"@id\":\"https:\/\/seconci.com.br\/site\/#\/schema\/logo\/image\/\",\"url\":\"https:\/\/seconci.com.br\/site\/wp-content\/uploads\/2024\/08\/Logo-Seconci-Brasil-branca-2.png\",\"contentUrl\":\"https:\/\/seconci.com.br\/site\/wp-content\/uploads\/2024\/08\/Logo-Seconci-Brasil-branca-2.png\",\"width\":1315,\"height\":598,\"caption\":\"Seconci Brasil\"},\"image\":{\"@id\":\"https:\/\/seconci.com.br\/site\/#\/schema\/logo\/image\/\"}},{\"@type\":\"Person\",\"@id\":\"https:\/\/seconci.com.br\/site\/#\/schema\/person\/1d79afd97ddc8f2c68c1e88e298aa8e2\",\"name\":\"Sidney Rocha\",\"description\":\"Comunicador e estagi\u00e1rio do Seconci Brasil.\",\"url\":\"https:\/\/seconci.com.br\/site\/author\/sidney-rocha\/\"}]}<\/script>\n<!-- \/ Yoast SEO plugin. -->","yoast_head_json":{"title":"| Seconci-Rio | Pr\u00eamio Vitae-Rio revela vencedores do ciclo 2019 - Seconci Brasil","robots":{"index":"index","follow":"follow","max-snippet":"max-snippet:-1","max-image-preview":"max-image-preview:large","max-video-preview":"max-video-preview:-1"},"canonical":"https:\/\/seconci.com.br\/site\/2019\/11\/28\/seconci-rio-premio-vitae-rio-revela-vencedores-do-ciclo-2019\/","og_locale":"pt_PT","og_type":"article","og_title":"| Seconci-Rio | Pr\u00eamio Vitae-Rio revela vencedores do ciclo 2019 - Seconci Brasil","og_description":"A entrega do Pr\u00eamio Vitae-Rio aos vencedores do ciclo 2019 aconteceu durante o #Confraterniza Rio, evento que reuniu gestores e empres\u00e1rios da constru\u00e7\u00e3o civil e do mercado imobili\u00e1rio, no \u00faltimo dia 26, no Museu Hist\u00f3rico Nacional. Pelo oitavo ano consecutivo, a RJZ Cyrela recebeu o trof\u00e9u na categoria ouro. Para Guilherme Tonelli, s\u00f3cio da empresa, [&hellip;]","og_url":"https:\/\/seconci.com.br\/site\/2019\/11\/28\/seconci-rio-premio-vitae-rio-revela-vencedores-do-ciclo-2019\/","og_site_name":"Seconci Brasil","article_published_time":"2019-11-28T16:24:44+00:00","og_image":[{"width":2000,"height":1082,"url":"https:\/\/seconci.com.br\/site\/wp-content\/uploads\/2019\/11\/vitaerio2019-e1574958264512.jpg","type":"image\/jpeg"}],"author":"Sidney Rocha","twitter_card":"summary_large_image","twitter_misc":{"Escrito por":"Sidney Rocha","Tempo estimado de leitura":"2 minutos"},"schema":{"@context":"https:\/\/schema.org","@graph":[{"@type":"Article","@id":"https:\/\/seconci.com.br\/site\/2019\/11\/28\/seconci-rio-premio-vitae-rio-revela-vencedores-do-ciclo-2019\/#article","isPartOf":{"@id":"https:\/\/seconci.com.br\/site\/2019\/11\/28\/seconci-rio-premio-vitae-rio-revela-vencedores-do-ciclo-2019\/"},"author":{"name":"Sidney Rocha","@id":"https:\/\/seconci.com.br\/site\/#\/schema\/person\/1d79afd97ddc8f2c68c1e88e298aa8e2"},"headline":"| Seconci-Rio | Pr\u00eamio Vitae-Rio revela vencedores do ciclo 2019","datePublished":"2019-11-28T16:24:44+00:00","mainEntityOfPage":{"@id":"https:\/\/seconci.com.br\/site\/2019\/11\/28\/seconci-rio-premio-vitae-rio-revela-vencedores-do-ciclo-2019\/"},"wordCount":319,"publisher":{"@id":"https:\/\/seconci.com.br\/site\/#organization"},"image":{"@id":"https:\/\/seconci.com.br\/site\/2019\/11\/28\/seconci-rio-premio-vitae-rio-revela-vencedores-do-ciclo-2019\/#primaryimage"},"thumbnailUrl":"https:\/\/seconci.com.br\/site\/wp-content\/uploads\/2019\/11\/vitaerio2019-e1574958264512.jpg","articleSection":["Seconci Rio de Janeiro"],"inLanguage":"pt-PT"},{"@type":"WebPage","@id":"https:\/\/seconci.com.br\/site\/2019\/11\/28\/seconci-rio-premio-vitae-rio-revela-vencedores-do-ciclo-2019\/","url":"https:\/\/seconci.com.br\/site\/2019\/11\/28\/seconci-rio-premio-vitae-rio-revela-vencedores-do-ciclo-2019\/","name":"| Seconci-Rio | Pr\u00eamio Vitae-Rio revela vencedores do ciclo 2019 - Seconci Brasil","isPartOf":{"@id":"https:\/\/seconci.com.br\/site\/#website"},"primaryImageOfPage":{"@id":"https:\/\/seconci.com.br\/site\/2019\/11\/28\/seconci-rio-premio-vitae-rio-revela-vencedores-do-ciclo-2019\/#primaryimage"},"image":{"@id":"https:\/\/seconci.com.br\/site\/2019\/11\/28\/seconci-rio-premio-vitae-rio-revela-vencedores-do-ciclo-2019\/#primaryimage"},"thumbnailUrl":"https:\/\/seconci.com.br\/site\/wp-content\/uploads\/2019\/11\/vitaerio2019-e1574958264512.jpg","datePublished":"2019-11-28T16:24:44+00:00","breadcrumb":{"@id":"https:\/\/seconci.com.br\/site\/2019\/11\/28\/seconci-rio-premio-vitae-rio-revela-vencedores-do-ciclo-2019\/#breadcrumb"},"inLanguage":"pt-PT","potentialAction":[{"@type":"ReadAction","target":["https:\/\/seconci.com.br\/site\/2019\/11\/28\/seconci-rio-premio-vitae-rio-revela-vencedores-do-ciclo-2019\/"]}]},{"@type":"ImageObject","inLanguage":"pt-PT","@id":"https:\/\/seconci.com.br\/site\/2019\/11\/28\/seconci-rio-premio-vitae-rio-revela-vencedores-do-ciclo-2019\/#primaryimage","url":"https:\/\/seconci.com.br\/site\/wp-content\/uploads\/2019\/11\/vitaerio2019-e1574958264512.jpg","contentUrl":"https:\/\/seconci.com.br\/site\/wp-content\/uploads\/2019\/11\/vitaerio2019-e1574958264512.jpg","width":2000,"height":1082},{"@type":"BreadcrumbList","@id":"https:\/\/seconci.com.br\/site\/2019\/11\/28\/seconci-rio-premio-vitae-rio-revela-vencedores-do-ciclo-2019\/#breadcrumb","itemListElement":[{"@type":"ListItem","position":1,"name":"In\u00edcio","item":"https:\/\/seconci.com.br\/site\/"},{"@type":"ListItem","position":2,"name":"| Seconci-Rio | Pr\u00eamio Vitae-Rio revela vencedores do ciclo 2019"}]},{"@type":"WebSite","@id":"https:\/\/seconci.com.br\/site\/#website","url":"https:\/\/seconci.com.br\/site\/","name":"Seconci Brasil","description":"","publisher":{"@id":"https:\/\/seconci.com.br\/site\/#organization"},"potentialAction":[{"@type":"SearchAction","target":{"@type":"EntryPoint","urlTemplate":"https:\/\/seconci.com.br\/site\/?s={search_term_string}"},"query-input":{"@type":"PropertyValueSpecification","valueRequired":true,"valueName":"search_term_string"}}],"inLanguage":"pt-PT"},{"@type":"Organization","@id":"https:\/\/seconci.com.br\/site\/#organization","name":"Seconci Brasil","url":"https:\/\/seconci.com.br\/site\/","logo":{"@type":"ImageObject","inLanguage":"pt-PT","@id":"https:\/\/seconci.com.br\/site\/#\/schema\/logo\/image\/","url":"https:\/\/seconci.com.br\/site\/wp-content\/uploads\/2024\/08\/Logo-Seconci-Brasil-branca-2.png","contentUrl":"https:\/\/seconci.com.br\/site\/wp-content\/uploads\/2024\/08\/Logo-Seconci-Brasil-branca-2.png","width":1315,"height":598,"caption":"Seconci Brasil"},"image":{"@id":"https:\/\/seconci.com.br\/site\/#\/schema\/logo\/image\/"}},{"@type":"Person","@id":"https:\/\/seconci.com.br\/site\/#\/schema\/person\/1d79afd97ddc8f2c68c1e88e298aa8e2","name":"Sidney Rocha","description":"Comunicador e estagi\u00e1rio do Seconci Brasil.","url":"https:\/\/seconci.com.br\/site\/author\/sidney-rocha\/"}]}},"_links":{"self":[{"href":"https:\/\/seconci.com.br\/site\/wp-json\/wp\/v2\/posts\/8866","targetHints":{"allow":["GET"]}}],"collection":[{"href":"https:\/\/seconci.com.br\/site\/wp-json\/wp\/v2\/posts"}],"about":[{"href":"https:\/\/seconci.com.br\/site\/wp-json\/wp\/v2\/types\/post"}],"author":[{"embeddable":true,"href":"https:\/\/seconci.com.br\/site\/wp-json\/wp\/v2\/users\/3"}],"replies":[{"embeddable":true,"href":"https:\/\/seconci.com.br\/site\/wp-json\/wp\/v2\/comments?post=8866"}],"version-history":[{"count":0,"href":"https:\/\/seconci.com.br\/site\/wp-json\/wp\/v2\/posts\/8866\/revisions"}],"wp:featuredmedia":[{"embeddable":true,"href":"https:\/\/seconci.com.br\/site\/wp-json\/wp\/v2\/media\/8867"}],"wp:attachment":[{"href":"https:\/\/seconci.com.br\/site\/wp-json\/wp\/v2\/media?parent=8866"}],"wp:term":[{"taxonomy":"category","embeddable":true,"href":"https:\/\/seconci.com.br\/site\/wp-json\/wp\/v2\/categories?post=8866"},{"taxonomy":"post_tag","embeddable":true,"href":"https:\/\/seconci.com.br\/site\/wp-json\/wp\/v2\/tags?post=8866"}],"curies":[{"name":"wp","href":"https:\/\/api.w.org\/{rel}","templated":true}]}}