{"id":8876,"date":"2019-12-02T12:29:20","date_gmt":"2019-12-02T12:29:20","guid":{"rendered":"https:\/\/seconci.com.br\/site\/?p=8876"},"modified":"2019-12-02T12:29:20","modified_gmt":"2019-12-02T12:29:20","slug":"confira-os-finalistas-do-premio-cbic-de-responsabilidade-social","status":"publish","type":"post","link":"https:\/\/seconci.com.br\/site\/2019\/12\/02\/confira-os-finalistas-do-premio-cbic-de-responsabilidade-social\/","title":{"rendered":"Confira os finalistas do Pr\u00eamio CBIC de Responsabilidade Social"},"content":{"rendered":"<p style=\"text-align: justify;\">| <em><strong>Ag\u00eancia Cbic<\/strong><\/em> |<\/p>\n<p style=\"text-align: justify;\">Todas as empresas ou Servi\u00e7os Sociais da Ind\u00fastria (Seconcis) que fizeram a inscri\u00e7\u00e3o para o Pr\u00eamio de Responsabilidade Social 2019 da C\u00e2mara Brasileira da Ind\u00fastria da Constru\u00e7\u00e3o (CBIC), e desenvolveram projeto de responsabilidade social, podem ganhar proje\u00e7\u00e3o nacional e mostrar para Pa\u00eds a import\u00e2ncia da Ind\u00fastria da Constru\u00e7\u00e3o.\u00a0No pr\u00f3ximo dia 10 de dezembro, em Bras\u00edlia, vai acontecer a entrega da premia\u00e7\u00e3o para os vencedores.<\/p>\n<p style=\"text-align: justify;\">Confira a lista dos finalistas:<\/p>\n<p style=\"text-align: justify;\"><strong>Categoria Seconci<\/strong><\/p>\n<ul style=\"text-align: justify;\">\n<li>Servi\u00e7o Social da Ind\u00fastria da Constru\u00e7\u00e3o Civil no Estado de Minas Gerais (Seconci-MG);<\/li>\n<li>Servi\u00e7o Social da Ind\u00fastria da Constru\u00e7\u00e3o no Estado de Goi\u00e1s (Seconci Goi\u00e1s);<\/li>\n<li>Servi\u00e7o Social do Sindicato da Ind\u00fastria da Constru\u00e7\u00e3o Civil no Estado do Paran\u00e1 (Seconci Paran\u00e1).<\/li>\n<\/ul>\n<p style=\"text-align: justify;\"><strong>Categoria Empresa<\/strong><\/p>\n<ul style=\"text-align: justify;\">\n<li>Votorantim Cimentos SA.;<\/li>\n<li>Construtora Jobim;<\/li>\n<li>Riomix Argamassa.<\/li>\n<\/ul>\n<p style=\"text-align: justify;\">Com mais de 10 anos de hist\u00f3ria, a premia\u00e7\u00e3o segue as diretrizes da ISO 26000, segundo a qual a responsabilidade social se expressa pelo desejo e pelo prop\u00f3sito das organiza\u00e7\u00f5es em incorporarem considera\u00e7\u00f5es socioambientais em seus processos decis\u00f3rios e a responsabilizar-se pelos impactos de suas decis\u00f5es e atividades na sociedade e no meio ambiente.<\/p>\n<p style=\"text-align: justify;\">A premia\u00e7\u00e3o tem interface com o projeto \u2018Pr\u00eamio de Responsabilidade Social\u2019 da CBIC em correaliza\u00e7\u00e3o com o Servi\u00e7o Social da Ind\u00fastria (Sesi Nacional).<\/p>\n","protected":false},"excerpt":{"rendered":"<p>| Ag\u00eancia Cbic | Todas as empresas ou Servi\u00e7os Sociais da Ind\u00fastria (Seconcis) que fizeram a inscri\u00e7\u00e3o para o Pr\u00eamio de Responsabilidade Social 2019 da C\u00e2mara Brasileira da Ind\u00fastria da Constru\u00e7\u00e3o (CBIC), e desenvolveram projeto de responsabilidade social, podem ganhar proje\u00e7\u00e3o nacional e mostrar para Pa\u00eds a import\u00e2ncia da Ind\u00fastria da Constru\u00e7\u00e3o.\u00a0No pr\u00f3ximo dia 10 [&hellip;]<\/p>\n","protected":false},"author":3,"featured_media":8877,"comment_status":"closed","ping_status":"closed","sticky":false,"template":"","format":"standard","meta":{"footnotes":""},"categories":[92],"tags":[],"class_list":["post-8876","post","type-post","status-publish","format-standard","has-post-thumbnail","hentry","category-seconci-brasil"],"yoast_head":"<!-- This site is optimized with the Yoast SEO plugin v26.9 - https:\/\/yoast.com\/product\/yoast-seo-wordpress\/ -->\n<title>Confira os finalistas do Pr\u00eamio CBIC de Responsabilidade Social - Seconci Brasil<\/title>\n<meta name=\"robots\" content=\"index, follow, max-snippet:-1, max-image-preview:large, max-video-preview:-1\" \/>\n<link rel=\"canonical\" href=\"https:\/\/seconci.com.br\/site\/2019\/12\/02\/confira-os-finalistas-do-premio-cbic-de-responsabilidade-social\/\" \/>\n<meta property=\"og:locale\" content=\"pt_PT\" \/>\n<meta property=\"og:type\" content=\"article\" \/>\n<meta property=\"og:title\" content=\"Confira os finalistas do Pr\u00eamio CBIC de Responsabilidade Social - Seconci Brasil\" \/>\n<meta property=\"og:description\" content=\"| Ag\u00eancia Cbic | Todas as empresas ou Servi\u00e7os Sociais da Ind\u00fastria (Seconcis) que fizeram a inscri\u00e7\u00e3o para o Pr\u00eamio de Responsabilidade Social 2019 da C\u00e2mara Brasileira da Ind\u00fastria da Constru\u00e7\u00e3o (CBIC), e desenvolveram projeto de responsabilidade social, podem ganhar proje\u00e7\u00e3o nacional e mostrar para Pa\u00eds a import\u00e2ncia da Ind\u00fastria da Constru\u00e7\u00e3o.\u00a0No pr\u00f3ximo dia 10 [&hellip;]\" \/>\n<meta property=\"og:url\" content=\"https:\/\/seconci.com.br\/site\/2019\/12\/02\/confira-os-finalistas-do-premio-cbic-de-responsabilidade-social\/\" \/>\n<meta property=\"og:site_name\" content=\"Seconci Brasil\" \/>\n<meta property=\"article:published_time\" content=\"2019-12-02T12:29:20+00:00\" \/>\n<meta property=\"og:image\" content=\"https:\/\/seconci.com.br\/site\/wp-content\/uploads\/2019\/12\/premio.jpeg\" \/>\n\t<meta property=\"og:image:width\" content=\"1089\" \/>\n\t<meta property=\"og:image:height\" content=\"510\" \/>\n\t<meta property=\"og:image:type\" content=\"image\/jpeg\" \/>\n<meta name=\"author\" content=\"Sidney Rocha\" \/>\n<meta name=\"twitter:card\" content=\"summary_large_image\" \/>\n<meta name=\"twitter:label1\" content=\"Escrito por\" \/>\n\t<meta name=\"twitter:data1\" content=\"Sidney Rocha\" \/>\n\t<meta name=\"twitter:label2\" content=\"Tempo estimado de leitura\" \/>\n\t<meta name=\"twitter:data2\" content=\"1 minuto\" \/>\n<script type=\"application\/ld+json\" class=\"yoast-schema-graph\">{\"@context\":\"https:\/\/schema.org\",\"@graph\":[{\"@type\":\"Article\",\"@id\":\"https:\/\/seconci.com.br\/site\/2019\/12\/02\/confira-os-finalistas-do-premio-cbic-de-responsabilidade-social\/#article\",\"isPartOf\":{\"@id\":\"https:\/\/seconci.com.br\/site\/2019\/12\/02\/confira-os-finalistas-do-premio-cbic-de-responsabilidade-social\/\"},\"author\":{\"name\":\"Sidney Rocha\",\"@id\":\"https:\/\/seconci.com.br\/site\/#\/schema\/person\/1d79afd97ddc8f2c68c1e88e298aa8e2\"},\"headline\":\"Confira os finalistas do Pr\u00eamio CBIC de Responsabilidade Social\",\"datePublished\":\"2019-12-02T12:29:20+00:00\",\"mainEntityOfPage\":{\"@id\":\"https:\/\/seconci.com.br\/site\/2019\/12\/02\/confira-os-finalistas-do-premio-cbic-de-responsabilidade-social\/\"},\"wordCount\":245,\"publisher\":{\"@id\":\"https:\/\/seconci.com.br\/site\/#organization\"},\"image\":{\"@id\":\"https:\/\/seconci.com.br\/site\/2019\/12\/02\/confira-os-finalistas-do-premio-cbic-de-responsabilidade-social\/#primaryimage\"},\"thumbnailUrl\":\"https:\/\/seconci.com.br\/site\/wp-content\/uploads\/2019\/12\/premio.jpeg\",\"articleSection\":[\"Seconci Brasil\"],\"inLanguage\":\"pt-PT\"},{\"@type\":\"WebPage\",\"@id\":\"https:\/\/seconci.com.br\/site\/2019\/12\/02\/confira-os-finalistas-do-premio-cbic-de-responsabilidade-social\/\",\"url\":\"https:\/\/seconci.com.br\/site\/2019\/12\/02\/confira-os-finalistas-do-premio-cbic-de-responsabilidade-social\/\",\"name\":\"Confira os finalistas do Pr\u00eamio CBIC de Responsabilidade Social - Seconci Brasil\",\"isPartOf\":{\"@id\":\"https:\/\/seconci.com.br\/site\/#website\"},\"primaryImageOfPage\":{\"@id\":\"https:\/\/seconci.com.br\/site\/2019\/12\/02\/confira-os-finalistas-do-premio-cbic-de-responsabilidade-social\/#primaryimage\"},\"image\":{\"@id\":\"https:\/\/seconci.com.br\/site\/2019\/12\/02\/confira-os-finalistas-do-premio-cbic-de-responsabilidade-social\/#primaryimage\"},\"thumbnailUrl\":\"https:\/\/seconci.com.br\/site\/wp-content\/uploads\/2019\/12\/premio.jpeg\",\"datePublished\":\"2019-12-02T12:29:20+00:00\",\"breadcrumb\":{\"@id\":\"https:\/\/seconci.com.br\/site\/2019\/12\/02\/confira-os-finalistas-do-premio-cbic-de-responsabilidade-social\/#breadcrumb\"},\"inLanguage\":\"pt-PT\",\"potentialAction\":[{\"@type\":\"ReadAction\",\"target\":[\"https:\/\/seconci.com.br\/site\/2019\/12\/02\/confira-os-finalistas-do-premio-cbic-de-responsabilidade-social\/\"]}]},{\"@type\":\"ImageObject\",\"inLanguage\":\"pt-PT\",\"@id\":\"https:\/\/seconci.com.br\/site\/2019\/12\/02\/confira-os-finalistas-do-premio-cbic-de-responsabilidade-social\/#primaryimage\",\"url\":\"https:\/\/seconci.com.br\/site\/wp-content\/uploads\/2019\/12\/premio.jpeg\",\"contentUrl\":\"https:\/\/seconci.com.br\/site\/wp-content\/uploads\/2019\/12\/premio.jpeg\",\"width\":1089,\"height\":510},{\"@type\":\"BreadcrumbList\",\"@id\":\"https:\/\/seconci.com.br\/site\/2019\/12\/02\/confira-os-finalistas-do-premio-cbic-de-responsabilidade-social\/#breadcrumb\",\"itemListElement\":[{\"@type\":\"ListItem\",\"position\":1,\"name\":\"In\u00edcio\",\"item\":\"https:\/\/seconci.com.br\/site\/\"},{\"@type\":\"ListItem\",\"position\":2,\"name\":\"Confira os finalistas do Pr\u00eamio CBIC de Responsabilidade Social\"}]},{\"@type\":\"WebSite\",\"@id\":\"https:\/\/seconci.com.br\/site\/#website\",\"url\":\"https:\/\/seconci.com.br\/site\/\",\"name\":\"Seconci Brasil\",\"description\":\"\",\"publisher\":{\"@id\":\"https:\/\/seconci.com.br\/site\/#organization\"},\"potentialAction\":[{\"@type\":\"SearchAction\",\"target\":{\"@type\":\"EntryPoint\",\"urlTemplate\":\"https:\/\/seconci.com.br\/site\/?s={search_term_string}\"},\"query-input\":{\"@type\":\"PropertyValueSpecification\",\"valueRequired\":true,\"valueName\":\"search_term_string\"}}],\"inLanguage\":\"pt-PT\"},{\"@type\":\"Organization\",\"@id\":\"https:\/\/seconci.com.br\/site\/#organization\",\"name\":\"Seconci Brasil\",\"url\":\"https:\/\/seconci.com.br\/site\/\",\"logo\":{\"@type\":\"ImageObject\",\"inLanguage\":\"pt-PT\",\"@id\":\"https:\/\/seconci.com.br\/site\/#\/schema\/logo\/image\/\",\"url\":\"https:\/\/seconci.com.br\/site\/wp-content\/uploads\/2024\/08\/Logo-Seconci-Brasil-branca-2.png\",\"contentUrl\":\"https:\/\/seconci.com.br\/site\/wp-content\/uploads\/2024\/08\/Logo-Seconci-Brasil-branca-2.png\",\"width\":1315,\"height\":598,\"caption\":\"Seconci Brasil\"},\"image\":{\"@id\":\"https:\/\/seconci.com.br\/site\/#\/schema\/logo\/image\/\"}},{\"@type\":\"Person\",\"@id\":\"https:\/\/seconci.com.br\/site\/#\/schema\/person\/1d79afd97ddc8f2c68c1e88e298aa8e2\",\"name\":\"Sidney Rocha\",\"description\":\"Comunicador e estagi\u00e1rio do Seconci Brasil.\",\"url\":\"https:\/\/seconci.com.br\/site\/author\/sidney-rocha\/\"}]}<\/script>\n<!-- \/ Yoast SEO plugin. -->","yoast_head_json":{"title":"Confira os finalistas do Pr\u00eamio CBIC de Responsabilidade Social - Seconci Brasil","robots":{"index":"index","follow":"follow","max-snippet":"max-snippet:-1","max-image-preview":"max-image-preview:large","max-video-preview":"max-video-preview:-1"},"canonical":"https:\/\/seconci.com.br\/site\/2019\/12\/02\/confira-os-finalistas-do-premio-cbic-de-responsabilidade-social\/","og_locale":"pt_PT","og_type":"article","og_title":"Confira os finalistas do Pr\u00eamio CBIC de Responsabilidade Social - Seconci Brasil","og_description":"| Ag\u00eancia Cbic | Todas as empresas ou Servi\u00e7os Sociais da Ind\u00fastria (Seconcis) que fizeram a inscri\u00e7\u00e3o para o Pr\u00eamio de Responsabilidade Social 2019 da C\u00e2mara Brasileira da Ind\u00fastria da Constru\u00e7\u00e3o (CBIC), e desenvolveram projeto de responsabilidade social, podem ganhar proje\u00e7\u00e3o nacional e mostrar para Pa\u00eds a import\u00e2ncia da Ind\u00fastria da Constru\u00e7\u00e3o.\u00a0No pr\u00f3ximo dia 10 [&hellip;]","og_url":"https:\/\/seconci.com.br\/site\/2019\/12\/02\/confira-os-finalistas-do-premio-cbic-de-responsabilidade-social\/","og_site_name":"Seconci Brasil","article_published_time":"2019-12-02T12:29:20+00:00","og_image":[{"width":1089,"height":510,"url":"https:\/\/seconci.com.br\/site\/wp-content\/uploads\/2019\/12\/premio.jpeg","type":"image\/jpeg"}],"author":"Sidney Rocha","twitter_card":"summary_large_image","twitter_misc":{"Escrito por":"Sidney Rocha","Tempo estimado de leitura":"1 minuto"},"schema":{"@context":"https:\/\/schema.org","@graph":[{"@type":"Article","@id":"https:\/\/seconci.com.br\/site\/2019\/12\/02\/confira-os-finalistas-do-premio-cbic-de-responsabilidade-social\/#article","isPartOf":{"@id":"https:\/\/seconci.com.br\/site\/2019\/12\/02\/confira-os-finalistas-do-premio-cbic-de-responsabilidade-social\/"},"author":{"name":"Sidney Rocha","@id":"https:\/\/seconci.com.br\/site\/#\/schema\/person\/1d79afd97ddc8f2c68c1e88e298aa8e2"},"headline":"Confira os finalistas do Pr\u00eamio CBIC de Responsabilidade Social","datePublished":"2019-12-02T12:29:20+00:00","mainEntityOfPage":{"@id":"https:\/\/seconci.com.br\/site\/2019\/12\/02\/confira-os-finalistas-do-premio-cbic-de-responsabilidade-social\/"},"wordCount":245,"publisher":{"@id":"https:\/\/seconci.com.br\/site\/#organization"},"image":{"@id":"https:\/\/seconci.com.br\/site\/2019\/12\/02\/confira-os-finalistas-do-premio-cbic-de-responsabilidade-social\/#primaryimage"},"thumbnailUrl":"https:\/\/seconci.com.br\/site\/wp-content\/uploads\/2019\/12\/premio.jpeg","articleSection":["Seconci Brasil"],"inLanguage":"pt-PT"},{"@type":"WebPage","@id":"https:\/\/seconci.com.br\/site\/2019\/12\/02\/confira-os-finalistas-do-premio-cbic-de-responsabilidade-social\/","url":"https:\/\/seconci.com.br\/site\/2019\/12\/02\/confira-os-finalistas-do-premio-cbic-de-responsabilidade-social\/","name":"Confira os finalistas do Pr\u00eamio CBIC de Responsabilidade Social - Seconci Brasil","isPartOf":{"@id":"https:\/\/seconci.com.br\/site\/#website"},"primaryImageOfPage":{"@id":"https:\/\/seconci.com.br\/site\/2019\/12\/02\/confira-os-finalistas-do-premio-cbic-de-responsabilidade-social\/#primaryimage"},"image":{"@id":"https:\/\/seconci.com.br\/site\/2019\/12\/02\/confira-os-finalistas-do-premio-cbic-de-responsabilidade-social\/#primaryimage"},"thumbnailUrl":"https:\/\/seconci.com.br\/site\/wp-content\/uploads\/2019\/12\/premio.jpeg","datePublished":"2019-12-02T12:29:20+00:00","breadcrumb":{"@id":"https:\/\/seconci.com.br\/site\/2019\/12\/02\/confira-os-finalistas-do-premio-cbic-de-responsabilidade-social\/#breadcrumb"},"inLanguage":"pt-PT","potentialAction":[{"@type":"ReadAction","target":["https:\/\/seconci.com.br\/site\/2019\/12\/02\/confira-os-finalistas-do-premio-cbic-de-responsabilidade-social\/"]}]},{"@type":"ImageObject","inLanguage":"pt-PT","@id":"https:\/\/seconci.com.br\/site\/2019\/12\/02\/confira-os-finalistas-do-premio-cbic-de-responsabilidade-social\/#primaryimage","url":"https:\/\/seconci.com.br\/site\/wp-content\/uploads\/2019\/12\/premio.jpeg","contentUrl":"https:\/\/seconci.com.br\/site\/wp-content\/uploads\/2019\/12\/premio.jpeg","width":1089,"height":510},{"@type":"BreadcrumbList","@id":"https:\/\/seconci.com.br\/site\/2019\/12\/02\/confira-os-finalistas-do-premio-cbic-de-responsabilidade-social\/#breadcrumb","itemListElement":[{"@type":"ListItem","position":1,"name":"In\u00edcio","item":"https:\/\/seconci.com.br\/site\/"},{"@type":"ListItem","position":2,"name":"Confira os finalistas do Pr\u00eamio CBIC de Responsabilidade Social"}]},{"@type":"WebSite","@id":"https:\/\/seconci.com.br\/site\/#website","url":"https:\/\/seconci.com.br\/site\/","name":"Seconci Brasil","description":"","publisher":{"@id":"https:\/\/seconci.com.br\/site\/#organization"},"potentialAction":[{"@type":"SearchAction","target":{"@type":"EntryPoint","urlTemplate":"https:\/\/seconci.com.br\/site\/?s={search_term_string}"},"query-input":{"@type":"PropertyValueSpecification","valueRequired":true,"valueName":"search_term_string"}}],"inLanguage":"pt-PT"},{"@type":"Organization","@id":"https:\/\/seconci.com.br\/site\/#organization","name":"Seconci Brasil","url":"https:\/\/seconci.com.br\/site\/","logo":{"@type":"ImageObject","inLanguage":"pt-PT","@id":"https:\/\/seconci.com.br\/site\/#\/schema\/logo\/image\/","url":"https:\/\/seconci.com.br\/site\/wp-content\/uploads\/2024\/08\/Logo-Seconci-Brasil-branca-2.png","contentUrl":"https:\/\/seconci.com.br\/site\/wp-content\/uploads\/2024\/08\/Logo-Seconci-Brasil-branca-2.png","width":1315,"height":598,"caption":"Seconci Brasil"},"image":{"@id":"https:\/\/seconci.com.br\/site\/#\/schema\/logo\/image\/"}},{"@type":"Person","@id":"https:\/\/seconci.com.br\/site\/#\/schema\/person\/1d79afd97ddc8f2c68c1e88e298aa8e2","name":"Sidney Rocha","description":"Comunicador e estagi\u00e1rio do Seconci Brasil.","url":"https:\/\/seconci.com.br\/site\/author\/sidney-rocha\/"}]}},"_links":{"self":[{"href":"https:\/\/seconci.com.br\/site\/wp-json\/wp\/v2\/posts\/8876","targetHints":{"allow":["GET"]}}],"collection":[{"href":"https:\/\/seconci.com.br\/site\/wp-json\/wp\/v2\/posts"}],"about":[{"href":"https:\/\/seconci.com.br\/site\/wp-json\/wp\/v2\/types\/post"}],"author":[{"embeddable":true,"href":"https:\/\/seconci.com.br\/site\/wp-json\/wp\/v2\/users\/3"}],"replies":[{"embeddable":true,"href":"https:\/\/seconci.com.br\/site\/wp-json\/wp\/v2\/comments?post=8876"}],"version-history":[{"count":0,"href":"https:\/\/seconci.com.br\/site\/wp-json\/wp\/v2\/posts\/8876\/revisions"}],"wp:featuredmedia":[{"embeddable":true,"href":"https:\/\/seconci.com.br\/site\/wp-json\/wp\/v2\/media\/8877"}],"wp:attachment":[{"href":"https:\/\/seconci.com.br\/site\/wp-json\/wp\/v2\/media?parent=8876"}],"wp:term":[{"taxonomy":"category","embeddable":true,"href":"https:\/\/seconci.com.br\/site\/wp-json\/wp\/v2\/categories?post=8876"},{"taxonomy":"post_tag","embeddable":true,"href":"https:\/\/seconci.com.br\/site\/wp-json\/wp\/v2\/tags?post=8876"}],"curies":[{"name":"wp","href":"https:\/\/api.w.org\/{rel}","templated":true}]}}