{"id":8879,"date":"2019-12-03T13:03:59","date_gmt":"2019-12-03T13:03:59","guid":{"rendered":"https:\/\/seconci.com.br\/site\/?p=8879"},"modified":"2019-12-03T13:03:59","modified_gmt":"2019-12-03T13:03:59","slug":"seconci-sp-evite-a-aids-doenca-silenciosa","status":"publish","type":"post","link":"https:\/\/seconci.com.br\/site\/2019\/12\/03\/seconci-sp-evite-a-aids-doenca-silenciosa\/","title":{"rendered":"Seconci-SP: evite a Aids, doen\u00e7a silenciosa"},"content":{"rendered":"<p style=\"text-align: justify;\"><em>Novas profilaxias diminuem riscos e asseguram qualidade de vida aos pacientes<\/em><\/p>\n<p style=\"text-align: justify;\">| Assessoria de Comunica\u00e7\u00e3o Social do Seconci-SP |<\/p>\n<p style=\"text-align: justify;\">Mais de 717 mil casos de Aids foram registrados no Brasil entre 2000 e 2018, per\u00edodo no qual cresceu em 21% o n\u00famero de novas infec\u00e7\u00f5es por HIV, v\u00edrus da imunodefici\u00eancia humana, que ataca o sistema imunol\u00f3gico do organismo e causa a doen\u00e7a.<\/p>\n<p style=\"text-align: justify;\">\u201c\u00c9 uma enfermidade silenciosa\u201d, explica o dr. Jos\u00e9 Alfredo Penteado, cl\u00ednico geral do Seconci-SP, por ocasi\u00e3o do Dia Mundial de Combate \u00e0 Aids, ocorrido em 1\u00ba de dezembro. \u201cAp\u00f3s a infec\u00e7\u00e3o, o organismo leva de 30 a 60 dias para produzir anticorpos ao HIV. H\u00e1 soropositivos que demoram anos para apresentar os primeiros sintomas e h\u00e1 os que n\u00e3o desenvolvem a doen\u00e7a\u201d, explica o m\u00e9dico. Os primeiros ind\u00edcios se assemelham a sintomas de resfriados, como febre, mal-estar ou uma gastroenterite, por isso, a enfermidade pode passar despercebida.<\/p>\n<p style=\"text-align: justify;\">Como o v\u00edrus est\u00e1 presente no sangue, s\u00eamen, secre\u00e7\u00e3o vaginal e leite materno, a melhor maneira de evitar a contamina\u00e7\u00e3o \u00e9 a utiliza\u00e7\u00e3o correta de preservativos, al\u00e9m do uso de agulhas e seringas descart\u00e1veis. O cont\u00e1gio tamb\u00e9m pode ocorrer durante a gesta\u00e7\u00e3o, sendo obrigat\u00f3rio a gestante fazer o teste de HIV nas primeiras consultas do pr\u00e9-natal.<\/p>\n<p style=\"text-align: justify;\">\u201cHoje, o HIV \u00e9 uma infec\u00e7\u00e3o cr\u00f4nica e, se corretamente tratada, n\u00e3o mais letal como no passado. Quanto antes o diagn\u00f3stico for feito, mais cedo o portador do v\u00edrus pode iniciar o tratamento e evitar que a infec\u00e7\u00e3o evolua para a Aids\u201d, explica o m\u00e9dico.<\/p>\n<p style=\"text-align: justify;\"><strong>Reduzir o risco<\/strong><\/p>\n<p style=\"text-align: justify;\">Em 2017, o Brasil passou a ofertar a Profilaxia Pr\u00e9-Exposi\u00e7\u00e3o (PrEP) como forma de potencializar a prote\u00e7\u00e3o contra o v\u00edrus. Destinado especialmente a profissionais do sexo, casais sorodiferentes, gays, travestis e transexuais, o medicamento deve ser tomado diariamente e reduz o risco de infec\u00e7\u00e3o pelo HIV em mais de 90%.<\/p>\n<p style=\"text-align: justify;\">Ap\u00f3s a exposi\u00e7\u00e3o ao v\u00edrus, o Minist\u00e9rio da Sa\u00fade oferece a Profilaxia P\u00f3s-Exposi\u00e7\u00e3o (PEP), um tratamento por 28 dias para evitar a sobreviv\u00eancia e a multiplica\u00e7\u00e3o do HIV no organismo. \u00c9 indicado para pessoas que podem ter sido expostas ao v\u00edrus em situa\u00e7\u00f5es como viol\u00eancia sexual, rela\u00e7\u00e3o desprotegida (sem o uso do preservativo ou ruptura) e acidente ocupacional (contato direto com objetos perfurocortantes ou com material biol\u00f3gico contaminados). A PEP deve ser iniciada logo ap\u00f3s a exposi\u00e7\u00e3o de risco, em at\u00e9 72 horas.<\/p>\n<p style=\"text-align: justify;\">Diagnosticada a Aids, o tratamento \u00e9 feito com 22 medicamentos divididos em 38 apresenta\u00e7\u00f5es, fornecidos gratuitamente pelo SUS. Embora a doen\u00e7a n\u00e3o tenha cura, estes medicamentos combatem o v\u00edrus e fortalecem o sistema imune. \u201cCada paciente demanda uma medica\u00e7\u00e3o espec\u00edfica de acordo com o grau da s\u00edndrome. Se tomada de forma correta e cont\u00ednua, \u00e9 poss\u00edvel aumentar seu tempo de vida e diminuir o risco de desenvolver outras doen\u00e7as, como tuberculose, pneumonia e c\u00e2ncer\u201d, orienta o m\u00e9dico.<\/p>\n<p style=\"text-align: justify;\">O Seconci-SP disp\u00f5e de estrutura laboratorial completa para a realiza\u00e7\u00e3o dos exames, al\u00e9m de equipe multidisciplinar para orienta\u00e7\u00e3o.<\/p>\n","protected":false},"excerpt":{"rendered":"<p>Novas profilaxias diminuem riscos e asseguram qualidade de vida aos pacientes | Assessoria de Comunica\u00e7\u00e3o Social do Seconci-SP | Mais de 717 mil casos de Aids foram registrados no Brasil entre 2000 e 2018, per\u00edodo no qual cresceu em 21% o n\u00famero de novas infec\u00e7\u00f5es por HIV, v\u00edrus da imunodefici\u00eancia humana, que ataca o sistema [&hellip;]<\/p>\n","protected":false},"author":3,"featured_media":8864,"comment_status":"closed","ping_status":"closed","sticky":false,"template":"","format":"standard","meta":{"footnotes":""},"categories":[87],"tags":[],"class_list":["post-8879","post","type-post","status-publish","format-standard","has-post-thumbnail","hentry","category-seconci-sao-paulo"],"yoast_head":"<!-- This site is optimized with the Yoast SEO plugin v26.9 - https:\/\/yoast.com\/product\/yoast-seo-wordpress\/ -->\n<title>Seconci-SP: evite a Aids, doen\u00e7a silenciosa - Seconci Brasil<\/title>\n<meta name=\"robots\" content=\"index, follow, max-snippet:-1, max-image-preview:large, max-video-preview:-1\" \/>\n<link rel=\"canonical\" href=\"https:\/\/seconci.com.br\/site\/2019\/12\/03\/seconci-sp-evite-a-aids-doenca-silenciosa\/\" \/>\n<meta property=\"og:locale\" content=\"pt_PT\" \/>\n<meta property=\"og:type\" content=\"article\" \/>\n<meta property=\"og:title\" content=\"Seconci-SP: evite a Aids, doen\u00e7a silenciosa - Seconci Brasil\" \/>\n<meta property=\"og:description\" content=\"Novas profilaxias diminuem riscos e asseguram qualidade de vida aos pacientes | Assessoria de Comunica\u00e7\u00e3o Social do Seconci-SP | Mais de 717 mil casos de Aids foram registrados no Brasil entre 2000 e 2018, per\u00edodo no qual cresceu em 21% o n\u00famero de novas infec\u00e7\u00f5es por HIV, v\u00edrus da imunodefici\u00eancia humana, que ataca o sistema [&hellip;]\" \/>\n<meta property=\"og:url\" content=\"https:\/\/seconci.com.br\/site\/2019\/12\/03\/seconci-sp-evite-a-aids-doenca-silenciosa\/\" \/>\n<meta property=\"og:site_name\" content=\"Seconci Brasil\" \/>\n<meta property=\"article:published_time\" content=\"2019-12-03T13:03:59+00:00\" \/>\n<meta property=\"og:image\" content=\"https:\/\/seconci.com.br\/site\/wp-content\/uploads\/2019\/11\/dia-mundial-de-luta-contra-a-aids.jpg\" \/>\n\t<meta property=\"og:image:width\" content=\"984\" \/>\n\t<meta property=\"og:image:height\" content=\"656\" \/>\n\t<meta property=\"og:image:type\" content=\"image\/jpeg\" \/>\n<meta name=\"author\" content=\"Sidney Rocha\" \/>\n<meta name=\"twitter:card\" content=\"summary_large_image\" \/>\n<meta name=\"twitter:label1\" content=\"Escrito por\" \/>\n\t<meta name=\"twitter:data1\" content=\"Sidney Rocha\" \/>\n\t<meta name=\"twitter:label2\" content=\"Tempo estimado de leitura\" \/>\n\t<meta name=\"twitter:data2\" content=\"3 minutos\" \/>\n<script type=\"application\/ld+json\" class=\"yoast-schema-graph\">{\"@context\":\"https:\/\/schema.org\",\"@graph\":[{\"@type\":\"Article\",\"@id\":\"https:\/\/seconci.com.br\/site\/2019\/12\/03\/seconci-sp-evite-a-aids-doenca-silenciosa\/#article\",\"isPartOf\":{\"@id\":\"https:\/\/seconci.com.br\/site\/2019\/12\/03\/seconci-sp-evite-a-aids-doenca-silenciosa\/\"},\"author\":{\"name\":\"Sidney Rocha\",\"@id\":\"https:\/\/seconci.com.br\/site\/#\/schema\/person\/1d79afd97ddc8f2c68c1e88e298aa8e2\"},\"headline\":\"Seconci-SP: evite a Aids, doen\u00e7a silenciosa\",\"datePublished\":\"2019-12-03T13:03:59+00:00\",\"mainEntityOfPage\":{\"@id\":\"https:\/\/seconci.com.br\/site\/2019\/12\/03\/seconci-sp-evite-a-aids-doenca-silenciosa\/\"},\"wordCount\":538,\"publisher\":{\"@id\":\"https:\/\/seconci.com.br\/site\/#organization\"},\"image\":{\"@id\":\"https:\/\/seconci.com.br\/site\/2019\/12\/03\/seconci-sp-evite-a-aids-doenca-silenciosa\/#primaryimage\"},\"thumbnailUrl\":\"https:\/\/seconci.com.br\/site\/wp-content\/uploads\/2019\/11\/dia-mundial-de-luta-contra-a-aids.jpg\",\"articleSection\":[\"Seconci S\u00e3o Paulo\"],\"inLanguage\":\"pt-PT\"},{\"@type\":\"WebPage\",\"@id\":\"https:\/\/seconci.com.br\/site\/2019\/12\/03\/seconci-sp-evite-a-aids-doenca-silenciosa\/\",\"url\":\"https:\/\/seconci.com.br\/site\/2019\/12\/03\/seconci-sp-evite-a-aids-doenca-silenciosa\/\",\"name\":\"Seconci-SP: evite a Aids, doen\u00e7a silenciosa - Seconci Brasil\",\"isPartOf\":{\"@id\":\"https:\/\/seconci.com.br\/site\/#website\"},\"primaryImageOfPage\":{\"@id\":\"https:\/\/seconci.com.br\/site\/2019\/12\/03\/seconci-sp-evite-a-aids-doenca-silenciosa\/#primaryimage\"},\"image\":{\"@id\":\"https:\/\/seconci.com.br\/site\/2019\/12\/03\/seconci-sp-evite-a-aids-doenca-silenciosa\/#primaryimage\"},\"thumbnailUrl\":\"https:\/\/seconci.com.br\/site\/wp-content\/uploads\/2019\/11\/dia-mundial-de-luta-contra-a-aids.jpg\",\"datePublished\":\"2019-12-03T13:03:59+00:00\",\"breadcrumb\":{\"@id\":\"https:\/\/seconci.com.br\/site\/2019\/12\/03\/seconci-sp-evite-a-aids-doenca-silenciosa\/#breadcrumb\"},\"inLanguage\":\"pt-PT\",\"potentialAction\":[{\"@type\":\"ReadAction\",\"target\":[\"https:\/\/seconci.com.br\/site\/2019\/12\/03\/seconci-sp-evite-a-aids-doenca-silenciosa\/\"]}]},{\"@type\":\"ImageObject\",\"inLanguage\":\"pt-PT\",\"@id\":\"https:\/\/seconci.com.br\/site\/2019\/12\/03\/seconci-sp-evite-a-aids-doenca-silenciosa\/#primaryimage\",\"url\":\"https:\/\/seconci.com.br\/site\/wp-content\/uploads\/2019\/11\/dia-mundial-de-luta-contra-a-aids.jpg\",\"contentUrl\":\"https:\/\/seconci.com.br\/site\/wp-content\/uploads\/2019\/11\/dia-mundial-de-luta-contra-a-aids.jpg\",\"width\":984,\"height\":656},{\"@type\":\"BreadcrumbList\",\"@id\":\"https:\/\/seconci.com.br\/site\/2019\/12\/03\/seconci-sp-evite-a-aids-doenca-silenciosa\/#breadcrumb\",\"itemListElement\":[{\"@type\":\"ListItem\",\"position\":1,\"name\":\"In\u00edcio\",\"item\":\"https:\/\/seconci.com.br\/site\/\"},{\"@type\":\"ListItem\",\"position\":2,\"name\":\"Seconci-SP: evite a Aids, doen\u00e7a silenciosa\"}]},{\"@type\":\"WebSite\",\"@id\":\"https:\/\/seconci.com.br\/site\/#website\",\"url\":\"https:\/\/seconci.com.br\/site\/\",\"name\":\"Seconci Brasil\",\"description\":\"\",\"publisher\":{\"@id\":\"https:\/\/seconci.com.br\/site\/#organization\"},\"potentialAction\":[{\"@type\":\"SearchAction\",\"target\":{\"@type\":\"EntryPoint\",\"urlTemplate\":\"https:\/\/seconci.com.br\/site\/?s={search_term_string}\"},\"query-input\":{\"@type\":\"PropertyValueSpecification\",\"valueRequired\":true,\"valueName\":\"search_term_string\"}}],\"inLanguage\":\"pt-PT\"},{\"@type\":\"Organization\",\"@id\":\"https:\/\/seconci.com.br\/site\/#organization\",\"name\":\"Seconci Brasil\",\"url\":\"https:\/\/seconci.com.br\/site\/\",\"logo\":{\"@type\":\"ImageObject\",\"inLanguage\":\"pt-PT\",\"@id\":\"https:\/\/seconci.com.br\/site\/#\/schema\/logo\/image\/\",\"url\":\"https:\/\/seconci.com.br\/site\/wp-content\/uploads\/2024\/08\/Logo-Seconci-Brasil-branca-2.png\",\"contentUrl\":\"https:\/\/seconci.com.br\/site\/wp-content\/uploads\/2024\/08\/Logo-Seconci-Brasil-branca-2.png\",\"width\":1315,\"height\":598,\"caption\":\"Seconci Brasil\"},\"image\":{\"@id\":\"https:\/\/seconci.com.br\/site\/#\/schema\/logo\/image\/\"}},{\"@type\":\"Person\",\"@id\":\"https:\/\/seconci.com.br\/site\/#\/schema\/person\/1d79afd97ddc8f2c68c1e88e298aa8e2\",\"name\":\"Sidney Rocha\",\"description\":\"Comunicador e estagi\u00e1rio do Seconci Brasil.\",\"url\":\"https:\/\/seconci.com.br\/site\/author\/sidney-rocha\/\"}]}<\/script>\n<!-- \/ Yoast SEO plugin. -->","yoast_head_json":{"title":"Seconci-SP: evite a Aids, doen\u00e7a silenciosa - Seconci Brasil","robots":{"index":"index","follow":"follow","max-snippet":"max-snippet:-1","max-image-preview":"max-image-preview:large","max-video-preview":"max-video-preview:-1"},"canonical":"https:\/\/seconci.com.br\/site\/2019\/12\/03\/seconci-sp-evite-a-aids-doenca-silenciosa\/","og_locale":"pt_PT","og_type":"article","og_title":"Seconci-SP: evite a Aids, doen\u00e7a silenciosa - Seconci Brasil","og_description":"Novas profilaxias diminuem riscos e asseguram qualidade de vida aos pacientes | Assessoria de Comunica\u00e7\u00e3o Social do Seconci-SP | Mais de 717 mil casos de Aids foram registrados no Brasil entre 2000 e 2018, per\u00edodo no qual cresceu em 21% o n\u00famero de novas infec\u00e7\u00f5es por HIV, v\u00edrus da imunodefici\u00eancia humana, que ataca o sistema [&hellip;]","og_url":"https:\/\/seconci.com.br\/site\/2019\/12\/03\/seconci-sp-evite-a-aids-doenca-silenciosa\/","og_site_name":"Seconci Brasil","article_published_time":"2019-12-03T13:03:59+00:00","og_image":[{"width":984,"height":656,"url":"https:\/\/seconci.com.br\/site\/wp-content\/uploads\/2019\/11\/dia-mundial-de-luta-contra-a-aids.jpg","type":"image\/jpeg"}],"author":"Sidney Rocha","twitter_card":"summary_large_image","twitter_misc":{"Escrito por":"Sidney Rocha","Tempo estimado de leitura":"3 minutos"},"schema":{"@context":"https:\/\/schema.org","@graph":[{"@type":"Article","@id":"https:\/\/seconci.com.br\/site\/2019\/12\/03\/seconci-sp-evite-a-aids-doenca-silenciosa\/#article","isPartOf":{"@id":"https:\/\/seconci.com.br\/site\/2019\/12\/03\/seconci-sp-evite-a-aids-doenca-silenciosa\/"},"author":{"name":"Sidney Rocha","@id":"https:\/\/seconci.com.br\/site\/#\/schema\/person\/1d79afd97ddc8f2c68c1e88e298aa8e2"},"headline":"Seconci-SP: evite a Aids, doen\u00e7a silenciosa","datePublished":"2019-12-03T13:03:59+00:00","mainEntityOfPage":{"@id":"https:\/\/seconci.com.br\/site\/2019\/12\/03\/seconci-sp-evite-a-aids-doenca-silenciosa\/"},"wordCount":538,"publisher":{"@id":"https:\/\/seconci.com.br\/site\/#organization"},"image":{"@id":"https:\/\/seconci.com.br\/site\/2019\/12\/03\/seconci-sp-evite-a-aids-doenca-silenciosa\/#primaryimage"},"thumbnailUrl":"https:\/\/seconci.com.br\/site\/wp-content\/uploads\/2019\/11\/dia-mundial-de-luta-contra-a-aids.jpg","articleSection":["Seconci S\u00e3o Paulo"],"inLanguage":"pt-PT"},{"@type":"WebPage","@id":"https:\/\/seconci.com.br\/site\/2019\/12\/03\/seconci-sp-evite-a-aids-doenca-silenciosa\/","url":"https:\/\/seconci.com.br\/site\/2019\/12\/03\/seconci-sp-evite-a-aids-doenca-silenciosa\/","name":"Seconci-SP: evite a Aids, doen\u00e7a silenciosa - Seconci Brasil","isPartOf":{"@id":"https:\/\/seconci.com.br\/site\/#website"},"primaryImageOfPage":{"@id":"https:\/\/seconci.com.br\/site\/2019\/12\/03\/seconci-sp-evite-a-aids-doenca-silenciosa\/#primaryimage"},"image":{"@id":"https:\/\/seconci.com.br\/site\/2019\/12\/03\/seconci-sp-evite-a-aids-doenca-silenciosa\/#primaryimage"},"thumbnailUrl":"https:\/\/seconci.com.br\/site\/wp-content\/uploads\/2019\/11\/dia-mundial-de-luta-contra-a-aids.jpg","datePublished":"2019-12-03T13:03:59+00:00","breadcrumb":{"@id":"https:\/\/seconci.com.br\/site\/2019\/12\/03\/seconci-sp-evite-a-aids-doenca-silenciosa\/#breadcrumb"},"inLanguage":"pt-PT","potentialAction":[{"@type":"ReadAction","target":["https:\/\/seconci.com.br\/site\/2019\/12\/03\/seconci-sp-evite-a-aids-doenca-silenciosa\/"]}]},{"@type":"ImageObject","inLanguage":"pt-PT","@id":"https:\/\/seconci.com.br\/site\/2019\/12\/03\/seconci-sp-evite-a-aids-doenca-silenciosa\/#primaryimage","url":"https:\/\/seconci.com.br\/site\/wp-content\/uploads\/2019\/11\/dia-mundial-de-luta-contra-a-aids.jpg","contentUrl":"https:\/\/seconci.com.br\/site\/wp-content\/uploads\/2019\/11\/dia-mundial-de-luta-contra-a-aids.jpg","width":984,"height":656},{"@type":"BreadcrumbList","@id":"https:\/\/seconci.com.br\/site\/2019\/12\/03\/seconci-sp-evite-a-aids-doenca-silenciosa\/#breadcrumb","itemListElement":[{"@type":"ListItem","position":1,"name":"In\u00edcio","item":"https:\/\/seconci.com.br\/site\/"},{"@type":"ListItem","position":2,"name":"Seconci-SP: evite a Aids, doen\u00e7a silenciosa"}]},{"@type":"WebSite","@id":"https:\/\/seconci.com.br\/site\/#website","url":"https:\/\/seconci.com.br\/site\/","name":"Seconci Brasil","description":"","publisher":{"@id":"https:\/\/seconci.com.br\/site\/#organization"},"potentialAction":[{"@type":"SearchAction","target":{"@type":"EntryPoint","urlTemplate":"https:\/\/seconci.com.br\/site\/?s={search_term_string}"},"query-input":{"@type":"PropertyValueSpecification","valueRequired":true,"valueName":"search_term_string"}}],"inLanguage":"pt-PT"},{"@type":"Organization","@id":"https:\/\/seconci.com.br\/site\/#organization","name":"Seconci Brasil","url":"https:\/\/seconci.com.br\/site\/","logo":{"@type":"ImageObject","inLanguage":"pt-PT","@id":"https:\/\/seconci.com.br\/site\/#\/schema\/logo\/image\/","url":"https:\/\/seconci.com.br\/site\/wp-content\/uploads\/2024\/08\/Logo-Seconci-Brasil-branca-2.png","contentUrl":"https:\/\/seconci.com.br\/site\/wp-content\/uploads\/2024\/08\/Logo-Seconci-Brasil-branca-2.png","width":1315,"height":598,"caption":"Seconci Brasil"},"image":{"@id":"https:\/\/seconci.com.br\/site\/#\/schema\/logo\/image\/"}},{"@type":"Person","@id":"https:\/\/seconci.com.br\/site\/#\/schema\/person\/1d79afd97ddc8f2c68c1e88e298aa8e2","name":"Sidney Rocha","description":"Comunicador e estagi\u00e1rio do Seconci Brasil.","url":"https:\/\/seconci.com.br\/site\/author\/sidney-rocha\/"}]}},"_links":{"self":[{"href":"https:\/\/seconci.com.br\/site\/wp-json\/wp\/v2\/posts\/8879","targetHints":{"allow":["GET"]}}],"collection":[{"href":"https:\/\/seconci.com.br\/site\/wp-json\/wp\/v2\/posts"}],"about":[{"href":"https:\/\/seconci.com.br\/site\/wp-json\/wp\/v2\/types\/post"}],"author":[{"embeddable":true,"href":"https:\/\/seconci.com.br\/site\/wp-json\/wp\/v2\/users\/3"}],"replies":[{"embeddable":true,"href":"https:\/\/seconci.com.br\/site\/wp-json\/wp\/v2\/comments?post=8879"}],"version-history":[{"count":0,"href":"https:\/\/seconci.com.br\/site\/wp-json\/wp\/v2\/posts\/8879\/revisions"}],"wp:featuredmedia":[{"embeddable":true,"href":"https:\/\/seconci.com.br\/site\/wp-json\/wp\/v2\/media\/8864"}],"wp:attachment":[{"href":"https:\/\/seconci.com.br\/site\/wp-json\/wp\/v2\/media?parent=8879"}],"wp:term":[{"taxonomy":"category","embeddable":true,"href":"https:\/\/seconci.com.br\/site\/wp-json\/wp\/v2\/categories?post=8879"},{"taxonomy":"post_tag","embeddable":true,"href":"https:\/\/seconci.com.br\/site\/wp-json\/wp\/v2\/tags?post=8879"}],"curies":[{"name":"wp","href":"https:\/\/api.w.org\/{rel}","templated":true}]}}