{"id":8882,"date":"2019-12-05T12:48:55","date_gmt":"2019-12-05T12:48:55","guid":{"rendered":"https:\/\/seconci.com.br\/site\/?p=8882"},"modified":"2019-12-05T12:48:55","modified_gmt":"2019-12-05T12:48:55","slug":"seconci-sp-gestao-eficiente-da-saude-e-seguranca-do-trabalho-gera-economia","status":"publish","type":"post","link":"https:\/\/seconci.com.br\/site\/2019\/12\/05\/seconci-sp-gestao-eficiente-da-saude-e-seguranca-do-trabalho-gera-economia\/","title":{"rendered":"| Seconci-SP | Gest\u00e3o eficiente da sa\u00fade e seguran\u00e7a do trabalho gera economia"},"content":{"rendered":"<p style=\"text-align: justify;\"><em>Seconci-SP traz orienta\u00e7\u00f5es para a implementa\u00e7\u00e3o de sistemas eficazes de preven\u00e7\u00e3o de acidentes no ambiente laboral<\/em><span id=\"more-8484\"><\/span><\/p>\n<p style=\"text-align: justify;\">| <strong>Assessoria de Comunica\u00e7\u00e3o Social do Seconci-SP<\/strong> |<\/p>\n<p style=\"text-align: justify;\">Dados mais recentes do Observat\u00f3rio Digital de Sa\u00fade e Seguran\u00e7a do Trabalho (OSST), \u00f3rg\u00e3o ligado ao Minist\u00e9rio P\u00fablico do Trabalho, mostram que no ano passado voltou a crescer n\u00famero de acidentes de trabalho sem \u00f3bitos notificados no munic\u00edpio de S\u00e3o Paulo, ficando em 54.528. Os n\u00fameros indicam uma revers\u00e3o da tend\u00eancia de queda que vinha sendo observada desde 2009, quando foram registrados 67.481 incidentes.<\/p>\n<p style=\"text-align: justify;\">Diante dos dados, especialistas do Seconci-SP (Servi\u00e7o Social da Constru\u00e7\u00e3o) aproveitam a celebra\u00e7\u00e3o do Dia do T\u00e9cnico e Engenheiro de Seguran\u00e7a do Trabalho, comemorado no \u00faltimo dia 27 de novembro, para chamar a aten\u00e7\u00e3o das companhias para a import\u00e2ncia da ado\u00e7\u00e3o das t\u00e9cnicas de preven\u00e7\u00e3o em todos os est\u00e1gios das obras.<\/p>\n<p style=\"text-align: justify;\">O engenheiro de Seguran\u00e7a do Trabalho do Seconci-SP, Ricardo Marcon, comenta a lei que regulamentou as profiss\u00f5es de T\u00e9cnico e Engenheiro de Seguran\u00e7a h\u00e1 31 anos, com muitas conquistas a serem celebradas. \u201cNeste per\u00edodo, a atua\u00e7\u00e3o destes especialistas foi fundamental para mitigar os acidentes, principalmente nos canteiros de obras, e ampliar os programas de promo\u00e7\u00e3o da seguran\u00e7a dos trabalhadores\u201d, explica.<\/p>\n<p style=\"text-align: justify;\">Pesquisa divulgada recentemente pelo Instituto de Ensino e Pesquisa Arm\u00eanio Crestana (Iepac), do Seconci-SP, corroboram a afirma\u00e7\u00e3o do engenheiro quanto \u00e0 amplia\u00e7\u00e3o dos cuidados com a sa\u00fade dos trabalhadores constru\u00e7\u00e3o civil. Segundo o estudo, que analisou mais de 65,3 mil consultas m\u00e9dicas n\u00e3o ocupacionais realizadas na Unidade Central do Seconci-SP, houve uma queda no n\u00famero de atestados m\u00e9dicos de afastamento, ficando em 9,8% em 2018, contra 12,8%, do levantamento anterior.<\/p>\n<p style=\"text-align: justify;\">Wahyne Rodrigues de Lima, tamb\u00e9m engenheiro de Seguran\u00e7a do Trabalho no Seconci-SP, ressalta que hoje os empres\u00e1rios e os trabalhadores est\u00e3o mais conscientes quanto \u00e0 import\u00e2ncia da preven\u00e7\u00e3o. \u201cAs empresas j\u00e1 perceberam que aplicar recursos para evitar acidentes no ambiente laboral \u00e9 um investimento e n\u00e3o um gasto, pois o impacto financeiro resultante de um incidente \u00e9 muito maior do que a quantia destinada \u00e0 preven\u00e7\u00e3o\u201d, compara. \u201cJ\u00e1 os funcion\u00e1rios entendem que as iniciativas visam exclusivamente preservar as suas vidas e evitar acidentes\u201d.<\/p>\n<p style=\"text-align: justify;\">O engenheiro Marcon complementa que, al\u00e9m do fator financeiro, existe ainda a quest\u00e3o do impacto emocional que poder\u00e1 atingir os demais funcion\u00e1rios de uma determinada empresa em um ambiente que presencia um acidente de trabalho. Segundo o especialista, isso sem d\u00favida impactar\u00e1 na produtividade. Al\u00e9m disso, existe a quest\u00e3o social com a perda de um trabalhador em plena idade produtiva, e o impacto afetivo em seus familiares.<\/p>\n<p style=\"text-align: justify;\"><strong>Gest\u00e3o de riscos<\/strong><\/p>\n<p style=\"text-align: justify;\">Os especialistas ressaltam que para uma preven\u00e7\u00e3o eficiente, principalmente na \u00e1rea de constru\u00e7\u00e3o civil, \u00e9 fundamental que a gest\u00e3o dos riscos seja realizada desde a fase de projeto, pois assim \u00e9 poss\u00edvel implementar sistemas eficazes que evitam o gasto com ajustes posteriores na obra, e prevenir prov\u00e1veis puni\u00e7\u00f5es dos agentes fiscalizadores.<\/p>\n<p style=\"text-align: justify;\">\u201cNem todas as empresas conseguem dispor da equipe necess\u00e1ria para realizar esta preven\u00e7\u00e3o e, neste ponto, o Seconci-SP tamb\u00e9m consegue apoi\u00e1-las. Isso porque a entidade possui um setor de Sa\u00fade e Seguran\u00e7a do Trabalho estruturado, com m\u00e9dicos, engenheiros e t\u00e9cnicos, prontos para apoiar as companhias, em todo o Estado de S\u00e3o Paulo, na elabora\u00e7\u00e3o de laudos, planos de gerenciamento de riscos, atendimentos \u00e0s Normas Regulamentadoras etc.\u201d, pontua Lima.<\/p>\n<p style=\"text-align: justify;\">J\u00e1 Marcon destaca a exist\u00eancia atualmente de 35 Normas Regulamentadoras (NRs) vigentes que definem procedimentos que devem, obrigatoriamente, ser aplicados para prote\u00e7\u00e3o da sa\u00fade e seguran\u00e7a dos profissionais. Em muitos casos, a correta verifica\u00e7\u00e3o do cumprimento da NR exige a utiliza\u00e7\u00e3o de aparelhos espec\u00edficos, que possuem valor elevado, seja para medir a emiss\u00e3o de ru\u00eddos ou vibra\u00e7\u00f5es, por exemplo.<\/p>\n<p style=\"text-align: justify;\">O Seconci-SP investe constantemente na moderniza\u00e7\u00e3o de seus equipamentos e est\u00e1 pronto para apoiar as companhias, seja na verifica\u00e7\u00e3o do cumprimento das NRs ou na elabora\u00e7\u00e3o de programas que atestem o cumprimento das normas.<\/p>\n<p style=\"text-align: justify;\">As empresas que desejarem obter mais informa\u00e7\u00f5es sobre os servi\u00e7os disponibilizados pelo Seconci-SP nas \u00e1reas de Sa\u00fade e Seguran\u00e7a do Trabalho podem contatar a entidade atrav\u00e9s da \u00e1rea de Rela\u00e7\u00f5es Empresariais, pelo e-mail\u00a0relacoesempresariais@seconci-sp.org.br\u00a0ou pelo telefone (11) 3664-5844.<\/p>\n","protected":false},"excerpt":{"rendered":"<p>Seconci-SP traz orienta\u00e7\u00f5es para a implementa\u00e7\u00e3o de sistemas eficazes de preven\u00e7\u00e3o de acidentes no ambiente laboral | Assessoria de Comunica\u00e7\u00e3o Social do Seconci-SP | Dados mais recentes do Observat\u00f3rio Digital de Sa\u00fade e Seguran\u00e7a do Trabalho (OSST), \u00f3rg\u00e3o ligado ao Minist\u00e9rio P\u00fablico do Trabalho, mostram que no ano passado voltou a crescer n\u00famero de acidentes [&hellip;]<\/p>\n","protected":false},"author":3,"featured_media":7805,"comment_status":"closed","ping_status":"closed","sticky":false,"template":"","format":"standard","meta":{"footnotes":""},"categories":[87],"tags":[],"class_list":["post-8882","post","type-post","status-publish","format-standard","has-post-thumbnail","hentry","category-seconci-sao-paulo"],"yoast_head":"<!-- This site is optimized with the Yoast SEO plugin v26.9 - https:\/\/yoast.com\/product\/yoast-seo-wordpress\/ -->\n<title>| Seconci-SP | Gest\u00e3o eficiente da sa\u00fade e seguran\u00e7a do trabalho gera economia - Seconci Brasil<\/title>\n<meta name=\"robots\" content=\"index, follow, max-snippet:-1, max-image-preview:large, max-video-preview:-1\" \/>\n<link rel=\"canonical\" href=\"https:\/\/seconci.com.br\/site\/2019\/12\/05\/seconci-sp-gestao-eficiente-da-saude-e-seguranca-do-trabalho-gera-economia\/\" \/>\n<meta property=\"og:locale\" content=\"pt_PT\" \/>\n<meta property=\"og:type\" content=\"article\" \/>\n<meta property=\"og:title\" content=\"| Seconci-SP | Gest\u00e3o eficiente da sa\u00fade e seguran\u00e7a do trabalho gera economia - Seconci Brasil\" \/>\n<meta property=\"og:description\" content=\"Seconci-SP traz orienta\u00e7\u00f5es para a implementa\u00e7\u00e3o de sistemas eficazes de preven\u00e7\u00e3o de acidentes no ambiente laboral | Assessoria de Comunica\u00e7\u00e3o Social do Seconci-SP | Dados mais recentes do Observat\u00f3rio Digital de Sa\u00fade e Seguran\u00e7a do Trabalho (OSST), \u00f3rg\u00e3o ligado ao Minist\u00e9rio P\u00fablico do Trabalho, mostram que no ano passado voltou a crescer n\u00famero de acidentes [&hellip;]\" \/>\n<meta property=\"og:url\" content=\"https:\/\/seconci.com.br\/site\/2019\/12\/05\/seconci-sp-gestao-eficiente-da-saude-e-seguranca-do-trabalho-gera-economia\/\" \/>\n<meta property=\"og:site_name\" content=\"Seconci Brasil\" \/>\n<meta property=\"article:published_time\" content=\"2019-12-05T12:48:55+00:00\" \/>\n<meta property=\"og:image\" content=\"https:\/\/seconci.com.br\/site\/wp-content\/uploads\/2018\/10\/seconcisp.png\" \/>\n\t<meta property=\"og:image:width\" content=\"856\" \/>\n\t<meta property=\"og:image:height\" content=\"483\" \/>\n\t<meta property=\"og:image:type\" content=\"image\/png\" \/>\n<meta name=\"author\" content=\"Sidney Rocha\" \/>\n<meta name=\"twitter:card\" content=\"summary_large_image\" \/>\n<meta name=\"twitter:label1\" content=\"Escrito por\" \/>\n\t<meta name=\"twitter:data1\" content=\"Sidney Rocha\" \/>\n\t<meta name=\"twitter:label2\" content=\"Tempo estimado de leitura\" \/>\n\t<meta name=\"twitter:data2\" content=\"4 minutos\" \/>\n<script type=\"application\/ld+json\" class=\"yoast-schema-graph\">{\"@context\":\"https:\/\/schema.org\",\"@graph\":[{\"@type\":\"Article\",\"@id\":\"https:\/\/seconci.com.br\/site\/2019\/12\/05\/seconci-sp-gestao-eficiente-da-saude-e-seguranca-do-trabalho-gera-economia\/#article\",\"isPartOf\":{\"@id\":\"https:\/\/seconci.com.br\/site\/2019\/12\/05\/seconci-sp-gestao-eficiente-da-saude-e-seguranca-do-trabalho-gera-economia\/\"},\"author\":{\"name\":\"Sidney Rocha\",\"@id\":\"https:\/\/seconci.com.br\/site\/#\/schema\/person\/1d79afd97ddc8f2c68c1e88e298aa8e2\"},\"headline\":\"| Seconci-SP | Gest\u00e3o eficiente da sa\u00fade e seguran\u00e7a do trabalho gera economia\",\"datePublished\":\"2019-12-05T12:48:55+00:00\",\"mainEntityOfPage\":{\"@id\":\"https:\/\/seconci.com.br\/site\/2019\/12\/05\/seconci-sp-gestao-eficiente-da-saude-e-seguranca-do-trabalho-gera-economia\/\"},\"wordCount\":765,\"publisher\":{\"@id\":\"https:\/\/seconci.com.br\/site\/#organization\"},\"image\":{\"@id\":\"https:\/\/seconci.com.br\/site\/2019\/12\/05\/seconci-sp-gestao-eficiente-da-saude-e-seguranca-do-trabalho-gera-economia\/#primaryimage\"},\"thumbnailUrl\":\"https:\/\/seconci.com.br\/site\/wp-content\/uploads\/2018\/10\/seconcisp.png\",\"articleSection\":[\"Seconci S\u00e3o Paulo\"],\"inLanguage\":\"pt-PT\"},{\"@type\":\"WebPage\",\"@id\":\"https:\/\/seconci.com.br\/site\/2019\/12\/05\/seconci-sp-gestao-eficiente-da-saude-e-seguranca-do-trabalho-gera-economia\/\",\"url\":\"https:\/\/seconci.com.br\/site\/2019\/12\/05\/seconci-sp-gestao-eficiente-da-saude-e-seguranca-do-trabalho-gera-economia\/\",\"name\":\"| Seconci-SP | Gest\u00e3o eficiente da sa\u00fade e seguran\u00e7a do trabalho gera economia - Seconci Brasil\",\"isPartOf\":{\"@id\":\"https:\/\/seconci.com.br\/site\/#website\"},\"primaryImageOfPage\":{\"@id\":\"https:\/\/seconci.com.br\/site\/2019\/12\/05\/seconci-sp-gestao-eficiente-da-saude-e-seguranca-do-trabalho-gera-economia\/#primaryimage\"},\"image\":{\"@id\":\"https:\/\/seconci.com.br\/site\/2019\/12\/05\/seconci-sp-gestao-eficiente-da-saude-e-seguranca-do-trabalho-gera-economia\/#primaryimage\"},\"thumbnailUrl\":\"https:\/\/seconci.com.br\/site\/wp-content\/uploads\/2018\/10\/seconcisp.png\",\"datePublished\":\"2019-12-05T12:48:55+00:00\",\"breadcrumb\":{\"@id\":\"https:\/\/seconci.com.br\/site\/2019\/12\/05\/seconci-sp-gestao-eficiente-da-saude-e-seguranca-do-trabalho-gera-economia\/#breadcrumb\"},\"inLanguage\":\"pt-PT\",\"potentialAction\":[{\"@type\":\"ReadAction\",\"target\":[\"https:\/\/seconci.com.br\/site\/2019\/12\/05\/seconci-sp-gestao-eficiente-da-saude-e-seguranca-do-trabalho-gera-economia\/\"]}]},{\"@type\":\"ImageObject\",\"inLanguage\":\"pt-PT\",\"@id\":\"https:\/\/seconci.com.br\/site\/2019\/12\/05\/seconci-sp-gestao-eficiente-da-saude-e-seguranca-do-trabalho-gera-economia\/#primaryimage\",\"url\":\"https:\/\/seconci.com.br\/site\/wp-content\/uploads\/2018\/10\/seconcisp.png\",\"contentUrl\":\"https:\/\/seconci.com.br\/site\/wp-content\/uploads\/2018\/10\/seconcisp.png\",\"width\":856,\"height\":483},{\"@type\":\"BreadcrumbList\",\"@id\":\"https:\/\/seconci.com.br\/site\/2019\/12\/05\/seconci-sp-gestao-eficiente-da-saude-e-seguranca-do-trabalho-gera-economia\/#breadcrumb\",\"itemListElement\":[{\"@type\":\"ListItem\",\"position\":1,\"name\":\"In\u00edcio\",\"item\":\"https:\/\/seconci.com.br\/site\/\"},{\"@type\":\"ListItem\",\"position\":2,\"name\":\"| Seconci-SP | Gest\u00e3o eficiente da sa\u00fade e seguran\u00e7a do trabalho gera economia\"}]},{\"@type\":\"WebSite\",\"@id\":\"https:\/\/seconci.com.br\/site\/#website\",\"url\":\"https:\/\/seconci.com.br\/site\/\",\"name\":\"Seconci Brasil\",\"description\":\"\",\"publisher\":{\"@id\":\"https:\/\/seconci.com.br\/site\/#organization\"},\"potentialAction\":[{\"@type\":\"SearchAction\",\"target\":{\"@type\":\"EntryPoint\",\"urlTemplate\":\"https:\/\/seconci.com.br\/site\/?s={search_term_string}\"},\"query-input\":{\"@type\":\"PropertyValueSpecification\",\"valueRequired\":true,\"valueName\":\"search_term_string\"}}],\"inLanguage\":\"pt-PT\"},{\"@type\":\"Organization\",\"@id\":\"https:\/\/seconci.com.br\/site\/#organization\",\"name\":\"Seconci Brasil\",\"url\":\"https:\/\/seconci.com.br\/site\/\",\"logo\":{\"@type\":\"ImageObject\",\"inLanguage\":\"pt-PT\",\"@id\":\"https:\/\/seconci.com.br\/site\/#\/schema\/logo\/image\/\",\"url\":\"https:\/\/seconci.com.br\/site\/wp-content\/uploads\/2024\/08\/Logo-Seconci-Brasil-branca-2.png\",\"contentUrl\":\"https:\/\/seconci.com.br\/site\/wp-content\/uploads\/2024\/08\/Logo-Seconci-Brasil-branca-2.png\",\"width\":1315,\"height\":598,\"caption\":\"Seconci Brasil\"},\"image\":{\"@id\":\"https:\/\/seconci.com.br\/site\/#\/schema\/logo\/image\/\"}},{\"@type\":\"Person\",\"@id\":\"https:\/\/seconci.com.br\/site\/#\/schema\/person\/1d79afd97ddc8f2c68c1e88e298aa8e2\",\"name\":\"Sidney Rocha\",\"description\":\"Comunicador e estagi\u00e1rio do Seconci Brasil.\",\"url\":\"https:\/\/seconci.com.br\/site\/author\/sidney-rocha\/\"}]}<\/script>\n<!-- \/ Yoast SEO plugin. -->","yoast_head_json":{"title":"| Seconci-SP | Gest\u00e3o eficiente da sa\u00fade e seguran\u00e7a do trabalho gera economia - Seconci Brasil","robots":{"index":"index","follow":"follow","max-snippet":"max-snippet:-1","max-image-preview":"max-image-preview:large","max-video-preview":"max-video-preview:-1"},"canonical":"https:\/\/seconci.com.br\/site\/2019\/12\/05\/seconci-sp-gestao-eficiente-da-saude-e-seguranca-do-trabalho-gera-economia\/","og_locale":"pt_PT","og_type":"article","og_title":"| Seconci-SP | Gest\u00e3o eficiente da sa\u00fade e seguran\u00e7a do trabalho gera economia - Seconci Brasil","og_description":"Seconci-SP traz orienta\u00e7\u00f5es para a implementa\u00e7\u00e3o de sistemas eficazes de preven\u00e7\u00e3o de acidentes no ambiente laboral | Assessoria de Comunica\u00e7\u00e3o Social do Seconci-SP | Dados mais recentes do Observat\u00f3rio Digital de Sa\u00fade e Seguran\u00e7a do Trabalho (OSST), \u00f3rg\u00e3o ligado ao Minist\u00e9rio P\u00fablico do Trabalho, mostram que no ano passado voltou a crescer n\u00famero de acidentes [&hellip;]","og_url":"https:\/\/seconci.com.br\/site\/2019\/12\/05\/seconci-sp-gestao-eficiente-da-saude-e-seguranca-do-trabalho-gera-economia\/","og_site_name":"Seconci Brasil","article_published_time":"2019-12-05T12:48:55+00:00","og_image":[{"width":856,"height":483,"url":"https:\/\/seconci.com.br\/site\/wp-content\/uploads\/2018\/10\/seconcisp.png","type":"image\/png"}],"author":"Sidney Rocha","twitter_card":"summary_large_image","twitter_misc":{"Escrito por":"Sidney Rocha","Tempo estimado de leitura":"4 minutos"},"schema":{"@context":"https:\/\/schema.org","@graph":[{"@type":"Article","@id":"https:\/\/seconci.com.br\/site\/2019\/12\/05\/seconci-sp-gestao-eficiente-da-saude-e-seguranca-do-trabalho-gera-economia\/#article","isPartOf":{"@id":"https:\/\/seconci.com.br\/site\/2019\/12\/05\/seconci-sp-gestao-eficiente-da-saude-e-seguranca-do-trabalho-gera-economia\/"},"author":{"name":"Sidney Rocha","@id":"https:\/\/seconci.com.br\/site\/#\/schema\/person\/1d79afd97ddc8f2c68c1e88e298aa8e2"},"headline":"| Seconci-SP | Gest\u00e3o eficiente da sa\u00fade e seguran\u00e7a do trabalho gera economia","datePublished":"2019-12-05T12:48:55+00:00","mainEntityOfPage":{"@id":"https:\/\/seconci.com.br\/site\/2019\/12\/05\/seconci-sp-gestao-eficiente-da-saude-e-seguranca-do-trabalho-gera-economia\/"},"wordCount":765,"publisher":{"@id":"https:\/\/seconci.com.br\/site\/#organization"},"image":{"@id":"https:\/\/seconci.com.br\/site\/2019\/12\/05\/seconci-sp-gestao-eficiente-da-saude-e-seguranca-do-trabalho-gera-economia\/#primaryimage"},"thumbnailUrl":"https:\/\/seconci.com.br\/site\/wp-content\/uploads\/2018\/10\/seconcisp.png","articleSection":["Seconci S\u00e3o Paulo"],"inLanguage":"pt-PT"},{"@type":"WebPage","@id":"https:\/\/seconci.com.br\/site\/2019\/12\/05\/seconci-sp-gestao-eficiente-da-saude-e-seguranca-do-trabalho-gera-economia\/","url":"https:\/\/seconci.com.br\/site\/2019\/12\/05\/seconci-sp-gestao-eficiente-da-saude-e-seguranca-do-trabalho-gera-economia\/","name":"| Seconci-SP | Gest\u00e3o eficiente da sa\u00fade e seguran\u00e7a do trabalho gera economia - Seconci Brasil","isPartOf":{"@id":"https:\/\/seconci.com.br\/site\/#website"},"primaryImageOfPage":{"@id":"https:\/\/seconci.com.br\/site\/2019\/12\/05\/seconci-sp-gestao-eficiente-da-saude-e-seguranca-do-trabalho-gera-economia\/#primaryimage"},"image":{"@id":"https:\/\/seconci.com.br\/site\/2019\/12\/05\/seconci-sp-gestao-eficiente-da-saude-e-seguranca-do-trabalho-gera-economia\/#primaryimage"},"thumbnailUrl":"https:\/\/seconci.com.br\/site\/wp-content\/uploads\/2018\/10\/seconcisp.png","datePublished":"2019-12-05T12:48:55+00:00","breadcrumb":{"@id":"https:\/\/seconci.com.br\/site\/2019\/12\/05\/seconci-sp-gestao-eficiente-da-saude-e-seguranca-do-trabalho-gera-economia\/#breadcrumb"},"inLanguage":"pt-PT","potentialAction":[{"@type":"ReadAction","target":["https:\/\/seconci.com.br\/site\/2019\/12\/05\/seconci-sp-gestao-eficiente-da-saude-e-seguranca-do-trabalho-gera-economia\/"]}]},{"@type":"ImageObject","inLanguage":"pt-PT","@id":"https:\/\/seconci.com.br\/site\/2019\/12\/05\/seconci-sp-gestao-eficiente-da-saude-e-seguranca-do-trabalho-gera-economia\/#primaryimage","url":"https:\/\/seconci.com.br\/site\/wp-content\/uploads\/2018\/10\/seconcisp.png","contentUrl":"https:\/\/seconci.com.br\/site\/wp-content\/uploads\/2018\/10\/seconcisp.png","width":856,"height":483},{"@type":"BreadcrumbList","@id":"https:\/\/seconci.com.br\/site\/2019\/12\/05\/seconci-sp-gestao-eficiente-da-saude-e-seguranca-do-trabalho-gera-economia\/#breadcrumb","itemListElement":[{"@type":"ListItem","position":1,"name":"In\u00edcio","item":"https:\/\/seconci.com.br\/site\/"},{"@type":"ListItem","position":2,"name":"| Seconci-SP | Gest\u00e3o eficiente da sa\u00fade e seguran\u00e7a do trabalho gera economia"}]},{"@type":"WebSite","@id":"https:\/\/seconci.com.br\/site\/#website","url":"https:\/\/seconci.com.br\/site\/","name":"Seconci Brasil","description":"","publisher":{"@id":"https:\/\/seconci.com.br\/site\/#organization"},"potentialAction":[{"@type":"SearchAction","target":{"@type":"EntryPoint","urlTemplate":"https:\/\/seconci.com.br\/site\/?s={search_term_string}"},"query-input":{"@type":"PropertyValueSpecification","valueRequired":true,"valueName":"search_term_string"}}],"inLanguage":"pt-PT"},{"@type":"Organization","@id":"https:\/\/seconci.com.br\/site\/#organization","name":"Seconci Brasil","url":"https:\/\/seconci.com.br\/site\/","logo":{"@type":"ImageObject","inLanguage":"pt-PT","@id":"https:\/\/seconci.com.br\/site\/#\/schema\/logo\/image\/","url":"https:\/\/seconci.com.br\/site\/wp-content\/uploads\/2024\/08\/Logo-Seconci-Brasil-branca-2.png","contentUrl":"https:\/\/seconci.com.br\/site\/wp-content\/uploads\/2024\/08\/Logo-Seconci-Brasil-branca-2.png","width":1315,"height":598,"caption":"Seconci Brasil"},"image":{"@id":"https:\/\/seconci.com.br\/site\/#\/schema\/logo\/image\/"}},{"@type":"Person","@id":"https:\/\/seconci.com.br\/site\/#\/schema\/person\/1d79afd97ddc8f2c68c1e88e298aa8e2","name":"Sidney Rocha","description":"Comunicador e estagi\u00e1rio do Seconci Brasil.","url":"https:\/\/seconci.com.br\/site\/author\/sidney-rocha\/"}]}},"_links":{"self":[{"href":"https:\/\/seconci.com.br\/site\/wp-json\/wp\/v2\/posts\/8882","targetHints":{"allow":["GET"]}}],"collection":[{"href":"https:\/\/seconci.com.br\/site\/wp-json\/wp\/v2\/posts"}],"about":[{"href":"https:\/\/seconci.com.br\/site\/wp-json\/wp\/v2\/types\/post"}],"author":[{"embeddable":true,"href":"https:\/\/seconci.com.br\/site\/wp-json\/wp\/v2\/users\/3"}],"replies":[{"embeddable":true,"href":"https:\/\/seconci.com.br\/site\/wp-json\/wp\/v2\/comments?post=8882"}],"version-history":[{"count":0,"href":"https:\/\/seconci.com.br\/site\/wp-json\/wp\/v2\/posts\/8882\/revisions"}],"wp:featuredmedia":[{"embeddable":true,"href":"https:\/\/seconci.com.br\/site\/wp-json\/wp\/v2\/media\/7805"}],"wp:attachment":[{"href":"https:\/\/seconci.com.br\/site\/wp-json\/wp\/v2\/media?parent=8882"}],"wp:term":[{"taxonomy":"category","embeddable":true,"href":"https:\/\/seconci.com.br\/site\/wp-json\/wp\/v2\/categories?post=8882"},{"taxonomy":"post_tag","embeddable":true,"href":"https:\/\/seconci.com.br\/site\/wp-json\/wp\/v2\/tags?post=8882"}],"curies":[{"name":"wp","href":"https:\/\/api.w.org\/{rel}","templated":true}]}}