{"id":8886,"date":"2019-12-05T13:21:00","date_gmt":"2019-12-05T13:21:00","guid":{"rendered":"https:\/\/seconci.com.br\/site\/?p=8886"},"modified":"2019-12-05T13:21:00","modified_gmt":"2019-12-05T13:21:00","slug":"prazo-de-contestacao-do-fap-vigencia-2020-e-prorrogado-para-13-de-dezembro","status":"publish","type":"post","link":"https:\/\/seconci.com.br\/site\/2019\/12\/05\/prazo-de-contestacao-do-fap-vigencia-2020-e-prorrogado-para-13-de-dezembro\/","title":{"rendered":"Prazo de contesta\u00e7\u00e3o do FAP \u2013 Vig\u00eancia 2020 \u00e9 prorrogado para 13 de dezembro"},"content":{"rendered":"<div class=\"subtitulo\" style=\"text-align: justify;\"><em>Nova data foi definida em portaria publicada no Di\u00e1rio Oficial da Uni\u00e3o de quarta-feira (27)<\/em><\/div>\n<p style=\"text-align: justify;\">O prazo de contesta\u00e7\u00e3o do Fator Acident\u00e1rio de Preven\u00e7\u00e3o (FAP) \u2013 Vig\u00eancia 2020 foi prorrogado para o pr\u00f3ximo dia 13 de dezembro. Originalmente, o prazo terminaria em 30 de novembro. Mas uma\u00a0<a href=\"http:\/\/www.in.gov.br\/en\/web\/dou\/-\/portaria-n-1.320-de-26-de-novembro-de-2019-229897725\">portaria da Secretaria Especial de Previd\u00eancia e Trabalho do Minist\u00e9rio da Economia publicada na quarta-feira (27)<\/a>, no\u00a0<em>Di\u00e1rio Oficial da Uni\u00e3o<\/em>, estendeu o per\u00edodo de contesta\u00e7\u00e3o.<\/p>\n<p style=\"text-align: justify;\">O FAP poder\u00e1 ser contestado perante o Conselho de Recursos da Previd\u00eancia Social (CRPS) da Secretaria de Previd\u00eancia, exclusivamente por meio eletr\u00f4nico, atrav\u00e9s de formul\u00e1rio disponibilizado nos s\u00edtios da Previd\u00eancia e da Receita Federal do Brasil.<\/p>\n<p style=\"text-align: justify;\">O FAP \u00e9 um multiplicador, atualmente calculado pelo Minist\u00e9rio da Economia, por estabelecimento, que varia de 0,5000 a 2,0000, a ser aplicado sobre as al\u00edquotas de 1%, 2% ou 3% da tarifa\u00e7\u00e3o coletiva por subclasse econ\u00f4mica, incidentes sobre a folha de sal\u00e1rios das empresas para custear aposentadorias especiais e benef\u00edcios decorrentes de acidentes de trabalho. O FAP varia anualmente. \u00c9 calculado sempre sobre os dois \u00faltimos anos de todo o hist\u00f3rico de acidentalidade e de registros acident\u00e1rios da Previd\u00eancia Social.<\/p>\n<p style=\"text-align: justify;\">Pela metodologia do FAP, pagam mais as empresas que registrarem maior n\u00famero de acidentes ou doen\u00e7as ocupacionais. Por outro lado, o FAP aumenta a bonifica\u00e7\u00e3o das empresas que registram acidentalidade menor. No caso de nenhum evento de acidente de trabalho, a empresa \u00e9 bonificada com a redu\u00e7\u00e3o de 50% da al\u00edquota.<\/p>\n<p style=\"text-align: justify;\">O FAP fundamenta-se na Lei n\u00ba 10.666\/2003.<\/p>\n<p style=\"text-align: justify;\">D\u00favidas podem ser enviadas, por\u00a0<em>e-mail<\/em>, para:\u00a0<a href=\"mailto:karina.lima@previdencia.gov.br\">karina.lima@previdencia.gov.br<\/a>\u00a0ou\u00a0<a href=\"mailto:evandro.diniz@previdencia.gov.br\">evandro.diniz@previdencia.gov.br<\/a>.<\/p>\n<p style=\"text-align: justify;\"><em><strong>Fonte: Secretaria da Previd\u00eancia\/ME<\/strong><\/em><\/p>\n","protected":false},"excerpt":{"rendered":"<p>Nova data foi definida em portaria publicada no Di\u00e1rio Oficial da Uni\u00e3o de quarta-feira (27) O prazo de contesta\u00e7\u00e3o do Fator Acident\u00e1rio de Preven\u00e7\u00e3o (FAP) \u2013 Vig\u00eancia 2020 foi prorrogado para o pr\u00f3ximo dia 13 de dezembro. Originalmente, o prazo terminaria em 30 de novembro. Mas uma\u00a0portaria da Secretaria Especial de Previd\u00eancia e Trabalho do [&hellip;]<\/p>\n","protected":false},"author":3,"featured_media":8887,"comment_status":"closed","ping_status":"closed","sticky":false,"template":"","format":"standard","meta":{"footnotes":""},"categories":[92],"tags":[],"class_list":["post-8886","post","type-post","status-publish","format-standard","has-post-thumbnail","hentry","category-seconci-brasil"],"yoast_head":"<!-- This site is optimized with the Yoast SEO plugin v26.9 - https:\/\/yoast.com\/product\/yoast-seo-wordpress\/ -->\n<title>Prazo de contesta\u00e7\u00e3o do FAP \u2013 Vig\u00eancia 2020 \u00e9 prorrogado para 13 de dezembro - Seconci Brasil<\/title>\n<meta name=\"robots\" content=\"index, follow, max-snippet:-1, max-image-preview:large, max-video-preview:-1\" \/>\n<link rel=\"canonical\" href=\"https:\/\/seconci.com.br\/site\/2019\/12\/05\/prazo-de-contestacao-do-fap-vigencia-2020-e-prorrogado-para-13-de-dezembro\/\" \/>\n<meta property=\"og:locale\" content=\"pt_PT\" \/>\n<meta property=\"og:type\" content=\"article\" \/>\n<meta property=\"og:title\" content=\"Prazo de contesta\u00e7\u00e3o do FAP \u2013 Vig\u00eancia 2020 \u00e9 prorrogado para 13 de dezembro - Seconci Brasil\" \/>\n<meta property=\"og:description\" content=\"Nova data foi definida em portaria publicada no Di\u00e1rio Oficial da Uni\u00e3o de quarta-feira (27) O prazo de contesta\u00e7\u00e3o do Fator Acident\u00e1rio de Preven\u00e7\u00e3o (FAP) \u2013 Vig\u00eancia 2020 foi prorrogado para o pr\u00f3ximo dia 13 de dezembro. Originalmente, o prazo terminaria em 30 de novembro. Mas uma\u00a0portaria da Secretaria Especial de Previd\u00eancia e Trabalho do [&hellip;]\" \/>\n<meta property=\"og:url\" content=\"https:\/\/seconci.com.br\/site\/2019\/12\/05\/prazo-de-contestacao-do-fap-vigencia-2020-e-prorrogado-para-13-de-dezembro\/\" \/>\n<meta property=\"og:site_name\" content=\"Seconci Brasil\" \/>\n<meta property=\"article:published_time\" content=\"2019-12-05T13:21:00+00:00\" \/>\n<meta property=\"og:image\" content=\"https:\/\/seconci.com.br\/site\/wp-content\/uploads\/2019\/12\/radar.jpeg\" \/>\n\t<meta property=\"og:image:width\" content=\"785\" \/>\n\t<meta property=\"og:image:height\" content=\"337\" \/>\n\t<meta property=\"og:image:type\" content=\"image\/jpeg\" \/>\n<meta name=\"author\" content=\"Sidney Rocha\" \/>\n<meta name=\"twitter:card\" content=\"summary_large_image\" \/>\n<meta name=\"twitter:label1\" content=\"Escrito por\" \/>\n\t<meta name=\"twitter:data1\" content=\"Sidney Rocha\" \/>\n\t<meta name=\"twitter:label2\" content=\"Tempo estimado de leitura\" \/>\n\t<meta name=\"twitter:data2\" content=\"1 minuto\" \/>\n<script type=\"application\/ld+json\" class=\"yoast-schema-graph\">{\"@context\":\"https:\/\/schema.org\",\"@graph\":[{\"@type\":\"Article\",\"@id\":\"https:\/\/seconci.com.br\/site\/2019\/12\/05\/prazo-de-contestacao-do-fap-vigencia-2020-e-prorrogado-para-13-de-dezembro\/#article\",\"isPartOf\":{\"@id\":\"https:\/\/seconci.com.br\/site\/2019\/12\/05\/prazo-de-contestacao-do-fap-vigencia-2020-e-prorrogado-para-13-de-dezembro\/\"},\"author\":{\"name\":\"Sidney Rocha\",\"@id\":\"https:\/\/seconci.com.br\/site\/#\/schema\/person\/1d79afd97ddc8f2c68c1e88e298aa8e2\"},\"headline\":\"Prazo de contesta\u00e7\u00e3o do FAP \u2013 Vig\u00eancia 2020 \u00e9 prorrogado para 13 de dezembro\",\"datePublished\":\"2019-12-05T13:21:00+00:00\",\"mainEntityOfPage\":{\"@id\":\"https:\/\/seconci.com.br\/site\/2019\/12\/05\/prazo-de-contestacao-do-fap-vigencia-2020-e-prorrogado-para-13-de-dezembro\/\"},\"wordCount\":302,\"publisher\":{\"@id\":\"https:\/\/seconci.com.br\/site\/#organization\"},\"image\":{\"@id\":\"https:\/\/seconci.com.br\/site\/2019\/12\/05\/prazo-de-contestacao-do-fap-vigencia-2020-e-prorrogado-para-13-de-dezembro\/#primaryimage\"},\"thumbnailUrl\":\"https:\/\/seconci.com.br\/site\/wp-content\/uploads\/2019\/12\/radar.jpeg\",\"articleSection\":[\"Seconci Brasil\"],\"inLanguage\":\"pt-PT\"},{\"@type\":\"WebPage\",\"@id\":\"https:\/\/seconci.com.br\/site\/2019\/12\/05\/prazo-de-contestacao-do-fap-vigencia-2020-e-prorrogado-para-13-de-dezembro\/\",\"url\":\"https:\/\/seconci.com.br\/site\/2019\/12\/05\/prazo-de-contestacao-do-fap-vigencia-2020-e-prorrogado-para-13-de-dezembro\/\",\"name\":\"Prazo de contesta\u00e7\u00e3o do FAP \u2013 Vig\u00eancia 2020 \u00e9 prorrogado para 13 de dezembro - Seconci Brasil\",\"isPartOf\":{\"@id\":\"https:\/\/seconci.com.br\/site\/#website\"},\"primaryImageOfPage\":{\"@id\":\"https:\/\/seconci.com.br\/site\/2019\/12\/05\/prazo-de-contestacao-do-fap-vigencia-2020-e-prorrogado-para-13-de-dezembro\/#primaryimage\"},\"image\":{\"@id\":\"https:\/\/seconci.com.br\/site\/2019\/12\/05\/prazo-de-contestacao-do-fap-vigencia-2020-e-prorrogado-para-13-de-dezembro\/#primaryimage\"},\"thumbnailUrl\":\"https:\/\/seconci.com.br\/site\/wp-content\/uploads\/2019\/12\/radar.jpeg\",\"datePublished\":\"2019-12-05T13:21:00+00:00\",\"breadcrumb\":{\"@id\":\"https:\/\/seconci.com.br\/site\/2019\/12\/05\/prazo-de-contestacao-do-fap-vigencia-2020-e-prorrogado-para-13-de-dezembro\/#breadcrumb\"},\"inLanguage\":\"pt-PT\",\"potentialAction\":[{\"@type\":\"ReadAction\",\"target\":[\"https:\/\/seconci.com.br\/site\/2019\/12\/05\/prazo-de-contestacao-do-fap-vigencia-2020-e-prorrogado-para-13-de-dezembro\/\"]}]},{\"@type\":\"ImageObject\",\"inLanguage\":\"pt-PT\",\"@id\":\"https:\/\/seconci.com.br\/site\/2019\/12\/05\/prazo-de-contestacao-do-fap-vigencia-2020-e-prorrogado-para-13-de-dezembro\/#primaryimage\",\"url\":\"https:\/\/seconci.com.br\/site\/wp-content\/uploads\/2019\/12\/radar.jpeg\",\"contentUrl\":\"https:\/\/seconci.com.br\/site\/wp-content\/uploads\/2019\/12\/radar.jpeg\",\"width\":785,\"height\":337},{\"@type\":\"BreadcrumbList\",\"@id\":\"https:\/\/seconci.com.br\/site\/2019\/12\/05\/prazo-de-contestacao-do-fap-vigencia-2020-e-prorrogado-para-13-de-dezembro\/#breadcrumb\",\"itemListElement\":[{\"@type\":\"ListItem\",\"position\":1,\"name\":\"In\u00edcio\",\"item\":\"https:\/\/seconci.com.br\/site\/\"},{\"@type\":\"ListItem\",\"position\":2,\"name\":\"Prazo de contesta\u00e7\u00e3o do FAP \u2013 Vig\u00eancia 2020 \u00e9 prorrogado para 13 de dezembro\"}]},{\"@type\":\"WebSite\",\"@id\":\"https:\/\/seconci.com.br\/site\/#website\",\"url\":\"https:\/\/seconci.com.br\/site\/\",\"name\":\"Seconci Brasil\",\"description\":\"\",\"publisher\":{\"@id\":\"https:\/\/seconci.com.br\/site\/#organization\"},\"potentialAction\":[{\"@type\":\"SearchAction\",\"target\":{\"@type\":\"EntryPoint\",\"urlTemplate\":\"https:\/\/seconci.com.br\/site\/?s={search_term_string}\"},\"query-input\":{\"@type\":\"PropertyValueSpecification\",\"valueRequired\":true,\"valueName\":\"search_term_string\"}}],\"inLanguage\":\"pt-PT\"},{\"@type\":\"Organization\",\"@id\":\"https:\/\/seconci.com.br\/site\/#organization\",\"name\":\"Seconci Brasil\",\"url\":\"https:\/\/seconci.com.br\/site\/\",\"logo\":{\"@type\":\"ImageObject\",\"inLanguage\":\"pt-PT\",\"@id\":\"https:\/\/seconci.com.br\/site\/#\/schema\/logo\/image\/\",\"url\":\"https:\/\/seconci.com.br\/site\/wp-content\/uploads\/2024\/08\/Logo-Seconci-Brasil-branca-2.png\",\"contentUrl\":\"https:\/\/seconci.com.br\/site\/wp-content\/uploads\/2024\/08\/Logo-Seconci-Brasil-branca-2.png\",\"width\":1315,\"height\":598,\"caption\":\"Seconci Brasil\"},\"image\":{\"@id\":\"https:\/\/seconci.com.br\/site\/#\/schema\/logo\/image\/\"}},{\"@type\":\"Person\",\"@id\":\"https:\/\/seconci.com.br\/site\/#\/schema\/person\/1d79afd97ddc8f2c68c1e88e298aa8e2\",\"name\":\"Sidney Rocha\",\"description\":\"Comunicador e estagi\u00e1rio do Seconci Brasil.\",\"url\":\"https:\/\/seconci.com.br\/site\/author\/sidney-rocha\/\"}]}<\/script>\n<!-- \/ Yoast SEO plugin. -->","yoast_head_json":{"title":"Prazo de contesta\u00e7\u00e3o do FAP \u2013 Vig\u00eancia 2020 \u00e9 prorrogado para 13 de dezembro - Seconci Brasil","robots":{"index":"index","follow":"follow","max-snippet":"max-snippet:-1","max-image-preview":"max-image-preview:large","max-video-preview":"max-video-preview:-1"},"canonical":"https:\/\/seconci.com.br\/site\/2019\/12\/05\/prazo-de-contestacao-do-fap-vigencia-2020-e-prorrogado-para-13-de-dezembro\/","og_locale":"pt_PT","og_type":"article","og_title":"Prazo de contesta\u00e7\u00e3o do FAP \u2013 Vig\u00eancia 2020 \u00e9 prorrogado para 13 de dezembro - Seconci Brasil","og_description":"Nova data foi definida em portaria publicada no Di\u00e1rio Oficial da Uni\u00e3o de quarta-feira (27) O prazo de contesta\u00e7\u00e3o do Fator Acident\u00e1rio de Preven\u00e7\u00e3o (FAP) \u2013 Vig\u00eancia 2020 foi prorrogado para o pr\u00f3ximo dia 13 de dezembro. Originalmente, o prazo terminaria em 30 de novembro. Mas uma\u00a0portaria da Secretaria Especial de Previd\u00eancia e Trabalho do [&hellip;]","og_url":"https:\/\/seconci.com.br\/site\/2019\/12\/05\/prazo-de-contestacao-do-fap-vigencia-2020-e-prorrogado-para-13-de-dezembro\/","og_site_name":"Seconci Brasil","article_published_time":"2019-12-05T13:21:00+00:00","og_image":[{"width":785,"height":337,"url":"https:\/\/seconci.com.br\/site\/wp-content\/uploads\/2019\/12\/radar.jpeg","type":"image\/jpeg"}],"author":"Sidney Rocha","twitter_card":"summary_large_image","twitter_misc":{"Escrito por":"Sidney Rocha","Tempo estimado de leitura":"1 minuto"},"schema":{"@context":"https:\/\/schema.org","@graph":[{"@type":"Article","@id":"https:\/\/seconci.com.br\/site\/2019\/12\/05\/prazo-de-contestacao-do-fap-vigencia-2020-e-prorrogado-para-13-de-dezembro\/#article","isPartOf":{"@id":"https:\/\/seconci.com.br\/site\/2019\/12\/05\/prazo-de-contestacao-do-fap-vigencia-2020-e-prorrogado-para-13-de-dezembro\/"},"author":{"name":"Sidney Rocha","@id":"https:\/\/seconci.com.br\/site\/#\/schema\/person\/1d79afd97ddc8f2c68c1e88e298aa8e2"},"headline":"Prazo de contesta\u00e7\u00e3o do FAP \u2013 Vig\u00eancia 2020 \u00e9 prorrogado para 13 de dezembro","datePublished":"2019-12-05T13:21:00+00:00","mainEntityOfPage":{"@id":"https:\/\/seconci.com.br\/site\/2019\/12\/05\/prazo-de-contestacao-do-fap-vigencia-2020-e-prorrogado-para-13-de-dezembro\/"},"wordCount":302,"publisher":{"@id":"https:\/\/seconci.com.br\/site\/#organization"},"image":{"@id":"https:\/\/seconci.com.br\/site\/2019\/12\/05\/prazo-de-contestacao-do-fap-vigencia-2020-e-prorrogado-para-13-de-dezembro\/#primaryimage"},"thumbnailUrl":"https:\/\/seconci.com.br\/site\/wp-content\/uploads\/2019\/12\/radar.jpeg","articleSection":["Seconci Brasil"],"inLanguage":"pt-PT"},{"@type":"WebPage","@id":"https:\/\/seconci.com.br\/site\/2019\/12\/05\/prazo-de-contestacao-do-fap-vigencia-2020-e-prorrogado-para-13-de-dezembro\/","url":"https:\/\/seconci.com.br\/site\/2019\/12\/05\/prazo-de-contestacao-do-fap-vigencia-2020-e-prorrogado-para-13-de-dezembro\/","name":"Prazo de contesta\u00e7\u00e3o do FAP \u2013 Vig\u00eancia 2020 \u00e9 prorrogado para 13 de dezembro - Seconci Brasil","isPartOf":{"@id":"https:\/\/seconci.com.br\/site\/#website"},"primaryImageOfPage":{"@id":"https:\/\/seconci.com.br\/site\/2019\/12\/05\/prazo-de-contestacao-do-fap-vigencia-2020-e-prorrogado-para-13-de-dezembro\/#primaryimage"},"image":{"@id":"https:\/\/seconci.com.br\/site\/2019\/12\/05\/prazo-de-contestacao-do-fap-vigencia-2020-e-prorrogado-para-13-de-dezembro\/#primaryimage"},"thumbnailUrl":"https:\/\/seconci.com.br\/site\/wp-content\/uploads\/2019\/12\/radar.jpeg","datePublished":"2019-12-05T13:21:00+00:00","breadcrumb":{"@id":"https:\/\/seconci.com.br\/site\/2019\/12\/05\/prazo-de-contestacao-do-fap-vigencia-2020-e-prorrogado-para-13-de-dezembro\/#breadcrumb"},"inLanguage":"pt-PT","potentialAction":[{"@type":"ReadAction","target":["https:\/\/seconci.com.br\/site\/2019\/12\/05\/prazo-de-contestacao-do-fap-vigencia-2020-e-prorrogado-para-13-de-dezembro\/"]}]},{"@type":"ImageObject","inLanguage":"pt-PT","@id":"https:\/\/seconci.com.br\/site\/2019\/12\/05\/prazo-de-contestacao-do-fap-vigencia-2020-e-prorrogado-para-13-de-dezembro\/#primaryimage","url":"https:\/\/seconci.com.br\/site\/wp-content\/uploads\/2019\/12\/radar.jpeg","contentUrl":"https:\/\/seconci.com.br\/site\/wp-content\/uploads\/2019\/12\/radar.jpeg","width":785,"height":337},{"@type":"BreadcrumbList","@id":"https:\/\/seconci.com.br\/site\/2019\/12\/05\/prazo-de-contestacao-do-fap-vigencia-2020-e-prorrogado-para-13-de-dezembro\/#breadcrumb","itemListElement":[{"@type":"ListItem","position":1,"name":"In\u00edcio","item":"https:\/\/seconci.com.br\/site\/"},{"@type":"ListItem","position":2,"name":"Prazo de contesta\u00e7\u00e3o do FAP \u2013 Vig\u00eancia 2020 \u00e9 prorrogado para 13 de dezembro"}]},{"@type":"WebSite","@id":"https:\/\/seconci.com.br\/site\/#website","url":"https:\/\/seconci.com.br\/site\/","name":"Seconci Brasil","description":"","publisher":{"@id":"https:\/\/seconci.com.br\/site\/#organization"},"potentialAction":[{"@type":"SearchAction","target":{"@type":"EntryPoint","urlTemplate":"https:\/\/seconci.com.br\/site\/?s={search_term_string}"},"query-input":{"@type":"PropertyValueSpecification","valueRequired":true,"valueName":"search_term_string"}}],"inLanguage":"pt-PT"},{"@type":"Organization","@id":"https:\/\/seconci.com.br\/site\/#organization","name":"Seconci Brasil","url":"https:\/\/seconci.com.br\/site\/","logo":{"@type":"ImageObject","inLanguage":"pt-PT","@id":"https:\/\/seconci.com.br\/site\/#\/schema\/logo\/image\/","url":"https:\/\/seconci.com.br\/site\/wp-content\/uploads\/2024\/08\/Logo-Seconci-Brasil-branca-2.png","contentUrl":"https:\/\/seconci.com.br\/site\/wp-content\/uploads\/2024\/08\/Logo-Seconci-Brasil-branca-2.png","width":1315,"height":598,"caption":"Seconci Brasil"},"image":{"@id":"https:\/\/seconci.com.br\/site\/#\/schema\/logo\/image\/"}},{"@type":"Person","@id":"https:\/\/seconci.com.br\/site\/#\/schema\/person\/1d79afd97ddc8f2c68c1e88e298aa8e2","name":"Sidney Rocha","description":"Comunicador e estagi\u00e1rio do Seconci Brasil.","url":"https:\/\/seconci.com.br\/site\/author\/sidney-rocha\/"}]}},"_links":{"self":[{"href":"https:\/\/seconci.com.br\/site\/wp-json\/wp\/v2\/posts\/8886","targetHints":{"allow":["GET"]}}],"collection":[{"href":"https:\/\/seconci.com.br\/site\/wp-json\/wp\/v2\/posts"}],"about":[{"href":"https:\/\/seconci.com.br\/site\/wp-json\/wp\/v2\/types\/post"}],"author":[{"embeddable":true,"href":"https:\/\/seconci.com.br\/site\/wp-json\/wp\/v2\/users\/3"}],"replies":[{"embeddable":true,"href":"https:\/\/seconci.com.br\/site\/wp-json\/wp\/v2\/comments?post=8886"}],"version-history":[{"count":0,"href":"https:\/\/seconci.com.br\/site\/wp-json\/wp\/v2\/posts\/8886\/revisions"}],"wp:featuredmedia":[{"embeddable":true,"href":"https:\/\/seconci.com.br\/site\/wp-json\/wp\/v2\/media\/8887"}],"wp:attachment":[{"href":"https:\/\/seconci.com.br\/site\/wp-json\/wp\/v2\/media?parent=8886"}],"wp:term":[{"taxonomy":"category","embeddable":true,"href":"https:\/\/seconci.com.br\/site\/wp-json\/wp\/v2\/categories?post=8886"},{"taxonomy":"post_tag","embeddable":true,"href":"https:\/\/seconci.com.br\/site\/wp-json\/wp\/v2\/tags?post=8886"}],"curies":[{"name":"wp","href":"https:\/\/api.w.org\/{rel}","templated":true}]}}