{"id":8909,"date":"2019-12-13T11:37:07","date_gmt":"2019-12-13T11:37:07","guid":{"rendered":"https:\/\/seconci.com.br\/site\/?p=8909"},"modified":"2019-12-13T11:47:20","modified_gmt":"2019-12-13T11:47:20","slug":"ministerio-da-saude-quer-saber-sua-opiniao-sobre-doencas-relacionadas-ao-trabalho","status":"publish","type":"post","link":"https:\/\/seconci.com.br\/site\/2019\/12\/13\/ministerio-da-saude-quer-saber-sua-opiniao-sobre-doencas-relacionadas-ao-trabalho\/","title":{"rendered":"Minist\u00e9rio da Sa\u00fade quer saber sua opini\u00e3o sobre doen\u00e7as relacionadas ao trabalho"},"content":{"rendered":"<p style=\"text-align: justify;\"><em>At\u00e9 02 de fevereiro, a popula\u00e7\u00e3o em geral pode participar de consulta p\u00fablica para atualiza\u00e7\u00e3o da Lista de Doen\u00e7as Relacionadas ao Trabalho (LDRT), a ser adotada em 2020 pelo SUS<\/em><\/p>\n<p style=\"text-align: justify;\">O Minist\u00e9rio da Sa\u00fade recebe, at\u00e9 o dia 2 de fevereiro, por meio de consulta p\u00fablica, contribui\u00e7\u00f5es de toda a sociedade para atualiza\u00e7\u00e3o da Lista de Doen\u00e7as Relacionadas ao Trabalho (LDRT). O novo documento ser\u00e1 adotado a partir de 2020 e orienta os profissionais do Sistema \u00danico de Sa\u00fade (SUS) quanto \u00e0 preven\u00e7\u00e3o, o diagn\u00f3stico e o tratamento de doen\u00e7as que afetam a integridade f\u00edsica, mental e social dos trabalhadores. A consulta p\u00fablica j\u00e1 est\u00e1 dispon\u00edvel na p\u00e1gina do\u00a0<a href=\"http:\/\/formsus.datasus.gov.br\/site\/formulario.php?%20id_aplicacao=52027\" target=\"_blank\" rel=\"noopener\">Minist\u00e9rio da Sa\u00fade<\/a>\u00a0na internet. A popula\u00e7\u00e3o pode enviar sugest\u00f5es e contribui\u00e7\u00f5es, que podem ser, tanto relatos de experi\u00eancias quanto conte\u00fado cient\u00edfico.<\/p>\n<p style=\"text-align: justify;\">A revis\u00e3o peri\u00f3dica, atualiza\u00e7\u00e3o e amplia\u00e7\u00e3o da LDRT, al\u00e9m de cumprir determina\u00e7\u00e3o legal, possibilita o acompanhamento das transforma\u00e7\u00f5es nos processos produtivos em curso no pa\u00eds, que resultam em consequ\u00eancias para a sa\u00fade dos trabalhadores. O estudo da rela\u00e7\u00e3o entre doen\u00e7a e trabalho, tamb\u00e9m, aprimora os procedimentos de diagn\u00f3stico e a elabora\u00e7\u00e3o de projeto terap\u00eautico, al\u00e9m de apoiar as a\u00e7\u00f5es de vigil\u00e2ncia e promo\u00e7\u00e3o da sa\u00fade de forma individual e coletiva.<\/p>\n<p style=\"text-align: justify;\">A LDRT orienta as atividades dos profissionais do Sistema \u00danico de Sa\u00fade nos 213\u00a0<a href=\"http:\/\/renastonline.ensp.fiocruz.br\/cerests\" target=\"_blank\" rel=\"noopener\">Centros de Refer\u00eancia em Sa\u00fade do Trabalhador (CEREST)<\/a>, sendo 27 estaduais e 186 regionais. Esses servi\u00e7os integram a Rede Nacional de Aten\u00e7\u00e3o Integral \u00e0 Sa\u00fade do Trabalhador (RENAST), que garantem a\u00e7\u00f5es de preven\u00e7\u00e3o, promo\u00e7\u00e3o, diagn\u00f3stico, tratamento, reabilita\u00e7\u00e3o e vigil\u00e2ncia em sa\u00fade dos trabalhadores urbanos e rurais. A assist\u00eancia acontece independentemente do v\u00ednculo empregat\u00edcio e do tipo de inser\u00e7\u00e3o no mercado de trabalho.<\/p>\n<p style=\"text-align: justify;\">Al\u00e9m da consulta p\u00fablica, neste ano, o Minist\u00e9rio da Sa\u00fade realizou consulta dirigida a um grupo estrat\u00e9gico de profissionais, que utiliza a lista em suas pr\u00e1ticas. Tamb\u00e9m foi promovida o\ufb01cina de trabalho com pro\ufb01ssionais de refer\u00eancia t\u00e9cnica, resultando na estrutura\u00e7\u00e3o de duas listas: Lista de Agentes e\/ou Fatores de Risco com respectiva Doen\u00e7a Relacionada ao Trabalho; e Lista das Doen\u00e7as Relacionadas ao Trabalho com respectivos Agentes e\/ou Fatores de Risco. As contribui\u00e7\u00f5es da popula\u00e7\u00e3o ser\u00e3o analisadas e poder\u00e3o confirmar ou modificar o texto do documento.<\/p>\n<h2 style=\"text-align: justify;\"><strong>SA\u00daDE DO TRABALHADOR<\/strong><\/h2>\n<p style=\"text-align: justify;\">A Rede Nacional de Aten\u00e7\u00e3o Integral \u00e0 Sa\u00fade do Trabalhador foi criada em 2002 e implementada de forma articulada entre o Minist\u00e9rio da Sa\u00fade, as Secretarias de Sa\u00fade dos Estados, do Distrito Federal e dos munic\u00edpios, com envolvimento de outros \u00f3rg\u00e3os. A RENAST integra a rede de servi\u00e7os do SUS, voltados \u00e0 promo\u00e7\u00e3o, \u00e0 assist\u00eancia e \u00e0 vigil\u00e2ncia, para o desenvolvimento das a\u00e7\u00f5es de Sa\u00fade do Trabalhador.<\/p>\n<p><strong><em>Fonte: Minist\u00e9rio da Sa\u00fade<\/em><\/strong><\/p>\n<p>&nbsp;<\/p>\n","protected":false},"excerpt":{"rendered":"<p>At\u00e9 02 de fevereiro, a popula\u00e7\u00e3o em geral pode participar de consulta p\u00fablica para atualiza\u00e7\u00e3o da Lista de Doen\u00e7as Relacionadas ao Trabalho (LDRT), a ser adotada em 2020 pelo SUS O Minist\u00e9rio da Sa\u00fade recebe, at\u00e9 o dia 2 de fevereiro, por meio de consulta p\u00fablica, contribui\u00e7\u00f5es de toda a sociedade para atualiza\u00e7\u00e3o da Lista [&hellip;]<\/p>\n","protected":false},"author":3,"featured_media":8916,"comment_status":"closed","ping_status":"closed","sticky":false,"template":"","format":"standard","meta":{"footnotes":""},"categories":[92],"tags":[],"class_list":["post-8909","post","type-post","status-publish","format-standard","has-post-thumbnail","hentry","category-seconci-brasil"],"yoast_head":"<!-- This site is optimized with the Yoast SEO plugin v26.9 - https:\/\/yoast.com\/product\/yoast-seo-wordpress\/ -->\n<title>Minist\u00e9rio da Sa\u00fade quer saber sua opini\u00e3o sobre doen\u00e7as relacionadas ao trabalho - Seconci Brasil<\/title>\n<meta name=\"robots\" content=\"index, follow, max-snippet:-1, max-image-preview:large, max-video-preview:-1\" \/>\n<link rel=\"canonical\" href=\"https:\/\/seconci.com.br\/site\/2019\/12\/13\/ministerio-da-saude-quer-saber-sua-opiniao-sobre-doencas-relacionadas-ao-trabalho\/\" \/>\n<meta property=\"og:locale\" content=\"pt_PT\" \/>\n<meta property=\"og:type\" content=\"article\" \/>\n<meta property=\"og:title\" content=\"Minist\u00e9rio da Sa\u00fade quer saber sua opini\u00e3o sobre doen\u00e7as relacionadas ao trabalho - Seconci Brasil\" \/>\n<meta property=\"og:description\" content=\"At\u00e9 02 de fevereiro, a popula\u00e7\u00e3o em geral pode participar de consulta p\u00fablica para atualiza\u00e7\u00e3o da Lista de Doen\u00e7as Relacionadas ao Trabalho (LDRT), a ser adotada em 2020 pelo SUS O Minist\u00e9rio da Sa\u00fade recebe, at\u00e9 o dia 2 de fevereiro, por meio de consulta p\u00fablica, contribui\u00e7\u00f5es de toda a sociedade para atualiza\u00e7\u00e3o da Lista [&hellip;]\" \/>\n<meta property=\"og:url\" content=\"https:\/\/seconci.com.br\/site\/2019\/12\/13\/ministerio-da-saude-quer-saber-sua-opiniao-sobre-doencas-relacionadas-ao-trabalho\/\" \/>\n<meta property=\"og:site_name\" content=\"Seconci Brasil\" \/>\n<meta property=\"article:published_time\" content=\"2019-12-13T11:37:07+00:00\" \/>\n<meta property=\"article:modified_time\" content=\"2019-12-13T11:47:20+00:00\" \/>\n<meta property=\"og:image\" content=\"https:\/\/seconci.com.br\/site\/wp-content\/uploads\/2019\/12\/ministerio-da-saude-reproducao.jpg\" \/>\n\t<meta property=\"og:image:width\" content=\"1000\" \/>\n\t<meta property=\"og:image:height\" content=\"667\" \/>\n\t<meta property=\"og:image:type\" content=\"image\/jpeg\" \/>\n<meta name=\"author\" content=\"Sidney Rocha\" \/>\n<meta name=\"twitter:card\" content=\"summary_large_image\" \/>\n<meta name=\"twitter:label1\" content=\"Escrito por\" \/>\n\t<meta name=\"twitter:data1\" content=\"Sidney Rocha\" \/>\n\t<meta name=\"twitter:label2\" content=\"Tempo estimado de leitura\" \/>\n\t<meta name=\"twitter:data2\" content=\"3 minutos\" \/>\n<script type=\"application\/ld+json\" class=\"yoast-schema-graph\">{\"@context\":\"https:\/\/schema.org\",\"@graph\":[{\"@type\":\"Article\",\"@id\":\"https:\/\/seconci.com.br\/site\/2019\/12\/13\/ministerio-da-saude-quer-saber-sua-opiniao-sobre-doencas-relacionadas-ao-trabalho\/#article\",\"isPartOf\":{\"@id\":\"https:\/\/seconci.com.br\/site\/2019\/12\/13\/ministerio-da-saude-quer-saber-sua-opiniao-sobre-doencas-relacionadas-ao-trabalho\/\"},\"author\":{\"name\":\"Sidney Rocha\",\"@id\":\"https:\/\/seconci.com.br\/site\/#\/schema\/person\/1d79afd97ddc8f2c68c1e88e298aa8e2\"},\"headline\":\"Minist\u00e9rio da Sa\u00fade quer saber sua opini\u00e3o sobre doen\u00e7as relacionadas ao trabalho\",\"datePublished\":\"2019-12-13T11:37:07+00:00\",\"dateModified\":\"2019-12-13T11:47:20+00:00\",\"mainEntityOfPage\":{\"@id\":\"https:\/\/seconci.com.br\/site\/2019\/12\/13\/ministerio-da-saude-quer-saber-sua-opiniao-sobre-doencas-relacionadas-ao-trabalho\/\"},\"wordCount\":539,\"publisher\":{\"@id\":\"https:\/\/seconci.com.br\/site\/#organization\"},\"image\":{\"@id\":\"https:\/\/seconci.com.br\/site\/2019\/12\/13\/ministerio-da-saude-quer-saber-sua-opiniao-sobre-doencas-relacionadas-ao-trabalho\/#primaryimage\"},\"thumbnailUrl\":\"https:\/\/seconci.com.br\/site\/wp-content\/uploads\/2019\/12\/ministerio-da-saude-reproducao.jpg\",\"articleSection\":[\"Seconci Brasil\"],\"inLanguage\":\"pt-PT\"},{\"@type\":\"WebPage\",\"@id\":\"https:\/\/seconci.com.br\/site\/2019\/12\/13\/ministerio-da-saude-quer-saber-sua-opiniao-sobre-doencas-relacionadas-ao-trabalho\/\",\"url\":\"https:\/\/seconci.com.br\/site\/2019\/12\/13\/ministerio-da-saude-quer-saber-sua-opiniao-sobre-doencas-relacionadas-ao-trabalho\/\",\"name\":\"Minist\u00e9rio da Sa\u00fade quer saber sua opini\u00e3o sobre doen\u00e7as relacionadas ao trabalho - Seconci Brasil\",\"isPartOf\":{\"@id\":\"https:\/\/seconci.com.br\/site\/#website\"},\"primaryImageOfPage\":{\"@id\":\"https:\/\/seconci.com.br\/site\/2019\/12\/13\/ministerio-da-saude-quer-saber-sua-opiniao-sobre-doencas-relacionadas-ao-trabalho\/#primaryimage\"},\"image\":{\"@id\":\"https:\/\/seconci.com.br\/site\/2019\/12\/13\/ministerio-da-saude-quer-saber-sua-opiniao-sobre-doencas-relacionadas-ao-trabalho\/#primaryimage\"},\"thumbnailUrl\":\"https:\/\/seconci.com.br\/site\/wp-content\/uploads\/2019\/12\/ministerio-da-saude-reproducao.jpg\",\"datePublished\":\"2019-12-13T11:37:07+00:00\",\"dateModified\":\"2019-12-13T11:47:20+00:00\",\"breadcrumb\":{\"@id\":\"https:\/\/seconci.com.br\/site\/2019\/12\/13\/ministerio-da-saude-quer-saber-sua-opiniao-sobre-doencas-relacionadas-ao-trabalho\/#breadcrumb\"},\"inLanguage\":\"pt-PT\",\"potentialAction\":[{\"@type\":\"ReadAction\",\"target\":[\"https:\/\/seconci.com.br\/site\/2019\/12\/13\/ministerio-da-saude-quer-saber-sua-opiniao-sobre-doencas-relacionadas-ao-trabalho\/\"]}]},{\"@type\":\"ImageObject\",\"inLanguage\":\"pt-PT\",\"@id\":\"https:\/\/seconci.com.br\/site\/2019\/12\/13\/ministerio-da-saude-quer-saber-sua-opiniao-sobre-doencas-relacionadas-ao-trabalho\/#primaryimage\",\"url\":\"https:\/\/seconci.com.br\/site\/wp-content\/uploads\/2019\/12\/ministerio-da-saude-reproducao.jpg\",\"contentUrl\":\"https:\/\/seconci.com.br\/site\/wp-content\/uploads\/2019\/12\/ministerio-da-saude-reproducao.jpg\",\"width\":1000,\"height\":667},{\"@type\":\"BreadcrumbList\",\"@id\":\"https:\/\/seconci.com.br\/site\/2019\/12\/13\/ministerio-da-saude-quer-saber-sua-opiniao-sobre-doencas-relacionadas-ao-trabalho\/#breadcrumb\",\"itemListElement\":[{\"@type\":\"ListItem\",\"position\":1,\"name\":\"In\u00edcio\",\"item\":\"https:\/\/seconci.com.br\/site\/\"},{\"@type\":\"ListItem\",\"position\":2,\"name\":\"Minist\u00e9rio da Sa\u00fade quer saber sua opini\u00e3o sobre doen\u00e7as relacionadas ao trabalho\"}]},{\"@type\":\"WebSite\",\"@id\":\"https:\/\/seconci.com.br\/site\/#website\",\"url\":\"https:\/\/seconci.com.br\/site\/\",\"name\":\"Seconci Brasil\",\"description\":\"\",\"publisher\":{\"@id\":\"https:\/\/seconci.com.br\/site\/#organization\"},\"potentialAction\":[{\"@type\":\"SearchAction\",\"target\":{\"@type\":\"EntryPoint\",\"urlTemplate\":\"https:\/\/seconci.com.br\/site\/?s={search_term_string}\"},\"query-input\":{\"@type\":\"PropertyValueSpecification\",\"valueRequired\":true,\"valueName\":\"search_term_string\"}}],\"inLanguage\":\"pt-PT\"},{\"@type\":\"Organization\",\"@id\":\"https:\/\/seconci.com.br\/site\/#organization\",\"name\":\"Seconci Brasil\",\"url\":\"https:\/\/seconci.com.br\/site\/\",\"logo\":{\"@type\":\"ImageObject\",\"inLanguage\":\"pt-PT\",\"@id\":\"https:\/\/seconci.com.br\/site\/#\/schema\/logo\/image\/\",\"url\":\"https:\/\/seconci.com.br\/site\/wp-content\/uploads\/2024\/08\/Logo-Seconci-Brasil-branca-2.png\",\"contentUrl\":\"https:\/\/seconci.com.br\/site\/wp-content\/uploads\/2024\/08\/Logo-Seconci-Brasil-branca-2.png\",\"width\":1315,\"height\":598,\"caption\":\"Seconci Brasil\"},\"image\":{\"@id\":\"https:\/\/seconci.com.br\/site\/#\/schema\/logo\/image\/\"}},{\"@type\":\"Person\",\"@id\":\"https:\/\/seconci.com.br\/site\/#\/schema\/person\/1d79afd97ddc8f2c68c1e88e298aa8e2\",\"name\":\"Sidney Rocha\",\"description\":\"Comunicador e estagi\u00e1rio do Seconci Brasil.\",\"url\":\"https:\/\/seconci.com.br\/site\/author\/sidney-rocha\/\"}]}<\/script>\n<!-- \/ Yoast SEO plugin. -->","yoast_head_json":{"title":"Minist\u00e9rio da Sa\u00fade quer saber sua opini\u00e3o sobre doen\u00e7as relacionadas ao trabalho - Seconci Brasil","robots":{"index":"index","follow":"follow","max-snippet":"max-snippet:-1","max-image-preview":"max-image-preview:large","max-video-preview":"max-video-preview:-1"},"canonical":"https:\/\/seconci.com.br\/site\/2019\/12\/13\/ministerio-da-saude-quer-saber-sua-opiniao-sobre-doencas-relacionadas-ao-trabalho\/","og_locale":"pt_PT","og_type":"article","og_title":"Minist\u00e9rio da Sa\u00fade quer saber sua opini\u00e3o sobre doen\u00e7as relacionadas ao trabalho - Seconci Brasil","og_description":"At\u00e9 02 de fevereiro, a popula\u00e7\u00e3o em geral pode participar de consulta p\u00fablica para atualiza\u00e7\u00e3o da Lista de Doen\u00e7as Relacionadas ao Trabalho (LDRT), a ser adotada em 2020 pelo SUS O Minist\u00e9rio da Sa\u00fade recebe, at\u00e9 o dia 2 de fevereiro, por meio de consulta p\u00fablica, contribui\u00e7\u00f5es de toda a sociedade para atualiza\u00e7\u00e3o da Lista [&hellip;]","og_url":"https:\/\/seconci.com.br\/site\/2019\/12\/13\/ministerio-da-saude-quer-saber-sua-opiniao-sobre-doencas-relacionadas-ao-trabalho\/","og_site_name":"Seconci Brasil","article_published_time":"2019-12-13T11:37:07+00:00","article_modified_time":"2019-12-13T11:47:20+00:00","og_image":[{"width":1000,"height":667,"url":"https:\/\/seconci.com.br\/site\/wp-content\/uploads\/2019\/12\/ministerio-da-saude-reproducao.jpg","type":"image\/jpeg"}],"author":"Sidney Rocha","twitter_card":"summary_large_image","twitter_misc":{"Escrito por":"Sidney Rocha","Tempo estimado de leitura":"3 minutos"},"schema":{"@context":"https:\/\/schema.org","@graph":[{"@type":"Article","@id":"https:\/\/seconci.com.br\/site\/2019\/12\/13\/ministerio-da-saude-quer-saber-sua-opiniao-sobre-doencas-relacionadas-ao-trabalho\/#article","isPartOf":{"@id":"https:\/\/seconci.com.br\/site\/2019\/12\/13\/ministerio-da-saude-quer-saber-sua-opiniao-sobre-doencas-relacionadas-ao-trabalho\/"},"author":{"name":"Sidney Rocha","@id":"https:\/\/seconci.com.br\/site\/#\/schema\/person\/1d79afd97ddc8f2c68c1e88e298aa8e2"},"headline":"Minist\u00e9rio da Sa\u00fade quer saber sua opini\u00e3o sobre doen\u00e7as relacionadas ao trabalho","datePublished":"2019-12-13T11:37:07+00:00","dateModified":"2019-12-13T11:47:20+00:00","mainEntityOfPage":{"@id":"https:\/\/seconci.com.br\/site\/2019\/12\/13\/ministerio-da-saude-quer-saber-sua-opiniao-sobre-doencas-relacionadas-ao-trabalho\/"},"wordCount":539,"publisher":{"@id":"https:\/\/seconci.com.br\/site\/#organization"},"image":{"@id":"https:\/\/seconci.com.br\/site\/2019\/12\/13\/ministerio-da-saude-quer-saber-sua-opiniao-sobre-doencas-relacionadas-ao-trabalho\/#primaryimage"},"thumbnailUrl":"https:\/\/seconci.com.br\/site\/wp-content\/uploads\/2019\/12\/ministerio-da-saude-reproducao.jpg","articleSection":["Seconci Brasil"],"inLanguage":"pt-PT"},{"@type":"WebPage","@id":"https:\/\/seconci.com.br\/site\/2019\/12\/13\/ministerio-da-saude-quer-saber-sua-opiniao-sobre-doencas-relacionadas-ao-trabalho\/","url":"https:\/\/seconci.com.br\/site\/2019\/12\/13\/ministerio-da-saude-quer-saber-sua-opiniao-sobre-doencas-relacionadas-ao-trabalho\/","name":"Minist\u00e9rio da Sa\u00fade quer saber sua opini\u00e3o sobre doen\u00e7as relacionadas ao trabalho - Seconci Brasil","isPartOf":{"@id":"https:\/\/seconci.com.br\/site\/#website"},"primaryImageOfPage":{"@id":"https:\/\/seconci.com.br\/site\/2019\/12\/13\/ministerio-da-saude-quer-saber-sua-opiniao-sobre-doencas-relacionadas-ao-trabalho\/#primaryimage"},"image":{"@id":"https:\/\/seconci.com.br\/site\/2019\/12\/13\/ministerio-da-saude-quer-saber-sua-opiniao-sobre-doencas-relacionadas-ao-trabalho\/#primaryimage"},"thumbnailUrl":"https:\/\/seconci.com.br\/site\/wp-content\/uploads\/2019\/12\/ministerio-da-saude-reproducao.jpg","datePublished":"2019-12-13T11:37:07+00:00","dateModified":"2019-12-13T11:47:20+00:00","breadcrumb":{"@id":"https:\/\/seconci.com.br\/site\/2019\/12\/13\/ministerio-da-saude-quer-saber-sua-opiniao-sobre-doencas-relacionadas-ao-trabalho\/#breadcrumb"},"inLanguage":"pt-PT","potentialAction":[{"@type":"ReadAction","target":["https:\/\/seconci.com.br\/site\/2019\/12\/13\/ministerio-da-saude-quer-saber-sua-opiniao-sobre-doencas-relacionadas-ao-trabalho\/"]}]},{"@type":"ImageObject","inLanguage":"pt-PT","@id":"https:\/\/seconci.com.br\/site\/2019\/12\/13\/ministerio-da-saude-quer-saber-sua-opiniao-sobre-doencas-relacionadas-ao-trabalho\/#primaryimage","url":"https:\/\/seconci.com.br\/site\/wp-content\/uploads\/2019\/12\/ministerio-da-saude-reproducao.jpg","contentUrl":"https:\/\/seconci.com.br\/site\/wp-content\/uploads\/2019\/12\/ministerio-da-saude-reproducao.jpg","width":1000,"height":667},{"@type":"BreadcrumbList","@id":"https:\/\/seconci.com.br\/site\/2019\/12\/13\/ministerio-da-saude-quer-saber-sua-opiniao-sobre-doencas-relacionadas-ao-trabalho\/#breadcrumb","itemListElement":[{"@type":"ListItem","position":1,"name":"In\u00edcio","item":"https:\/\/seconci.com.br\/site\/"},{"@type":"ListItem","position":2,"name":"Minist\u00e9rio da Sa\u00fade quer saber sua opini\u00e3o sobre doen\u00e7as relacionadas ao trabalho"}]},{"@type":"WebSite","@id":"https:\/\/seconci.com.br\/site\/#website","url":"https:\/\/seconci.com.br\/site\/","name":"Seconci Brasil","description":"","publisher":{"@id":"https:\/\/seconci.com.br\/site\/#organization"},"potentialAction":[{"@type":"SearchAction","target":{"@type":"EntryPoint","urlTemplate":"https:\/\/seconci.com.br\/site\/?s={search_term_string}"},"query-input":{"@type":"PropertyValueSpecification","valueRequired":true,"valueName":"search_term_string"}}],"inLanguage":"pt-PT"},{"@type":"Organization","@id":"https:\/\/seconci.com.br\/site\/#organization","name":"Seconci Brasil","url":"https:\/\/seconci.com.br\/site\/","logo":{"@type":"ImageObject","inLanguage":"pt-PT","@id":"https:\/\/seconci.com.br\/site\/#\/schema\/logo\/image\/","url":"https:\/\/seconci.com.br\/site\/wp-content\/uploads\/2024\/08\/Logo-Seconci-Brasil-branca-2.png","contentUrl":"https:\/\/seconci.com.br\/site\/wp-content\/uploads\/2024\/08\/Logo-Seconci-Brasil-branca-2.png","width":1315,"height":598,"caption":"Seconci Brasil"},"image":{"@id":"https:\/\/seconci.com.br\/site\/#\/schema\/logo\/image\/"}},{"@type":"Person","@id":"https:\/\/seconci.com.br\/site\/#\/schema\/person\/1d79afd97ddc8f2c68c1e88e298aa8e2","name":"Sidney Rocha","description":"Comunicador e estagi\u00e1rio do Seconci Brasil.","url":"https:\/\/seconci.com.br\/site\/author\/sidney-rocha\/"}]}},"_links":{"self":[{"href":"https:\/\/seconci.com.br\/site\/wp-json\/wp\/v2\/posts\/8909","targetHints":{"allow":["GET"]}}],"collection":[{"href":"https:\/\/seconci.com.br\/site\/wp-json\/wp\/v2\/posts"}],"about":[{"href":"https:\/\/seconci.com.br\/site\/wp-json\/wp\/v2\/types\/post"}],"author":[{"embeddable":true,"href":"https:\/\/seconci.com.br\/site\/wp-json\/wp\/v2\/users\/3"}],"replies":[{"embeddable":true,"href":"https:\/\/seconci.com.br\/site\/wp-json\/wp\/v2\/comments?post=8909"}],"version-history":[{"count":0,"href":"https:\/\/seconci.com.br\/site\/wp-json\/wp\/v2\/posts\/8909\/revisions"}],"wp:featuredmedia":[{"embeddable":true,"href":"https:\/\/seconci.com.br\/site\/wp-json\/wp\/v2\/media\/8916"}],"wp:attachment":[{"href":"https:\/\/seconci.com.br\/site\/wp-json\/wp\/v2\/media?parent=8909"}],"wp:term":[{"taxonomy":"category","embeddable":true,"href":"https:\/\/seconci.com.br\/site\/wp-json\/wp\/v2\/categories?post=8909"},{"taxonomy":"post_tag","embeddable":true,"href":"https:\/\/seconci.com.br\/site\/wp-json\/wp\/v2\/tags?post=8909"}],"curies":[{"name":"wp","href":"https:\/\/api.w.org\/{rel}","templated":true}]}}