{"id":8911,"date":"2019-12-13T11:38:22","date_gmt":"2019-12-13T11:38:22","guid":{"rendered":"https:\/\/seconci.com.br\/site\/?p=8911"},"modified":"2019-12-13T11:43:29","modified_gmt":"2019-12-13T11:43:29","slug":"governo-e-entidades-trabalhistas-discordam-sobre-modernizacao-das-normas-de-seguranca","status":"publish","type":"post","link":"https:\/\/seconci.com.br\/site\/2019\/12\/13\/governo-e-entidades-trabalhistas-discordam-sobre-modernizacao-das-normas-de-seguranca\/","title":{"rendered":"Governo e entidades trabalhistas discordam sobre moderniza\u00e7\u00e3o das normas de seguran\u00e7a"},"content":{"rendered":"<p style=\"text-align: justify;\">Em audi\u00eancia p\u00fablica da Comiss\u00e3o de Trabalho da C\u00e2mara nesta quinta-feira (12), o representante do Minist\u00e9rio da Economia, R\u00f4mulo Machado, defendeu a atualiza\u00e7\u00e3o das normas que regulamentam a seguran\u00e7a no trabalho. Segundo ele, 20% dos textos dessas normas n\u00e3o foram alterados desde 1978, o que estaria colocando a regulamenta\u00e7\u00e3o em conflito com a realidade atual.<\/p>\n<p style=\"text-align: justify;\">\u201cN\u00f3s queremos um sistema normativo que seja \u00edntegro, que seja moderno, que seja harm\u00f4nico e tenha conceito claros. Mais do que revisar normas regulamentadoras, n\u00f3s queremos reduzir a quantidade de acidentes de trabalho no pa\u00eds\u201d.<\/p>\n<p style=\"text-align: justify;\">A presidente da Associa\u00e7\u00e3o Nacional dos Magistrados da Justi\u00e7a do Trabalho (Anamatra), Noemia Porto, criticou o argumento do governo. Na opini\u00e3o dela, essa moderniza\u00e7\u00e3o representar\u00e1 apenas menor custo para as empresas e maiores riscos para o trabalhador.<\/p>\n<p style=\"text-align: justify;\">\u201cEnquanto n\u00fameros n\u00e3o forem levantados de como a sa\u00fade e o meio ambiente do trabalho ficar\u00e3o melhores com as mudan\u00e7as do que s\u00e3o hoje, o que n\u00f3s estaremos discutindo \u00e9 mero aumento de lucratividade ao custo grave da vida de brasileiros e brasileiras\u201d, reclamou.<\/p>\n<p style=\"text-align: justify;\"><strong>N\u00fameros<\/strong><br \/>\nSegundo o Observat\u00f3rio Digital de Seguran\u00e7a e Sa\u00fade do Trabalho, a cada 3 horas e 40 minutos um trabalhador se acidenta e morre. De 2012 a 2018, 17 mil trabalhadores morreram em decorr\u00eancia de algum incidente ou doen\u00e7a relacionados \u00e0 atividade laboral.<\/p>\n<p style=\"text-align: justify;\">A deputada\u00a0<a href=\"https:\/\/www.camara.leg.br\/deputados\/160575\">\u00c9rika Kokay (PT-DF)<\/a>\u00a0afirmou que \u00e9 preciso discutir de forma mais ampla essas altera\u00e7\u00f5es, para que n\u00e3o aconte\u00e7a com a seguran\u00e7a do trabalho o que houve com a flexibiliza\u00e7\u00e3o da lei trabalhista.<\/p>\n<p style=\"text-align: justify;\">\u201cTr\u00eas NRs est\u00e3o sendo modificadas no sentido de facilitar a vida do empregador e de aumentar os riscos para o empregado\u201d.<\/p>\n<p style=\"text-align: justify;\"><strong>Mudan\u00e7as j\u00e1 feitas<\/strong><br \/>\nSomente em 2019, o governo federal revogou a NR 2, que estabelecia a obrigatoriedade de inspe\u00e7\u00e3o de um fiscal do trabalho antes da abertura de uma empresa, e alterou outras duas: a NR 1, retirando a obrigatoriedade de novo treinamento para o trabalhador ao mudar de emprego ou fun\u00e7\u00e3o; e a NR 12, que estabelecia par\u00e2metros de seguran\u00e7a para uso de m\u00e1quinas e equipamentos.<\/p>\n<p><em><strong>Fonte: Ag\u00eancia C\u00e2mara<\/strong><\/em><\/p>\n","protected":false},"excerpt":{"rendered":"<p>Em audi\u00eancia p\u00fablica da Comiss\u00e3o de Trabalho da C\u00e2mara nesta quinta-feira (12), o representante do Minist\u00e9rio da Economia, R\u00f4mulo Machado, defendeu a atualiza\u00e7\u00e3o das normas que regulamentam a seguran\u00e7a no trabalho. Segundo ele, 20% dos textos dessas normas n\u00e3o foram alterados desde 1978, o que estaria colocando a regulamenta\u00e7\u00e3o em conflito com a realidade atual. [&hellip;]<\/p>\n","protected":false},"author":3,"featured_media":8912,"comment_status":"closed","ping_status":"closed","sticky":false,"template":"","format":"standard","meta":{"footnotes":""},"categories":[92],"tags":[],"class_list":["post-8911","post","type-post","status-publish","format-standard","has-post-thumbnail","hentry","category-seconci-brasil"],"yoast_head":"<!-- This site is optimized with the Yoast SEO plugin v26.9 - https:\/\/yoast.com\/product\/yoast-seo-wordpress\/ -->\n<title>Governo e entidades trabalhistas discordam sobre moderniza\u00e7\u00e3o das normas de seguran\u00e7a - Seconci Brasil<\/title>\n<meta name=\"robots\" content=\"index, follow, max-snippet:-1, max-image-preview:large, max-video-preview:-1\" \/>\n<link rel=\"canonical\" href=\"https:\/\/seconci.com.br\/site\/2019\/12\/13\/governo-e-entidades-trabalhistas-discordam-sobre-modernizacao-das-normas-de-seguranca\/\" \/>\n<meta property=\"og:locale\" content=\"pt_PT\" \/>\n<meta property=\"og:type\" content=\"article\" \/>\n<meta property=\"og:title\" content=\"Governo e entidades trabalhistas discordam sobre moderniza\u00e7\u00e3o das normas de seguran\u00e7a - Seconci Brasil\" \/>\n<meta property=\"og:description\" content=\"Em audi\u00eancia p\u00fablica da Comiss\u00e3o de Trabalho da C\u00e2mara nesta quinta-feira (12), o representante do Minist\u00e9rio da Economia, R\u00f4mulo Machado, defendeu a atualiza\u00e7\u00e3o das normas que regulamentam a seguran\u00e7a no trabalho. Segundo ele, 20% dos textos dessas normas n\u00e3o foram alterados desde 1978, o que estaria colocando a regulamenta\u00e7\u00e3o em conflito com a realidade atual. [&hellip;]\" \/>\n<meta property=\"og:url\" content=\"https:\/\/seconci.com.br\/site\/2019\/12\/13\/governo-e-entidades-trabalhistas-discordam-sobre-modernizacao-das-normas-de-seguranca\/\" \/>\n<meta property=\"og:site_name\" content=\"Seconci Brasil\" \/>\n<meta property=\"article:published_time\" content=\"2019-12-13T11:38:22+00:00\" \/>\n<meta property=\"article:modified_time\" content=\"2019-12-13T11:43:29+00:00\" \/>\n<meta property=\"og:image\" content=\"https:\/\/seconci.com.br\/site\/wp-content\/uploads\/2019\/12\/img20191210212251385-768x512.jpg\" \/>\n\t<meta property=\"og:image:width\" content=\"768\" \/>\n\t<meta property=\"og:image:height\" content=\"512\" \/>\n\t<meta property=\"og:image:type\" content=\"image\/jpeg\" \/>\n<meta name=\"author\" content=\"Sidney Rocha\" \/>\n<meta name=\"twitter:card\" content=\"summary_large_image\" \/>\n<meta name=\"twitter:label1\" content=\"Escrito por\" \/>\n\t<meta name=\"twitter:data1\" content=\"Sidney Rocha\" \/>\n\t<meta name=\"twitter:label2\" content=\"Tempo estimado de leitura\" \/>\n\t<meta name=\"twitter:data2\" content=\"2 minutos\" \/>\n<script type=\"application\/ld+json\" class=\"yoast-schema-graph\">{\"@context\":\"https:\/\/schema.org\",\"@graph\":[{\"@type\":\"Article\",\"@id\":\"https:\/\/seconci.com.br\/site\/2019\/12\/13\/governo-e-entidades-trabalhistas-discordam-sobre-modernizacao-das-normas-de-seguranca\/#article\",\"isPartOf\":{\"@id\":\"https:\/\/seconci.com.br\/site\/2019\/12\/13\/governo-e-entidades-trabalhistas-discordam-sobre-modernizacao-das-normas-de-seguranca\/\"},\"author\":{\"name\":\"Sidney Rocha\",\"@id\":\"https:\/\/seconci.com.br\/site\/#\/schema\/person\/1d79afd97ddc8f2c68c1e88e298aa8e2\"},\"headline\":\"Governo e entidades trabalhistas discordam sobre moderniza\u00e7\u00e3o das normas de seguran\u00e7a\",\"datePublished\":\"2019-12-13T11:38:22+00:00\",\"dateModified\":\"2019-12-13T11:43:29+00:00\",\"mainEntityOfPage\":{\"@id\":\"https:\/\/seconci.com.br\/site\/2019\/12\/13\/governo-e-entidades-trabalhistas-discordam-sobre-modernizacao-das-normas-de-seguranca\/\"},\"wordCount\":383,\"publisher\":{\"@id\":\"https:\/\/seconci.com.br\/site\/#organization\"},\"image\":{\"@id\":\"https:\/\/seconci.com.br\/site\/2019\/12\/13\/governo-e-entidades-trabalhistas-discordam-sobre-modernizacao-das-normas-de-seguranca\/#primaryimage\"},\"thumbnailUrl\":\"https:\/\/seconci.com.br\/site\/wp-content\/uploads\/2019\/12\/img20191210212251385-768x512.jpg\",\"articleSection\":[\"Seconci Brasil\"],\"inLanguage\":\"pt-PT\"},{\"@type\":\"WebPage\",\"@id\":\"https:\/\/seconci.com.br\/site\/2019\/12\/13\/governo-e-entidades-trabalhistas-discordam-sobre-modernizacao-das-normas-de-seguranca\/\",\"url\":\"https:\/\/seconci.com.br\/site\/2019\/12\/13\/governo-e-entidades-trabalhistas-discordam-sobre-modernizacao-das-normas-de-seguranca\/\",\"name\":\"Governo e entidades trabalhistas discordam sobre moderniza\u00e7\u00e3o das normas de seguran\u00e7a - Seconci Brasil\",\"isPartOf\":{\"@id\":\"https:\/\/seconci.com.br\/site\/#website\"},\"primaryImageOfPage\":{\"@id\":\"https:\/\/seconci.com.br\/site\/2019\/12\/13\/governo-e-entidades-trabalhistas-discordam-sobre-modernizacao-das-normas-de-seguranca\/#primaryimage\"},\"image\":{\"@id\":\"https:\/\/seconci.com.br\/site\/2019\/12\/13\/governo-e-entidades-trabalhistas-discordam-sobre-modernizacao-das-normas-de-seguranca\/#primaryimage\"},\"thumbnailUrl\":\"https:\/\/seconci.com.br\/site\/wp-content\/uploads\/2019\/12\/img20191210212251385-768x512.jpg\",\"datePublished\":\"2019-12-13T11:38:22+00:00\",\"dateModified\":\"2019-12-13T11:43:29+00:00\",\"breadcrumb\":{\"@id\":\"https:\/\/seconci.com.br\/site\/2019\/12\/13\/governo-e-entidades-trabalhistas-discordam-sobre-modernizacao-das-normas-de-seguranca\/#breadcrumb\"},\"inLanguage\":\"pt-PT\",\"potentialAction\":[{\"@type\":\"ReadAction\",\"target\":[\"https:\/\/seconci.com.br\/site\/2019\/12\/13\/governo-e-entidades-trabalhistas-discordam-sobre-modernizacao-das-normas-de-seguranca\/\"]}]},{\"@type\":\"ImageObject\",\"inLanguage\":\"pt-PT\",\"@id\":\"https:\/\/seconci.com.br\/site\/2019\/12\/13\/governo-e-entidades-trabalhistas-discordam-sobre-modernizacao-das-normas-de-seguranca\/#primaryimage\",\"url\":\"https:\/\/seconci.com.br\/site\/wp-content\/uploads\/2019\/12\/img20191210212251385-768x512.jpg\",\"contentUrl\":\"https:\/\/seconci.com.br\/site\/wp-content\/uploads\/2019\/12\/img20191210212251385-768x512.jpg\",\"width\":768,\"height\":512},{\"@type\":\"BreadcrumbList\",\"@id\":\"https:\/\/seconci.com.br\/site\/2019\/12\/13\/governo-e-entidades-trabalhistas-discordam-sobre-modernizacao-das-normas-de-seguranca\/#breadcrumb\",\"itemListElement\":[{\"@type\":\"ListItem\",\"position\":1,\"name\":\"In\u00edcio\",\"item\":\"https:\/\/seconci.com.br\/site\/\"},{\"@type\":\"ListItem\",\"position\":2,\"name\":\"Governo e entidades trabalhistas discordam sobre moderniza\u00e7\u00e3o das normas de seguran\u00e7a\"}]},{\"@type\":\"WebSite\",\"@id\":\"https:\/\/seconci.com.br\/site\/#website\",\"url\":\"https:\/\/seconci.com.br\/site\/\",\"name\":\"Seconci Brasil\",\"description\":\"\",\"publisher\":{\"@id\":\"https:\/\/seconci.com.br\/site\/#organization\"},\"potentialAction\":[{\"@type\":\"SearchAction\",\"target\":{\"@type\":\"EntryPoint\",\"urlTemplate\":\"https:\/\/seconci.com.br\/site\/?s={search_term_string}\"},\"query-input\":{\"@type\":\"PropertyValueSpecification\",\"valueRequired\":true,\"valueName\":\"search_term_string\"}}],\"inLanguage\":\"pt-PT\"},{\"@type\":\"Organization\",\"@id\":\"https:\/\/seconci.com.br\/site\/#organization\",\"name\":\"Seconci Brasil\",\"url\":\"https:\/\/seconci.com.br\/site\/\",\"logo\":{\"@type\":\"ImageObject\",\"inLanguage\":\"pt-PT\",\"@id\":\"https:\/\/seconci.com.br\/site\/#\/schema\/logo\/image\/\",\"url\":\"https:\/\/seconci.com.br\/site\/wp-content\/uploads\/2024\/08\/Logo-Seconci-Brasil-branca-2.png\",\"contentUrl\":\"https:\/\/seconci.com.br\/site\/wp-content\/uploads\/2024\/08\/Logo-Seconci-Brasil-branca-2.png\",\"width\":1315,\"height\":598,\"caption\":\"Seconci Brasil\"},\"image\":{\"@id\":\"https:\/\/seconci.com.br\/site\/#\/schema\/logo\/image\/\"}},{\"@type\":\"Person\",\"@id\":\"https:\/\/seconci.com.br\/site\/#\/schema\/person\/1d79afd97ddc8f2c68c1e88e298aa8e2\",\"name\":\"Sidney Rocha\",\"description\":\"Comunicador e estagi\u00e1rio do Seconci Brasil.\",\"url\":\"https:\/\/seconci.com.br\/site\/author\/sidney-rocha\/\"}]}<\/script>\n<!-- \/ Yoast SEO plugin. -->","yoast_head_json":{"title":"Governo e entidades trabalhistas discordam sobre moderniza\u00e7\u00e3o das normas de seguran\u00e7a - Seconci Brasil","robots":{"index":"index","follow":"follow","max-snippet":"max-snippet:-1","max-image-preview":"max-image-preview:large","max-video-preview":"max-video-preview:-1"},"canonical":"https:\/\/seconci.com.br\/site\/2019\/12\/13\/governo-e-entidades-trabalhistas-discordam-sobre-modernizacao-das-normas-de-seguranca\/","og_locale":"pt_PT","og_type":"article","og_title":"Governo e entidades trabalhistas discordam sobre moderniza\u00e7\u00e3o das normas de seguran\u00e7a - Seconci Brasil","og_description":"Em audi\u00eancia p\u00fablica da Comiss\u00e3o de Trabalho da C\u00e2mara nesta quinta-feira (12), o representante do Minist\u00e9rio da Economia, R\u00f4mulo Machado, defendeu a atualiza\u00e7\u00e3o das normas que regulamentam a seguran\u00e7a no trabalho. Segundo ele, 20% dos textos dessas normas n\u00e3o foram alterados desde 1978, o que estaria colocando a regulamenta\u00e7\u00e3o em conflito com a realidade atual. [&hellip;]","og_url":"https:\/\/seconci.com.br\/site\/2019\/12\/13\/governo-e-entidades-trabalhistas-discordam-sobre-modernizacao-das-normas-de-seguranca\/","og_site_name":"Seconci Brasil","article_published_time":"2019-12-13T11:38:22+00:00","article_modified_time":"2019-12-13T11:43:29+00:00","og_image":[{"width":768,"height":512,"url":"https:\/\/seconci.com.br\/site\/wp-content\/uploads\/2019\/12\/img20191210212251385-768x512.jpg","type":"image\/jpeg"}],"author":"Sidney Rocha","twitter_card":"summary_large_image","twitter_misc":{"Escrito por":"Sidney Rocha","Tempo estimado de leitura":"2 minutos"},"schema":{"@context":"https:\/\/schema.org","@graph":[{"@type":"Article","@id":"https:\/\/seconci.com.br\/site\/2019\/12\/13\/governo-e-entidades-trabalhistas-discordam-sobre-modernizacao-das-normas-de-seguranca\/#article","isPartOf":{"@id":"https:\/\/seconci.com.br\/site\/2019\/12\/13\/governo-e-entidades-trabalhistas-discordam-sobre-modernizacao-das-normas-de-seguranca\/"},"author":{"name":"Sidney Rocha","@id":"https:\/\/seconci.com.br\/site\/#\/schema\/person\/1d79afd97ddc8f2c68c1e88e298aa8e2"},"headline":"Governo e entidades trabalhistas discordam sobre moderniza\u00e7\u00e3o das normas de seguran\u00e7a","datePublished":"2019-12-13T11:38:22+00:00","dateModified":"2019-12-13T11:43:29+00:00","mainEntityOfPage":{"@id":"https:\/\/seconci.com.br\/site\/2019\/12\/13\/governo-e-entidades-trabalhistas-discordam-sobre-modernizacao-das-normas-de-seguranca\/"},"wordCount":383,"publisher":{"@id":"https:\/\/seconci.com.br\/site\/#organization"},"image":{"@id":"https:\/\/seconci.com.br\/site\/2019\/12\/13\/governo-e-entidades-trabalhistas-discordam-sobre-modernizacao-das-normas-de-seguranca\/#primaryimage"},"thumbnailUrl":"https:\/\/seconci.com.br\/site\/wp-content\/uploads\/2019\/12\/img20191210212251385-768x512.jpg","articleSection":["Seconci Brasil"],"inLanguage":"pt-PT"},{"@type":"WebPage","@id":"https:\/\/seconci.com.br\/site\/2019\/12\/13\/governo-e-entidades-trabalhistas-discordam-sobre-modernizacao-das-normas-de-seguranca\/","url":"https:\/\/seconci.com.br\/site\/2019\/12\/13\/governo-e-entidades-trabalhistas-discordam-sobre-modernizacao-das-normas-de-seguranca\/","name":"Governo e entidades trabalhistas discordam sobre moderniza\u00e7\u00e3o das normas de seguran\u00e7a - Seconci Brasil","isPartOf":{"@id":"https:\/\/seconci.com.br\/site\/#website"},"primaryImageOfPage":{"@id":"https:\/\/seconci.com.br\/site\/2019\/12\/13\/governo-e-entidades-trabalhistas-discordam-sobre-modernizacao-das-normas-de-seguranca\/#primaryimage"},"image":{"@id":"https:\/\/seconci.com.br\/site\/2019\/12\/13\/governo-e-entidades-trabalhistas-discordam-sobre-modernizacao-das-normas-de-seguranca\/#primaryimage"},"thumbnailUrl":"https:\/\/seconci.com.br\/site\/wp-content\/uploads\/2019\/12\/img20191210212251385-768x512.jpg","datePublished":"2019-12-13T11:38:22+00:00","dateModified":"2019-12-13T11:43:29+00:00","breadcrumb":{"@id":"https:\/\/seconci.com.br\/site\/2019\/12\/13\/governo-e-entidades-trabalhistas-discordam-sobre-modernizacao-das-normas-de-seguranca\/#breadcrumb"},"inLanguage":"pt-PT","potentialAction":[{"@type":"ReadAction","target":["https:\/\/seconci.com.br\/site\/2019\/12\/13\/governo-e-entidades-trabalhistas-discordam-sobre-modernizacao-das-normas-de-seguranca\/"]}]},{"@type":"ImageObject","inLanguage":"pt-PT","@id":"https:\/\/seconci.com.br\/site\/2019\/12\/13\/governo-e-entidades-trabalhistas-discordam-sobre-modernizacao-das-normas-de-seguranca\/#primaryimage","url":"https:\/\/seconci.com.br\/site\/wp-content\/uploads\/2019\/12\/img20191210212251385-768x512.jpg","contentUrl":"https:\/\/seconci.com.br\/site\/wp-content\/uploads\/2019\/12\/img20191210212251385-768x512.jpg","width":768,"height":512},{"@type":"BreadcrumbList","@id":"https:\/\/seconci.com.br\/site\/2019\/12\/13\/governo-e-entidades-trabalhistas-discordam-sobre-modernizacao-das-normas-de-seguranca\/#breadcrumb","itemListElement":[{"@type":"ListItem","position":1,"name":"In\u00edcio","item":"https:\/\/seconci.com.br\/site\/"},{"@type":"ListItem","position":2,"name":"Governo e entidades trabalhistas discordam sobre moderniza\u00e7\u00e3o das normas de seguran\u00e7a"}]},{"@type":"WebSite","@id":"https:\/\/seconci.com.br\/site\/#website","url":"https:\/\/seconci.com.br\/site\/","name":"Seconci Brasil","description":"","publisher":{"@id":"https:\/\/seconci.com.br\/site\/#organization"},"potentialAction":[{"@type":"SearchAction","target":{"@type":"EntryPoint","urlTemplate":"https:\/\/seconci.com.br\/site\/?s={search_term_string}"},"query-input":{"@type":"PropertyValueSpecification","valueRequired":true,"valueName":"search_term_string"}}],"inLanguage":"pt-PT"},{"@type":"Organization","@id":"https:\/\/seconci.com.br\/site\/#organization","name":"Seconci Brasil","url":"https:\/\/seconci.com.br\/site\/","logo":{"@type":"ImageObject","inLanguage":"pt-PT","@id":"https:\/\/seconci.com.br\/site\/#\/schema\/logo\/image\/","url":"https:\/\/seconci.com.br\/site\/wp-content\/uploads\/2024\/08\/Logo-Seconci-Brasil-branca-2.png","contentUrl":"https:\/\/seconci.com.br\/site\/wp-content\/uploads\/2024\/08\/Logo-Seconci-Brasil-branca-2.png","width":1315,"height":598,"caption":"Seconci Brasil"},"image":{"@id":"https:\/\/seconci.com.br\/site\/#\/schema\/logo\/image\/"}},{"@type":"Person","@id":"https:\/\/seconci.com.br\/site\/#\/schema\/person\/1d79afd97ddc8f2c68c1e88e298aa8e2","name":"Sidney Rocha","description":"Comunicador e estagi\u00e1rio do Seconci Brasil.","url":"https:\/\/seconci.com.br\/site\/author\/sidney-rocha\/"}]}},"_links":{"self":[{"href":"https:\/\/seconci.com.br\/site\/wp-json\/wp\/v2\/posts\/8911","targetHints":{"allow":["GET"]}}],"collection":[{"href":"https:\/\/seconci.com.br\/site\/wp-json\/wp\/v2\/posts"}],"about":[{"href":"https:\/\/seconci.com.br\/site\/wp-json\/wp\/v2\/types\/post"}],"author":[{"embeddable":true,"href":"https:\/\/seconci.com.br\/site\/wp-json\/wp\/v2\/users\/3"}],"replies":[{"embeddable":true,"href":"https:\/\/seconci.com.br\/site\/wp-json\/wp\/v2\/comments?post=8911"}],"version-history":[{"count":0,"href":"https:\/\/seconci.com.br\/site\/wp-json\/wp\/v2\/posts\/8911\/revisions"}],"wp:featuredmedia":[{"embeddable":true,"href":"https:\/\/seconci.com.br\/site\/wp-json\/wp\/v2\/media\/8912"}],"wp:attachment":[{"href":"https:\/\/seconci.com.br\/site\/wp-json\/wp\/v2\/media?parent=8911"}],"wp:term":[{"taxonomy":"category","embeddable":true,"href":"https:\/\/seconci.com.br\/site\/wp-json\/wp\/v2\/categories?post=8911"},{"taxonomy":"post_tag","embeddable":true,"href":"https:\/\/seconci.com.br\/site\/wp-json\/wp\/v2\/tags?post=8911"}],"curies":[{"name":"wp","href":"https:\/\/api.w.org\/{rel}","templated":true}]}}