{"id":8917,"date":"2019-12-13T11:54:28","date_gmt":"2019-12-13T11:54:28","guid":{"rendered":"https:\/\/seconci.com.br\/site\/?p=8917"},"modified":"2019-12-13T11:55:04","modified_gmt":"2019-12-13T11:55:04","slug":"etica-gera-recursos-e-credibilidade-e-sustenta-empresas-diz-eliana-calmon","status":"publish","type":"post","link":"https:\/\/seconci.com.br\/site\/2019\/12\/13\/etica-gera-recursos-e-credibilidade-e-sustenta-empresas-diz-eliana-calmon\/","title":{"rendered":"\u00c9tica gera recursos e credibilidade e sustenta empresas, diz Eliana Calmon"},"content":{"rendered":"<p style=\"text-align: center;\"><em>Da esquerda para a direita: a ministra aposentada do STJ, Eliana Calmon; Ana Cl\u00e1udia Gomes (CRS\/CBIC) e Paulo Maur\u00edcio Siqueira (OAB-DF)\u00a0(Foto: Lya Astrid)<\/em><\/p>\n<p style=\"text-align: justify;\">Demonstrar o que a C\u00e2mara Brasileira da Ind\u00fastria da Constru\u00e7\u00e3o (CBIC), em correaliza\u00e7\u00e3o com o Servi\u00e7o Social da Ind\u00fastria (Sesi Nacional), tem feito desde 2016 sobre \u00e9tica,\u00a0<em>compliance<\/em>\u00a0e combate \u00e0 corrup\u00e7\u00e3o foi um dos principais objetivos do debate que encerrou o semin\u00e1rio\u00a0<strong>\u2018<\/strong><strong>Di\u00e1logos CBIC: Destrava Brasil\u2019\u00a0<\/strong>na quarta-feira (11), no B Hotel, em Bras\u00edlia. Participaram do painel a ministra aposentada do Superior Tribunal de Justi\u00e7a (STJ), Eliana Calmon e o diretor Tesoureiro da Ordem dos Advogados do Brasil Se\u00e7\u00e3o Distrito Federal (OAB-DF), Paulo Maur\u00edcio Siqueira.<\/p>\n<p style=\"text-align: justify;\">Realizado pela CBIC, o semin\u00e1rio foi correalizado com o Servi\u00e7o Nacional de Aprendizagem Industrial (Senai Nacional) e o Servi\u00e7o Social da Ind\u00fastria (Sesi Nacional). O quarto painel \u2018\u00c9tica, compliance e combate \u00e0 corrup\u00e7\u00e3o \u2013 programa de integridade como incremento de credibilidade, seguran\u00e7a jur\u00eddica e competitividade\u2019, cujo tema integra o projeto\u00a0<strong>\u2018\u00c9tica e Compliance da Constru\u00e7\u00e3o\u2019<\/strong>, contou com a correaliza\u00e7\u00e3o do Sesi Nacional.<\/p>\n<p style=\"text-align: justify;\">\u201cA \u00e9tica passou a ter um custo financeiro. Ser \u00e9tico significa estar gerando riquezas para a sua empresa\u201d, apontou a jurista Eliana Calmon que acompanha o projeto \u2018\u00c9tica e Compliance da Constru\u00e7\u00e3o\u2019 da CBIC e do Sesi Nacional desde o seu in\u00edcio.<\/p>\n<p style=\"text-align: justify;\">Para Calmon, \u201ca credibilidade \u00e9 que sustenta a empresa. Na medida em que a empresa tem credibilidade, ela mostra seguran\u00e7a, reputa\u00e7\u00e3o, respeito e comprometimento, que s\u00e3o as grandes armas que os empres\u00e1rios modernos t\u00eam para de munir para ter a fidelidade dos seus clientes\u201d.\u00a0<strong>\u00a0<\/strong><\/p>\n<h2 style=\"text-align: justify;\"><strong>Projeto \u00c9tica e Compliance da Constru\u00e7\u00e3o \u00a0<\/strong><\/h2>\n<p style=\"text-align: justify;\">A ministra Eliana Calmon fez um hist\u00f3rico sobre o que deu origem \u00e0 fase de\u00a0<em>compliance<\/em>\u00a0no pa\u00eds e ao projeto de<strong>\u00a0\u2018\u00c9tica &amp; Compliance da Constru\u00e7\u00e3o\u2019<\/strong>, para a qual foi convidada a participar, destacando o in\u00edcio da opera\u00e7\u00e3o Lava Jato, que paralisou obras e consequentemente gerou desemprego em massa nas empreiteiras, desorganizando o setor da constru\u00e7\u00e3o e a economia brasileira.<\/p>\n<p style=\"text-align: justify;\">Com o objetivo de preparar as entidades associadas a apoiarem as empresas de constru\u00e7\u00e3o de todo o pa\u00eds a implementarem seus departamentos de \u00e9tica e\u00a0<em>compliance<\/em>, a presidente da Comiss\u00e3o de Responsabilidade Social (CRS) da CBIC, Ana Cl\u00e1udia Gomes, informou que j\u00e1 foram realizados 25\u00a0<em>roadshows<\/em>\u00a0em todas as regi\u00f5es e criado o Curso EAD, que visa capacitar construtoras na gest\u00e3o de \u00e9tica e\u00a0<em>compliance.<\/em><\/p>\n<p style=\"text-align: justify;\">\u201cEm 2020 teremos a colheita de tudo o que j\u00e1 foi feito at\u00e9 o momento\u201d, defende a jurista Eliana Calmon, que acompanha o projeto desde o seu in\u00edcio.<\/p>\n<p style=\"text-align: justify;\">\u201cAs empresas precisam iniciar essa jornada de implantar seus setores de \u00e9tica e\u00a0<em>compliance<\/em>\u00a0e a CBIC est\u00e1 \u00e0 disposi\u00e7\u00e3o para apoiar a empresa a evoluir nesse sentido\u201d, refor\u00e7a Ana Cl\u00e1udia Gomes.<\/p>\n<h2 style=\"text-align: justify;\"><strong>Para contratar com o GDF, empresas s\u00e3o obrigadas a implantar Programa de Integridade<\/strong><\/h2>\n<p style=\"text-align: justify;\">O diretor tesoureiro da OAB\/DF, Paulo Maur\u00edcio Siqueira OAB\/DF, apresentou a experi\u00eancia implementada pela Lei 6308\/2019, que inseriu, no \u00e2mbito do Distrito Federal, a necessidade das empresas locais institu\u00edrem programa de integridade para celebrar contrato de qualquer natureza com o Governo do Distrito Federal (GDF).<\/p>\n<p style=\"text-align: justify;\">\u201cA legisla\u00e7\u00e3o brasiliense \u00e9 inovadora. Trouxe crit\u00e9rios objetivos para o empres\u00e1rio saber como se relacionar com o Estado e regras claras para o estabelecimento de canais internos de den\u00fancias\u201d, disse.<\/p>\n<p style=\"text-align: justify;\">Ainda segundo Paulo Siqueira, no DF o Estado pode atribuir pena e multas administrativas apenas pelo n\u00e3o cumprimento do programa de integridade da empresa.<\/p>\n<p style=\"text-align: justify;\">Durante o\u00a0<strong>\u2018Di\u00e1logos CBIC: Destrava Brasil!\u2019<\/strong>\u00a0tamb\u00e9m foi lan\u00e7ada a cartilha\u00a0<a href=\"https:\/\/cbic.org.br\/wp-content\/uploads\/2019\/12\/SISTEMA-DE-INTEGRIDADE-NA-CONSTRU%C3%87%C3%83O-CIVIL.pdf\">Programa de Integridade da Constru\u00e7\u00e3o Civil, que est\u00e1 dispon\u00edvel para download<\/a>.<\/p>\n<p style=\"text-align: justify;\">A \u00edntegra do semin\u00e1rio est\u00e1 dispon\u00edvel no canal da CBIC no YouTube.<\/p>\n<p style=\"text-align: justify;\">No primeiro bloco, os temas abordados foram\u00a0<a href=\"https:\/\/youtu.be\/zjvn3h6-GPE\">\u2018Seguran\u00e7a t\u00e9cnica e transforma\u00e7\u00e3o digital no licenciamento ambiental\u2019 e \u2018Desburocratiza\u00e7\u00e3o do licenciamento de obras.\u2019<\/a><\/p>\n<p style=\"text-align: justify;\">No segundo bloco, foram debatidos os temas\u00a0<a href=\"https:\/\/youtu.be\/X8phpDQDbxs\">\u2018Regime Especial de Tributa\u00e7\u00e3o \u2013 PL 888 e reforma tribut\u00e1ria\u2019 e \u2018\u00c9tica, compliance e combate \u00e0 corrup\u00e7\u00e3o.\u2019<\/a><\/p>\n<p style=\"text-align: justify;\"><em><strong>Fonte: Ag\u00eancia Cbic<\/strong><\/em><\/p>\n","protected":false},"excerpt":{"rendered":"<p>Da esquerda para a direita: a ministra aposentada do STJ, Eliana Calmon; Ana Cl\u00e1udia Gomes (CRS\/CBIC) e Paulo Maur\u00edcio Siqueira (OAB-DF)\u00a0(Foto: Lya Astrid) Demonstrar o que a C\u00e2mara Brasileira da Ind\u00fastria da Constru\u00e7\u00e3o (CBIC), em correaliza\u00e7\u00e3o com o Servi\u00e7o Social da Ind\u00fastria (Sesi Nacional), tem feito desde 2016 sobre \u00e9tica,\u00a0compliance\u00a0e combate \u00e0 corrup\u00e7\u00e3o foi um [&hellip;]<\/p>\n","protected":false},"author":3,"featured_media":8918,"comment_status":"closed","ping_status":"closed","sticky":false,"template":"","format":"standard","meta":{"footnotes":""},"categories":[92],"tags":[],"class_list":["post-8917","post","type-post","status-publish","format-standard","has-post-thumbnail","hentry","category-seconci-brasil"],"yoast_head":"<!-- This site is optimized with the Yoast SEO plugin v26.9 - https:\/\/yoast.com\/product\/yoast-seo-wordpress\/ -->\n<title>\u00c9tica gera recursos e credibilidade e sustenta empresas, diz Eliana Calmon - Seconci Brasil<\/title>\n<meta name=\"robots\" content=\"index, follow, max-snippet:-1, max-image-preview:large, max-video-preview:-1\" \/>\n<link rel=\"canonical\" href=\"https:\/\/seconci.com.br\/site\/2019\/12\/13\/etica-gera-recursos-e-credibilidade-e-sustenta-empresas-diz-eliana-calmon\/\" \/>\n<meta property=\"og:locale\" content=\"pt_PT\" \/>\n<meta property=\"og:type\" content=\"article\" \/>\n<meta property=\"og:title\" content=\"\u00c9tica gera recursos e credibilidade e sustenta empresas, diz Eliana Calmon - Seconci Brasil\" \/>\n<meta property=\"og:description\" content=\"Da esquerda para a direita: a ministra aposentada do STJ, Eliana Calmon; Ana Cl\u00e1udia Gomes (CRS\/CBIC) e Paulo Maur\u00edcio Siqueira (OAB-DF)\u00a0(Foto: Lya Astrid) Demonstrar o que a C\u00e2mara Brasileira da Ind\u00fastria da Constru\u00e7\u00e3o (CBIC), em correaliza\u00e7\u00e3o com o Servi\u00e7o Social da Ind\u00fastria (Sesi Nacional), tem feito desde 2016 sobre \u00e9tica,\u00a0compliance\u00a0e combate \u00e0 corrup\u00e7\u00e3o foi um [&hellip;]\" \/>\n<meta property=\"og:url\" content=\"https:\/\/seconci.com.br\/site\/2019\/12\/13\/etica-gera-recursos-e-credibilidade-e-sustenta-empresas-diz-eliana-calmon\/\" \/>\n<meta property=\"og:site_name\" content=\"Seconci Brasil\" \/>\n<meta property=\"article:published_time\" content=\"2019-12-13T11:54:28+00:00\" \/>\n<meta property=\"article:modified_time\" content=\"2019-12-13T11:55:04+00:00\" \/>\n<meta property=\"og:image\" content=\"https:\/\/seconci.com.br\/site\/wp-content\/uploads\/2019\/12\/Di\u00e1logo_CBIC6-2048x1365.jpg\" \/>\n\t<meta property=\"og:image:width\" content=\"2048\" \/>\n\t<meta property=\"og:image:height\" content=\"1365\" \/>\n\t<meta property=\"og:image:type\" content=\"image\/jpeg\" \/>\n<meta name=\"author\" content=\"Sidney Rocha\" \/>\n<meta name=\"twitter:card\" content=\"summary_large_image\" \/>\n<meta name=\"twitter:label1\" content=\"Escrito por\" \/>\n\t<meta name=\"twitter:data1\" content=\"Sidney Rocha\" \/>\n\t<meta name=\"twitter:label2\" content=\"Tempo estimado de leitura\" \/>\n\t<meta name=\"twitter:data2\" content=\"4 minutos\" \/>\n<script type=\"application\/ld+json\" class=\"yoast-schema-graph\">{\"@context\":\"https:\/\/schema.org\",\"@graph\":[{\"@type\":\"Article\",\"@id\":\"https:\/\/seconci.com.br\/site\/2019\/12\/13\/etica-gera-recursos-e-credibilidade-e-sustenta-empresas-diz-eliana-calmon\/#article\",\"isPartOf\":{\"@id\":\"https:\/\/seconci.com.br\/site\/2019\/12\/13\/etica-gera-recursos-e-credibilidade-e-sustenta-empresas-diz-eliana-calmon\/\"},\"author\":{\"name\":\"Sidney Rocha\",\"@id\":\"https:\/\/seconci.com.br\/site\/#\/schema\/person\/1d79afd97ddc8f2c68c1e88e298aa8e2\"},\"headline\":\"\u00c9tica gera recursos e credibilidade e sustenta empresas, diz Eliana Calmon\",\"datePublished\":\"2019-12-13T11:54:28+00:00\",\"dateModified\":\"2019-12-13T11:55:04+00:00\",\"mainEntityOfPage\":{\"@id\":\"https:\/\/seconci.com.br\/site\/2019\/12\/13\/etica-gera-recursos-e-credibilidade-e-sustenta-empresas-diz-eliana-calmon\/\"},\"wordCount\":715,\"publisher\":{\"@id\":\"https:\/\/seconci.com.br\/site\/#organization\"},\"image\":{\"@id\":\"https:\/\/seconci.com.br\/site\/2019\/12\/13\/etica-gera-recursos-e-credibilidade-e-sustenta-empresas-diz-eliana-calmon\/#primaryimage\"},\"thumbnailUrl\":\"https:\/\/seconci.com.br\/site\/wp-content\/uploads\/2019\/12\/Di\u00e1logo_CBIC6-2048x1365.jpg\",\"articleSection\":[\"Seconci Brasil\"],\"inLanguage\":\"pt-PT\"},{\"@type\":\"WebPage\",\"@id\":\"https:\/\/seconci.com.br\/site\/2019\/12\/13\/etica-gera-recursos-e-credibilidade-e-sustenta-empresas-diz-eliana-calmon\/\",\"url\":\"https:\/\/seconci.com.br\/site\/2019\/12\/13\/etica-gera-recursos-e-credibilidade-e-sustenta-empresas-diz-eliana-calmon\/\",\"name\":\"\u00c9tica gera recursos e credibilidade e sustenta empresas, diz Eliana Calmon - Seconci Brasil\",\"isPartOf\":{\"@id\":\"https:\/\/seconci.com.br\/site\/#website\"},\"primaryImageOfPage\":{\"@id\":\"https:\/\/seconci.com.br\/site\/2019\/12\/13\/etica-gera-recursos-e-credibilidade-e-sustenta-empresas-diz-eliana-calmon\/#primaryimage\"},\"image\":{\"@id\":\"https:\/\/seconci.com.br\/site\/2019\/12\/13\/etica-gera-recursos-e-credibilidade-e-sustenta-empresas-diz-eliana-calmon\/#primaryimage\"},\"thumbnailUrl\":\"https:\/\/seconci.com.br\/site\/wp-content\/uploads\/2019\/12\/Di\u00e1logo_CBIC6-2048x1365.jpg\",\"datePublished\":\"2019-12-13T11:54:28+00:00\",\"dateModified\":\"2019-12-13T11:55:04+00:00\",\"breadcrumb\":{\"@id\":\"https:\/\/seconci.com.br\/site\/2019\/12\/13\/etica-gera-recursos-e-credibilidade-e-sustenta-empresas-diz-eliana-calmon\/#breadcrumb\"},\"inLanguage\":\"pt-PT\",\"potentialAction\":[{\"@type\":\"ReadAction\",\"target\":[\"https:\/\/seconci.com.br\/site\/2019\/12\/13\/etica-gera-recursos-e-credibilidade-e-sustenta-empresas-diz-eliana-calmon\/\"]}]},{\"@type\":\"ImageObject\",\"inLanguage\":\"pt-PT\",\"@id\":\"https:\/\/seconci.com.br\/site\/2019\/12\/13\/etica-gera-recursos-e-credibilidade-e-sustenta-empresas-diz-eliana-calmon\/#primaryimage\",\"url\":\"https:\/\/seconci.com.br\/site\/wp-content\/uploads\/2019\/12\/Di\u00e1logo_CBIC6-2048x1365.jpg\",\"contentUrl\":\"https:\/\/seconci.com.br\/site\/wp-content\/uploads\/2019\/12\/Di\u00e1logo_CBIC6-2048x1365.jpg\",\"width\":2048,\"height\":1365,\"caption\":\"Di\u00e1logos CBIC: Destrava, Brasil Painel 4: \u00c9tica, Compliance e Combate \u00e0 Corrup\u00e7\u00e3o - Programa de Integridade como incremento de credibilidade, seguran\u00e7a jur\u00eddica e competitividade Realizada no B Hotel, em Bras\u00edlia, DF Dia 12 de dezembro de 2019 \u2014\u2014\u2014\u2014\u2014\u2014\u2014\u2014\u2014\u2014\u2014\u2014\u2014\u2014 Foto: Lya Astrid Kardel LIVE MEDIA instagram.com\/kardellivemedia foto@kardel.com.br +55 61 98139.7840 foto.kardel.com.br\"},{\"@type\":\"BreadcrumbList\",\"@id\":\"https:\/\/seconci.com.br\/site\/2019\/12\/13\/etica-gera-recursos-e-credibilidade-e-sustenta-empresas-diz-eliana-calmon\/#breadcrumb\",\"itemListElement\":[{\"@type\":\"ListItem\",\"position\":1,\"name\":\"In\u00edcio\",\"item\":\"https:\/\/seconci.com.br\/site\/\"},{\"@type\":\"ListItem\",\"position\":2,\"name\":\"\u00c9tica gera recursos e credibilidade e sustenta empresas, diz Eliana Calmon\"}]},{\"@type\":\"WebSite\",\"@id\":\"https:\/\/seconci.com.br\/site\/#website\",\"url\":\"https:\/\/seconci.com.br\/site\/\",\"name\":\"Seconci Brasil\",\"description\":\"\",\"publisher\":{\"@id\":\"https:\/\/seconci.com.br\/site\/#organization\"},\"potentialAction\":[{\"@type\":\"SearchAction\",\"target\":{\"@type\":\"EntryPoint\",\"urlTemplate\":\"https:\/\/seconci.com.br\/site\/?s={search_term_string}\"},\"query-input\":{\"@type\":\"PropertyValueSpecification\",\"valueRequired\":true,\"valueName\":\"search_term_string\"}}],\"inLanguage\":\"pt-PT\"},{\"@type\":\"Organization\",\"@id\":\"https:\/\/seconci.com.br\/site\/#organization\",\"name\":\"Seconci Brasil\",\"url\":\"https:\/\/seconci.com.br\/site\/\",\"logo\":{\"@type\":\"ImageObject\",\"inLanguage\":\"pt-PT\",\"@id\":\"https:\/\/seconci.com.br\/site\/#\/schema\/logo\/image\/\",\"url\":\"https:\/\/seconci.com.br\/site\/wp-content\/uploads\/2024\/08\/Logo-Seconci-Brasil-branca-2.png\",\"contentUrl\":\"https:\/\/seconci.com.br\/site\/wp-content\/uploads\/2024\/08\/Logo-Seconci-Brasil-branca-2.png\",\"width\":1315,\"height\":598,\"caption\":\"Seconci Brasil\"},\"image\":{\"@id\":\"https:\/\/seconci.com.br\/site\/#\/schema\/logo\/image\/\"}},{\"@type\":\"Person\",\"@id\":\"https:\/\/seconci.com.br\/site\/#\/schema\/person\/1d79afd97ddc8f2c68c1e88e298aa8e2\",\"name\":\"Sidney Rocha\",\"description\":\"Comunicador e estagi\u00e1rio do Seconci Brasil.\",\"url\":\"https:\/\/seconci.com.br\/site\/author\/sidney-rocha\/\"}]}<\/script>\n<!-- \/ Yoast SEO plugin. -->","yoast_head_json":{"title":"\u00c9tica gera recursos e credibilidade e sustenta empresas, diz Eliana Calmon - Seconci Brasil","robots":{"index":"index","follow":"follow","max-snippet":"max-snippet:-1","max-image-preview":"max-image-preview:large","max-video-preview":"max-video-preview:-1"},"canonical":"https:\/\/seconci.com.br\/site\/2019\/12\/13\/etica-gera-recursos-e-credibilidade-e-sustenta-empresas-diz-eliana-calmon\/","og_locale":"pt_PT","og_type":"article","og_title":"\u00c9tica gera recursos e credibilidade e sustenta empresas, diz Eliana Calmon - Seconci Brasil","og_description":"Da esquerda para a direita: a ministra aposentada do STJ, Eliana Calmon; Ana Cl\u00e1udia Gomes (CRS\/CBIC) e Paulo Maur\u00edcio Siqueira (OAB-DF)\u00a0(Foto: Lya Astrid) Demonstrar o que a C\u00e2mara Brasileira da Ind\u00fastria da Constru\u00e7\u00e3o (CBIC), em correaliza\u00e7\u00e3o com o Servi\u00e7o Social da Ind\u00fastria (Sesi Nacional), tem feito desde 2016 sobre \u00e9tica,\u00a0compliance\u00a0e combate \u00e0 corrup\u00e7\u00e3o foi um [&hellip;]","og_url":"https:\/\/seconci.com.br\/site\/2019\/12\/13\/etica-gera-recursos-e-credibilidade-e-sustenta-empresas-diz-eliana-calmon\/","og_site_name":"Seconci Brasil","article_published_time":"2019-12-13T11:54:28+00:00","article_modified_time":"2019-12-13T11:55:04+00:00","og_image":[{"width":2048,"height":1365,"url":"https:\/\/seconci.com.br\/site\/wp-content\/uploads\/2019\/12\/Di\u00e1logo_CBIC6-2048x1365.jpg","type":"image\/jpeg"}],"author":"Sidney Rocha","twitter_card":"summary_large_image","twitter_misc":{"Escrito por":"Sidney Rocha","Tempo estimado de leitura":"4 minutos"},"schema":{"@context":"https:\/\/schema.org","@graph":[{"@type":"Article","@id":"https:\/\/seconci.com.br\/site\/2019\/12\/13\/etica-gera-recursos-e-credibilidade-e-sustenta-empresas-diz-eliana-calmon\/#article","isPartOf":{"@id":"https:\/\/seconci.com.br\/site\/2019\/12\/13\/etica-gera-recursos-e-credibilidade-e-sustenta-empresas-diz-eliana-calmon\/"},"author":{"name":"Sidney Rocha","@id":"https:\/\/seconci.com.br\/site\/#\/schema\/person\/1d79afd97ddc8f2c68c1e88e298aa8e2"},"headline":"\u00c9tica gera recursos e credibilidade e sustenta empresas, diz Eliana Calmon","datePublished":"2019-12-13T11:54:28+00:00","dateModified":"2019-12-13T11:55:04+00:00","mainEntityOfPage":{"@id":"https:\/\/seconci.com.br\/site\/2019\/12\/13\/etica-gera-recursos-e-credibilidade-e-sustenta-empresas-diz-eliana-calmon\/"},"wordCount":715,"publisher":{"@id":"https:\/\/seconci.com.br\/site\/#organization"},"image":{"@id":"https:\/\/seconci.com.br\/site\/2019\/12\/13\/etica-gera-recursos-e-credibilidade-e-sustenta-empresas-diz-eliana-calmon\/#primaryimage"},"thumbnailUrl":"https:\/\/seconci.com.br\/site\/wp-content\/uploads\/2019\/12\/Di\u00e1logo_CBIC6-2048x1365.jpg","articleSection":["Seconci Brasil"],"inLanguage":"pt-PT"},{"@type":"WebPage","@id":"https:\/\/seconci.com.br\/site\/2019\/12\/13\/etica-gera-recursos-e-credibilidade-e-sustenta-empresas-diz-eliana-calmon\/","url":"https:\/\/seconci.com.br\/site\/2019\/12\/13\/etica-gera-recursos-e-credibilidade-e-sustenta-empresas-diz-eliana-calmon\/","name":"\u00c9tica gera recursos e credibilidade e sustenta empresas, diz Eliana Calmon - Seconci Brasil","isPartOf":{"@id":"https:\/\/seconci.com.br\/site\/#website"},"primaryImageOfPage":{"@id":"https:\/\/seconci.com.br\/site\/2019\/12\/13\/etica-gera-recursos-e-credibilidade-e-sustenta-empresas-diz-eliana-calmon\/#primaryimage"},"image":{"@id":"https:\/\/seconci.com.br\/site\/2019\/12\/13\/etica-gera-recursos-e-credibilidade-e-sustenta-empresas-diz-eliana-calmon\/#primaryimage"},"thumbnailUrl":"https:\/\/seconci.com.br\/site\/wp-content\/uploads\/2019\/12\/Di\u00e1logo_CBIC6-2048x1365.jpg","datePublished":"2019-12-13T11:54:28+00:00","dateModified":"2019-12-13T11:55:04+00:00","breadcrumb":{"@id":"https:\/\/seconci.com.br\/site\/2019\/12\/13\/etica-gera-recursos-e-credibilidade-e-sustenta-empresas-diz-eliana-calmon\/#breadcrumb"},"inLanguage":"pt-PT","potentialAction":[{"@type":"ReadAction","target":["https:\/\/seconci.com.br\/site\/2019\/12\/13\/etica-gera-recursos-e-credibilidade-e-sustenta-empresas-diz-eliana-calmon\/"]}]},{"@type":"ImageObject","inLanguage":"pt-PT","@id":"https:\/\/seconci.com.br\/site\/2019\/12\/13\/etica-gera-recursos-e-credibilidade-e-sustenta-empresas-diz-eliana-calmon\/#primaryimage","url":"https:\/\/seconci.com.br\/site\/wp-content\/uploads\/2019\/12\/Di\u00e1logo_CBIC6-2048x1365.jpg","contentUrl":"https:\/\/seconci.com.br\/site\/wp-content\/uploads\/2019\/12\/Di\u00e1logo_CBIC6-2048x1365.jpg","width":2048,"height":1365,"caption":"Di\u00e1logos CBIC: Destrava, Brasil Painel 4: \u00c9tica, Compliance e Combate \u00e0 Corrup\u00e7\u00e3o - Programa de Integridade como incremento de credibilidade, seguran\u00e7a jur\u00eddica e competitividade Realizada no B Hotel, em Bras\u00edlia, DF Dia 12 de dezembro de 2019 \u2014\u2014\u2014\u2014\u2014\u2014\u2014\u2014\u2014\u2014\u2014\u2014\u2014\u2014 Foto: Lya Astrid Kardel LIVE MEDIA instagram.com\/kardellivemedia foto@kardel.com.br +55 61 98139.7840 foto.kardel.com.br"},{"@type":"BreadcrumbList","@id":"https:\/\/seconci.com.br\/site\/2019\/12\/13\/etica-gera-recursos-e-credibilidade-e-sustenta-empresas-diz-eliana-calmon\/#breadcrumb","itemListElement":[{"@type":"ListItem","position":1,"name":"In\u00edcio","item":"https:\/\/seconci.com.br\/site\/"},{"@type":"ListItem","position":2,"name":"\u00c9tica gera recursos e credibilidade e sustenta empresas, diz Eliana Calmon"}]},{"@type":"WebSite","@id":"https:\/\/seconci.com.br\/site\/#website","url":"https:\/\/seconci.com.br\/site\/","name":"Seconci Brasil","description":"","publisher":{"@id":"https:\/\/seconci.com.br\/site\/#organization"},"potentialAction":[{"@type":"SearchAction","target":{"@type":"EntryPoint","urlTemplate":"https:\/\/seconci.com.br\/site\/?s={search_term_string}"},"query-input":{"@type":"PropertyValueSpecification","valueRequired":true,"valueName":"search_term_string"}}],"inLanguage":"pt-PT"},{"@type":"Organization","@id":"https:\/\/seconci.com.br\/site\/#organization","name":"Seconci Brasil","url":"https:\/\/seconci.com.br\/site\/","logo":{"@type":"ImageObject","inLanguage":"pt-PT","@id":"https:\/\/seconci.com.br\/site\/#\/schema\/logo\/image\/","url":"https:\/\/seconci.com.br\/site\/wp-content\/uploads\/2024\/08\/Logo-Seconci-Brasil-branca-2.png","contentUrl":"https:\/\/seconci.com.br\/site\/wp-content\/uploads\/2024\/08\/Logo-Seconci-Brasil-branca-2.png","width":1315,"height":598,"caption":"Seconci Brasil"},"image":{"@id":"https:\/\/seconci.com.br\/site\/#\/schema\/logo\/image\/"}},{"@type":"Person","@id":"https:\/\/seconci.com.br\/site\/#\/schema\/person\/1d79afd97ddc8f2c68c1e88e298aa8e2","name":"Sidney Rocha","description":"Comunicador e estagi\u00e1rio do Seconci Brasil.","url":"https:\/\/seconci.com.br\/site\/author\/sidney-rocha\/"}]}},"_links":{"self":[{"href":"https:\/\/seconci.com.br\/site\/wp-json\/wp\/v2\/posts\/8917","targetHints":{"allow":["GET"]}}],"collection":[{"href":"https:\/\/seconci.com.br\/site\/wp-json\/wp\/v2\/posts"}],"about":[{"href":"https:\/\/seconci.com.br\/site\/wp-json\/wp\/v2\/types\/post"}],"author":[{"embeddable":true,"href":"https:\/\/seconci.com.br\/site\/wp-json\/wp\/v2\/users\/3"}],"replies":[{"embeddable":true,"href":"https:\/\/seconci.com.br\/site\/wp-json\/wp\/v2\/comments?post=8917"}],"version-history":[{"count":0,"href":"https:\/\/seconci.com.br\/site\/wp-json\/wp\/v2\/posts\/8917\/revisions"}],"wp:featuredmedia":[{"embeddable":true,"href":"https:\/\/seconci.com.br\/site\/wp-json\/wp\/v2\/media\/8918"}],"wp:attachment":[{"href":"https:\/\/seconci.com.br\/site\/wp-json\/wp\/v2\/media?parent=8917"}],"wp:term":[{"taxonomy":"category","embeddable":true,"href":"https:\/\/seconci.com.br\/site\/wp-json\/wp\/v2\/categories?post=8917"},{"taxonomy":"post_tag","embeddable":true,"href":"https:\/\/seconci.com.br\/site\/wp-json\/wp\/v2\/tags?post=8917"}],"curies":[{"name":"wp","href":"https:\/\/api.w.org\/{rel}","templated":true}]}}