{"id":8925,"date":"2020-01-15T12:37:45","date_gmt":"2020-01-15T12:37:45","guid":{"rendered":"https:\/\/seconci.com.br\/site\/?p=8925"},"modified":"2020-01-15T12:37:45","modified_gmt":"2020-01-15T12:37:45","slug":"migracao-de-empregadores-para-esocial-so-terminara-em-2023","status":"publish","type":"post","link":"https:\/\/seconci.com.br\/site\/2020\/01\/15\/migracao-de-empregadores-para-esocial-so-terminara-em-2023\/","title":{"rendered":"Migra\u00e7\u00e3o de empregadores para eSocial s\u00f3 terminar\u00e1 em 2023"},"content":{"rendered":"<p style=\"text-align: justify;\">Sistema informatizado de presta\u00e7\u00e3o de informa\u00e7\u00f5es de empresas e trabalhadores, o\u00a0<strong>eSocial<\/strong>\u00a0s\u00f3 terminar\u00e1 de ser implementado em 2023. No fim do ano passado, o cronograma de migra\u00e7\u00e3o foi novamente adiado. Segundo a Secretaria de Trabalho do\u00a0<strong>Minist\u00e9rio da Economia<\/strong>, a mudan\u00e7a no calend\u00e1rio de obrigatoriedade se d\u00e1 para a simplifica\u00e7\u00e3o do eSocial, que ser\u00e1 publicada em breve.<\/p>\n<div style=\"text-align: justify;\">Entre as mudan\u00e7as, a obriga\u00e7\u00e3o de registro de eventos de sa\u00fade e\u00a0<strong>seguran\u00e7a do trabalhador<\/strong>\u00a0foi adiada para todos os empregadores. As<strong>\u00a0micro e pequenas empresas\u00a0<\/strong>passar\u00e3o a registrar os eventos ligados \u00e0 folha de pagamento de forma escalonada. Al\u00e9m disso, a ades\u00e3o dos \u00f3rg\u00e3os p\u00fablicos ao novo sistema ocorrer\u00e1 gradualmente, com a cria\u00e7\u00e3o de dois grupos adicionais que seguir\u00e3o novos cronogramas.<\/div>\n<div style=\"text-align: justify;\"><\/div>\n<div style=\"text-align: justify;\">Administrado pela\u00a0<strong>Receita Federal<\/strong>, o eSocial elimina 15 informa\u00e7\u00f5es peri\u00f3dicas que os empregadores eram obrigados a fornecer ao governo. Adotado para empregadores dom\u00e9sticos em 2015, o eSocial est\u00e1 sendo expandido gradualmente para todas as empresas e organiza\u00e7\u00f5es dos setores p\u00fablico e privado.<\/div>\n<div style=\"text-align: justify;\"><\/div>\n<div style=\"text-align: justify;\">A inclus\u00e3o dos dados de sa\u00fade e de seguran\u00e7a do trabalhador, que valeria a partir de 8 de janeiro para as grandes empresas, que faturam mais de R$ 78 milh\u00f5es por ano, passou para 8 de setembro deste ano. Para as m\u00e9dias empresas, que faturam at\u00e9 R$ 78 milh\u00f5es, a obriga\u00e7\u00e3o passou de 8 de julho deste ano para 8 de janeiro de 2021.<\/div>\n<div style=\"text-align: justify;\"><\/div>\n<h3 style=\"text-align: justify;\">Pequenos empregadores<\/h3>\n<div style=\"text-align: justify;\">Para o grupo 3, composto pelas micro e pequenas empresas optantes do\u00a0<strong>Simples Nacional<\/strong>, os produtores rurais, os empregadores pessoas f\u00edsicas (exceto os dom\u00e9sticos) e as entidades sem fins lucrativos, a inser\u00e7\u00e3o dos dados de sa\u00fade e seguran\u00e7a foi prorrogada em seis meses e passou para 8 de julho de 2021.<\/div>\n<div style=\"text-align: justify;\"><\/div>\n<div style=\"text-align: justify;\">Os empregadores do grupo 3 tamb\u00e9m migrar\u00e3o os registro dos eventos relativos \u00e0 folha de pagamento (sal\u00e1rios e demais remunera\u00e7\u00f5es) em etapas, conforme o d\u00edgito final do CNPJ. De acordo com a Secretaria de Trabalho, o grande n\u00famero de contribuintes desse grupo justificou o desmembramento do cronograma.<\/div>\n<div style=\"text-align: justify;\"><\/div>\n<div style=\"text-align: justify;\">O registro dos eventos da folha de pagamento no eSocial se tornaria obrigat\u00f3rio para esse grupo em 8 de janeiro. O prazo foi transferido para 8 de setembro para os empregadores com CNPJ com final de 0 a 3; 8 de outubro para CNPJ com final de 4 a 7; e 9 de novembro para empresas de CNPJ com final 8 ou 9 e para as pessoas f\u00edsicas.<\/div>\n<div style=\"text-align: justify;\"><\/div>\n<h3 style=\"text-align: justify;\">Desmembramento<\/h3>\n<div style=\"text-align: justify;\">Originalmente composto por \u00f3rg\u00e3os p\u00fablicos e organismos internacionais, o grupo 4 foi desmembrado em tr\u00eas, com a cria\u00e7\u00e3o dos grupos 5 e 6. O grupo 4 ser\u00e1 composto pelos entes p\u00fablicos federais e os organismos internacionais. O grupo 5, por entes estaduais e do Distrito Federal; e o grupo 6, por entes municipais, comiss\u00f5es polinacionais e cons\u00f3rcios p\u00fablicos.<\/div>\n<div style=\"text-align: justify;\"><\/div>\n<div style=\"text-align: justify;\">Para o grupo 4, a ades\u00e3o ao eSocial s\u00f3 come\u00e7ar\u00e1 em 8 de setembro, com o cadastro dos empregadores e a introdu\u00e7\u00e3o das tabelas de dados, e terminar\u00e1 em 10 de janeiro de 2022, com a introdu\u00e7\u00e3o dos dados de seguran\u00e7a e de sa\u00fade do trabalhador. Os grupos 5 e 6 ainda ter\u00e3o o cronograma divulgado, mas o envio das informa\u00e7\u00f5es de seguran\u00e7a e sa\u00fade j\u00e1 t\u00eam data definida para se tornarem obrigat\u00f3rios: 8 de julho de 2022 para os \u00f3rg\u00e3os estaduais e 9 de janeiro de 2023 para os \u00f3rg\u00e3os municipais e demais membros do grupo 6.<\/div>\n<div style=\"text-align: justify;\"><\/div>\n<div style=\"text-align: justify;\">O empregador que n\u00e3o cumprir os prazos estipulados para a ades\u00e3o ao eSocial estar\u00e1 sujeito a puni\u00e7\u00f5es previstas na legisla\u00e7\u00e3o. O desrespeito ao cronograma poder\u00e1 prejudicar os trabalhadores, que ter\u00e3o dificuldade para receber benef\u00edcios sociais e trabalhistas, caso o empregador n\u00e3o preste as informa\u00e7\u00f5es nas datas corretas.<\/div>\n<div><\/div>\n<div><em>Fonte: Correio Braziliense<\/em><\/div>\n","protected":false},"excerpt":{"rendered":"<p>Sistema informatizado de presta\u00e7\u00e3o de informa\u00e7\u00f5es de empresas e trabalhadores, o\u00a0eSocial\u00a0s\u00f3 terminar\u00e1 de ser implementado em 2023. No fim do ano passado, o cronograma de migra\u00e7\u00e3o foi novamente adiado. Segundo a Secretaria de Trabalho do\u00a0Minist\u00e9rio da Economia, a mudan\u00e7a no calend\u00e1rio de obrigatoriedade se d\u00e1 para a simplifica\u00e7\u00e3o do eSocial, que ser\u00e1 publicada em breve. [&hellip;]<\/p>\n","protected":false},"author":3,"featured_media":8926,"comment_status":"closed","ping_status":"closed","sticky":false,"template":"","format":"standard","meta":{"footnotes":""},"categories":[92],"tags":[],"class_list":["post-8925","post","type-post","status-publish","format-standard","has-post-thumbnail","hentry","category-seconci-brasil"],"yoast_head":"<!-- This site is optimized with the Yoast SEO plugin v26.9 - https:\/\/yoast.com\/product\/yoast-seo-wordpress\/ -->\n<title>Migra\u00e7\u00e3o de empregadores para eSocial s\u00f3 terminar\u00e1 em 2023 - Seconci Brasil<\/title>\n<meta name=\"robots\" content=\"index, follow, max-snippet:-1, max-image-preview:large, max-video-preview:-1\" \/>\n<link rel=\"canonical\" href=\"https:\/\/seconci.com.br\/site\/2020\/01\/15\/migracao-de-empregadores-para-esocial-so-terminara-em-2023\/\" \/>\n<meta property=\"og:locale\" content=\"pt_PT\" \/>\n<meta property=\"og:type\" content=\"article\" \/>\n<meta property=\"og:title\" content=\"Migra\u00e7\u00e3o de empregadores para eSocial s\u00f3 terminar\u00e1 em 2023 - Seconci Brasil\" \/>\n<meta property=\"og:description\" content=\"Sistema informatizado de presta\u00e7\u00e3o de informa\u00e7\u00f5es de empresas e trabalhadores, o\u00a0eSocial\u00a0s\u00f3 terminar\u00e1 de ser implementado em 2023. No fim do ano passado, o cronograma de migra\u00e7\u00e3o foi novamente adiado. Segundo a Secretaria de Trabalho do\u00a0Minist\u00e9rio da Economia, a mudan\u00e7a no calend\u00e1rio de obrigatoriedade se d\u00e1 para a simplifica\u00e7\u00e3o do eSocial, que ser\u00e1 publicada em breve. [&hellip;]\" \/>\n<meta property=\"og:url\" content=\"https:\/\/seconci.com.br\/site\/2020\/01\/15\/migracao-de-empregadores-para-esocial-so-terminara-em-2023\/\" \/>\n<meta property=\"og:site_name\" content=\"Seconci Brasil\" \/>\n<meta property=\"article:published_time\" content=\"2020-01-15T12:37:45+00:00\" \/>\n<meta property=\"og:image\" content=\"https:\/\/seconci.com.br\/site\/wp-content\/uploads\/2020\/01\/20200112103712650652u.jpg\" \/>\n\t<meta property=\"og:image:width\" content=\"820\" \/>\n\t<meta property=\"og:image:height\" content=\"506\" \/>\n\t<meta property=\"og:image:type\" content=\"image\/jpeg\" \/>\n<meta name=\"author\" content=\"Sidney Rocha\" \/>\n<meta name=\"twitter:card\" content=\"summary_large_image\" \/>\n<meta name=\"twitter:label1\" content=\"Escrito por\" \/>\n\t<meta name=\"twitter:data1\" content=\"Sidney Rocha\" \/>\n\t<meta name=\"twitter:label2\" content=\"Tempo estimado de leitura\" \/>\n\t<meta name=\"twitter:data2\" content=\"3 minutos\" \/>\n<script type=\"application\/ld+json\" class=\"yoast-schema-graph\">{\"@context\":\"https:\/\/schema.org\",\"@graph\":[{\"@type\":\"Article\",\"@id\":\"https:\/\/seconci.com.br\/site\/2020\/01\/15\/migracao-de-empregadores-para-esocial-so-terminara-em-2023\/#article\",\"isPartOf\":{\"@id\":\"https:\/\/seconci.com.br\/site\/2020\/01\/15\/migracao-de-empregadores-para-esocial-so-terminara-em-2023\/\"},\"author\":{\"name\":\"Sidney Rocha\",\"@id\":\"https:\/\/seconci.com.br\/site\/#\/schema\/person\/1d79afd97ddc8f2c68c1e88e298aa8e2\"},\"headline\":\"Migra\u00e7\u00e3o de empregadores para eSocial s\u00f3 terminar\u00e1 em 2023\",\"datePublished\":\"2020-01-15T12:37:45+00:00\",\"mainEntityOfPage\":{\"@id\":\"https:\/\/seconci.com.br\/site\/2020\/01\/15\/migracao-de-empregadores-para-esocial-so-terminara-em-2023\/\"},\"wordCount\":640,\"publisher\":{\"@id\":\"https:\/\/seconci.com.br\/site\/#organization\"},\"image\":{\"@id\":\"https:\/\/seconci.com.br\/site\/2020\/01\/15\/migracao-de-empregadores-para-esocial-so-terminara-em-2023\/#primaryimage\"},\"thumbnailUrl\":\"https:\/\/seconci.com.br\/site\/wp-content\/uploads\/2020\/01\/20200112103712650652u.jpg\",\"articleSection\":[\"Seconci Brasil\"],\"inLanguage\":\"pt-PT\"},{\"@type\":\"WebPage\",\"@id\":\"https:\/\/seconci.com.br\/site\/2020\/01\/15\/migracao-de-empregadores-para-esocial-so-terminara-em-2023\/\",\"url\":\"https:\/\/seconci.com.br\/site\/2020\/01\/15\/migracao-de-empregadores-para-esocial-so-terminara-em-2023\/\",\"name\":\"Migra\u00e7\u00e3o de empregadores para eSocial s\u00f3 terminar\u00e1 em 2023 - Seconci Brasil\",\"isPartOf\":{\"@id\":\"https:\/\/seconci.com.br\/site\/#website\"},\"primaryImageOfPage\":{\"@id\":\"https:\/\/seconci.com.br\/site\/2020\/01\/15\/migracao-de-empregadores-para-esocial-so-terminara-em-2023\/#primaryimage\"},\"image\":{\"@id\":\"https:\/\/seconci.com.br\/site\/2020\/01\/15\/migracao-de-empregadores-para-esocial-so-terminara-em-2023\/#primaryimage\"},\"thumbnailUrl\":\"https:\/\/seconci.com.br\/site\/wp-content\/uploads\/2020\/01\/20200112103712650652u.jpg\",\"datePublished\":\"2020-01-15T12:37:45+00:00\",\"breadcrumb\":{\"@id\":\"https:\/\/seconci.com.br\/site\/2020\/01\/15\/migracao-de-empregadores-para-esocial-so-terminara-em-2023\/#breadcrumb\"},\"inLanguage\":\"pt-PT\",\"potentialAction\":[{\"@type\":\"ReadAction\",\"target\":[\"https:\/\/seconci.com.br\/site\/2020\/01\/15\/migracao-de-empregadores-para-esocial-so-terminara-em-2023\/\"]}]},{\"@type\":\"ImageObject\",\"inLanguage\":\"pt-PT\",\"@id\":\"https:\/\/seconci.com.br\/site\/2020\/01\/15\/migracao-de-empregadores-para-esocial-so-terminara-em-2023\/#primaryimage\",\"url\":\"https:\/\/seconci.com.br\/site\/wp-content\/uploads\/2020\/01\/20200112103712650652u.jpg\",\"contentUrl\":\"https:\/\/seconci.com.br\/site\/wp-content\/uploads\/2020\/01\/20200112103712650652u.jpg\",\"width\":820,\"height\":506},{\"@type\":\"BreadcrumbList\",\"@id\":\"https:\/\/seconci.com.br\/site\/2020\/01\/15\/migracao-de-empregadores-para-esocial-so-terminara-em-2023\/#breadcrumb\",\"itemListElement\":[{\"@type\":\"ListItem\",\"position\":1,\"name\":\"In\u00edcio\",\"item\":\"https:\/\/seconci.com.br\/site\/\"},{\"@type\":\"ListItem\",\"position\":2,\"name\":\"Migra\u00e7\u00e3o de empregadores para eSocial s\u00f3 terminar\u00e1 em 2023\"}]},{\"@type\":\"WebSite\",\"@id\":\"https:\/\/seconci.com.br\/site\/#website\",\"url\":\"https:\/\/seconci.com.br\/site\/\",\"name\":\"Seconci Brasil\",\"description\":\"\",\"publisher\":{\"@id\":\"https:\/\/seconci.com.br\/site\/#organization\"},\"potentialAction\":[{\"@type\":\"SearchAction\",\"target\":{\"@type\":\"EntryPoint\",\"urlTemplate\":\"https:\/\/seconci.com.br\/site\/?s={search_term_string}\"},\"query-input\":{\"@type\":\"PropertyValueSpecification\",\"valueRequired\":true,\"valueName\":\"search_term_string\"}}],\"inLanguage\":\"pt-PT\"},{\"@type\":\"Organization\",\"@id\":\"https:\/\/seconci.com.br\/site\/#organization\",\"name\":\"Seconci Brasil\",\"url\":\"https:\/\/seconci.com.br\/site\/\",\"logo\":{\"@type\":\"ImageObject\",\"inLanguage\":\"pt-PT\",\"@id\":\"https:\/\/seconci.com.br\/site\/#\/schema\/logo\/image\/\",\"url\":\"https:\/\/seconci.com.br\/site\/wp-content\/uploads\/2024\/08\/Logo-Seconci-Brasil-branca-2.png\",\"contentUrl\":\"https:\/\/seconci.com.br\/site\/wp-content\/uploads\/2024\/08\/Logo-Seconci-Brasil-branca-2.png\",\"width\":1315,\"height\":598,\"caption\":\"Seconci Brasil\"},\"image\":{\"@id\":\"https:\/\/seconci.com.br\/site\/#\/schema\/logo\/image\/\"}},{\"@type\":\"Person\",\"@id\":\"https:\/\/seconci.com.br\/site\/#\/schema\/person\/1d79afd97ddc8f2c68c1e88e298aa8e2\",\"name\":\"Sidney Rocha\",\"description\":\"Comunicador e estagi\u00e1rio do Seconci Brasil.\",\"url\":\"https:\/\/seconci.com.br\/site\/author\/sidney-rocha\/\"}]}<\/script>\n<!-- \/ Yoast SEO plugin. -->","yoast_head_json":{"title":"Migra\u00e7\u00e3o de empregadores para eSocial s\u00f3 terminar\u00e1 em 2023 - Seconci Brasil","robots":{"index":"index","follow":"follow","max-snippet":"max-snippet:-1","max-image-preview":"max-image-preview:large","max-video-preview":"max-video-preview:-1"},"canonical":"https:\/\/seconci.com.br\/site\/2020\/01\/15\/migracao-de-empregadores-para-esocial-so-terminara-em-2023\/","og_locale":"pt_PT","og_type":"article","og_title":"Migra\u00e7\u00e3o de empregadores para eSocial s\u00f3 terminar\u00e1 em 2023 - Seconci Brasil","og_description":"Sistema informatizado de presta\u00e7\u00e3o de informa\u00e7\u00f5es de empresas e trabalhadores, o\u00a0eSocial\u00a0s\u00f3 terminar\u00e1 de ser implementado em 2023. No fim do ano passado, o cronograma de migra\u00e7\u00e3o foi novamente adiado. Segundo a Secretaria de Trabalho do\u00a0Minist\u00e9rio da Economia, a mudan\u00e7a no calend\u00e1rio de obrigatoriedade se d\u00e1 para a simplifica\u00e7\u00e3o do eSocial, que ser\u00e1 publicada em breve. [&hellip;]","og_url":"https:\/\/seconci.com.br\/site\/2020\/01\/15\/migracao-de-empregadores-para-esocial-so-terminara-em-2023\/","og_site_name":"Seconci Brasil","article_published_time":"2020-01-15T12:37:45+00:00","og_image":[{"width":820,"height":506,"url":"https:\/\/seconci.com.br\/site\/wp-content\/uploads\/2020\/01\/20200112103712650652u.jpg","type":"image\/jpeg"}],"author":"Sidney Rocha","twitter_card":"summary_large_image","twitter_misc":{"Escrito por":"Sidney Rocha","Tempo estimado de leitura":"3 minutos"},"schema":{"@context":"https:\/\/schema.org","@graph":[{"@type":"Article","@id":"https:\/\/seconci.com.br\/site\/2020\/01\/15\/migracao-de-empregadores-para-esocial-so-terminara-em-2023\/#article","isPartOf":{"@id":"https:\/\/seconci.com.br\/site\/2020\/01\/15\/migracao-de-empregadores-para-esocial-so-terminara-em-2023\/"},"author":{"name":"Sidney Rocha","@id":"https:\/\/seconci.com.br\/site\/#\/schema\/person\/1d79afd97ddc8f2c68c1e88e298aa8e2"},"headline":"Migra\u00e7\u00e3o de empregadores para eSocial s\u00f3 terminar\u00e1 em 2023","datePublished":"2020-01-15T12:37:45+00:00","mainEntityOfPage":{"@id":"https:\/\/seconci.com.br\/site\/2020\/01\/15\/migracao-de-empregadores-para-esocial-so-terminara-em-2023\/"},"wordCount":640,"publisher":{"@id":"https:\/\/seconci.com.br\/site\/#organization"},"image":{"@id":"https:\/\/seconci.com.br\/site\/2020\/01\/15\/migracao-de-empregadores-para-esocial-so-terminara-em-2023\/#primaryimage"},"thumbnailUrl":"https:\/\/seconci.com.br\/site\/wp-content\/uploads\/2020\/01\/20200112103712650652u.jpg","articleSection":["Seconci Brasil"],"inLanguage":"pt-PT"},{"@type":"WebPage","@id":"https:\/\/seconci.com.br\/site\/2020\/01\/15\/migracao-de-empregadores-para-esocial-so-terminara-em-2023\/","url":"https:\/\/seconci.com.br\/site\/2020\/01\/15\/migracao-de-empregadores-para-esocial-so-terminara-em-2023\/","name":"Migra\u00e7\u00e3o de empregadores para eSocial s\u00f3 terminar\u00e1 em 2023 - Seconci Brasil","isPartOf":{"@id":"https:\/\/seconci.com.br\/site\/#website"},"primaryImageOfPage":{"@id":"https:\/\/seconci.com.br\/site\/2020\/01\/15\/migracao-de-empregadores-para-esocial-so-terminara-em-2023\/#primaryimage"},"image":{"@id":"https:\/\/seconci.com.br\/site\/2020\/01\/15\/migracao-de-empregadores-para-esocial-so-terminara-em-2023\/#primaryimage"},"thumbnailUrl":"https:\/\/seconci.com.br\/site\/wp-content\/uploads\/2020\/01\/20200112103712650652u.jpg","datePublished":"2020-01-15T12:37:45+00:00","breadcrumb":{"@id":"https:\/\/seconci.com.br\/site\/2020\/01\/15\/migracao-de-empregadores-para-esocial-so-terminara-em-2023\/#breadcrumb"},"inLanguage":"pt-PT","potentialAction":[{"@type":"ReadAction","target":["https:\/\/seconci.com.br\/site\/2020\/01\/15\/migracao-de-empregadores-para-esocial-so-terminara-em-2023\/"]}]},{"@type":"ImageObject","inLanguage":"pt-PT","@id":"https:\/\/seconci.com.br\/site\/2020\/01\/15\/migracao-de-empregadores-para-esocial-so-terminara-em-2023\/#primaryimage","url":"https:\/\/seconci.com.br\/site\/wp-content\/uploads\/2020\/01\/20200112103712650652u.jpg","contentUrl":"https:\/\/seconci.com.br\/site\/wp-content\/uploads\/2020\/01\/20200112103712650652u.jpg","width":820,"height":506},{"@type":"BreadcrumbList","@id":"https:\/\/seconci.com.br\/site\/2020\/01\/15\/migracao-de-empregadores-para-esocial-so-terminara-em-2023\/#breadcrumb","itemListElement":[{"@type":"ListItem","position":1,"name":"In\u00edcio","item":"https:\/\/seconci.com.br\/site\/"},{"@type":"ListItem","position":2,"name":"Migra\u00e7\u00e3o de empregadores para eSocial s\u00f3 terminar\u00e1 em 2023"}]},{"@type":"WebSite","@id":"https:\/\/seconci.com.br\/site\/#website","url":"https:\/\/seconci.com.br\/site\/","name":"Seconci Brasil","description":"","publisher":{"@id":"https:\/\/seconci.com.br\/site\/#organization"},"potentialAction":[{"@type":"SearchAction","target":{"@type":"EntryPoint","urlTemplate":"https:\/\/seconci.com.br\/site\/?s={search_term_string}"},"query-input":{"@type":"PropertyValueSpecification","valueRequired":true,"valueName":"search_term_string"}}],"inLanguage":"pt-PT"},{"@type":"Organization","@id":"https:\/\/seconci.com.br\/site\/#organization","name":"Seconci Brasil","url":"https:\/\/seconci.com.br\/site\/","logo":{"@type":"ImageObject","inLanguage":"pt-PT","@id":"https:\/\/seconci.com.br\/site\/#\/schema\/logo\/image\/","url":"https:\/\/seconci.com.br\/site\/wp-content\/uploads\/2024\/08\/Logo-Seconci-Brasil-branca-2.png","contentUrl":"https:\/\/seconci.com.br\/site\/wp-content\/uploads\/2024\/08\/Logo-Seconci-Brasil-branca-2.png","width":1315,"height":598,"caption":"Seconci Brasil"},"image":{"@id":"https:\/\/seconci.com.br\/site\/#\/schema\/logo\/image\/"}},{"@type":"Person","@id":"https:\/\/seconci.com.br\/site\/#\/schema\/person\/1d79afd97ddc8f2c68c1e88e298aa8e2","name":"Sidney Rocha","description":"Comunicador e estagi\u00e1rio do Seconci Brasil.","url":"https:\/\/seconci.com.br\/site\/author\/sidney-rocha\/"}]}},"_links":{"self":[{"href":"https:\/\/seconci.com.br\/site\/wp-json\/wp\/v2\/posts\/8925","targetHints":{"allow":["GET"]}}],"collection":[{"href":"https:\/\/seconci.com.br\/site\/wp-json\/wp\/v2\/posts"}],"about":[{"href":"https:\/\/seconci.com.br\/site\/wp-json\/wp\/v2\/types\/post"}],"author":[{"embeddable":true,"href":"https:\/\/seconci.com.br\/site\/wp-json\/wp\/v2\/users\/3"}],"replies":[{"embeddable":true,"href":"https:\/\/seconci.com.br\/site\/wp-json\/wp\/v2\/comments?post=8925"}],"version-history":[{"count":0,"href":"https:\/\/seconci.com.br\/site\/wp-json\/wp\/v2\/posts\/8925\/revisions"}],"wp:featuredmedia":[{"embeddable":true,"href":"https:\/\/seconci.com.br\/site\/wp-json\/wp\/v2\/media\/8926"}],"wp:attachment":[{"href":"https:\/\/seconci.com.br\/site\/wp-json\/wp\/v2\/media?parent=8925"}],"wp:term":[{"taxonomy":"category","embeddable":true,"href":"https:\/\/seconci.com.br\/site\/wp-json\/wp\/v2\/categories?post=8925"},{"taxonomy":"post_tag","embeddable":true,"href":"https:\/\/seconci.com.br\/site\/wp-json\/wp\/v2\/tags?post=8925"}],"curies":[{"name":"wp","href":"https:\/\/api.w.org\/{rel}","templated":true}]}}