{"id":8928,"date":"2020-01-15T12:40:37","date_gmt":"2020-01-15T12:40:37","guid":{"rendered":"https:\/\/seconci.com.br\/site\/?p=8928"},"modified":"2020-01-15T12:40:37","modified_gmt":"2020-01-15T12:40:37","slug":"seconci-sp-alerta-para-os-cuidados-com-a-saude-mental","status":"publish","type":"post","link":"https:\/\/seconci.com.br\/site\/2020\/01\/15\/seconci-sp-alerta-para-os-cuidados-com-a-saude-mental\/","title":{"rendered":"Seconci-SP alerta para os cuidados com a sa\u00fade mental"},"content":{"rendered":"<p style=\"text-align: justify;\">Nada menos de 23 milh\u00f5es de brasileiros apresentam sintomas de transtornos mentais e o Brasil \u00e9 o pa\u00eds com o maior n\u00famero de pessoas ansiosas no mundo (9,3% da popula\u00e7\u00e3o). Diante destes dados da Organiza\u00e7\u00e3o Mundial da Sa\u00fade, a campanha Janeiro Branco surgiu com o intuito de promover esclarecimentos e conscientiza\u00e7\u00e3o sobre os problemas emocionais da popula\u00e7\u00e3o. E a coordenadora do\u00a0<a href=\"https:\/\/www.seconci-sp.org.br\/\">Seconci-SP<\/a>\u00a0(Servi\u00e7o Social da Constru\u00e7\u00e3o), Angela Nogueira Braga da Silva, destaca que as empresas tamb\u00e9m precisam estar atentas para a import\u00e2ncia dos cuidados com a sa\u00fade mental dos funcion\u00e1rios.<\/p>\n<p style=\"text-align: justify;\">\u201cO primeiro passo para o bem-estar mental \u00e9 reconhecer limites e buscar ajuda\u201d, afirma a coordenadora. \u201cAinda existe muito preconceito \u00e0 ida ao psiquiatra e esse \u00e9 um desafio constante para a sociedade. Por isso, \u00e9 preciso que as empresas se tornem sens\u00edveis ao tema e passem a observar mais a sa\u00fade emocional de seus colaboradores\u201d, completa.<\/p>\n<p style=\"text-align: justify;\">Desde 2014, o Seconci-SP disp\u00f5e de dois grupos de apoio aos trabalhadores da constru\u00e7\u00e3o civil paulista e seus familiares: o Grupo de Apoio e Orienta\u00e7\u00e3o no Tratamento Ambulatorial para Depend\u00eancia Qu\u00edmica e o Grupo Social de Apoio, este \u00faltimo composto majoritariamente por trabalhadores que sofrem de depress\u00e3o e ansiedade.<\/p>\n<p style=\"text-align: justify;\">\u201cAmbos os grupos contam com encontros mensais e uma equipe multidisciplinar da entidade composta por psiquiatras, nutricionistas e assistentes sociais para dar todo um suporte aos trabalhadores e familiares\u201d, explica a coordenadora.<\/p>\n<p style=\"text-align: justify;\">Em cada encontro, os especialistas abordam diferentes temas acoplados \u00e0 quest\u00e3o da sa\u00fade mental, desde luto e envelhecimento at\u00e9 tabagismo e nutri\u00e7\u00e3o. S\u00e3o realizados debates, sess\u00f5es de filmes e atividades diversas como forma de conscientiza\u00e7\u00e3o sobre o assunto.<\/p>\n<p style=\"text-align: justify;\">\u201cNo grupo dos dependentes qu\u00edmicos, h\u00e1 trabalhadores e familiares que desenvolvem transtornos mentais e o desconhecimento de algumas patologias por parte de familiares e amigos pode dificultar o tratamento. Por isso, h\u00e1 participantes que est\u00e3o em ambos os grupos de apoio\u201d, completa Angela.<\/p>\n<p style=\"text-align: justify;\">Os trabalhadores da constru\u00e7\u00e3o civil paulista e seus familiares podem obter mais informa\u00e7\u00f5es sobre os Grupos pelo telefone 11 3664-5743. Todos os contatos s\u00e3o tratados com sigilo absoluto. J\u00e1 as empresas que desejarem mais detalhes sobre as palestras e a\u00e7\u00f5es desenvolvidas pela entidade nos canteiros de obras, podem contatar o Seconci-SP por meio do telefone 11 3664-5844 ou pelo e-mail\u00a0<a href=\"mailto:relacoes.empresariais@seconci-so.org.br\">relacoes.empresariais@seconci-so.org.br<\/a>.<\/p>\n<div class=\"footer-social\">\n<div class=\"shareBtnsTop2\">\n<div class=\"fb-share-button fb_iframe_widget\" data-href=\"\" data-layout=\"button_count\"><strong><em>Fonte: Seconci-SP<\/em><\/strong><\/div>\n<\/div>\n<\/div>\n","protected":false},"excerpt":{"rendered":"<p>Nada menos de 23 milh\u00f5es de brasileiros apresentam sintomas de transtornos mentais e o Brasil \u00e9 o pa\u00eds com o maior n\u00famero de pessoas ansiosas no mundo (9,3% da popula\u00e7\u00e3o). Diante destes dados da Organiza\u00e7\u00e3o Mundial da Sa\u00fade, a campanha Janeiro Branco surgiu com o intuito de promover esclarecimentos e conscientiza\u00e7\u00e3o sobre os problemas emocionais [&hellip;]<\/p>\n","protected":false},"author":3,"featured_media":8929,"comment_status":"closed","ping_status":"closed","sticky":false,"template":"","format":"standard","meta":{"footnotes":""},"categories":[87],"tags":[],"class_list":["post-8928","post","type-post","status-publish","format-standard","has-post-thumbnail","hentry","category-seconci-sao-paulo"],"yoast_head":"<!-- This site is optimized with the Yoast SEO plugin v26.9 - https:\/\/yoast.com\/product\/yoast-seo-wordpress\/ -->\n<title>Seconci-SP alerta para os cuidados com a sa\u00fade mental - Seconci Brasil<\/title>\n<meta name=\"robots\" content=\"index, follow, max-snippet:-1, max-image-preview:large, max-video-preview:-1\" \/>\n<link rel=\"canonical\" href=\"https:\/\/seconci.com.br\/site\/2020\/01\/15\/seconci-sp-alerta-para-os-cuidados-com-a-saude-mental\/\" \/>\n<meta property=\"og:locale\" content=\"pt_PT\" \/>\n<meta property=\"og:type\" content=\"article\" \/>\n<meta property=\"og:title\" content=\"Seconci-SP alerta para os cuidados com a sa\u00fade mental - Seconci Brasil\" \/>\n<meta property=\"og:description\" content=\"Nada menos de 23 milh\u00f5es de brasileiros apresentam sintomas de transtornos mentais e o Brasil \u00e9 o pa\u00eds com o maior n\u00famero de pessoas ansiosas no mundo (9,3% da popula\u00e7\u00e3o). Diante destes dados da Organiza\u00e7\u00e3o Mundial da Sa\u00fade, a campanha Janeiro Branco surgiu com o intuito de promover esclarecimentos e conscientiza\u00e7\u00e3o sobre os problemas emocionais [&hellip;]\" \/>\n<meta property=\"og:url\" content=\"https:\/\/seconci.com.br\/site\/2020\/01\/15\/seconci-sp-alerta-para-os-cuidados-com-a-saude-mental\/\" \/>\n<meta property=\"og:site_name\" content=\"Seconci Brasil\" \/>\n<meta property=\"article:published_time\" content=\"2020-01-15T12:40:37+00:00\" \/>\n<meta property=\"og:image\" content=\"https:\/\/seconci.com.br\/site\/wp-content\/uploads\/2020\/01\/freestocks-org-nss2eRzQwgw-unsplash-300x200.jpg\" \/>\n\t<meta property=\"og:image:width\" content=\"300\" \/>\n\t<meta property=\"og:image:height\" content=\"200\" \/>\n\t<meta property=\"og:image:type\" content=\"image\/jpeg\" \/>\n<meta name=\"author\" content=\"Sidney Rocha\" \/>\n<meta name=\"twitter:card\" content=\"summary_large_image\" \/>\n<meta name=\"twitter:label1\" content=\"Escrito por\" \/>\n\t<meta name=\"twitter:data1\" content=\"Sidney Rocha\" \/>\n\t<meta name=\"twitter:label2\" content=\"Tempo estimado de leitura\" \/>\n\t<meta name=\"twitter:data2\" content=\"2 minutos\" \/>\n<script type=\"application\/ld+json\" class=\"yoast-schema-graph\">{\"@context\":\"https:\/\/schema.org\",\"@graph\":[{\"@type\":\"Article\",\"@id\":\"https:\/\/seconci.com.br\/site\/2020\/01\/15\/seconci-sp-alerta-para-os-cuidados-com-a-saude-mental\/#article\",\"isPartOf\":{\"@id\":\"https:\/\/seconci.com.br\/site\/2020\/01\/15\/seconci-sp-alerta-para-os-cuidados-com-a-saude-mental\/\"},\"author\":{\"name\":\"Sidney Rocha\",\"@id\":\"https:\/\/seconci.com.br\/site\/#\/schema\/person\/1d79afd97ddc8f2c68c1e88e298aa8e2\"},\"headline\":\"Seconci-SP alerta para os cuidados com a sa\u00fade mental\",\"datePublished\":\"2020-01-15T12:40:37+00:00\",\"mainEntityOfPage\":{\"@id\":\"https:\/\/seconci.com.br\/site\/2020\/01\/15\/seconci-sp-alerta-para-os-cuidados-com-a-saude-mental\/\"},\"wordCount\":409,\"publisher\":{\"@id\":\"https:\/\/seconci.com.br\/site\/#organization\"},\"image\":{\"@id\":\"https:\/\/seconci.com.br\/site\/2020\/01\/15\/seconci-sp-alerta-para-os-cuidados-com-a-saude-mental\/#primaryimage\"},\"thumbnailUrl\":\"https:\/\/seconci.com.br\/site\/wp-content\/uploads\/2020\/01\/freestocks-org-nss2eRzQwgw-unsplash-300x200.jpg\",\"articleSection\":[\"Seconci S\u00e3o Paulo\"],\"inLanguage\":\"pt-PT\"},{\"@type\":\"WebPage\",\"@id\":\"https:\/\/seconci.com.br\/site\/2020\/01\/15\/seconci-sp-alerta-para-os-cuidados-com-a-saude-mental\/\",\"url\":\"https:\/\/seconci.com.br\/site\/2020\/01\/15\/seconci-sp-alerta-para-os-cuidados-com-a-saude-mental\/\",\"name\":\"Seconci-SP alerta para os cuidados com a sa\u00fade mental - Seconci Brasil\",\"isPartOf\":{\"@id\":\"https:\/\/seconci.com.br\/site\/#website\"},\"primaryImageOfPage\":{\"@id\":\"https:\/\/seconci.com.br\/site\/2020\/01\/15\/seconci-sp-alerta-para-os-cuidados-com-a-saude-mental\/#primaryimage\"},\"image\":{\"@id\":\"https:\/\/seconci.com.br\/site\/2020\/01\/15\/seconci-sp-alerta-para-os-cuidados-com-a-saude-mental\/#primaryimage\"},\"thumbnailUrl\":\"https:\/\/seconci.com.br\/site\/wp-content\/uploads\/2020\/01\/freestocks-org-nss2eRzQwgw-unsplash-300x200.jpg\",\"datePublished\":\"2020-01-15T12:40:37+00:00\",\"breadcrumb\":{\"@id\":\"https:\/\/seconci.com.br\/site\/2020\/01\/15\/seconci-sp-alerta-para-os-cuidados-com-a-saude-mental\/#breadcrumb\"},\"inLanguage\":\"pt-PT\",\"potentialAction\":[{\"@type\":\"ReadAction\",\"target\":[\"https:\/\/seconci.com.br\/site\/2020\/01\/15\/seconci-sp-alerta-para-os-cuidados-com-a-saude-mental\/\"]}]},{\"@type\":\"ImageObject\",\"inLanguage\":\"pt-PT\",\"@id\":\"https:\/\/seconci.com.br\/site\/2020\/01\/15\/seconci-sp-alerta-para-os-cuidados-com-a-saude-mental\/#primaryimage\",\"url\":\"https:\/\/seconci.com.br\/site\/wp-content\/uploads\/2020\/01\/freestocks-org-nss2eRzQwgw-unsplash-300x200.jpg\",\"contentUrl\":\"https:\/\/seconci.com.br\/site\/wp-content\/uploads\/2020\/01\/freestocks-org-nss2eRzQwgw-unsplash-300x200.jpg\",\"width\":300,\"height\":200},{\"@type\":\"BreadcrumbList\",\"@id\":\"https:\/\/seconci.com.br\/site\/2020\/01\/15\/seconci-sp-alerta-para-os-cuidados-com-a-saude-mental\/#breadcrumb\",\"itemListElement\":[{\"@type\":\"ListItem\",\"position\":1,\"name\":\"In\u00edcio\",\"item\":\"https:\/\/seconci.com.br\/site\/\"},{\"@type\":\"ListItem\",\"position\":2,\"name\":\"Seconci-SP alerta para os cuidados com a sa\u00fade mental\"}]},{\"@type\":\"WebSite\",\"@id\":\"https:\/\/seconci.com.br\/site\/#website\",\"url\":\"https:\/\/seconci.com.br\/site\/\",\"name\":\"Seconci Brasil\",\"description\":\"\",\"publisher\":{\"@id\":\"https:\/\/seconci.com.br\/site\/#organization\"},\"potentialAction\":[{\"@type\":\"SearchAction\",\"target\":{\"@type\":\"EntryPoint\",\"urlTemplate\":\"https:\/\/seconci.com.br\/site\/?s={search_term_string}\"},\"query-input\":{\"@type\":\"PropertyValueSpecification\",\"valueRequired\":true,\"valueName\":\"search_term_string\"}}],\"inLanguage\":\"pt-PT\"},{\"@type\":\"Organization\",\"@id\":\"https:\/\/seconci.com.br\/site\/#organization\",\"name\":\"Seconci Brasil\",\"url\":\"https:\/\/seconci.com.br\/site\/\",\"logo\":{\"@type\":\"ImageObject\",\"inLanguage\":\"pt-PT\",\"@id\":\"https:\/\/seconci.com.br\/site\/#\/schema\/logo\/image\/\",\"url\":\"https:\/\/seconci.com.br\/site\/wp-content\/uploads\/2024\/08\/Logo-Seconci-Brasil-branca-2.png\",\"contentUrl\":\"https:\/\/seconci.com.br\/site\/wp-content\/uploads\/2024\/08\/Logo-Seconci-Brasil-branca-2.png\",\"width\":1315,\"height\":598,\"caption\":\"Seconci Brasil\"},\"image\":{\"@id\":\"https:\/\/seconci.com.br\/site\/#\/schema\/logo\/image\/\"}},{\"@type\":\"Person\",\"@id\":\"https:\/\/seconci.com.br\/site\/#\/schema\/person\/1d79afd97ddc8f2c68c1e88e298aa8e2\",\"name\":\"Sidney Rocha\",\"description\":\"Comunicador e estagi\u00e1rio do Seconci Brasil.\",\"url\":\"https:\/\/seconci.com.br\/site\/author\/sidney-rocha\/\"}]}<\/script>\n<!-- \/ Yoast SEO plugin. -->","yoast_head_json":{"title":"Seconci-SP alerta para os cuidados com a sa\u00fade mental - Seconci Brasil","robots":{"index":"index","follow":"follow","max-snippet":"max-snippet:-1","max-image-preview":"max-image-preview:large","max-video-preview":"max-video-preview:-1"},"canonical":"https:\/\/seconci.com.br\/site\/2020\/01\/15\/seconci-sp-alerta-para-os-cuidados-com-a-saude-mental\/","og_locale":"pt_PT","og_type":"article","og_title":"Seconci-SP alerta para os cuidados com a sa\u00fade mental - Seconci Brasil","og_description":"Nada menos de 23 milh\u00f5es de brasileiros apresentam sintomas de transtornos mentais e o Brasil \u00e9 o pa\u00eds com o maior n\u00famero de pessoas ansiosas no mundo (9,3% da popula\u00e7\u00e3o). Diante destes dados da Organiza\u00e7\u00e3o Mundial da Sa\u00fade, a campanha Janeiro Branco surgiu com o intuito de promover esclarecimentos e conscientiza\u00e7\u00e3o sobre os problemas emocionais [&hellip;]","og_url":"https:\/\/seconci.com.br\/site\/2020\/01\/15\/seconci-sp-alerta-para-os-cuidados-com-a-saude-mental\/","og_site_name":"Seconci Brasil","article_published_time":"2020-01-15T12:40:37+00:00","og_image":[{"width":300,"height":200,"url":"https:\/\/seconci.com.br\/site\/wp-content\/uploads\/2020\/01\/freestocks-org-nss2eRzQwgw-unsplash-300x200.jpg","type":"image\/jpeg"}],"author":"Sidney Rocha","twitter_card":"summary_large_image","twitter_misc":{"Escrito por":"Sidney Rocha","Tempo estimado de leitura":"2 minutos"},"schema":{"@context":"https:\/\/schema.org","@graph":[{"@type":"Article","@id":"https:\/\/seconci.com.br\/site\/2020\/01\/15\/seconci-sp-alerta-para-os-cuidados-com-a-saude-mental\/#article","isPartOf":{"@id":"https:\/\/seconci.com.br\/site\/2020\/01\/15\/seconci-sp-alerta-para-os-cuidados-com-a-saude-mental\/"},"author":{"name":"Sidney Rocha","@id":"https:\/\/seconci.com.br\/site\/#\/schema\/person\/1d79afd97ddc8f2c68c1e88e298aa8e2"},"headline":"Seconci-SP alerta para os cuidados com a sa\u00fade mental","datePublished":"2020-01-15T12:40:37+00:00","mainEntityOfPage":{"@id":"https:\/\/seconci.com.br\/site\/2020\/01\/15\/seconci-sp-alerta-para-os-cuidados-com-a-saude-mental\/"},"wordCount":409,"publisher":{"@id":"https:\/\/seconci.com.br\/site\/#organization"},"image":{"@id":"https:\/\/seconci.com.br\/site\/2020\/01\/15\/seconci-sp-alerta-para-os-cuidados-com-a-saude-mental\/#primaryimage"},"thumbnailUrl":"https:\/\/seconci.com.br\/site\/wp-content\/uploads\/2020\/01\/freestocks-org-nss2eRzQwgw-unsplash-300x200.jpg","articleSection":["Seconci S\u00e3o Paulo"],"inLanguage":"pt-PT"},{"@type":"WebPage","@id":"https:\/\/seconci.com.br\/site\/2020\/01\/15\/seconci-sp-alerta-para-os-cuidados-com-a-saude-mental\/","url":"https:\/\/seconci.com.br\/site\/2020\/01\/15\/seconci-sp-alerta-para-os-cuidados-com-a-saude-mental\/","name":"Seconci-SP alerta para os cuidados com a sa\u00fade mental - Seconci Brasil","isPartOf":{"@id":"https:\/\/seconci.com.br\/site\/#website"},"primaryImageOfPage":{"@id":"https:\/\/seconci.com.br\/site\/2020\/01\/15\/seconci-sp-alerta-para-os-cuidados-com-a-saude-mental\/#primaryimage"},"image":{"@id":"https:\/\/seconci.com.br\/site\/2020\/01\/15\/seconci-sp-alerta-para-os-cuidados-com-a-saude-mental\/#primaryimage"},"thumbnailUrl":"https:\/\/seconci.com.br\/site\/wp-content\/uploads\/2020\/01\/freestocks-org-nss2eRzQwgw-unsplash-300x200.jpg","datePublished":"2020-01-15T12:40:37+00:00","breadcrumb":{"@id":"https:\/\/seconci.com.br\/site\/2020\/01\/15\/seconci-sp-alerta-para-os-cuidados-com-a-saude-mental\/#breadcrumb"},"inLanguage":"pt-PT","potentialAction":[{"@type":"ReadAction","target":["https:\/\/seconci.com.br\/site\/2020\/01\/15\/seconci-sp-alerta-para-os-cuidados-com-a-saude-mental\/"]}]},{"@type":"ImageObject","inLanguage":"pt-PT","@id":"https:\/\/seconci.com.br\/site\/2020\/01\/15\/seconci-sp-alerta-para-os-cuidados-com-a-saude-mental\/#primaryimage","url":"https:\/\/seconci.com.br\/site\/wp-content\/uploads\/2020\/01\/freestocks-org-nss2eRzQwgw-unsplash-300x200.jpg","contentUrl":"https:\/\/seconci.com.br\/site\/wp-content\/uploads\/2020\/01\/freestocks-org-nss2eRzQwgw-unsplash-300x200.jpg","width":300,"height":200},{"@type":"BreadcrumbList","@id":"https:\/\/seconci.com.br\/site\/2020\/01\/15\/seconci-sp-alerta-para-os-cuidados-com-a-saude-mental\/#breadcrumb","itemListElement":[{"@type":"ListItem","position":1,"name":"In\u00edcio","item":"https:\/\/seconci.com.br\/site\/"},{"@type":"ListItem","position":2,"name":"Seconci-SP alerta para os cuidados com a sa\u00fade mental"}]},{"@type":"WebSite","@id":"https:\/\/seconci.com.br\/site\/#website","url":"https:\/\/seconci.com.br\/site\/","name":"Seconci Brasil","description":"","publisher":{"@id":"https:\/\/seconci.com.br\/site\/#organization"},"potentialAction":[{"@type":"SearchAction","target":{"@type":"EntryPoint","urlTemplate":"https:\/\/seconci.com.br\/site\/?s={search_term_string}"},"query-input":{"@type":"PropertyValueSpecification","valueRequired":true,"valueName":"search_term_string"}}],"inLanguage":"pt-PT"},{"@type":"Organization","@id":"https:\/\/seconci.com.br\/site\/#organization","name":"Seconci Brasil","url":"https:\/\/seconci.com.br\/site\/","logo":{"@type":"ImageObject","inLanguage":"pt-PT","@id":"https:\/\/seconci.com.br\/site\/#\/schema\/logo\/image\/","url":"https:\/\/seconci.com.br\/site\/wp-content\/uploads\/2024\/08\/Logo-Seconci-Brasil-branca-2.png","contentUrl":"https:\/\/seconci.com.br\/site\/wp-content\/uploads\/2024\/08\/Logo-Seconci-Brasil-branca-2.png","width":1315,"height":598,"caption":"Seconci Brasil"},"image":{"@id":"https:\/\/seconci.com.br\/site\/#\/schema\/logo\/image\/"}},{"@type":"Person","@id":"https:\/\/seconci.com.br\/site\/#\/schema\/person\/1d79afd97ddc8f2c68c1e88e298aa8e2","name":"Sidney Rocha","description":"Comunicador e estagi\u00e1rio do Seconci Brasil.","url":"https:\/\/seconci.com.br\/site\/author\/sidney-rocha\/"}]}},"_links":{"self":[{"href":"https:\/\/seconci.com.br\/site\/wp-json\/wp\/v2\/posts\/8928","targetHints":{"allow":["GET"]}}],"collection":[{"href":"https:\/\/seconci.com.br\/site\/wp-json\/wp\/v2\/posts"}],"about":[{"href":"https:\/\/seconci.com.br\/site\/wp-json\/wp\/v2\/types\/post"}],"author":[{"embeddable":true,"href":"https:\/\/seconci.com.br\/site\/wp-json\/wp\/v2\/users\/3"}],"replies":[{"embeddable":true,"href":"https:\/\/seconci.com.br\/site\/wp-json\/wp\/v2\/comments?post=8928"}],"version-history":[{"count":0,"href":"https:\/\/seconci.com.br\/site\/wp-json\/wp\/v2\/posts\/8928\/revisions"}],"wp:featuredmedia":[{"embeddable":true,"href":"https:\/\/seconci.com.br\/site\/wp-json\/wp\/v2\/media\/8929"}],"wp:attachment":[{"href":"https:\/\/seconci.com.br\/site\/wp-json\/wp\/v2\/media?parent=8928"}],"wp:term":[{"taxonomy":"category","embeddable":true,"href":"https:\/\/seconci.com.br\/site\/wp-json\/wp\/v2\/categories?post=8928"},{"taxonomy":"post_tag","embeddable":true,"href":"https:\/\/seconci.com.br\/site\/wp-json\/wp\/v2\/tags?post=8928"}],"curies":[{"name":"wp","href":"https:\/\/api.w.org\/{rel}","templated":true}]}}