{"id":8958,"date":"2020-01-24T11:20:30","date_gmt":"2020-01-24T11:20:30","guid":{"rendered":"https:\/\/seconci.com.br\/site\/?p=8958"},"modified":"2020-01-24T11:20:30","modified_gmt":"2020-01-24T11:20:30","slug":"cadeia-produtiva-e-governo-discutem-em-sp-o-futuro-da-construcao","status":"publish","type":"post","link":"https:\/\/seconci.com.br\/site\/2020\/01\/24\/cadeia-produtiva-e-governo-discutem-em-sp-o-futuro-da-construcao\/","title":{"rendered":"Cadeia produtiva e governo discutem em SP o futuro da constru\u00e7\u00e3o"},"content":{"rendered":"<p style=\"text-align: justify;\">A C\u00e2mara Brasileira da Ind\u00fastria da Constru\u00e7\u00e3o (CBIC) apresenta o projeto \u2018Constru\u00e7\u00e3o 2030\u2019 \u00e0 cadeia produtiva do setor no pr\u00f3ximo dia 4 de fevereiro, durante evento das 9h \u00e0s 12h30, em S\u00e3o Paulo. \u201cOs diversos segmentos que envolvem a constru\u00e7\u00e3o est\u00e3o se organizando em torno de um trabalho de vis\u00e3o de futuro para discutir formas de melhorar a competitividade na constru\u00e7\u00e3o civil e gerar mais empregos\u201d, ressalta o presidente da CBIC, Jos\u00e9 Carlos Martins.<\/p>\n<p style=\"text-align: justify;\">Iniciado pela CBIC em 2018, o \u2018Constru\u00e7\u00e3o 2030\u2019 foi baseado na metodologia de\u00a0<em>foresight\u00a0<\/em>\u2013 estudo de pensamento de futuro \u2013 e est\u00e1 dentre os pilares estrat\u00e9gicos da CBIC. A iniciativa est\u00e1 contida no projeto \u2018Inova\u00e7\u00e3o e Tecnologia na Ind\u00fastria da Constru\u00e7\u00e3o\u2019 da Comiss\u00e3o de Materiais, Tecnologia, Qualidade e Produtividade (Comat) da CBIC, em correaliza\u00e7\u00e3o com o Servi\u00e7o Nacional de Aprendizagem Industrial (Senai Nacional).<\/p>\n<p style=\"text-align: justify;\">O projeto, que visa manter um olhar para o futuro da constru\u00e7\u00e3o no mundo e os cen\u00e1rios para o Pa\u00eds nesse futuro, come\u00e7ou pelo \u2018Habita\u00e7\u00e3o 10 anos no Futuro \u2013 Onde estamos e para onde podemos ir\u2019, definido no referido Estudo Foresight de autoria da Comat\/CBIC.<\/p>\n<p style=\"text-align: justify;\">A proposta inicial do projeto ser\u00e1 apresentada pelo vice-presidente da \u00e1rea de Inova\u00e7\u00e3o da CBIC e presidente da Comat\/CBIC, Dionyzio Antonio Martins Klavdianos.\u00a0\u201cO projeto surgiu da necessidade de se antecipar \u00e0s mudan\u00e7as e criar o futuro desejado e n\u00e3o o poss\u00edvel\u201d, destaca Dionyzio Klavdianos.<\/p>\n<p style=\"text-align: justify;\">\n<h2 style=\"text-align: justify;\"><strong>Agenda do \u2018Constru\u00e7\u00e3o 2030\u2019<\/strong><\/h2>\n<p style=\"text-align: justify;\">A abertura do evento \u2018Constru\u00e7\u00e3o 2030\u2019 contemplar\u00e1 as seguintes apresenta\u00e7\u00f5es:<\/p>\n<ul style=\"text-align: justify;\">\n<li><strong>\u2018Oportunidades para a cadeia produtiva levar suas demandas ao Executivo, Legislativo e \u00e0 Confedera\u00e7\u00e3o Nacional da Ind\u00fastria (CNI)\u2019<\/strong>, com o presidente da CBIC, Jos\u00e9 Carlos Martins; e<\/li>\n<li><strong>\u2018A vis\u00e3o e as perspectivas do governo para a ind\u00fastria da constru\u00e7\u00e3o\u2019<\/strong>, com o secret\u00e1rio especial de Produtividade, Emprego e Competitividade do Minist\u00e9rio da Economia, Carlos da Costa.<\/li>\n<\/ul>\n<p style=\"text-align: justify;\">A programa\u00e7\u00e3o tamb\u00e9m contar\u00e1 com uma\u00a0<strong>mesa redonda sobre as \u2018Mudan\u00e7as no ambiente de neg\u00f3cios e necessidades de mudan\u00e7as na cadeia da constru\u00e7\u00e3o\u2019<\/strong>, para a qual foram convidados:<\/p>\n<ul style=\"text-align: justify;\">\n<li>Rafael Lucchesi, diretor geral do Senai Nacional<\/li>\n<li>Luiz Henrique Ceotto, s\u00f3cio s\u00eanior da Tecnoeng Consultoria<\/li>\n<li>Renato Lomonaco, gerente de projetos da Associa\u00e7\u00e3o Brasileira de Incorporadoras Imobili\u00e1rias (Abrainc)<\/li>\n<li>Wilton Caletani, consultor estrat\u00e9gico BIM (Building Information Modeling)<\/li>\n<li>Jos\u00e9 Carlos Martins, presidente da CBIC, como moderador.<\/li>\n<\/ul>\n<p style=\"text-align: justify;\">\n<h2 style=\"text-align: justify;\"><strong>Cadeia Produtiva e a nova NR 18<\/strong><\/h2>\n<p style=\"text-align: justify;\">Os participantes do \u2018Constru\u00e7\u00e3o 2030\u2019, que permanecerem em S\u00e3o Paulo, tamb\u00e9m poder\u00e3o acompanhar, a partir das 14h, na sede do Sindicato dos Trabalhadores nas Ind\u00fastrias da Constru\u00e7\u00e3o Civil de S\u00e3o Paulo (Sintracon-SP), a cerim\u00f4nia de assinatura da nova Norma Regulamentadora 18 (NR 18) que contar\u00e1, entre outras, com a presen\u00e7a do secret\u00e1rio especial de Previd\u00eancia e Trabalho do Minist\u00e9rio da Economia, Rog\u00e9rio Marinho.<\/p>\n<p style=\"text-align: justify;\">Veja mais informa\u00e7\u00f5es sobre o\u00a0<a href=\"https:\/\/cbic.org.br\/en_US\/norma-regulamentadora-da-construcao-sera-lancada-dia-4-em-sao-paulo\/\">evento de \u2018Lan\u00e7amento da nova NR 18\u2019<\/a>.<\/p>\n<p><em><strong>Fonte: Ag\u00eancia Cbic<\/strong><\/em><\/p>\n","protected":false},"excerpt":{"rendered":"<p>A C\u00e2mara Brasileira da Ind\u00fastria da Constru\u00e7\u00e3o (CBIC) apresenta o projeto \u2018Constru\u00e7\u00e3o 2030\u2019 \u00e0 cadeia produtiva do setor no pr\u00f3ximo dia 4 de fevereiro, durante evento das 9h \u00e0s 12h30, em S\u00e3o Paulo. \u201cOs diversos segmentos que envolvem a constru\u00e7\u00e3o est\u00e3o se organizando em torno de um trabalho de vis\u00e3o de futuro para discutir formas [&hellip;]<\/p>\n","protected":false},"author":3,"featured_media":8959,"comment_status":"closed","ping_status":"closed","sticky":false,"template":"","format":"standard","meta":{"footnotes":""},"categories":[92],"tags":[],"class_list":["post-8958","post","type-post","status-publish","format-standard","has-post-thumbnail","hentry","category-seconci-brasil"],"yoast_head":"<!-- This site is optimized with the Yoast SEO plugin v26.9 - https:\/\/yoast.com\/product\/yoast-seo-wordpress\/ -->\n<title>Cadeia produtiva e governo discutem em SP o futuro da constru\u00e7\u00e3o - Seconci Brasil<\/title>\n<meta name=\"robots\" content=\"index, follow, max-snippet:-1, max-image-preview:large, max-video-preview:-1\" \/>\n<link rel=\"canonical\" href=\"https:\/\/seconci.com.br\/site\/2020\/01\/24\/cadeia-produtiva-e-governo-discutem-em-sp-o-futuro-da-construcao\/\" \/>\n<meta property=\"og:locale\" content=\"pt_PT\" \/>\n<meta property=\"og:type\" content=\"article\" \/>\n<meta property=\"og:title\" content=\"Cadeia produtiva e governo discutem em SP o futuro da constru\u00e7\u00e3o - Seconci Brasil\" \/>\n<meta property=\"og:description\" content=\"A C\u00e2mara Brasileira da Ind\u00fastria da Constru\u00e7\u00e3o (CBIC) apresenta o projeto \u2018Constru\u00e7\u00e3o 2030\u2019 \u00e0 cadeia produtiva do setor no pr\u00f3ximo dia 4 de fevereiro, durante evento das 9h \u00e0s 12h30, em S\u00e3o Paulo. \u201cOs diversos segmentos que envolvem a constru\u00e7\u00e3o est\u00e3o se organizando em torno de um trabalho de vis\u00e3o de futuro para discutir formas [&hellip;]\" \/>\n<meta property=\"og:url\" content=\"https:\/\/seconci.com.br\/site\/2020\/01\/24\/cadeia-produtiva-e-governo-discutem-em-sp-o-futuro-da-construcao\/\" \/>\n<meta property=\"og:site_name\" content=\"Seconci Brasil\" \/>\n<meta property=\"article:published_time\" content=\"2020-01-24T11:20:30+00:00\" \/>\n<meta property=\"og:image\" content=\"https:\/\/seconci.com.br\/site\/wp-content\/uploads\/2020\/01\/constru\u00e7\u00e3o_2030.jpeg\" \/>\n\t<meta property=\"og:image:width\" content=\"720\" \/>\n\t<meta property=\"og:image:height\" content=\"288\" \/>\n\t<meta property=\"og:image:type\" content=\"image\/jpeg\" \/>\n<meta name=\"author\" content=\"Sidney Rocha\" \/>\n<meta name=\"twitter:card\" content=\"summary_large_image\" \/>\n<meta name=\"twitter:label1\" content=\"Escrito por\" \/>\n\t<meta name=\"twitter:data1\" content=\"Sidney Rocha\" \/>\n\t<meta name=\"twitter:label2\" content=\"Tempo estimado de leitura\" \/>\n\t<meta name=\"twitter:data2\" content=\"3 minutos\" \/>\n<script type=\"application\/ld+json\" class=\"yoast-schema-graph\">{\"@context\":\"https:\/\/schema.org\",\"@graph\":[{\"@type\":\"Article\",\"@id\":\"https:\/\/seconci.com.br\/site\/2020\/01\/24\/cadeia-produtiva-e-governo-discutem-em-sp-o-futuro-da-construcao\/#article\",\"isPartOf\":{\"@id\":\"https:\/\/seconci.com.br\/site\/2020\/01\/24\/cadeia-produtiva-e-governo-discutem-em-sp-o-futuro-da-construcao\/\"},\"author\":{\"name\":\"Sidney Rocha\",\"@id\":\"https:\/\/seconci.com.br\/site\/#\/schema\/person\/1d79afd97ddc8f2c68c1e88e298aa8e2\"},\"headline\":\"Cadeia produtiva e governo discutem em SP o futuro da constru\u00e7\u00e3o\",\"datePublished\":\"2020-01-24T11:20:30+00:00\",\"mainEntityOfPage\":{\"@id\":\"https:\/\/seconci.com.br\/site\/2020\/01\/24\/cadeia-produtiva-e-governo-discutem-em-sp-o-futuro-da-construcao\/\"},\"wordCount\":515,\"publisher\":{\"@id\":\"https:\/\/seconci.com.br\/site\/#organization\"},\"image\":{\"@id\":\"https:\/\/seconci.com.br\/site\/2020\/01\/24\/cadeia-produtiva-e-governo-discutem-em-sp-o-futuro-da-construcao\/#primaryimage\"},\"thumbnailUrl\":\"https:\/\/seconci.com.br\/site\/wp-content\/uploads\/2020\/01\/constru\u00e7\u00e3o_2030.jpeg\",\"articleSection\":[\"Seconci Brasil\"],\"inLanguage\":\"pt-PT\"},{\"@type\":\"WebPage\",\"@id\":\"https:\/\/seconci.com.br\/site\/2020\/01\/24\/cadeia-produtiva-e-governo-discutem-em-sp-o-futuro-da-construcao\/\",\"url\":\"https:\/\/seconci.com.br\/site\/2020\/01\/24\/cadeia-produtiva-e-governo-discutem-em-sp-o-futuro-da-construcao\/\",\"name\":\"Cadeia produtiva e governo discutem em SP o futuro da constru\u00e7\u00e3o - Seconci Brasil\",\"isPartOf\":{\"@id\":\"https:\/\/seconci.com.br\/site\/#website\"},\"primaryImageOfPage\":{\"@id\":\"https:\/\/seconci.com.br\/site\/2020\/01\/24\/cadeia-produtiva-e-governo-discutem-em-sp-o-futuro-da-construcao\/#primaryimage\"},\"image\":{\"@id\":\"https:\/\/seconci.com.br\/site\/2020\/01\/24\/cadeia-produtiva-e-governo-discutem-em-sp-o-futuro-da-construcao\/#primaryimage\"},\"thumbnailUrl\":\"https:\/\/seconci.com.br\/site\/wp-content\/uploads\/2020\/01\/constru\u00e7\u00e3o_2030.jpeg\",\"datePublished\":\"2020-01-24T11:20:30+00:00\",\"breadcrumb\":{\"@id\":\"https:\/\/seconci.com.br\/site\/2020\/01\/24\/cadeia-produtiva-e-governo-discutem-em-sp-o-futuro-da-construcao\/#breadcrumb\"},\"inLanguage\":\"pt-PT\",\"potentialAction\":[{\"@type\":\"ReadAction\",\"target\":[\"https:\/\/seconci.com.br\/site\/2020\/01\/24\/cadeia-produtiva-e-governo-discutem-em-sp-o-futuro-da-construcao\/\"]}]},{\"@type\":\"ImageObject\",\"inLanguage\":\"pt-PT\",\"@id\":\"https:\/\/seconci.com.br\/site\/2020\/01\/24\/cadeia-produtiva-e-governo-discutem-em-sp-o-futuro-da-construcao\/#primaryimage\",\"url\":\"https:\/\/seconci.com.br\/site\/wp-content\/uploads\/2020\/01\/constru\u00e7\u00e3o_2030.jpeg\",\"contentUrl\":\"https:\/\/seconci.com.br\/site\/wp-content\/uploads\/2020\/01\/constru\u00e7\u00e3o_2030.jpeg\",\"width\":720,\"height\":288},{\"@type\":\"BreadcrumbList\",\"@id\":\"https:\/\/seconci.com.br\/site\/2020\/01\/24\/cadeia-produtiva-e-governo-discutem-em-sp-o-futuro-da-construcao\/#breadcrumb\",\"itemListElement\":[{\"@type\":\"ListItem\",\"position\":1,\"name\":\"In\u00edcio\",\"item\":\"https:\/\/seconci.com.br\/site\/\"},{\"@type\":\"ListItem\",\"position\":2,\"name\":\"Cadeia produtiva e governo discutem em SP o futuro da constru\u00e7\u00e3o\"}]},{\"@type\":\"WebSite\",\"@id\":\"https:\/\/seconci.com.br\/site\/#website\",\"url\":\"https:\/\/seconci.com.br\/site\/\",\"name\":\"Seconci Brasil\",\"description\":\"\",\"publisher\":{\"@id\":\"https:\/\/seconci.com.br\/site\/#organization\"},\"potentialAction\":[{\"@type\":\"SearchAction\",\"target\":{\"@type\":\"EntryPoint\",\"urlTemplate\":\"https:\/\/seconci.com.br\/site\/?s={search_term_string}\"},\"query-input\":{\"@type\":\"PropertyValueSpecification\",\"valueRequired\":true,\"valueName\":\"search_term_string\"}}],\"inLanguage\":\"pt-PT\"},{\"@type\":\"Organization\",\"@id\":\"https:\/\/seconci.com.br\/site\/#organization\",\"name\":\"Seconci Brasil\",\"url\":\"https:\/\/seconci.com.br\/site\/\",\"logo\":{\"@type\":\"ImageObject\",\"inLanguage\":\"pt-PT\",\"@id\":\"https:\/\/seconci.com.br\/site\/#\/schema\/logo\/image\/\",\"url\":\"https:\/\/seconci.com.br\/site\/wp-content\/uploads\/2024\/08\/Logo-Seconci-Brasil-branca-2.png\",\"contentUrl\":\"https:\/\/seconci.com.br\/site\/wp-content\/uploads\/2024\/08\/Logo-Seconci-Brasil-branca-2.png\",\"width\":1315,\"height\":598,\"caption\":\"Seconci Brasil\"},\"image\":{\"@id\":\"https:\/\/seconci.com.br\/site\/#\/schema\/logo\/image\/\"}},{\"@type\":\"Person\",\"@id\":\"https:\/\/seconci.com.br\/site\/#\/schema\/person\/1d79afd97ddc8f2c68c1e88e298aa8e2\",\"name\":\"Sidney Rocha\",\"description\":\"Comunicador e estagi\u00e1rio do Seconci Brasil.\",\"url\":\"https:\/\/seconci.com.br\/site\/author\/sidney-rocha\/\"}]}<\/script>\n<!-- \/ Yoast SEO plugin. -->","yoast_head_json":{"title":"Cadeia produtiva e governo discutem em SP o futuro da constru\u00e7\u00e3o - Seconci Brasil","robots":{"index":"index","follow":"follow","max-snippet":"max-snippet:-1","max-image-preview":"max-image-preview:large","max-video-preview":"max-video-preview:-1"},"canonical":"https:\/\/seconci.com.br\/site\/2020\/01\/24\/cadeia-produtiva-e-governo-discutem-em-sp-o-futuro-da-construcao\/","og_locale":"pt_PT","og_type":"article","og_title":"Cadeia produtiva e governo discutem em SP o futuro da constru\u00e7\u00e3o - Seconci Brasil","og_description":"A C\u00e2mara Brasileira da Ind\u00fastria da Constru\u00e7\u00e3o (CBIC) apresenta o projeto \u2018Constru\u00e7\u00e3o 2030\u2019 \u00e0 cadeia produtiva do setor no pr\u00f3ximo dia 4 de fevereiro, durante evento das 9h \u00e0s 12h30, em S\u00e3o Paulo. \u201cOs diversos segmentos que envolvem a constru\u00e7\u00e3o est\u00e3o se organizando em torno de um trabalho de vis\u00e3o de futuro para discutir formas [&hellip;]","og_url":"https:\/\/seconci.com.br\/site\/2020\/01\/24\/cadeia-produtiva-e-governo-discutem-em-sp-o-futuro-da-construcao\/","og_site_name":"Seconci Brasil","article_published_time":"2020-01-24T11:20:30+00:00","og_image":[{"width":720,"height":288,"url":"https:\/\/seconci.com.br\/site\/wp-content\/uploads\/2020\/01\/constru\u00e7\u00e3o_2030.jpeg","type":"image\/jpeg"}],"author":"Sidney Rocha","twitter_card":"summary_large_image","twitter_misc":{"Escrito por":"Sidney Rocha","Tempo estimado de leitura":"3 minutos"},"schema":{"@context":"https:\/\/schema.org","@graph":[{"@type":"Article","@id":"https:\/\/seconci.com.br\/site\/2020\/01\/24\/cadeia-produtiva-e-governo-discutem-em-sp-o-futuro-da-construcao\/#article","isPartOf":{"@id":"https:\/\/seconci.com.br\/site\/2020\/01\/24\/cadeia-produtiva-e-governo-discutem-em-sp-o-futuro-da-construcao\/"},"author":{"name":"Sidney Rocha","@id":"https:\/\/seconci.com.br\/site\/#\/schema\/person\/1d79afd97ddc8f2c68c1e88e298aa8e2"},"headline":"Cadeia produtiva e governo discutem em SP o futuro da constru\u00e7\u00e3o","datePublished":"2020-01-24T11:20:30+00:00","mainEntityOfPage":{"@id":"https:\/\/seconci.com.br\/site\/2020\/01\/24\/cadeia-produtiva-e-governo-discutem-em-sp-o-futuro-da-construcao\/"},"wordCount":515,"publisher":{"@id":"https:\/\/seconci.com.br\/site\/#organization"},"image":{"@id":"https:\/\/seconci.com.br\/site\/2020\/01\/24\/cadeia-produtiva-e-governo-discutem-em-sp-o-futuro-da-construcao\/#primaryimage"},"thumbnailUrl":"https:\/\/seconci.com.br\/site\/wp-content\/uploads\/2020\/01\/constru\u00e7\u00e3o_2030.jpeg","articleSection":["Seconci Brasil"],"inLanguage":"pt-PT"},{"@type":"WebPage","@id":"https:\/\/seconci.com.br\/site\/2020\/01\/24\/cadeia-produtiva-e-governo-discutem-em-sp-o-futuro-da-construcao\/","url":"https:\/\/seconci.com.br\/site\/2020\/01\/24\/cadeia-produtiva-e-governo-discutem-em-sp-o-futuro-da-construcao\/","name":"Cadeia produtiva e governo discutem em SP o futuro da constru\u00e7\u00e3o - Seconci Brasil","isPartOf":{"@id":"https:\/\/seconci.com.br\/site\/#website"},"primaryImageOfPage":{"@id":"https:\/\/seconci.com.br\/site\/2020\/01\/24\/cadeia-produtiva-e-governo-discutem-em-sp-o-futuro-da-construcao\/#primaryimage"},"image":{"@id":"https:\/\/seconci.com.br\/site\/2020\/01\/24\/cadeia-produtiva-e-governo-discutem-em-sp-o-futuro-da-construcao\/#primaryimage"},"thumbnailUrl":"https:\/\/seconci.com.br\/site\/wp-content\/uploads\/2020\/01\/constru\u00e7\u00e3o_2030.jpeg","datePublished":"2020-01-24T11:20:30+00:00","breadcrumb":{"@id":"https:\/\/seconci.com.br\/site\/2020\/01\/24\/cadeia-produtiva-e-governo-discutem-em-sp-o-futuro-da-construcao\/#breadcrumb"},"inLanguage":"pt-PT","potentialAction":[{"@type":"ReadAction","target":["https:\/\/seconci.com.br\/site\/2020\/01\/24\/cadeia-produtiva-e-governo-discutem-em-sp-o-futuro-da-construcao\/"]}]},{"@type":"ImageObject","inLanguage":"pt-PT","@id":"https:\/\/seconci.com.br\/site\/2020\/01\/24\/cadeia-produtiva-e-governo-discutem-em-sp-o-futuro-da-construcao\/#primaryimage","url":"https:\/\/seconci.com.br\/site\/wp-content\/uploads\/2020\/01\/constru\u00e7\u00e3o_2030.jpeg","contentUrl":"https:\/\/seconci.com.br\/site\/wp-content\/uploads\/2020\/01\/constru\u00e7\u00e3o_2030.jpeg","width":720,"height":288},{"@type":"BreadcrumbList","@id":"https:\/\/seconci.com.br\/site\/2020\/01\/24\/cadeia-produtiva-e-governo-discutem-em-sp-o-futuro-da-construcao\/#breadcrumb","itemListElement":[{"@type":"ListItem","position":1,"name":"In\u00edcio","item":"https:\/\/seconci.com.br\/site\/"},{"@type":"ListItem","position":2,"name":"Cadeia produtiva e governo discutem em SP o futuro da constru\u00e7\u00e3o"}]},{"@type":"WebSite","@id":"https:\/\/seconci.com.br\/site\/#website","url":"https:\/\/seconci.com.br\/site\/","name":"Seconci Brasil","description":"","publisher":{"@id":"https:\/\/seconci.com.br\/site\/#organization"},"potentialAction":[{"@type":"SearchAction","target":{"@type":"EntryPoint","urlTemplate":"https:\/\/seconci.com.br\/site\/?s={search_term_string}"},"query-input":{"@type":"PropertyValueSpecification","valueRequired":true,"valueName":"search_term_string"}}],"inLanguage":"pt-PT"},{"@type":"Organization","@id":"https:\/\/seconci.com.br\/site\/#organization","name":"Seconci Brasil","url":"https:\/\/seconci.com.br\/site\/","logo":{"@type":"ImageObject","inLanguage":"pt-PT","@id":"https:\/\/seconci.com.br\/site\/#\/schema\/logo\/image\/","url":"https:\/\/seconci.com.br\/site\/wp-content\/uploads\/2024\/08\/Logo-Seconci-Brasil-branca-2.png","contentUrl":"https:\/\/seconci.com.br\/site\/wp-content\/uploads\/2024\/08\/Logo-Seconci-Brasil-branca-2.png","width":1315,"height":598,"caption":"Seconci Brasil"},"image":{"@id":"https:\/\/seconci.com.br\/site\/#\/schema\/logo\/image\/"}},{"@type":"Person","@id":"https:\/\/seconci.com.br\/site\/#\/schema\/person\/1d79afd97ddc8f2c68c1e88e298aa8e2","name":"Sidney Rocha","description":"Comunicador e estagi\u00e1rio do Seconci Brasil.","url":"https:\/\/seconci.com.br\/site\/author\/sidney-rocha\/"}]}},"_links":{"self":[{"href":"https:\/\/seconci.com.br\/site\/wp-json\/wp\/v2\/posts\/8958","targetHints":{"allow":["GET"]}}],"collection":[{"href":"https:\/\/seconci.com.br\/site\/wp-json\/wp\/v2\/posts"}],"about":[{"href":"https:\/\/seconci.com.br\/site\/wp-json\/wp\/v2\/types\/post"}],"author":[{"embeddable":true,"href":"https:\/\/seconci.com.br\/site\/wp-json\/wp\/v2\/users\/3"}],"replies":[{"embeddable":true,"href":"https:\/\/seconci.com.br\/site\/wp-json\/wp\/v2\/comments?post=8958"}],"version-history":[{"count":0,"href":"https:\/\/seconci.com.br\/site\/wp-json\/wp\/v2\/posts\/8958\/revisions"}],"wp:featuredmedia":[{"embeddable":true,"href":"https:\/\/seconci.com.br\/site\/wp-json\/wp\/v2\/media\/8959"}],"wp:attachment":[{"href":"https:\/\/seconci.com.br\/site\/wp-json\/wp\/v2\/media?parent=8958"}],"wp:term":[{"taxonomy":"category","embeddable":true,"href":"https:\/\/seconci.com.br\/site\/wp-json\/wp\/v2\/categories?post=8958"},{"taxonomy":"post_tag","embeddable":true,"href":"https:\/\/seconci.com.br\/site\/wp-json\/wp\/v2\/tags?post=8958"}],"curies":[{"name":"wp","href":"https:\/\/api.w.org\/{rel}","templated":true}]}}