{"id":8985,"date":"2020-01-31T11:21:51","date_gmt":"2020-01-31T11:21:51","guid":{"rendered":"https:\/\/seconci.com.br\/site\/?p=8985"},"modified":"2020-01-31T11:21:51","modified_gmt":"2020-01-31T11:21:51","slug":"solenidade-de-abertura-do-92o-enic-sera-na-manha-do-dia-13-de-maio","status":"publish","type":"post","link":"https:\/\/seconci.com.br\/site\/2020\/01\/31\/solenidade-de-abertura-do-92o-enic-sera-na-manha-do-dia-13-de-maio\/","title":{"rendered":"Solenidade de abertura do 92\u00ba ENIC ser\u00e1 na manh\u00e3 do dia 13 de maio"},"content":{"rendered":"<p style=\"text-align: justify;\">Cerca de 2 mil participantes est\u00e3o sendo esperados para o 92\u00ba Encontro Nacional da Ind\u00fastria da Constru\u00e7\u00e3o (ENIC) nos dias 13, 14 e 15 de maio, no Centro de Eventos Brasil 21, em Bras\u00edlia. Na edi\u00e7\u00e3o deste ano, o maior e mais importante evento da ind\u00fastria da constru\u00e7\u00e3o tratar\u00e1 de quest\u00f5es relacionadas ao tema \u2018O Futuro em Constru\u00e7\u00e3o\u2019, que traduz os interesses estrat\u00e9gicos do setor. Uma das novidades da edi\u00e7\u00e3o \u00e9 que a abertura oficial ser\u00e1 \u00e0s 9h da quarta-feira (13 de maio) e n\u00e3o mais \u00e0 noite, como nas anteriores. Confira a programa\u00e7\u00e3o.<\/p>\n<p style=\"text-align: justify;\">Oportunidade \u00fanica de\u00a0<em>networking<\/em>\u00a0e atualiza\u00e7\u00e3o, o evento reunir\u00e1 empres\u00e1rios, executivos e profissionais de todos os segmentos da cadeia produtiva da constru\u00e7\u00e3o civil, dirigentes dos Poderes Executivo, Judici\u00e1rio e Legislativo em \u00e2mbito nacional, estadual e local, personalidades e especialistas brasileiros e internacionais de engenharia e inova\u00e7\u00e3o, al\u00e9m de acad\u00eamicos e profissionais da imprensa, que acompanhar\u00e3o debates gerais e espec\u00edficos, diversificados ao longo dos tr\u00eas dias,\u00a0cada um com um tema pr\u00f3prio:<\/p>\n<ul style=\"text-align: justify;\">\n<li><strong>Impulsionando o Emprego\u00a0<\/strong>\u2013 13 de maio<\/li>\n<li><strong>Unindo For\u00e7as\u00a0<\/strong>\u201314 de maio<\/li>\n<li><strong>Prototipando o Futuro\u00a0<\/strong>\u201315 de maio<\/li>\n<\/ul>\n<p style=\"text-align: justify;\">Realizado pela CBIC, o 92\u00ba Enic conta com a correaliza\u00e7\u00e3o da Associa\u00e7\u00e3o de Empresas do Mercado Imobili\u00e1rio do Distrito Federal (Ademi-DF), da Associa\u00e7\u00e3o Brasiliense de Construtores (Asbraco) e do Sindicato da Ind\u00fastria da Constru\u00e7\u00e3o Civil do Distrito Federal (Sinduscon-DF).<\/p>\n<h2 style=\"text-align: justify;\"><strong>Descontos especiais para passagens a\u00e9reas e hospedagens<\/strong><\/h2>\n<p style=\"text-align: justify;\">Para garantir maior comodidade e facilitar a aquisi\u00e7\u00e3o de passagens e hospedagens com descontos especiais tanto para os participantes individuais quanto para grupos, a C\u00e2mara Brasileira da Ind\u00fastria da Constru\u00e7\u00e3o (CBIC) conseguiu, em parceria com a Ag\u00eancia Certa Viagens, pre\u00e7os promocionais mediante a confirma\u00e7\u00e3o da inscri\u00e7\u00e3o no ENIC, que podem ser feitas no\u00a0<a href=\"http:\/\/www.cbic.org.br\/enic92\">site do evento<\/a>.<\/p>\n<p style=\"text-align: justify;\">Mais informa\u00e7\u00f5es sobre passagens e hospedagens podem ser obtidas com S\u00e9rgio ou J\u00e9ssica, da ag\u00eancia de viagens, pelo telefone (31) 2515-4815 ou e-mails\u00a0<a href=\"mailto:sergio@certaviagens.com.br\">sergio@certaviagens.com.br<\/a>\u00a0e\u00a0<a href=\"mailto:certa@certaviagens.com.br\">certa@certaviagens.com.br<\/a>.<\/p>\n<p style=\"text-align: justify;\">Participe!<\/p>\n<p>&nbsp;<\/p>\n<p><a href=\"https:\/\/cbic.org.br\/en_US\/solenidade-de-abertura-do-92o-enic-sera-na-manha-do-dia-13-de-maio\/\">Fonte: Ag\u00eancia Cbic<\/a><\/p>\n","protected":false},"excerpt":{"rendered":"<p>Cerca de 2 mil participantes est\u00e3o sendo esperados para o 92\u00ba Encontro Nacional da Ind\u00fastria da Constru\u00e7\u00e3o (ENIC) nos dias 13, 14 e 15 de maio, no Centro de Eventos Brasil 21, em Bras\u00edlia. Na edi\u00e7\u00e3o deste ano, o maior e mais importante evento da ind\u00fastria da constru\u00e7\u00e3o tratar\u00e1 de quest\u00f5es relacionadas ao tema \u2018O [&hellip;]<\/p>\n","protected":false},"author":3,"featured_media":8986,"comment_status":"closed","ping_status":"closed","sticky":false,"template":"","format":"standard","meta":{"footnotes":""},"categories":[92],"tags":[],"class_list":["post-8985","post","type-post","status-publish","format-standard","has-post-thumbnail","hentry","category-seconci-brasil"],"yoast_head":"<!-- This site is optimized with the Yoast SEO plugin v26.9 - https:\/\/yoast.com\/product\/yoast-seo-wordpress\/ -->\n<title>Solenidade de abertura do 92\u00ba ENIC ser\u00e1 na manh\u00e3 do dia 13 de maio - Seconci Brasil<\/title>\n<meta name=\"robots\" content=\"index, follow, max-snippet:-1, max-image-preview:large, max-video-preview:-1\" \/>\n<link rel=\"canonical\" href=\"https:\/\/seconci.com.br\/site\/2020\/01\/31\/solenidade-de-abertura-do-92o-enic-sera-na-manha-do-dia-13-de-maio\/\" \/>\n<meta property=\"og:locale\" content=\"pt_PT\" \/>\n<meta property=\"og:type\" content=\"article\" \/>\n<meta property=\"og:title\" content=\"Solenidade de abertura do 92\u00ba ENIC ser\u00e1 na manh\u00e3 do dia 13 de maio - Seconci Brasil\" \/>\n<meta property=\"og:description\" content=\"Cerca de 2 mil participantes est\u00e3o sendo esperados para o 92\u00ba Encontro Nacional da Ind\u00fastria da Constru\u00e7\u00e3o (ENIC) nos dias 13, 14 e 15 de maio, no Centro de Eventos Brasil 21, em Bras\u00edlia. Na edi\u00e7\u00e3o deste ano, o maior e mais importante evento da ind\u00fastria da constru\u00e7\u00e3o tratar\u00e1 de quest\u00f5es relacionadas ao tema \u2018O [&hellip;]\" \/>\n<meta property=\"og:url\" content=\"https:\/\/seconci.com.br\/site\/2020\/01\/31\/solenidade-de-abertura-do-92o-enic-sera-na-manha-do-dia-13-de-maio\/\" \/>\n<meta property=\"og:site_name\" content=\"Seconci Brasil\" \/>\n<meta property=\"article:published_time\" content=\"2020-01-31T11:21:51+00:00\" \/>\n<meta property=\"og:image\" content=\"https:\/\/seconci.com.br\/site\/wp-content\/uploads\/2020\/01\/1-15.jpg\" \/>\n\t<meta property=\"og:image:width\" content=\"1280\" \/>\n\t<meta property=\"og:image:height\" content=\"1280\" \/>\n\t<meta property=\"og:image:type\" content=\"image\/jpeg\" \/>\n<meta name=\"author\" content=\"Sidney Rocha\" \/>\n<meta name=\"twitter:card\" content=\"summary_large_image\" \/>\n<meta name=\"twitter:label1\" content=\"Escrito por\" \/>\n\t<meta name=\"twitter:data1\" content=\"Sidney Rocha\" \/>\n\t<meta name=\"twitter:label2\" content=\"Tempo estimado de leitura\" \/>\n\t<meta name=\"twitter:data2\" content=\"2 minutos\" \/>\n<script type=\"application\/ld+json\" class=\"yoast-schema-graph\">{\"@context\":\"https:\/\/schema.org\",\"@graph\":[{\"@type\":\"Article\",\"@id\":\"https:\/\/seconci.com.br\/site\/2020\/01\/31\/solenidade-de-abertura-do-92o-enic-sera-na-manha-do-dia-13-de-maio\/#article\",\"isPartOf\":{\"@id\":\"https:\/\/seconci.com.br\/site\/2020\/01\/31\/solenidade-de-abertura-do-92o-enic-sera-na-manha-do-dia-13-de-maio\/\"},\"author\":{\"name\":\"Sidney Rocha\",\"@id\":\"https:\/\/seconci.com.br\/site\/#\/schema\/person\/1d79afd97ddc8f2c68c1e88e298aa8e2\"},\"headline\":\"Solenidade de abertura do 92\u00ba ENIC ser\u00e1 na manh\u00e3 do dia 13 de maio\",\"datePublished\":\"2020-01-31T11:21:51+00:00\",\"mainEntityOfPage\":{\"@id\":\"https:\/\/seconci.com.br\/site\/2020\/01\/31\/solenidade-de-abertura-do-92o-enic-sera-na-manha-do-dia-13-de-maio\/\"},\"wordCount\":364,\"publisher\":{\"@id\":\"https:\/\/seconci.com.br\/site\/#organization\"},\"image\":{\"@id\":\"https:\/\/seconci.com.br\/site\/2020\/01\/31\/solenidade-de-abertura-do-92o-enic-sera-na-manha-do-dia-13-de-maio\/#primaryimage\"},\"thumbnailUrl\":\"https:\/\/seconci.com.br\/site\/wp-content\/uploads\/2020\/01\/1-15.jpg\",\"articleSection\":[\"Seconci Brasil\"],\"inLanguage\":\"pt-PT\"},{\"@type\":\"WebPage\",\"@id\":\"https:\/\/seconci.com.br\/site\/2020\/01\/31\/solenidade-de-abertura-do-92o-enic-sera-na-manha-do-dia-13-de-maio\/\",\"url\":\"https:\/\/seconci.com.br\/site\/2020\/01\/31\/solenidade-de-abertura-do-92o-enic-sera-na-manha-do-dia-13-de-maio\/\",\"name\":\"Solenidade de abertura do 92\u00ba ENIC ser\u00e1 na manh\u00e3 do dia 13 de maio - Seconci Brasil\",\"isPartOf\":{\"@id\":\"https:\/\/seconci.com.br\/site\/#website\"},\"primaryImageOfPage\":{\"@id\":\"https:\/\/seconci.com.br\/site\/2020\/01\/31\/solenidade-de-abertura-do-92o-enic-sera-na-manha-do-dia-13-de-maio\/#primaryimage\"},\"image\":{\"@id\":\"https:\/\/seconci.com.br\/site\/2020\/01\/31\/solenidade-de-abertura-do-92o-enic-sera-na-manha-do-dia-13-de-maio\/#primaryimage\"},\"thumbnailUrl\":\"https:\/\/seconci.com.br\/site\/wp-content\/uploads\/2020\/01\/1-15.jpg\",\"datePublished\":\"2020-01-31T11:21:51+00:00\",\"breadcrumb\":{\"@id\":\"https:\/\/seconci.com.br\/site\/2020\/01\/31\/solenidade-de-abertura-do-92o-enic-sera-na-manha-do-dia-13-de-maio\/#breadcrumb\"},\"inLanguage\":\"pt-PT\",\"potentialAction\":[{\"@type\":\"ReadAction\",\"target\":[\"https:\/\/seconci.com.br\/site\/2020\/01\/31\/solenidade-de-abertura-do-92o-enic-sera-na-manha-do-dia-13-de-maio\/\"]}]},{\"@type\":\"ImageObject\",\"inLanguage\":\"pt-PT\",\"@id\":\"https:\/\/seconci.com.br\/site\/2020\/01\/31\/solenidade-de-abertura-do-92o-enic-sera-na-manha-do-dia-13-de-maio\/#primaryimage\",\"url\":\"https:\/\/seconci.com.br\/site\/wp-content\/uploads\/2020\/01\/1-15.jpg\",\"contentUrl\":\"https:\/\/seconci.com.br\/site\/wp-content\/uploads\/2020\/01\/1-15.jpg\",\"width\":1280,\"height\":1280},{\"@type\":\"BreadcrumbList\",\"@id\":\"https:\/\/seconci.com.br\/site\/2020\/01\/31\/solenidade-de-abertura-do-92o-enic-sera-na-manha-do-dia-13-de-maio\/#breadcrumb\",\"itemListElement\":[{\"@type\":\"ListItem\",\"position\":1,\"name\":\"In\u00edcio\",\"item\":\"https:\/\/seconci.com.br\/site\/\"},{\"@type\":\"ListItem\",\"position\":2,\"name\":\"Solenidade de abertura do 92\u00ba ENIC ser\u00e1 na manh\u00e3 do dia 13 de maio\"}]},{\"@type\":\"WebSite\",\"@id\":\"https:\/\/seconci.com.br\/site\/#website\",\"url\":\"https:\/\/seconci.com.br\/site\/\",\"name\":\"Seconci Brasil\",\"description\":\"\",\"publisher\":{\"@id\":\"https:\/\/seconci.com.br\/site\/#organization\"},\"potentialAction\":[{\"@type\":\"SearchAction\",\"target\":{\"@type\":\"EntryPoint\",\"urlTemplate\":\"https:\/\/seconci.com.br\/site\/?s={search_term_string}\"},\"query-input\":{\"@type\":\"PropertyValueSpecification\",\"valueRequired\":true,\"valueName\":\"search_term_string\"}}],\"inLanguage\":\"pt-PT\"},{\"@type\":\"Organization\",\"@id\":\"https:\/\/seconci.com.br\/site\/#organization\",\"name\":\"Seconci Brasil\",\"url\":\"https:\/\/seconci.com.br\/site\/\",\"logo\":{\"@type\":\"ImageObject\",\"inLanguage\":\"pt-PT\",\"@id\":\"https:\/\/seconci.com.br\/site\/#\/schema\/logo\/image\/\",\"url\":\"https:\/\/seconci.com.br\/site\/wp-content\/uploads\/2024\/08\/Logo-Seconci-Brasil-branca-2.png\",\"contentUrl\":\"https:\/\/seconci.com.br\/site\/wp-content\/uploads\/2024\/08\/Logo-Seconci-Brasil-branca-2.png\",\"width\":1315,\"height\":598,\"caption\":\"Seconci Brasil\"},\"image\":{\"@id\":\"https:\/\/seconci.com.br\/site\/#\/schema\/logo\/image\/\"}},{\"@type\":\"Person\",\"@id\":\"https:\/\/seconci.com.br\/site\/#\/schema\/person\/1d79afd97ddc8f2c68c1e88e298aa8e2\",\"name\":\"Sidney Rocha\",\"description\":\"Comunicador e estagi\u00e1rio do Seconci Brasil.\",\"url\":\"https:\/\/seconci.com.br\/site\/author\/sidney-rocha\/\"}]}<\/script>\n<!-- \/ Yoast SEO plugin. -->","yoast_head_json":{"title":"Solenidade de abertura do 92\u00ba ENIC ser\u00e1 na manh\u00e3 do dia 13 de maio - Seconci Brasil","robots":{"index":"index","follow":"follow","max-snippet":"max-snippet:-1","max-image-preview":"max-image-preview:large","max-video-preview":"max-video-preview:-1"},"canonical":"https:\/\/seconci.com.br\/site\/2020\/01\/31\/solenidade-de-abertura-do-92o-enic-sera-na-manha-do-dia-13-de-maio\/","og_locale":"pt_PT","og_type":"article","og_title":"Solenidade de abertura do 92\u00ba ENIC ser\u00e1 na manh\u00e3 do dia 13 de maio - Seconci Brasil","og_description":"Cerca de 2 mil participantes est\u00e3o sendo esperados para o 92\u00ba Encontro Nacional da Ind\u00fastria da Constru\u00e7\u00e3o (ENIC) nos dias 13, 14 e 15 de maio, no Centro de Eventos Brasil 21, em Bras\u00edlia. Na edi\u00e7\u00e3o deste ano, o maior e mais importante evento da ind\u00fastria da constru\u00e7\u00e3o tratar\u00e1 de quest\u00f5es relacionadas ao tema \u2018O [&hellip;]","og_url":"https:\/\/seconci.com.br\/site\/2020\/01\/31\/solenidade-de-abertura-do-92o-enic-sera-na-manha-do-dia-13-de-maio\/","og_site_name":"Seconci Brasil","article_published_time":"2020-01-31T11:21:51+00:00","og_image":[{"width":1280,"height":1280,"url":"https:\/\/seconci.com.br\/site\/wp-content\/uploads\/2020\/01\/1-15.jpg","type":"image\/jpeg"}],"author":"Sidney Rocha","twitter_card":"summary_large_image","twitter_misc":{"Escrito por":"Sidney Rocha","Tempo estimado de leitura":"2 minutos"},"schema":{"@context":"https:\/\/schema.org","@graph":[{"@type":"Article","@id":"https:\/\/seconci.com.br\/site\/2020\/01\/31\/solenidade-de-abertura-do-92o-enic-sera-na-manha-do-dia-13-de-maio\/#article","isPartOf":{"@id":"https:\/\/seconci.com.br\/site\/2020\/01\/31\/solenidade-de-abertura-do-92o-enic-sera-na-manha-do-dia-13-de-maio\/"},"author":{"name":"Sidney Rocha","@id":"https:\/\/seconci.com.br\/site\/#\/schema\/person\/1d79afd97ddc8f2c68c1e88e298aa8e2"},"headline":"Solenidade de abertura do 92\u00ba ENIC ser\u00e1 na manh\u00e3 do dia 13 de maio","datePublished":"2020-01-31T11:21:51+00:00","mainEntityOfPage":{"@id":"https:\/\/seconci.com.br\/site\/2020\/01\/31\/solenidade-de-abertura-do-92o-enic-sera-na-manha-do-dia-13-de-maio\/"},"wordCount":364,"publisher":{"@id":"https:\/\/seconci.com.br\/site\/#organization"},"image":{"@id":"https:\/\/seconci.com.br\/site\/2020\/01\/31\/solenidade-de-abertura-do-92o-enic-sera-na-manha-do-dia-13-de-maio\/#primaryimage"},"thumbnailUrl":"https:\/\/seconci.com.br\/site\/wp-content\/uploads\/2020\/01\/1-15.jpg","articleSection":["Seconci Brasil"],"inLanguage":"pt-PT"},{"@type":"WebPage","@id":"https:\/\/seconci.com.br\/site\/2020\/01\/31\/solenidade-de-abertura-do-92o-enic-sera-na-manha-do-dia-13-de-maio\/","url":"https:\/\/seconci.com.br\/site\/2020\/01\/31\/solenidade-de-abertura-do-92o-enic-sera-na-manha-do-dia-13-de-maio\/","name":"Solenidade de abertura do 92\u00ba ENIC ser\u00e1 na manh\u00e3 do dia 13 de maio - Seconci Brasil","isPartOf":{"@id":"https:\/\/seconci.com.br\/site\/#website"},"primaryImageOfPage":{"@id":"https:\/\/seconci.com.br\/site\/2020\/01\/31\/solenidade-de-abertura-do-92o-enic-sera-na-manha-do-dia-13-de-maio\/#primaryimage"},"image":{"@id":"https:\/\/seconci.com.br\/site\/2020\/01\/31\/solenidade-de-abertura-do-92o-enic-sera-na-manha-do-dia-13-de-maio\/#primaryimage"},"thumbnailUrl":"https:\/\/seconci.com.br\/site\/wp-content\/uploads\/2020\/01\/1-15.jpg","datePublished":"2020-01-31T11:21:51+00:00","breadcrumb":{"@id":"https:\/\/seconci.com.br\/site\/2020\/01\/31\/solenidade-de-abertura-do-92o-enic-sera-na-manha-do-dia-13-de-maio\/#breadcrumb"},"inLanguage":"pt-PT","potentialAction":[{"@type":"ReadAction","target":["https:\/\/seconci.com.br\/site\/2020\/01\/31\/solenidade-de-abertura-do-92o-enic-sera-na-manha-do-dia-13-de-maio\/"]}]},{"@type":"ImageObject","inLanguage":"pt-PT","@id":"https:\/\/seconci.com.br\/site\/2020\/01\/31\/solenidade-de-abertura-do-92o-enic-sera-na-manha-do-dia-13-de-maio\/#primaryimage","url":"https:\/\/seconci.com.br\/site\/wp-content\/uploads\/2020\/01\/1-15.jpg","contentUrl":"https:\/\/seconci.com.br\/site\/wp-content\/uploads\/2020\/01\/1-15.jpg","width":1280,"height":1280},{"@type":"BreadcrumbList","@id":"https:\/\/seconci.com.br\/site\/2020\/01\/31\/solenidade-de-abertura-do-92o-enic-sera-na-manha-do-dia-13-de-maio\/#breadcrumb","itemListElement":[{"@type":"ListItem","position":1,"name":"In\u00edcio","item":"https:\/\/seconci.com.br\/site\/"},{"@type":"ListItem","position":2,"name":"Solenidade de abertura do 92\u00ba ENIC ser\u00e1 na manh\u00e3 do dia 13 de maio"}]},{"@type":"WebSite","@id":"https:\/\/seconci.com.br\/site\/#website","url":"https:\/\/seconci.com.br\/site\/","name":"Seconci Brasil","description":"","publisher":{"@id":"https:\/\/seconci.com.br\/site\/#organization"},"potentialAction":[{"@type":"SearchAction","target":{"@type":"EntryPoint","urlTemplate":"https:\/\/seconci.com.br\/site\/?s={search_term_string}"},"query-input":{"@type":"PropertyValueSpecification","valueRequired":true,"valueName":"search_term_string"}}],"inLanguage":"pt-PT"},{"@type":"Organization","@id":"https:\/\/seconci.com.br\/site\/#organization","name":"Seconci Brasil","url":"https:\/\/seconci.com.br\/site\/","logo":{"@type":"ImageObject","inLanguage":"pt-PT","@id":"https:\/\/seconci.com.br\/site\/#\/schema\/logo\/image\/","url":"https:\/\/seconci.com.br\/site\/wp-content\/uploads\/2024\/08\/Logo-Seconci-Brasil-branca-2.png","contentUrl":"https:\/\/seconci.com.br\/site\/wp-content\/uploads\/2024\/08\/Logo-Seconci-Brasil-branca-2.png","width":1315,"height":598,"caption":"Seconci Brasil"},"image":{"@id":"https:\/\/seconci.com.br\/site\/#\/schema\/logo\/image\/"}},{"@type":"Person","@id":"https:\/\/seconci.com.br\/site\/#\/schema\/person\/1d79afd97ddc8f2c68c1e88e298aa8e2","name":"Sidney Rocha","description":"Comunicador e estagi\u00e1rio do Seconci Brasil.","url":"https:\/\/seconci.com.br\/site\/author\/sidney-rocha\/"}]}},"_links":{"self":[{"href":"https:\/\/seconci.com.br\/site\/wp-json\/wp\/v2\/posts\/8985","targetHints":{"allow":["GET"]}}],"collection":[{"href":"https:\/\/seconci.com.br\/site\/wp-json\/wp\/v2\/posts"}],"about":[{"href":"https:\/\/seconci.com.br\/site\/wp-json\/wp\/v2\/types\/post"}],"author":[{"embeddable":true,"href":"https:\/\/seconci.com.br\/site\/wp-json\/wp\/v2\/users\/3"}],"replies":[{"embeddable":true,"href":"https:\/\/seconci.com.br\/site\/wp-json\/wp\/v2\/comments?post=8985"}],"version-history":[{"count":0,"href":"https:\/\/seconci.com.br\/site\/wp-json\/wp\/v2\/posts\/8985\/revisions"}],"wp:featuredmedia":[{"embeddable":true,"href":"https:\/\/seconci.com.br\/site\/wp-json\/wp\/v2\/media\/8986"}],"wp:attachment":[{"href":"https:\/\/seconci.com.br\/site\/wp-json\/wp\/v2\/media?parent=8985"}],"wp:term":[{"taxonomy":"category","embeddable":true,"href":"https:\/\/seconci.com.br\/site\/wp-json\/wp\/v2\/categories?post=8985"},{"taxonomy":"post_tag","embeddable":true,"href":"https:\/\/seconci.com.br\/site\/wp-json\/wp\/v2\/tags?post=8985"}],"curies":[{"name":"wp","href":"https:\/\/api.w.org\/{rel}","templated":true}]}}