{"id":8988,"date":"2020-01-31T11:23:32","date_gmt":"2020-01-31T11:23:32","guid":{"rendered":"https:\/\/seconci.com.br\/site\/?p=8988"},"modified":"2020-01-31T11:23:32","modified_gmt":"2020-01-31T11:23:32","slug":"sao-paulo-recebe-lancamento-da-nova-norma-regulamentadora-no-18","status":"publish","type":"post","link":"https:\/\/seconci.com.br\/site\/2020\/01\/31\/sao-paulo-recebe-lancamento-da-nova-norma-regulamentadora-no-18\/","title":{"rendered":"S\u00e3o Paulo recebe lan\u00e7amento da nova Norma Regulamentadora n\u00ba 18"},"content":{"rendered":"<p style=\"text-align: justify;\">Para apresentar as atualiza\u00e7\u00f5es da Norma Regulamentadora 18 (NR 18), que trata das condi\u00e7\u00f5es e meio ambiente de trabalho na ind\u00fastria da constru\u00e7\u00e3o, a C\u00e2mara Brasileira da Ind\u00fastria da Constru\u00e7\u00e3o (CBIC) e o Servi\u00e7o Social da Ind\u00fastria (Sesi Nacional) v\u00e3o reunir no dia 4 de fevereiro, em S\u00e3o Paulo, representantes do governo, trabalhadores e empregadores que participaram da revis\u00e3o da norma.<\/p>\n<p style=\"text-align: justify;\">\u201cEssa atualiza\u00e7\u00e3o ser\u00e1 um grande avan\u00e7o para o setor. Acreditamos que, a partir dela, vai ocorrer um aumento de competitividade das empresas brasileiras, com est\u00edmulo \u00e0 economia e \u00e0 gera\u00e7\u00e3o de empregos\u201d, menciona o presidente da C\u00e2mara Brasileira da Ind\u00fastria da Constru\u00e7\u00e3o (CBIC), Jos\u00e9 Carlos Martins ao destacar a import\u00e2ncia do tema para a sociedade.<\/p>\n<p style=\"text-align: justify;\">A solenidade de assinatura da nova NR 18 ser\u00e1 \u00e0s 14h, no Sindicato dos Trabalhadores das Ind\u00fastrias da Constru\u00e7\u00e3o Civil de S\u00e3o Paulo (Sintracon-SP). O evento ser\u00e1 \u00e0s 14h e ser\u00e1 transmitido ao vivo pela\u00a0<a href=\"https:\/\/www.youtube.com\/channel\/UCgN4gOIYYT9-t4NVr2IoIsQ\"><strong>p\u00e1gina da CBIC<\/strong><\/a>\u00a0no Youtube.<\/p>\n<p style=\"text-align: justify;\">Ap\u00f3s a publica\u00e7\u00e3o da nova NR 18 no Di\u00e1rio Oficial da Uni\u00e3o (DOU), o setor ter\u00e1 um ano\u00a0para se adaptar \u00e0s mudan\u00e7as, a partir da data de publica\u00e7\u00e3o.<\/p>\n<p style=\"text-align: justify;\">Participam do evento o secret\u00e1rio Especial de Previd\u00eancia e Trabalho do Minist\u00e9rio da Economia, Rog\u00e9rio Marinho, e o presidente da CBIC, Jos\u00e9 Carlos Martins, entre outros convidados e empres\u00e1rios, representantes de entidades e auditores fiscais do trabalho.<\/p>\n<p style=\"text-align: justify;\">O evento tem interface com o projeto \u201cRealiza\u00e7\u00e3o\/Participa\u00e7\u00e3o de\/em Eventos para Discutir e Disseminar a Import\u00e2ncia da Seguran\u00e7a e Sa\u00fade no Trabalho para o Setor e\/ou o Aprimoramento das Rela\u00e7\u00f5es de Trabalho na Ind\u00fastria da Constru\u00e7\u00e3o\u201d, desenvolvido pela CBIC e pelo Sesi Nacional.<\/p>\n<p><a href=\"https:\/\/cbic.org.br\/en_US\/nova-nr-18-sera-lancada-no-dia-4-em-sao-paulo\/\">Fonte: Ag\u00eancia Cbic<\/a><\/p>\n","protected":false},"excerpt":{"rendered":"<p>Para apresentar as atualiza\u00e7\u00f5es da Norma Regulamentadora 18 (NR 18), que trata das condi\u00e7\u00f5es e meio ambiente de trabalho na ind\u00fastria da constru\u00e7\u00e3o, a C\u00e2mara Brasileira da Ind\u00fastria da Constru\u00e7\u00e3o (CBIC) e o Servi\u00e7o Social da Ind\u00fastria (Sesi Nacional) v\u00e3o reunir no dia 4 de fevereiro, em S\u00e3o Paulo, representantes do governo, trabalhadores e empregadores [&hellip;]<\/p>\n","protected":false},"author":3,"featured_media":8989,"comment_status":"closed","ping_status":"closed","sticky":false,"template":"","format":"standard","meta":{"footnotes":""},"categories":[92],"tags":[],"class_list":["post-8988","post","type-post","status-publish","format-standard","has-post-thumbnail","hentry","category-seconci-brasil"],"yoast_head":"<!-- This site is optimized with the Yoast SEO plugin v26.9 - https:\/\/yoast.com\/product\/yoast-seo-wordpress\/ -->\n<title>S\u00e3o Paulo recebe lan\u00e7amento da nova Norma Regulamentadora n\u00ba 18 - Seconci Brasil<\/title>\n<meta name=\"robots\" content=\"index, follow, max-snippet:-1, max-image-preview:large, max-video-preview:-1\" \/>\n<link rel=\"canonical\" href=\"https:\/\/seconci.com.br\/site\/2020\/01\/31\/sao-paulo-recebe-lancamento-da-nova-norma-regulamentadora-no-18\/\" \/>\n<meta property=\"og:locale\" content=\"pt_PT\" \/>\n<meta property=\"og:type\" content=\"article\" \/>\n<meta property=\"og:title\" content=\"S\u00e3o Paulo recebe lan\u00e7amento da nova Norma Regulamentadora n\u00ba 18 - Seconci Brasil\" \/>\n<meta property=\"og:description\" content=\"Para apresentar as atualiza\u00e7\u00f5es da Norma Regulamentadora 18 (NR 18), que trata das condi\u00e7\u00f5es e meio ambiente de trabalho na ind\u00fastria da constru\u00e7\u00e3o, a C\u00e2mara Brasileira da Ind\u00fastria da Constru\u00e7\u00e3o (CBIC) e o Servi\u00e7o Social da Ind\u00fastria (Sesi Nacional) v\u00e3o reunir no dia 4 de fevereiro, em S\u00e3o Paulo, representantes do governo, trabalhadores e empregadores [&hellip;]\" \/>\n<meta property=\"og:url\" content=\"https:\/\/seconci.com.br\/site\/2020\/01\/31\/sao-paulo-recebe-lancamento-da-nova-norma-regulamentadora-no-18\/\" \/>\n<meta property=\"og:site_name\" content=\"Seconci Brasil\" \/>\n<meta property=\"article:published_time\" content=\"2020-01-31T11:23:32+00:00\" \/>\n<meta property=\"og:image\" content=\"https:\/\/seconci.com.br\/site\/wp-content\/uploads\/2020\/01\/WhatsApp-Image-2020-01-30-at-12.46.32.jpeg\" \/>\n\t<meta property=\"og:image:width\" content=\"973\" \/>\n\t<meta property=\"og:image:height\" content=\"974\" \/>\n\t<meta property=\"og:image:type\" content=\"image\/jpeg\" \/>\n<meta name=\"author\" content=\"Sidney Rocha\" \/>\n<meta name=\"twitter:card\" content=\"summary_large_image\" \/>\n<meta name=\"twitter:label1\" content=\"Escrito por\" \/>\n\t<meta name=\"twitter:data1\" content=\"Sidney Rocha\" \/>\n\t<meta name=\"twitter:label2\" content=\"Tempo estimado de leitura\" \/>\n\t<meta name=\"twitter:data2\" content=\"2 minutos\" \/>\n<script type=\"application\/ld+json\" class=\"yoast-schema-graph\">{\"@context\":\"https:\/\/schema.org\",\"@graph\":[{\"@type\":\"Article\",\"@id\":\"https:\/\/seconci.com.br\/site\/2020\/01\/31\/sao-paulo-recebe-lancamento-da-nova-norma-regulamentadora-no-18\/#article\",\"isPartOf\":{\"@id\":\"https:\/\/seconci.com.br\/site\/2020\/01\/31\/sao-paulo-recebe-lancamento-da-nova-norma-regulamentadora-no-18\/\"},\"author\":{\"name\":\"Sidney Rocha\",\"@id\":\"https:\/\/seconci.com.br\/site\/#\/schema\/person\/1d79afd97ddc8f2c68c1e88e298aa8e2\"},\"headline\":\"S\u00e3o Paulo recebe lan\u00e7amento da nova Norma Regulamentadora n\u00ba 18\",\"datePublished\":\"2020-01-31T11:23:32+00:00\",\"mainEntityOfPage\":{\"@id\":\"https:\/\/seconci.com.br\/site\/2020\/01\/31\/sao-paulo-recebe-lancamento-da-nova-norma-regulamentadora-no-18\/\"},\"wordCount\":319,\"publisher\":{\"@id\":\"https:\/\/seconci.com.br\/site\/#organization\"},\"image\":{\"@id\":\"https:\/\/seconci.com.br\/site\/2020\/01\/31\/sao-paulo-recebe-lancamento-da-nova-norma-regulamentadora-no-18\/#primaryimage\"},\"thumbnailUrl\":\"https:\/\/seconci.com.br\/site\/wp-content\/uploads\/2020\/01\/WhatsApp-Image-2020-01-30-at-12.46.32.jpeg\",\"articleSection\":[\"Seconci Brasil\"],\"inLanguage\":\"pt-PT\"},{\"@type\":\"WebPage\",\"@id\":\"https:\/\/seconci.com.br\/site\/2020\/01\/31\/sao-paulo-recebe-lancamento-da-nova-norma-regulamentadora-no-18\/\",\"url\":\"https:\/\/seconci.com.br\/site\/2020\/01\/31\/sao-paulo-recebe-lancamento-da-nova-norma-regulamentadora-no-18\/\",\"name\":\"S\u00e3o Paulo recebe lan\u00e7amento da nova Norma Regulamentadora n\u00ba 18 - Seconci Brasil\",\"isPartOf\":{\"@id\":\"https:\/\/seconci.com.br\/site\/#website\"},\"primaryImageOfPage\":{\"@id\":\"https:\/\/seconci.com.br\/site\/2020\/01\/31\/sao-paulo-recebe-lancamento-da-nova-norma-regulamentadora-no-18\/#primaryimage\"},\"image\":{\"@id\":\"https:\/\/seconci.com.br\/site\/2020\/01\/31\/sao-paulo-recebe-lancamento-da-nova-norma-regulamentadora-no-18\/#primaryimage\"},\"thumbnailUrl\":\"https:\/\/seconci.com.br\/site\/wp-content\/uploads\/2020\/01\/WhatsApp-Image-2020-01-30-at-12.46.32.jpeg\",\"datePublished\":\"2020-01-31T11:23:32+00:00\",\"breadcrumb\":{\"@id\":\"https:\/\/seconci.com.br\/site\/2020\/01\/31\/sao-paulo-recebe-lancamento-da-nova-norma-regulamentadora-no-18\/#breadcrumb\"},\"inLanguage\":\"pt-PT\",\"potentialAction\":[{\"@type\":\"ReadAction\",\"target\":[\"https:\/\/seconci.com.br\/site\/2020\/01\/31\/sao-paulo-recebe-lancamento-da-nova-norma-regulamentadora-no-18\/\"]}]},{\"@type\":\"ImageObject\",\"inLanguage\":\"pt-PT\",\"@id\":\"https:\/\/seconci.com.br\/site\/2020\/01\/31\/sao-paulo-recebe-lancamento-da-nova-norma-regulamentadora-no-18\/#primaryimage\",\"url\":\"https:\/\/seconci.com.br\/site\/wp-content\/uploads\/2020\/01\/WhatsApp-Image-2020-01-30-at-12.46.32.jpeg\",\"contentUrl\":\"https:\/\/seconci.com.br\/site\/wp-content\/uploads\/2020\/01\/WhatsApp-Image-2020-01-30-at-12.46.32.jpeg\",\"width\":973,\"height\":974},{\"@type\":\"BreadcrumbList\",\"@id\":\"https:\/\/seconci.com.br\/site\/2020\/01\/31\/sao-paulo-recebe-lancamento-da-nova-norma-regulamentadora-no-18\/#breadcrumb\",\"itemListElement\":[{\"@type\":\"ListItem\",\"position\":1,\"name\":\"In\u00edcio\",\"item\":\"https:\/\/seconci.com.br\/site\/\"},{\"@type\":\"ListItem\",\"position\":2,\"name\":\"S\u00e3o Paulo recebe lan\u00e7amento da nova Norma Regulamentadora n\u00ba 18\"}]},{\"@type\":\"WebSite\",\"@id\":\"https:\/\/seconci.com.br\/site\/#website\",\"url\":\"https:\/\/seconci.com.br\/site\/\",\"name\":\"Seconci Brasil\",\"description\":\"\",\"publisher\":{\"@id\":\"https:\/\/seconci.com.br\/site\/#organization\"},\"potentialAction\":[{\"@type\":\"SearchAction\",\"target\":{\"@type\":\"EntryPoint\",\"urlTemplate\":\"https:\/\/seconci.com.br\/site\/?s={search_term_string}\"},\"query-input\":{\"@type\":\"PropertyValueSpecification\",\"valueRequired\":true,\"valueName\":\"search_term_string\"}}],\"inLanguage\":\"pt-PT\"},{\"@type\":\"Organization\",\"@id\":\"https:\/\/seconci.com.br\/site\/#organization\",\"name\":\"Seconci Brasil\",\"url\":\"https:\/\/seconci.com.br\/site\/\",\"logo\":{\"@type\":\"ImageObject\",\"inLanguage\":\"pt-PT\",\"@id\":\"https:\/\/seconci.com.br\/site\/#\/schema\/logo\/image\/\",\"url\":\"https:\/\/seconci.com.br\/site\/wp-content\/uploads\/2024\/08\/Logo-Seconci-Brasil-branca-2.png\",\"contentUrl\":\"https:\/\/seconci.com.br\/site\/wp-content\/uploads\/2024\/08\/Logo-Seconci-Brasil-branca-2.png\",\"width\":1315,\"height\":598,\"caption\":\"Seconci Brasil\"},\"image\":{\"@id\":\"https:\/\/seconci.com.br\/site\/#\/schema\/logo\/image\/\"}},{\"@type\":\"Person\",\"@id\":\"https:\/\/seconci.com.br\/site\/#\/schema\/person\/1d79afd97ddc8f2c68c1e88e298aa8e2\",\"name\":\"Sidney Rocha\",\"description\":\"Comunicador e estagi\u00e1rio do Seconci Brasil.\",\"url\":\"https:\/\/seconci.com.br\/site\/author\/sidney-rocha\/\"}]}<\/script>\n<!-- \/ Yoast SEO plugin. -->","yoast_head_json":{"title":"S\u00e3o Paulo recebe lan\u00e7amento da nova Norma Regulamentadora n\u00ba 18 - Seconci Brasil","robots":{"index":"index","follow":"follow","max-snippet":"max-snippet:-1","max-image-preview":"max-image-preview:large","max-video-preview":"max-video-preview:-1"},"canonical":"https:\/\/seconci.com.br\/site\/2020\/01\/31\/sao-paulo-recebe-lancamento-da-nova-norma-regulamentadora-no-18\/","og_locale":"pt_PT","og_type":"article","og_title":"S\u00e3o Paulo recebe lan\u00e7amento da nova Norma Regulamentadora n\u00ba 18 - Seconci Brasil","og_description":"Para apresentar as atualiza\u00e7\u00f5es da Norma Regulamentadora 18 (NR 18), que trata das condi\u00e7\u00f5es e meio ambiente de trabalho na ind\u00fastria da constru\u00e7\u00e3o, a C\u00e2mara Brasileira da Ind\u00fastria da Constru\u00e7\u00e3o (CBIC) e o Servi\u00e7o Social da Ind\u00fastria (Sesi Nacional) v\u00e3o reunir no dia 4 de fevereiro, em S\u00e3o Paulo, representantes do governo, trabalhadores e empregadores [&hellip;]","og_url":"https:\/\/seconci.com.br\/site\/2020\/01\/31\/sao-paulo-recebe-lancamento-da-nova-norma-regulamentadora-no-18\/","og_site_name":"Seconci Brasil","article_published_time":"2020-01-31T11:23:32+00:00","og_image":[{"width":973,"height":974,"url":"https:\/\/seconci.com.br\/site\/wp-content\/uploads\/2020\/01\/WhatsApp-Image-2020-01-30-at-12.46.32.jpeg","type":"image\/jpeg"}],"author":"Sidney Rocha","twitter_card":"summary_large_image","twitter_misc":{"Escrito por":"Sidney Rocha","Tempo estimado de leitura":"2 minutos"},"schema":{"@context":"https:\/\/schema.org","@graph":[{"@type":"Article","@id":"https:\/\/seconci.com.br\/site\/2020\/01\/31\/sao-paulo-recebe-lancamento-da-nova-norma-regulamentadora-no-18\/#article","isPartOf":{"@id":"https:\/\/seconci.com.br\/site\/2020\/01\/31\/sao-paulo-recebe-lancamento-da-nova-norma-regulamentadora-no-18\/"},"author":{"name":"Sidney Rocha","@id":"https:\/\/seconci.com.br\/site\/#\/schema\/person\/1d79afd97ddc8f2c68c1e88e298aa8e2"},"headline":"S\u00e3o Paulo recebe lan\u00e7amento da nova Norma Regulamentadora n\u00ba 18","datePublished":"2020-01-31T11:23:32+00:00","mainEntityOfPage":{"@id":"https:\/\/seconci.com.br\/site\/2020\/01\/31\/sao-paulo-recebe-lancamento-da-nova-norma-regulamentadora-no-18\/"},"wordCount":319,"publisher":{"@id":"https:\/\/seconci.com.br\/site\/#organization"},"image":{"@id":"https:\/\/seconci.com.br\/site\/2020\/01\/31\/sao-paulo-recebe-lancamento-da-nova-norma-regulamentadora-no-18\/#primaryimage"},"thumbnailUrl":"https:\/\/seconci.com.br\/site\/wp-content\/uploads\/2020\/01\/WhatsApp-Image-2020-01-30-at-12.46.32.jpeg","articleSection":["Seconci Brasil"],"inLanguage":"pt-PT"},{"@type":"WebPage","@id":"https:\/\/seconci.com.br\/site\/2020\/01\/31\/sao-paulo-recebe-lancamento-da-nova-norma-regulamentadora-no-18\/","url":"https:\/\/seconci.com.br\/site\/2020\/01\/31\/sao-paulo-recebe-lancamento-da-nova-norma-regulamentadora-no-18\/","name":"S\u00e3o Paulo recebe lan\u00e7amento da nova Norma Regulamentadora n\u00ba 18 - Seconci Brasil","isPartOf":{"@id":"https:\/\/seconci.com.br\/site\/#website"},"primaryImageOfPage":{"@id":"https:\/\/seconci.com.br\/site\/2020\/01\/31\/sao-paulo-recebe-lancamento-da-nova-norma-regulamentadora-no-18\/#primaryimage"},"image":{"@id":"https:\/\/seconci.com.br\/site\/2020\/01\/31\/sao-paulo-recebe-lancamento-da-nova-norma-regulamentadora-no-18\/#primaryimage"},"thumbnailUrl":"https:\/\/seconci.com.br\/site\/wp-content\/uploads\/2020\/01\/WhatsApp-Image-2020-01-30-at-12.46.32.jpeg","datePublished":"2020-01-31T11:23:32+00:00","breadcrumb":{"@id":"https:\/\/seconci.com.br\/site\/2020\/01\/31\/sao-paulo-recebe-lancamento-da-nova-norma-regulamentadora-no-18\/#breadcrumb"},"inLanguage":"pt-PT","potentialAction":[{"@type":"ReadAction","target":["https:\/\/seconci.com.br\/site\/2020\/01\/31\/sao-paulo-recebe-lancamento-da-nova-norma-regulamentadora-no-18\/"]}]},{"@type":"ImageObject","inLanguage":"pt-PT","@id":"https:\/\/seconci.com.br\/site\/2020\/01\/31\/sao-paulo-recebe-lancamento-da-nova-norma-regulamentadora-no-18\/#primaryimage","url":"https:\/\/seconci.com.br\/site\/wp-content\/uploads\/2020\/01\/WhatsApp-Image-2020-01-30-at-12.46.32.jpeg","contentUrl":"https:\/\/seconci.com.br\/site\/wp-content\/uploads\/2020\/01\/WhatsApp-Image-2020-01-30-at-12.46.32.jpeg","width":973,"height":974},{"@type":"BreadcrumbList","@id":"https:\/\/seconci.com.br\/site\/2020\/01\/31\/sao-paulo-recebe-lancamento-da-nova-norma-regulamentadora-no-18\/#breadcrumb","itemListElement":[{"@type":"ListItem","position":1,"name":"In\u00edcio","item":"https:\/\/seconci.com.br\/site\/"},{"@type":"ListItem","position":2,"name":"S\u00e3o Paulo recebe lan\u00e7amento da nova Norma Regulamentadora n\u00ba 18"}]},{"@type":"WebSite","@id":"https:\/\/seconci.com.br\/site\/#website","url":"https:\/\/seconci.com.br\/site\/","name":"Seconci Brasil","description":"","publisher":{"@id":"https:\/\/seconci.com.br\/site\/#organization"},"potentialAction":[{"@type":"SearchAction","target":{"@type":"EntryPoint","urlTemplate":"https:\/\/seconci.com.br\/site\/?s={search_term_string}"},"query-input":{"@type":"PropertyValueSpecification","valueRequired":true,"valueName":"search_term_string"}}],"inLanguage":"pt-PT"},{"@type":"Organization","@id":"https:\/\/seconci.com.br\/site\/#organization","name":"Seconci Brasil","url":"https:\/\/seconci.com.br\/site\/","logo":{"@type":"ImageObject","inLanguage":"pt-PT","@id":"https:\/\/seconci.com.br\/site\/#\/schema\/logo\/image\/","url":"https:\/\/seconci.com.br\/site\/wp-content\/uploads\/2024\/08\/Logo-Seconci-Brasil-branca-2.png","contentUrl":"https:\/\/seconci.com.br\/site\/wp-content\/uploads\/2024\/08\/Logo-Seconci-Brasil-branca-2.png","width":1315,"height":598,"caption":"Seconci Brasil"},"image":{"@id":"https:\/\/seconci.com.br\/site\/#\/schema\/logo\/image\/"}},{"@type":"Person","@id":"https:\/\/seconci.com.br\/site\/#\/schema\/person\/1d79afd97ddc8f2c68c1e88e298aa8e2","name":"Sidney Rocha","description":"Comunicador e estagi\u00e1rio do Seconci Brasil.","url":"https:\/\/seconci.com.br\/site\/author\/sidney-rocha\/"}]}},"_links":{"self":[{"href":"https:\/\/seconci.com.br\/site\/wp-json\/wp\/v2\/posts\/8988","targetHints":{"allow":["GET"]}}],"collection":[{"href":"https:\/\/seconci.com.br\/site\/wp-json\/wp\/v2\/posts"}],"about":[{"href":"https:\/\/seconci.com.br\/site\/wp-json\/wp\/v2\/types\/post"}],"author":[{"embeddable":true,"href":"https:\/\/seconci.com.br\/site\/wp-json\/wp\/v2\/users\/3"}],"replies":[{"embeddable":true,"href":"https:\/\/seconci.com.br\/site\/wp-json\/wp\/v2\/comments?post=8988"}],"version-history":[{"count":0,"href":"https:\/\/seconci.com.br\/site\/wp-json\/wp\/v2\/posts\/8988\/revisions"}],"wp:featuredmedia":[{"embeddable":true,"href":"https:\/\/seconci.com.br\/site\/wp-json\/wp\/v2\/media\/8989"}],"wp:attachment":[{"href":"https:\/\/seconci.com.br\/site\/wp-json\/wp\/v2\/media?parent=8988"}],"wp:term":[{"taxonomy":"category","embeddable":true,"href":"https:\/\/seconci.com.br\/site\/wp-json\/wp\/v2\/categories?post=8988"},{"taxonomy":"post_tag","embeddable":true,"href":"https:\/\/seconci.com.br\/site\/wp-json\/wp\/v2\/tags?post=8988"}],"curies":[{"name":"wp","href":"https:\/\/api.w.org\/{rel}","templated":true}]}}