{"id":8994,"date":"2020-02-04T13:18:03","date_gmt":"2020-02-04T13:18:03","guid":{"rendered":"https:\/\/seconci.com.br\/site\/?p=8994"},"modified":"2020-02-04T13:18:03","modified_gmt":"2020-02-04T13:18:03","slug":"projeto-para-qualificacao-de-mulheres-na-construcao-civil-abre-vagas-no-rj","status":"publish","type":"post","link":"https:\/\/seconci.com.br\/site\/2020\/02\/04\/projeto-para-qualificacao-de-mulheres-na-construcao-civil-abre-vagas-no-rj\/","title":{"rendered":"Projeto para qualifica\u00e7\u00e3o de mulheres na constru\u00e7\u00e3o civil abre vagas no RJ"},"content":{"rendered":"<p style=\"text-align: justify;\"><em>Podem se inscrever mulheres de baixa renda, com idades entre 18 a 45 anos, e que tenham o 5\u00ba ano do Ensino Fundamental, no m\u00ednimo.<\/em><\/p>\n<p style=\"text-align: justify;\">O projeto M\u00e3o na Massa &#8211; Mulheres na Constru\u00e7\u00e3o Civil abre esta semana 60 vagas para o curso gratuito para formar mulheres na profiss\u00e3o de pedreira e pintora. As inscri\u00e7\u00f5es acontecem desta segunda-feira (3) at\u00e9 quarta-feira, de 8h \u00e0s 12h, e podem ser feitas na sede da Faetec de Itabora\u00ed, na Regi\u00e3o Metropolitana do Rio.<\/p>\n<p style=\"text-align: justify;\">A entrevista ser\u00e1 feita no local. Podem se inscrever mulheres de baixa renda, com idades entre 18 a 45 anos, e que tenham o 5\u00ba ano do Ensino Fundamental, no m\u00ednimo. A prioridade do projeto, que \u00e9 realizado pelo Instituto Maria Imaculada, com patroc\u00ednio da Petrobras, ser\u00e1 dada a mulheres em situa\u00e7\u00e3o de vulnerabilidade econ\u00f4mica e social.<\/p>\n<p style=\"text-align: justify;\">Ao todo, ser\u00e3o cinco meses de aulas te\u00f3ricas ministradas por engenheira e t\u00e9cnica de edifica\u00e7\u00f5es, com entrega de certificado ao final. Os tr\u00eas \u00faltimos meses s\u00e3o cobertos com bolsa-aux\u00edlio. Como forma de incentivar o ingresso no mercado profissional, as participantes recebem vestu\u00e1rio profissional e equipamento de prote\u00e7\u00e3o individual, lanche, vale-transporte e kit de ferramentas. Informa\u00e7\u00f5es: (21) 3147-5100, pelo site e e-mail: contato@projetomaonamassa.org.br.<\/p>\n<p style=\"text-align: justify;\">Servi\u00e7o<br \/>\nM\u00e3o na Massa \u2013 Mulheres na Constru\u00e7\u00e3o Civil: forma\u00e7\u00e3o como pedreira e pintora<\/p>\n<p style=\"text-align: justify;\">Inscri\u00e7\u00f5es: De 3 a 5\/02, das 8h \u00e0s 12h<\/p>\n<p style=\"text-align: justify;\">Onde: Sede da FAETEC Itabora\u00ed (Av. Ant\u00f4nio Gomes, 1260, Amplia\u00e7\u00e3o)<\/p>\n<p style=\"text-align: justify;\">Informa\u00e7\u00f5es: (21) 3147-5100\/(21) 97240-2933<\/p>\n<p style=\"text-align: justify;\">E-mail: contato@projetomaonamassa.org.br<\/p>\n<p>&nbsp;<\/p>\n<p>Fonte:\u00a0 Portal G1\/Rio de Janeiro<\/p>\n","protected":false},"excerpt":{"rendered":"<p>Podem se inscrever mulheres de baixa renda, com idades entre 18 a 45 anos, e que tenham o 5\u00ba ano do Ensino Fundamental, no m\u00ednimo. O projeto M\u00e3o na Massa &#8211; Mulheres na Constru\u00e7\u00e3o Civil abre esta semana 60 vagas para o curso gratuito para formar mulheres na profiss\u00e3o de pedreira e pintora. As inscri\u00e7\u00f5es [&hellip;]<\/p>\n","protected":false},"author":3,"featured_media":0,"comment_status":"closed","ping_status":"closed","sticky":false,"template":"","format":"standard","meta":{"footnotes":""},"categories":[85],"tags":[],"class_list":["post-8994","post","type-post","status-publish","format-standard","hentry","category-seconci-rio-de-janeiro"],"yoast_head":"<!-- This site is optimized with the Yoast SEO plugin v26.9 - https:\/\/yoast.com\/product\/yoast-seo-wordpress\/ -->\n<title>Projeto para qualifica\u00e7\u00e3o de mulheres na constru\u00e7\u00e3o civil abre vagas no RJ - Seconci Brasil<\/title>\n<meta name=\"robots\" content=\"index, follow, max-snippet:-1, max-image-preview:large, max-video-preview:-1\" \/>\n<link rel=\"canonical\" href=\"https:\/\/seconci.com.br\/site\/2020\/02\/04\/projeto-para-qualificacao-de-mulheres-na-construcao-civil-abre-vagas-no-rj\/\" \/>\n<meta property=\"og:locale\" content=\"pt_PT\" \/>\n<meta property=\"og:type\" content=\"article\" \/>\n<meta property=\"og:title\" content=\"Projeto para qualifica\u00e7\u00e3o de mulheres na constru\u00e7\u00e3o civil abre vagas no RJ - Seconci Brasil\" \/>\n<meta property=\"og:description\" content=\"Podem se inscrever mulheres de baixa renda, com idades entre 18 a 45 anos, e que tenham o 5\u00ba ano do Ensino Fundamental, no m\u00ednimo. O projeto M\u00e3o na Massa &#8211; Mulheres na Constru\u00e7\u00e3o Civil abre esta semana 60 vagas para o curso gratuito para formar mulheres na profiss\u00e3o de pedreira e pintora. As inscri\u00e7\u00f5es [&hellip;]\" \/>\n<meta property=\"og:url\" content=\"https:\/\/seconci.com.br\/site\/2020\/02\/04\/projeto-para-qualificacao-de-mulheres-na-construcao-civil-abre-vagas-no-rj\/\" \/>\n<meta property=\"og:site_name\" content=\"Seconci Brasil\" \/>\n<meta property=\"article:published_time\" content=\"2020-02-04T13:18:03+00:00\" \/>\n<meta name=\"author\" content=\"Sidney Rocha\" \/>\n<meta name=\"twitter:card\" content=\"summary_large_image\" \/>\n<meta name=\"twitter:label1\" content=\"Escrito por\" \/>\n\t<meta name=\"twitter:data1\" content=\"Sidney Rocha\" \/>\n\t<meta name=\"twitter:label2\" content=\"Tempo estimado de leitura\" \/>\n\t<meta name=\"twitter:data2\" content=\"1 minuto\" \/>\n<script type=\"application\/ld+json\" class=\"yoast-schema-graph\">{\"@context\":\"https:\/\/schema.org\",\"@graph\":[{\"@type\":\"Article\",\"@id\":\"https:\/\/seconci.com.br\/site\/2020\/02\/04\/projeto-para-qualificacao-de-mulheres-na-construcao-civil-abre-vagas-no-rj\/#article\",\"isPartOf\":{\"@id\":\"https:\/\/seconci.com.br\/site\/2020\/02\/04\/projeto-para-qualificacao-de-mulheres-na-construcao-civil-abre-vagas-no-rj\/\"},\"author\":{\"name\":\"Sidney Rocha\",\"@id\":\"https:\/\/seconci.com.br\/site\/#\/schema\/person\/1d79afd97ddc8f2c68c1e88e298aa8e2\"},\"headline\":\"Projeto para qualifica\u00e7\u00e3o de mulheres na constru\u00e7\u00e3o civil abre vagas no RJ\",\"datePublished\":\"2020-02-04T13:18:03+00:00\",\"mainEntityOfPage\":{\"@id\":\"https:\/\/seconci.com.br\/site\/2020\/02\/04\/projeto-para-qualificacao-de-mulheres-na-construcao-civil-abre-vagas-no-rj\/\"},\"wordCount\":278,\"publisher\":{\"@id\":\"https:\/\/seconci.com.br\/site\/#organization\"},\"articleSection\":[\"Seconci Rio de Janeiro\"],\"inLanguage\":\"pt-PT\"},{\"@type\":\"WebPage\",\"@id\":\"https:\/\/seconci.com.br\/site\/2020\/02\/04\/projeto-para-qualificacao-de-mulheres-na-construcao-civil-abre-vagas-no-rj\/\",\"url\":\"https:\/\/seconci.com.br\/site\/2020\/02\/04\/projeto-para-qualificacao-de-mulheres-na-construcao-civil-abre-vagas-no-rj\/\",\"name\":\"Projeto para qualifica\u00e7\u00e3o de mulheres na constru\u00e7\u00e3o civil abre vagas no RJ - Seconci Brasil\",\"isPartOf\":{\"@id\":\"https:\/\/seconci.com.br\/site\/#website\"},\"datePublished\":\"2020-02-04T13:18:03+00:00\",\"breadcrumb\":{\"@id\":\"https:\/\/seconci.com.br\/site\/2020\/02\/04\/projeto-para-qualificacao-de-mulheres-na-construcao-civil-abre-vagas-no-rj\/#breadcrumb\"},\"inLanguage\":\"pt-PT\",\"potentialAction\":[{\"@type\":\"ReadAction\",\"target\":[\"https:\/\/seconci.com.br\/site\/2020\/02\/04\/projeto-para-qualificacao-de-mulheres-na-construcao-civil-abre-vagas-no-rj\/\"]}]},{\"@type\":\"BreadcrumbList\",\"@id\":\"https:\/\/seconci.com.br\/site\/2020\/02\/04\/projeto-para-qualificacao-de-mulheres-na-construcao-civil-abre-vagas-no-rj\/#breadcrumb\",\"itemListElement\":[{\"@type\":\"ListItem\",\"position\":1,\"name\":\"In\u00edcio\",\"item\":\"https:\/\/seconci.com.br\/site\/\"},{\"@type\":\"ListItem\",\"position\":2,\"name\":\"Projeto para qualifica\u00e7\u00e3o de mulheres na constru\u00e7\u00e3o civil abre vagas no RJ\"}]},{\"@type\":\"WebSite\",\"@id\":\"https:\/\/seconci.com.br\/site\/#website\",\"url\":\"https:\/\/seconci.com.br\/site\/\",\"name\":\"Seconci Brasil\",\"description\":\"\",\"publisher\":{\"@id\":\"https:\/\/seconci.com.br\/site\/#organization\"},\"potentialAction\":[{\"@type\":\"SearchAction\",\"target\":{\"@type\":\"EntryPoint\",\"urlTemplate\":\"https:\/\/seconci.com.br\/site\/?s={search_term_string}\"},\"query-input\":{\"@type\":\"PropertyValueSpecification\",\"valueRequired\":true,\"valueName\":\"search_term_string\"}}],\"inLanguage\":\"pt-PT\"},{\"@type\":\"Organization\",\"@id\":\"https:\/\/seconci.com.br\/site\/#organization\",\"name\":\"Seconci Brasil\",\"url\":\"https:\/\/seconci.com.br\/site\/\",\"logo\":{\"@type\":\"ImageObject\",\"inLanguage\":\"pt-PT\",\"@id\":\"https:\/\/seconci.com.br\/site\/#\/schema\/logo\/image\/\",\"url\":\"https:\/\/seconci.com.br\/site\/wp-content\/uploads\/2024\/08\/Logo-Seconci-Brasil-branca-2.png\",\"contentUrl\":\"https:\/\/seconci.com.br\/site\/wp-content\/uploads\/2024\/08\/Logo-Seconci-Brasil-branca-2.png\",\"width\":1315,\"height\":598,\"caption\":\"Seconci Brasil\"},\"image\":{\"@id\":\"https:\/\/seconci.com.br\/site\/#\/schema\/logo\/image\/\"}},{\"@type\":\"Person\",\"@id\":\"https:\/\/seconci.com.br\/site\/#\/schema\/person\/1d79afd97ddc8f2c68c1e88e298aa8e2\",\"name\":\"Sidney Rocha\",\"description\":\"Comunicador e estagi\u00e1rio do Seconci Brasil.\",\"url\":\"https:\/\/seconci.com.br\/site\/author\/sidney-rocha\/\"}]}<\/script>\n<!-- \/ Yoast SEO plugin. -->","yoast_head_json":{"title":"Projeto para qualifica\u00e7\u00e3o de mulheres na constru\u00e7\u00e3o civil abre vagas no RJ - Seconci Brasil","robots":{"index":"index","follow":"follow","max-snippet":"max-snippet:-1","max-image-preview":"max-image-preview:large","max-video-preview":"max-video-preview:-1"},"canonical":"https:\/\/seconci.com.br\/site\/2020\/02\/04\/projeto-para-qualificacao-de-mulheres-na-construcao-civil-abre-vagas-no-rj\/","og_locale":"pt_PT","og_type":"article","og_title":"Projeto para qualifica\u00e7\u00e3o de mulheres na constru\u00e7\u00e3o civil abre vagas no RJ - Seconci Brasil","og_description":"Podem se inscrever mulheres de baixa renda, com idades entre 18 a 45 anos, e que tenham o 5\u00ba ano do Ensino Fundamental, no m\u00ednimo. O projeto M\u00e3o na Massa &#8211; Mulheres na Constru\u00e7\u00e3o Civil abre esta semana 60 vagas para o curso gratuito para formar mulheres na profiss\u00e3o de pedreira e pintora. As inscri\u00e7\u00f5es [&hellip;]","og_url":"https:\/\/seconci.com.br\/site\/2020\/02\/04\/projeto-para-qualificacao-de-mulheres-na-construcao-civil-abre-vagas-no-rj\/","og_site_name":"Seconci Brasil","article_published_time":"2020-02-04T13:18:03+00:00","author":"Sidney Rocha","twitter_card":"summary_large_image","twitter_misc":{"Escrito por":"Sidney Rocha","Tempo estimado de leitura":"1 minuto"},"schema":{"@context":"https:\/\/schema.org","@graph":[{"@type":"Article","@id":"https:\/\/seconci.com.br\/site\/2020\/02\/04\/projeto-para-qualificacao-de-mulheres-na-construcao-civil-abre-vagas-no-rj\/#article","isPartOf":{"@id":"https:\/\/seconci.com.br\/site\/2020\/02\/04\/projeto-para-qualificacao-de-mulheres-na-construcao-civil-abre-vagas-no-rj\/"},"author":{"name":"Sidney Rocha","@id":"https:\/\/seconci.com.br\/site\/#\/schema\/person\/1d79afd97ddc8f2c68c1e88e298aa8e2"},"headline":"Projeto para qualifica\u00e7\u00e3o de mulheres na constru\u00e7\u00e3o civil abre vagas no RJ","datePublished":"2020-02-04T13:18:03+00:00","mainEntityOfPage":{"@id":"https:\/\/seconci.com.br\/site\/2020\/02\/04\/projeto-para-qualificacao-de-mulheres-na-construcao-civil-abre-vagas-no-rj\/"},"wordCount":278,"publisher":{"@id":"https:\/\/seconci.com.br\/site\/#organization"},"articleSection":["Seconci Rio de Janeiro"],"inLanguage":"pt-PT"},{"@type":"WebPage","@id":"https:\/\/seconci.com.br\/site\/2020\/02\/04\/projeto-para-qualificacao-de-mulheres-na-construcao-civil-abre-vagas-no-rj\/","url":"https:\/\/seconci.com.br\/site\/2020\/02\/04\/projeto-para-qualificacao-de-mulheres-na-construcao-civil-abre-vagas-no-rj\/","name":"Projeto para qualifica\u00e7\u00e3o de mulheres na constru\u00e7\u00e3o civil abre vagas no RJ - Seconci Brasil","isPartOf":{"@id":"https:\/\/seconci.com.br\/site\/#website"},"datePublished":"2020-02-04T13:18:03+00:00","breadcrumb":{"@id":"https:\/\/seconci.com.br\/site\/2020\/02\/04\/projeto-para-qualificacao-de-mulheres-na-construcao-civil-abre-vagas-no-rj\/#breadcrumb"},"inLanguage":"pt-PT","potentialAction":[{"@type":"ReadAction","target":["https:\/\/seconci.com.br\/site\/2020\/02\/04\/projeto-para-qualificacao-de-mulheres-na-construcao-civil-abre-vagas-no-rj\/"]}]},{"@type":"BreadcrumbList","@id":"https:\/\/seconci.com.br\/site\/2020\/02\/04\/projeto-para-qualificacao-de-mulheres-na-construcao-civil-abre-vagas-no-rj\/#breadcrumb","itemListElement":[{"@type":"ListItem","position":1,"name":"In\u00edcio","item":"https:\/\/seconci.com.br\/site\/"},{"@type":"ListItem","position":2,"name":"Projeto para qualifica\u00e7\u00e3o de mulheres na constru\u00e7\u00e3o civil abre vagas no RJ"}]},{"@type":"WebSite","@id":"https:\/\/seconci.com.br\/site\/#website","url":"https:\/\/seconci.com.br\/site\/","name":"Seconci Brasil","description":"","publisher":{"@id":"https:\/\/seconci.com.br\/site\/#organization"},"potentialAction":[{"@type":"SearchAction","target":{"@type":"EntryPoint","urlTemplate":"https:\/\/seconci.com.br\/site\/?s={search_term_string}"},"query-input":{"@type":"PropertyValueSpecification","valueRequired":true,"valueName":"search_term_string"}}],"inLanguage":"pt-PT"},{"@type":"Organization","@id":"https:\/\/seconci.com.br\/site\/#organization","name":"Seconci Brasil","url":"https:\/\/seconci.com.br\/site\/","logo":{"@type":"ImageObject","inLanguage":"pt-PT","@id":"https:\/\/seconci.com.br\/site\/#\/schema\/logo\/image\/","url":"https:\/\/seconci.com.br\/site\/wp-content\/uploads\/2024\/08\/Logo-Seconci-Brasil-branca-2.png","contentUrl":"https:\/\/seconci.com.br\/site\/wp-content\/uploads\/2024\/08\/Logo-Seconci-Brasil-branca-2.png","width":1315,"height":598,"caption":"Seconci Brasil"},"image":{"@id":"https:\/\/seconci.com.br\/site\/#\/schema\/logo\/image\/"}},{"@type":"Person","@id":"https:\/\/seconci.com.br\/site\/#\/schema\/person\/1d79afd97ddc8f2c68c1e88e298aa8e2","name":"Sidney Rocha","description":"Comunicador e estagi\u00e1rio do Seconci Brasil.","url":"https:\/\/seconci.com.br\/site\/author\/sidney-rocha\/"}]}},"_links":{"self":[{"href":"https:\/\/seconci.com.br\/site\/wp-json\/wp\/v2\/posts\/8994","targetHints":{"allow":["GET"]}}],"collection":[{"href":"https:\/\/seconci.com.br\/site\/wp-json\/wp\/v2\/posts"}],"about":[{"href":"https:\/\/seconci.com.br\/site\/wp-json\/wp\/v2\/types\/post"}],"author":[{"embeddable":true,"href":"https:\/\/seconci.com.br\/site\/wp-json\/wp\/v2\/users\/3"}],"replies":[{"embeddable":true,"href":"https:\/\/seconci.com.br\/site\/wp-json\/wp\/v2\/comments?post=8994"}],"version-history":[{"count":0,"href":"https:\/\/seconci.com.br\/site\/wp-json\/wp\/v2\/posts\/8994\/revisions"}],"wp:attachment":[{"href":"https:\/\/seconci.com.br\/site\/wp-json\/wp\/v2\/media?parent=8994"}],"wp:term":[{"taxonomy":"category","embeddable":true,"href":"https:\/\/seconci.com.br\/site\/wp-json\/wp\/v2\/categories?post=8994"},{"taxonomy":"post_tag","embeddable":true,"href":"https:\/\/seconci.com.br\/site\/wp-json\/wp\/v2\/tags?post=8994"}],"curies":[{"name":"wp","href":"https:\/\/api.w.org\/{rel}","templated":true}]}}