{"id":9002,"date":"2020-02-07T11:49:16","date_gmt":"2020-02-07T11:49:16","guid":{"rendered":"https:\/\/seconci.com.br\/site\/?p=9002"},"modified":"2020-02-07T11:49:16","modified_gmt":"2020-02-07T11:49:16","slug":"enic-2020-maior-evento-da-industria-da-construcao-sera-em-brasilia","status":"publish","type":"post","link":"https:\/\/seconci.com.br\/site\/2020\/02\/07\/enic-2020-maior-evento-da-industria-da-construcao-sera-em-brasilia\/","title":{"rendered":"Enic 2020: maior evento da ind\u00fastria da constru\u00e7\u00e3o ser\u00e1 em Bras\u00edlia"},"content":{"rendered":"<p style=\"text-align: justify;\">A capital federal sediar\u00e1 no pr\u00f3ximo m\u00eas de maio o 92\u00ba Encontro Nacional da Ind\u00fastria da Constru\u00e7\u00e3o (ENIC), ano em que a cidade completa 60 anos. A expectativa \u00e9 de que o evento, que ser\u00e1 realizado de 13 a 15 de maio, no Centro de Eventos e Conven\u00e7\u00f5es Brasil 21, re\u00fana cerca de\u00a0<strong>2 mil participantes<\/strong>\u00a0do pa\u00eds e do exterior\u00a0<strong>para tratar do tema \u2018O Futuro em Constru\u00e7\u00e3o\u2019<\/strong>.\u00a0<a href=\"https:\/\/92enic.eventbrite.com.br\/\">Inscri\u00e7\u00f5es podem ser feitas no site do 92\u00ba<\/a>.<\/p>\n<p style=\"text-align: justify;\">\u201cBras\u00edlia, pela proximidade com os Poderes Executivo, Legislativo e Judici\u00e1rio, certamente nos trar\u00e1 maior efici\u00eancia na discuss\u00e3o das quest\u00f5es do setor\u201d, ressalta o presidente da CBIC, Jos\u00e9 Carlos Martins.<\/p>\n<p style=\"text-align: justify;\">Nos tr\u00eas dias, o mais importante f\u00f3rum de debates da agenda nacional da ind\u00fastria da constru\u00e7\u00e3o discutir\u00e1 temas e tend\u00eancias que v\u00e3o impactar todas as empresas e profissionais do setor.<\/p>\n<p style=\"text-align: justify;\">Palestrantes e debatedores das \u00e1reas econ\u00f4mica, pol\u00edtica, regulat\u00f3ria, tecnol\u00f3gica, jur\u00eddica, ambiental e de controle apresentar\u00e3o pain\u00e9is gerais e espec\u00edficos, com assuntos diversificados ao longo dos tr\u00eas dias, cada um com um tema espec\u00edfico.<\/p>\n<p style=\"text-align: justify;\">No dia 13 de maio, por exemplo, o foco dos debates ser\u00e1\u00a0<strong>\u2018Impulsionando o Emprego\u2019<\/strong>. J\u00e1 nos dias 14 e 15\/05,\u00a0<strong>\u2018Unindo For\u00e7as\u2019<\/strong>\u00a0e\u00a0<strong>\u2018Prototipando o Futuro\u2019<\/strong>, respectivamente.<\/p>\n<p style=\"text-align: justify;\">Realizado pela CBIC, o 92\u00ba ENIC conta com a correaliza\u00e7\u00e3o da Associa\u00e7\u00e3o de Empresas do Mercado Imobili\u00e1rio do Distrito Federal (Ademi-DF), da Associa\u00e7\u00e3o Brasiliense de Construtores (Asbraco) e do Sindicato da Ind\u00fastria da Constru\u00e7\u00e3o Civil do Distrito Federal (Sinduscon-DF).<\/p>\n<p style=\"text-align: justify;\"><a href=\"https:\/\/www.cbic.org.br\/enic92\/pt\/home\/\">Confira a programa\u00e7\u00e3o e efetue sua inscri\u00e7\u00e3o, com pre\u00e7os promocionais, no site do evento.<\/a><\/p>\n<h3 style=\"text-align: justify;\"><strong>Inscritos no ENIC ter\u00e3o descontos especiais para passagens a\u00e9reas e hospedagens<\/strong><\/h3>\n<p style=\"text-align: justify;\">Buscando garantir maior comodidade e facilitar a aquisi\u00e7\u00e3o de passagens e hospedagens com descontos especiais tanto para os participantes individuais quanto para grupos, a CBIC conseguiu, em parceria com a Ag\u00eancia Certa Viagens, pre\u00e7os promocionais mediante a confirma\u00e7\u00e3o da inscri\u00e7\u00e3o no ENIC, que podem ser feitas no\u00a0<a href=\"http:\/\/www.cbic.org.br\/enic92\">site do evento<\/a>.<\/p>\n<p style=\"text-align: justify;\">Mais informa\u00e7\u00f5es sobre passagens e hospedagens podem ser obtidas com S\u00e9rgio ou J\u00e9ssica, da ag\u00eancia de viagens, pelo telefone (31) 2515-4815 ou e-mails\u00a0<a href=\"mailto:sergio@certaviagens.com.br\">sergio@certaviagens.com.br<\/a>\u00a0e\u00a0<a href=\"mailto:certa@certaviagens.com.br\">certa@certaviagens.com.br<\/a>.<\/p>\n<p><em><strong>Fonte: Ag\u00eancia Cbic<\/strong><\/em><\/p>\n","protected":false},"excerpt":{"rendered":"<p>A capital federal sediar\u00e1 no pr\u00f3ximo m\u00eas de maio o 92\u00ba Encontro Nacional da Ind\u00fastria da Constru\u00e7\u00e3o (ENIC), ano em que a cidade completa 60 anos. A expectativa \u00e9 de que o evento, que ser\u00e1 realizado de 13 a 15 de maio, no Centro de Eventos e Conven\u00e7\u00f5es Brasil 21, re\u00fana cerca de\u00a02 mil participantes\u00a0do [&hellip;]<\/p>\n","protected":false},"author":3,"featured_media":9003,"comment_status":"closed","ping_status":"closed","sticky":false,"template":"","format":"standard","meta":{"footnotes":""},"categories":[92],"tags":[],"class_list":["post-9002","post","type-post","status-publish","format-standard","has-post-thumbnail","hentry","category-seconci-brasil"],"yoast_head":"<!-- This site is optimized with the Yoast SEO plugin v26.9 - https:\/\/yoast.com\/product\/yoast-seo-wordpress\/ -->\n<title>Enic 2020: maior evento da ind\u00fastria da constru\u00e7\u00e3o ser\u00e1 em Bras\u00edlia - Seconci Brasil<\/title>\n<meta name=\"robots\" content=\"index, follow, max-snippet:-1, max-image-preview:large, max-video-preview:-1\" \/>\n<link rel=\"canonical\" href=\"https:\/\/seconci.com.br\/site\/2020\/02\/07\/enic-2020-maior-evento-da-industria-da-construcao-sera-em-brasilia\/\" \/>\n<meta property=\"og:locale\" content=\"pt_PT\" \/>\n<meta property=\"og:type\" content=\"article\" \/>\n<meta property=\"og:title\" content=\"Enic 2020: maior evento da ind\u00fastria da constru\u00e7\u00e3o ser\u00e1 em Bras\u00edlia - Seconci Brasil\" \/>\n<meta property=\"og:description\" content=\"A capital federal sediar\u00e1 no pr\u00f3ximo m\u00eas de maio o 92\u00ba Encontro Nacional da Ind\u00fastria da Constru\u00e7\u00e3o (ENIC), ano em que a cidade completa 60 anos. A expectativa \u00e9 de que o evento, que ser\u00e1 realizado de 13 a 15 de maio, no Centro de Eventos e Conven\u00e7\u00f5es Brasil 21, re\u00fana cerca de\u00a02 mil participantes\u00a0do [&hellip;]\" \/>\n<meta property=\"og:url\" content=\"https:\/\/seconci.com.br\/site\/2020\/02\/07\/enic-2020-maior-evento-da-industria-da-construcao-sera-em-brasilia\/\" \/>\n<meta property=\"og:site_name\" content=\"Seconci Brasil\" \/>\n<meta property=\"article:published_time\" content=\"2020-02-07T11:49:16+00:00\" \/>\n<meta property=\"og:image\" content=\"https:\/\/seconci.com.br\/site\/wp-content\/uploads\/2020\/02\/enic.png\" \/>\n\t<meta property=\"og:image:width\" content=\"1200\" \/>\n\t<meta property=\"og:image:height\" content=\"1200\" \/>\n\t<meta property=\"og:image:type\" content=\"image\/png\" \/>\n<meta name=\"author\" content=\"Sidney Rocha\" \/>\n<meta name=\"twitter:card\" content=\"summary_large_image\" \/>\n<meta name=\"twitter:label1\" content=\"Escrito por\" \/>\n\t<meta name=\"twitter:data1\" content=\"Sidney Rocha\" \/>\n\t<meta name=\"twitter:label2\" content=\"Tempo estimado de leitura\" \/>\n\t<meta name=\"twitter:data2\" content=\"2 minutos\" \/>\n<script type=\"application\/ld+json\" class=\"yoast-schema-graph\">{\"@context\":\"https:\/\/schema.org\",\"@graph\":[{\"@type\":\"Article\",\"@id\":\"https:\/\/seconci.com.br\/site\/2020\/02\/07\/enic-2020-maior-evento-da-industria-da-construcao-sera-em-brasilia\/#article\",\"isPartOf\":{\"@id\":\"https:\/\/seconci.com.br\/site\/2020\/02\/07\/enic-2020-maior-evento-da-industria-da-construcao-sera-em-brasilia\/\"},\"author\":{\"name\":\"Sidney Rocha\",\"@id\":\"https:\/\/seconci.com.br\/site\/#\/schema\/person\/1d79afd97ddc8f2c68c1e88e298aa8e2\"},\"headline\":\"Enic 2020: maior evento da ind\u00fastria da constru\u00e7\u00e3o ser\u00e1 em Bras\u00edlia\",\"datePublished\":\"2020-02-07T11:49:16+00:00\",\"mainEntityOfPage\":{\"@id\":\"https:\/\/seconci.com.br\/site\/2020\/02\/07\/enic-2020-maior-evento-da-industria-da-construcao-sera-em-brasilia\/\"},\"wordCount\":398,\"publisher\":{\"@id\":\"https:\/\/seconci.com.br\/site\/#organization\"},\"image\":{\"@id\":\"https:\/\/seconci.com.br\/site\/2020\/02\/07\/enic-2020-maior-evento-da-industria-da-construcao-sera-em-brasilia\/#primaryimage\"},\"thumbnailUrl\":\"https:\/\/seconci.com.br\/site\/wp-content\/uploads\/2020\/02\/enic.png\",\"articleSection\":[\"Seconci Brasil\"],\"inLanguage\":\"pt-PT\"},{\"@type\":\"WebPage\",\"@id\":\"https:\/\/seconci.com.br\/site\/2020\/02\/07\/enic-2020-maior-evento-da-industria-da-construcao-sera-em-brasilia\/\",\"url\":\"https:\/\/seconci.com.br\/site\/2020\/02\/07\/enic-2020-maior-evento-da-industria-da-construcao-sera-em-brasilia\/\",\"name\":\"Enic 2020: maior evento da ind\u00fastria da constru\u00e7\u00e3o ser\u00e1 em Bras\u00edlia - Seconci Brasil\",\"isPartOf\":{\"@id\":\"https:\/\/seconci.com.br\/site\/#website\"},\"primaryImageOfPage\":{\"@id\":\"https:\/\/seconci.com.br\/site\/2020\/02\/07\/enic-2020-maior-evento-da-industria-da-construcao-sera-em-brasilia\/#primaryimage\"},\"image\":{\"@id\":\"https:\/\/seconci.com.br\/site\/2020\/02\/07\/enic-2020-maior-evento-da-industria-da-construcao-sera-em-brasilia\/#primaryimage\"},\"thumbnailUrl\":\"https:\/\/seconci.com.br\/site\/wp-content\/uploads\/2020\/02\/enic.png\",\"datePublished\":\"2020-02-07T11:49:16+00:00\",\"breadcrumb\":{\"@id\":\"https:\/\/seconci.com.br\/site\/2020\/02\/07\/enic-2020-maior-evento-da-industria-da-construcao-sera-em-brasilia\/#breadcrumb\"},\"inLanguage\":\"pt-PT\",\"potentialAction\":[{\"@type\":\"ReadAction\",\"target\":[\"https:\/\/seconci.com.br\/site\/2020\/02\/07\/enic-2020-maior-evento-da-industria-da-construcao-sera-em-brasilia\/\"]}]},{\"@type\":\"ImageObject\",\"inLanguage\":\"pt-PT\",\"@id\":\"https:\/\/seconci.com.br\/site\/2020\/02\/07\/enic-2020-maior-evento-da-industria-da-construcao-sera-em-brasilia\/#primaryimage\",\"url\":\"https:\/\/seconci.com.br\/site\/wp-content\/uploads\/2020\/02\/enic.png\",\"contentUrl\":\"https:\/\/seconci.com.br\/site\/wp-content\/uploads\/2020\/02\/enic.png\",\"width\":1200,\"height\":1200},{\"@type\":\"BreadcrumbList\",\"@id\":\"https:\/\/seconci.com.br\/site\/2020\/02\/07\/enic-2020-maior-evento-da-industria-da-construcao-sera-em-brasilia\/#breadcrumb\",\"itemListElement\":[{\"@type\":\"ListItem\",\"position\":1,\"name\":\"In\u00edcio\",\"item\":\"https:\/\/seconci.com.br\/site\/\"},{\"@type\":\"ListItem\",\"position\":2,\"name\":\"Enic 2020: maior evento da ind\u00fastria da constru\u00e7\u00e3o ser\u00e1 em Bras\u00edlia\"}]},{\"@type\":\"WebSite\",\"@id\":\"https:\/\/seconci.com.br\/site\/#website\",\"url\":\"https:\/\/seconci.com.br\/site\/\",\"name\":\"Seconci Brasil\",\"description\":\"\",\"publisher\":{\"@id\":\"https:\/\/seconci.com.br\/site\/#organization\"},\"potentialAction\":[{\"@type\":\"SearchAction\",\"target\":{\"@type\":\"EntryPoint\",\"urlTemplate\":\"https:\/\/seconci.com.br\/site\/?s={search_term_string}\"},\"query-input\":{\"@type\":\"PropertyValueSpecification\",\"valueRequired\":true,\"valueName\":\"search_term_string\"}}],\"inLanguage\":\"pt-PT\"},{\"@type\":\"Organization\",\"@id\":\"https:\/\/seconci.com.br\/site\/#organization\",\"name\":\"Seconci Brasil\",\"url\":\"https:\/\/seconci.com.br\/site\/\",\"logo\":{\"@type\":\"ImageObject\",\"inLanguage\":\"pt-PT\",\"@id\":\"https:\/\/seconci.com.br\/site\/#\/schema\/logo\/image\/\",\"url\":\"https:\/\/seconci.com.br\/site\/wp-content\/uploads\/2024\/08\/Logo-Seconci-Brasil-branca-2.png\",\"contentUrl\":\"https:\/\/seconci.com.br\/site\/wp-content\/uploads\/2024\/08\/Logo-Seconci-Brasil-branca-2.png\",\"width\":1315,\"height\":598,\"caption\":\"Seconci Brasil\"},\"image\":{\"@id\":\"https:\/\/seconci.com.br\/site\/#\/schema\/logo\/image\/\"}},{\"@type\":\"Person\",\"@id\":\"https:\/\/seconci.com.br\/site\/#\/schema\/person\/1d79afd97ddc8f2c68c1e88e298aa8e2\",\"name\":\"Sidney Rocha\",\"description\":\"Comunicador e estagi\u00e1rio do Seconci Brasil.\",\"url\":\"https:\/\/seconci.com.br\/site\/author\/sidney-rocha\/\"}]}<\/script>\n<!-- \/ Yoast SEO plugin. -->","yoast_head_json":{"title":"Enic 2020: maior evento da ind\u00fastria da constru\u00e7\u00e3o ser\u00e1 em Bras\u00edlia - Seconci Brasil","robots":{"index":"index","follow":"follow","max-snippet":"max-snippet:-1","max-image-preview":"max-image-preview:large","max-video-preview":"max-video-preview:-1"},"canonical":"https:\/\/seconci.com.br\/site\/2020\/02\/07\/enic-2020-maior-evento-da-industria-da-construcao-sera-em-brasilia\/","og_locale":"pt_PT","og_type":"article","og_title":"Enic 2020: maior evento da ind\u00fastria da constru\u00e7\u00e3o ser\u00e1 em Bras\u00edlia - Seconci Brasil","og_description":"A capital federal sediar\u00e1 no pr\u00f3ximo m\u00eas de maio o 92\u00ba Encontro Nacional da Ind\u00fastria da Constru\u00e7\u00e3o (ENIC), ano em que a cidade completa 60 anos. A expectativa \u00e9 de que o evento, que ser\u00e1 realizado de 13 a 15 de maio, no Centro de Eventos e Conven\u00e7\u00f5es Brasil 21, re\u00fana cerca de\u00a02 mil participantes\u00a0do [&hellip;]","og_url":"https:\/\/seconci.com.br\/site\/2020\/02\/07\/enic-2020-maior-evento-da-industria-da-construcao-sera-em-brasilia\/","og_site_name":"Seconci Brasil","article_published_time":"2020-02-07T11:49:16+00:00","og_image":[{"width":1200,"height":1200,"url":"https:\/\/seconci.com.br\/site\/wp-content\/uploads\/2020\/02\/enic.png","type":"image\/png"}],"author":"Sidney Rocha","twitter_card":"summary_large_image","twitter_misc":{"Escrito por":"Sidney Rocha","Tempo estimado de leitura":"2 minutos"},"schema":{"@context":"https:\/\/schema.org","@graph":[{"@type":"Article","@id":"https:\/\/seconci.com.br\/site\/2020\/02\/07\/enic-2020-maior-evento-da-industria-da-construcao-sera-em-brasilia\/#article","isPartOf":{"@id":"https:\/\/seconci.com.br\/site\/2020\/02\/07\/enic-2020-maior-evento-da-industria-da-construcao-sera-em-brasilia\/"},"author":{"name":"Sidney Rocha","@id":"https:\/\/seconci.com.br\/site\/#\/schema\/person\/1d79afd97ddc8f2c68c1e88e298aa8e2"},"headline":"Enic 2020: maior evento da ind\u00fastria da constru\u00e7\u00e3o ser\u00e1 em Bras\u00edlia","datePublished":"2020-02-07T11:49:16+00:00","mainEntityOfPage":{"@id":"https:\/\/seconci.com.br\/site\/2020\/02\/07\/enic-2020-maior-evento-da-industria-da-construcao-sera-em-brasilia\/"},"wordCount":398,"publisher":{"@id":"https:\/\/seconci.com.br\/site\/#organization"},"image":{"@id":"https:\/\/seconci.com.br\/site\/2020\/02\/07\/enic-2020-maior-evento-da-industria-da-construcao-sera-em-brasilia\/#primaryimage"},"thumbnailUrl":"https:\/\/seconci.com.br\/site\/wp-content\/uploads\/2020\/02\/enic.png","articleSection":["Seconci Brasil"],"inLanguage":"pt-PT"},{"@type":"WebPage","@id":"https:\/\/seconci.com.br\/site\/2020\/02\/07\/enic-2020-maior-evento-da-industria-da-construcao-sera-em-brasilia\/","url":"https:\/\/seconci.com.br\/site\/2020\/02\/07\/enic-2020-maior-evento-da-industria-da-construcao-sera-em-brasilia\/","name":"Enic 2020: maior evento da ind\u00fastria da constru\u00e7\u00e3o ser\u00e1 em Bras\u00edlia - Seconci Brasil","isPartOf":{"@id":"https:\/\/seconci.com.br\/site\/#website"},"primaryImageOfPage":{"@id":"https:\/\/seconci.com.br\/site\/2020\/02\/07\/enic-2020-maior-evento-da-industria-da-construcao-sera-em-brasilia\/#primaryimage"},"image":{"@id":"https:\/\/seconci.com.br\/site\/2020\/02\/07\/enic-2020-maior-evento-da-industria-da-construcao-sera-em-brasilia\/#primaryimage"},"thumbnailUrl":"https:\/\/seconci.com.br\/site\/wp-content\/uploads\/2020\/02\/enic.png","datePublished":"2020-02-07T11:49:16+00:00","breadcrumb":{"@id":"https:\/\/seconci.com.br\/site\/2020\/02\/07\/enic-2020-maior-evento-da-industria-da-construcao-sera-em-brasilia\/#breadcrumb"},"inLanguage":"pt-PT","potentialAction":[{"@type":"ReadAction","target":["https:\/\/seconci.com.br\/site\/2020\/02\/07\/enic-2020-maior-evento-da-industria-da-construcao-sera-em-brasilia\/"]}]},{"@type":"ImageObject","inLanguage":"pt-PT","@id":"https:\/\/seconci.com.br\/site\/2020\/02\/07\/enic-2020-maior-evento-da-industria-da-construcao-sera-em-brasilia\/#primaryimage","url":"https:\/\/seconci.com.br\/site\/wp-content\/uploads\/2020\/02\/enic.png","contentUrl":"https:\/\/seconci.com.br\/site\/wp-content\/uploads\/2020\/02\/enic.png","width":1200,"height":1200},{"@type":"BreadcrumbList","@id":"https:\/\/seconci.com.br\/site\/2020\/02\/07\/enic-2020-maior-evento-da-industria-da-construcao-sera-em-brasilia\/#breadcrumb","itemListElement":[{"@type":"ListItem","position":1,"name":"In\u00edcio","item":"https:\/\/seconci.com.br\/site\/"},{"@type":"ListItem","position":2,"name":"Enic 2020: maior evento da ind\u00fastria da constru\u00e7\u00e3o ser\u00e1 em Bras\u00edlia"}]},{"@type":"WebSite","@id":"https:\/\/seconci.com.br\/site\/#website","url":"https:\/\/seconci.com.br\/site\/","name":"Seconci Brasil","description":"","publisher":{"@id":"https:\/\/seconci.com.br\/site\/#organization"},"potentialAction":[{"@type":"SearchAction","target":{"@type":"EntryPoint","urlTemplate":"https:\/\/seconci.com.br\/site\/?s={search_term_string}"},"query-input":{"@type":"PropertyValueSpecification","valueRequired":true,"valueName":"search_term_string"}}],"inLanguage":"pt-PT"},{"@type":"Organization","@id":"https:\/\/seconci.com.br\/site\/#organization","name":"Seconci Brasil","url":"https:\/\/seconci.com.br\/site\/","logo":{"@type":"ImageObject","inLanguage":"pt-PT","@id":"https:\/\/seconci.com.br\/site\/#\/schema\/logo\/image\/","url":"https:\/\/seconci.com.br\/site\/wp-content\/uploads\/2024\/08\/Logo-Seconci-Brasil-branca-2.png","contentUrl":"https:\/\/seconci.com.br\/site\/wp-content\/uploads\/2024\/08\/Logo-Seconci-Brasil-branca-2.png","width":1315,"height":598,"caption":"Seconci Brasil"},"image":{"@id":"https:\/\/seconci.com.br\/site\/#\/schema\/logo\/image\/"}},{"@type":"Person","@id":"https:\/\/seconci.com.br\/site\/#\/schema\/person\/1d79afd97ddc8f2c68c1e88e298aa8e2","name":"Sidney Rocha","description":"Comunicador e estagi\u00e1rio do Seconci Brasil.","url":"https:\/\/seconci.com.br\/site\/author\/sidney-rocha\/"}]}},"_links":{"self":[{"href":"https:\/\/seconci.com.br\/site\/wp-json\/wp\/v2\/posts\/9002","targetHints":{"allow":["GET"]}}],"collection":[{"href":"https:\/\/seconci.com.br\/site\/wp-json\/wp\/v2\/posts"}],"about":[{"href":"https:\/\/seconci.com.br\/site\/wp-json\/wp\/v2\/types\/post"}],"author":[{"embeddable":true,"href":"https:\/\/seconci.com.br\/site\/wp-json\/wp\/v2\/users\/3"}],"replies":[{"embeddable":true,"href":"https:\/\/seconci.com.br\/site\/wp-json\/wp\/v2\/comments?post=9002"}],"version-history":[{"count":0,"href":"https:\/\/seconci.com.br\/site\/wp-json\/wp\/v2\/posts\/9002\/revisions"}],"wp:featuredmedia":[{"embeddable":true,"href":"https:\/\/seconci.com.br\/site\/wp-json\/wp\/v2\/media\/9003"}],"wp:attachment":[{"href":"https:\/\/seconci.com.br\/site\/wp-json\/wp\/v2\/media?parent=9002"}],"wp:term":[{"taxonomy":"category","embeddable":true,"href":"https:\/\/seconci.com.br\/site\/wp-json\/wp\/v2\/categories?post=9002"},{"taxonomy":"post_tag","embeddable":true,"href":"https:\/\/seconci.com.br\/site\/wp-json\/wp\/v2\/tags?post=9002"}],"curies":[{"name":"wp","href":"https:\/\/api.w.org\/{rel}","templated":true}]}}