{"id":9038,"date":"2020-02-12T12:26:06","date_gmt":"2020-02-12T12:26:06","guid":{"rendered":"https:\/\/seconci.com.br\/site\/?p=9038"},"modified":"2020-02-12T12:26:06","modified_gmt":"2020-02-12T12:26:06","slug":"seconci-rio-e-senai-promovem-cursos-gratuitos-de-tecnicas-em-parede-de-concreto","status":"publish","type":"post","link":"https:\/\/seconci.com.br\/site\/2020\/02\/12\/seconci-rio-e-senai-promovem-cursos-gratuitos-de-tecnicas-em-parede-de-concreto\/","title":{"rendered":"Seconci RIO e SENAI promovem cursos gratuitos de t\u00e9cnicas em parede de concreto"},"content":{"rendered":"<p style=\"text-align: justify;\"><em>As aulas gratuitas visam capacitar m\u00e3o-de-obra para a constru\u00e7\u00e3o civil<\/em><\/p>\n<p style=\"text-align: justify;\">O Seconci-Rio ( Servi\u00e7o Social da Ind\u00fastria da Constru\u00e7\u00e3o do Rio de Janeiro) est\u00e1 abrindo a primeira turma de 2020 do curso de T\u00e9cnicas de Montagem em Parede de Concreto em parceria com o SENAI. Com 20 vagas para alunos, o curso \u00e9 gratuito e possui carga hor\u00e1ria de 40h (4h di\u00e1rias) com in\u00edcio em mar\u00e7o (data a ser definida), no turno da noite, na unidade do SENAI Rodrigues Alves.<\/p>\n<p style=\"text-align: justify;\">Para participar das aulas \u00e9 necess\u00e1rio ter 18 anos, 6\u00ba ano do Ensino Fundamental e experi\u00eancia de no m\u00ednimo um ano como profissional da constru\u00e7\u00e3o civil, comprovados atrav\u00e9s de documentos e carteira de trabalho. Ao t\u00e9rmino o aluno receber\u00e1 um certificado.<\/p>\n<p style=\"text-align: justify;\">A capacita\u00e7\u00e3o profissional dos alunos ser\u00e1 feita atrav\u00e9s de uma metodologia inovadora, voltada \u00e0 produ\u00e7\u00e3o de edifica\u00e7\u00f5es em larga escala, agregando velocidade e qualidade como exige o mercado atual da constru\u00e7\u00e3o civil no Brasil. O curso tem como objetivo aperfei\u00e7oar profissionais do segmento da constru\u00e7\u00e3o civil tais como carpinteiro, pedreiro, servente, bloqueiro e ajudantes de pedreiro em novas tecnologias construtivas, utiliza\u00e7\u00e3o de ferramentas e processos de montagem de paredes de concreto. Ser\u00e3o ensinadas a montagens de paredes e lajes com aten\u00e7\u00e3o para instala\u00e7\u00f5es el\u00e9tricas e hidrossanit\u00e1rias, nivelamento das funda\u00e7\u00f5es e concretagem, entre outras disciplinas.<\/p>\n<p style=\"text-align: justify;\">Para participar o aluno deve se inscrever at\u00e9 o dia 16 de fevereiro pelo telefone: (21) 2101-2565 ou pelo Whatsapp: (21) 96892-3794.<\/p>\n<p><strong><em>Fonte: O S\u00e3o Gon\u00e7alo\/RJ<\/em><\/strong><\/p>\n","protected":false},"excerpt":{"rendered":"<p>As aulas gratuitas visam capacitar m\u00e3o-de-obra para a constru\u00e7\u00e3o civil O Seconci-Rio ( Servi\u00e7o Social da Ind\u00fastria da Constru\u00e7\u00e3o do Rio de Janeiro) est\u00e1 abrindo a primeira turma de 2020 do curso de T\u00e9cnicas de Montagem em Parede de Concreto em parceria com o SENAI. Com 20 vagas para alunos, o curso \u00e9 gratuito e [&hellip;]<\/p>\n","protected":false},"author":3,"featured_media":9039,"comment_status":"closed","ping_status":"closed","sticky":false,"template":"","format":"standard","meta":{"footnotes":""},"categories":[85],"tags":[],"class_list":["post-9038","post","type-post","status-publish","format-standard","has-post-thumbnail","hentry","category-seconci-rio-de-janeiro"],"yoast_head":"<!-- This site is optimized with the Yoast SEO plugin v26.9 - https:\/\/yoast.com\/product\/yoast-seo-wordpress\/ -->\n<title>Seconci RIO e SENAI promovem cursos gratuitos de t\u00e9cnicas em parede de concreto - Seconci Brasil<\/title>\n<meta name=\"robots\" content=\"index, follow, max-snippet:-1, max-image-preview:large, max-video-preview:-1\" \/>\n<link rel=\"canonical\" href=\"https:\/\/seconci.com.br\/site\/2020\/02\/12\/seconci-rio-e-senai-promovem-cursos-gratuitos-de-tecnicas-em-parede-de-concreto\/\" \/>\n<meta property=\"og:locale\" content=\"pt_PT\" \/>\n<meta property=\"og:type\" content=\"article\" \/>\n<meta property=\"og:title\" content=\"Seconci RIO e SENAI promovem cursos gratuitos de t\u00e9cnicas em parede de concreto - Seconci Brasil\" \/>\n<meta property=\"og:description\" content=\"As aulas gratuitas visam capacitar m\u00e3o-de-obra para a constru\u00e7\u00e3o civil O Seconci-Rio ( Servi\u00e7o Social da Ind\u00fastria da Constru\u00e7\u00e3o do Rio de Janeiro) est\u00e1 abrindo a primeira turma de 2020 do curso de T\u00e9cnicas de Montagem em Parede de Concreto em parceria com o SENAI. Com 20 vagas para alunos, o curso \u00e9 gratuito e [&hellip;]\" \/>\n<meta property=\"og:url\" content=\"https:\/\/seconci.com.br\/site\/2020\/02\/12\/seconci-rio-e-senai-promovem-cursos-gratuitos-de-tecnicas-em-parede-de-concreto\/\" \/>\n<meta property=\"og:site_name\" content=\"Seconci Brasil\" \/>\n<meta property=\"article:published_time\" content=\"2020-02-12T12:26:06+00:00\" \/>\n<meta property=\"og:image\" content=\"https:\/\/seconci.com.br\/site\/wp-content\/uploads\/2020\/02\/01_00078498_0.jpg\" \/>\n\t<meta property=\"og:image:width\" content=\"800\" \/>\n\t<meta property=\"og:image:height\" content=\"450\" \/>\n\t<meta property=\"og:image:type\" content=\"image\/jpeg\" \/>\n<meta name=\"author\" content=\"Sidney Rocha\" \/>\n<meta name=\"twitter:card\" content=\"summary_large_image\" \/>\n<meta name=\"twitter:label1\" content=\"Escrito por\" \/>\n\t<meta name=\"twitter:data1\" content=\"Sidney Rocha\" \/>\n\t<meta name=\"twitter:label2\" content=\"Tempo estimado de leitura\" \/>\n\t<meta name=\"twitter:data2\" content=\"1 minuto\" \/>\n<script type=\"application\/ld+json\" class=\"yoast-schema-graph\">{\"@context\":\"https:\/\/schema.org\",\"@graph\":[{\"@type\":\"Article\",\"@id\":\"https:\/\/seconci.com.br\/site\/2020\/02\/12\/seconci-rio-e-senai-promovem-cursos-gratuitos-de-tecnicas-em-parede-de-concreto\/#article\",\"isPartOf\":{\"@id\":\"https:\/\/seconci.com.br\/site\/2020\/02\/12\/seconci-rio-e-senai-promovem-cursos-gratuitos-de-tecnicas-em-parede-de-concreto\/\"},\"author\":{\"name\":\"Sidney Rocha\",\"@id\":\"https:\/\/seconci.com.br\/site\/#\/schema\/person\/1d79afd97ddc8f2c68c1e88e298aa8e2\"},\"headline\":\"Seconci RIO e SENAI promovem cursos gratuitos de t\u00e9cnicas em parede de concreto\",\"datePublished\":\"2020-02-12T12:26:06+00:00\",\"mainEntityOfPage\":{\"@id\":\"https:\/\/seconci.com.br\/site\/2020\/02\/12\/seconci-rio-e-senai-promovem-cursos-gratuitos-de-tecnicas-em-parede-de-concreto\/\"},\"wordCount\":277,\"publisher\":{\"@id\":\"https:\/\/seconci.com.br\/site\/#organization\"},\"image\":{\"@id\":\"https:\/\/seconci.com.br\/site\/2020\/02\/12\/seconci-rio-e-senai-promovem-cursos-gratuitos-de-tecnicas-em-parede-de-concreto\/#primaryimage\"},\"thumbnailUrl\":\"https:\/\/seconci.com.br\/site\/wp-content\/uploads\/2020\/02\/01_00078498_0.jpg\",\"articleSection\":[\"Seconci Rio de Janeiro\"],\"inLanguage\":\"pt-PT\"},{\"@type\":\"WebPage\",\"@id\":\"https:\/\/seconci.com.br\/site\/2020\/02\/12\/seconci-rio-e-senai-promovem-cursos-gratuitos-de-tecnicas-em-parede-de-concreto\/\",\"url\":\"https:\/\/seconci.com.br\/site\/2020\/02\/12\/seconci-rio-e-senai-promovem-cursos-gratuitos-de-tecnicas-em-parede-de-concreto\/\",\"name\":\"Seconci RIO e SENAI promovem cursos gratuitos de t\u00e9cnicas em parede de concreto - Seconci Brasil\",\"isPartOf\":{\"@id\":\"https:\/\/seconci.com.br\/site\/#website\"},\"primaryImageOfPage\":{\"@id\":\"https:\/\/seconci.com.br\/site\/2020\/02\/12\/seconci-rio-e-senai-promovem-cursos-gratuitos-de-tecnicas-em-parede-de-concreto\/#primaryimage\"},\"image\":{\"@id\":\"https:\/\/seconci.com.br\/site\/2020\/02\/12\/seconci-rio-e-senai-promovem-cursos-gratuitos-de-tecnicas-em-parede-de-concreto\/#primaryimage\"},\"thumbnailUrl\":\"https:\/\/seconci.com.br\/site\/wp-content\/uploads\/2020\/02\/01_00078498_0.jpg\",\"datePublished\":\"2020-02-12T12:26:06+00:00\",\"breadcrumb\":{\"@id\":\"https:\/\/seconci.com.br\/site\/2020\/02\/12\/seconci-rio-e-senai-promovem-cursos-gratuitos-de-tecnicas-em-parede-de-concreto\/#breadcrumb\"},\"inLanguage\":\"pt-PT\",\"potentialAction\":[{\"@type\":\"ReadAction\",\"target\":[\"https:\/\/seconci.com.br\/site\/2020\/02\/12\/seconci-rio-e-senai-promovem-cursos-gratuitos-de-tecnicas-em-parede-de-concreto\/\"]}]},{\"@type\":\"ImageObject\",\"inLanguage\":\"pt-PT\",\"@id\":\"https:\/\/seconci.com.br\/site\/2020\/02\/12\/seconci-rio-e-senai-promovem-cursos-gratuitos-de-tecnicas-em-parede-de-concreto\/#primaryimage\",\"url\":\"https:\/\/seconci.com.br\/site\/wp-content\/uploads\/2020\/02\/01_00078498_0.jpg\",\"contentUrl\":\"https:\/\/seconci.com.br\/site\/wp-content\/uploads\/2020\/02\/01_00078498_0.jpg\",\"width\":800,\"height\":450},{\"@type\":\"BreadcrumbList\",\"@id\":\"https:\/\/seconci.com.br\/site\/2020\/02\/12\/seconci-rio-e-senai-promovem-cursos-gratuitos-de-tecnicas-em-parede-de-concreto\/#breadcrumb\",\"itemListElement\":[{\"@type\":\"ListItem\",\"position\":1,\"name\":\"In\u00edcio\",\"item\":\"https:\/\/seconci.com.br\/site\/\"},{\"@type\":\"ListItem\",\"position\":2,\"name\":\"Seconci RIO e SENAI promovem cursos gratuitos de t\u00e9cnicas em parede de concreto\"}]},{\"@type\":\"WebSite\",\"@id\":\"https:\/\/seconci.com.br\/site\/#website\",\"url\":\"https:\/\/seconci.com.br\/site\/\",\"name\":\"Seconci Brasil\",\"description\":\"\",\"publisher\":{\"@id\":\"https:\/\/seconci.com.br\/site\/#organization\"},\"potentialAction\":[{\"@type\":\"SearchAction\",\"target\":{\"@type\":\"EntryPoint\",\"urlTemplate\":\"https:\/\/seconci.com.br\/site\/?s={search_term_string}\"},\"query-input\":{\"@type\":\"PropertyValueSpecification\",\"valueRequired\":true,\"valueName\":\"search_term_string\"}}],\"inLanguage\":\"pt-PT\"},{\"@type\":\"Organization\",\"@id\":\"https:\/\/seconci.com.br\/site\/#organization\",\"name\":\"Seconci Brasil\",\"url\":\"https:\/\/seconci.com.br\/site\/\",\"logo\":{\"@type\":\"ImageObject\",\"inLanguage\":\"pt-PT\",\"@id\":\"https:\/\/seconci.com.br\/site\/#\/schema\/logo\/image\/\",\"url\":\"https:\/\/seconci.com.br\/site\/wp-content\/uploads\/2024\/08\/Logo-Seconci-Brasil-branca-2.png\",\"contentUrl\":\"https:\/\/seconci.com.br\/site\/wp-content\/uploads\/2024\/08\/Logo-Seconci-Brasil-branca-2.png\",\"width\":1315,\"height\":598,\"caption\":\"Seconci Brasil\"},\"image\":{\"@id\":\"https:\/\/seconci.com.br\/site\/#\/schema\/logo\/image\/\"}},{\"@type\":\"Person\",\"@id\":\"https:\/\/seconci.com.br\/site\/#\/schema\/person\/1d79afd97ddc8f2c68c1e88e298aa8e2\",\"name\":\"Sidney Rocha\",\"description\":\"Comunicador e estagi\u00e1rio do Seconci Brasil.\",\"url\":\"https:\/\/seconci.com.br\/site\/author\/sidney-rocha\/\"}]}<\/script>\n<!-- \/ Yoast SEO plugin. -->","yoast_head_json":{"title":"Seconci RIO e SENAI promovem cursos gratuitos de t\u00e9cnicas em parede de concreto - Seconci Brasil","robots":{"index":"index","follow":"follow","max-snippet":"max-snippet:-1","max-image-preview":"max-image-preview:large","max-video-preview":"max-video-preview:-1"},"canonical":"https:\/\/seconci.com.br\/site\/2020\/02\/12\/seconci-rio-e-senai-promovem-cursos-gratuitos-de-tecnicas-em-parede-de-concreto\/","og_locale":"pt_PT","og_type":"article","og_title":"Seconci RIO e SENAI promovem cursos gratuitos de t\u00e9cnicas em parede de concreto - Seconci Brasil","og_description":"As aulas gratuitas visam capacitar m\u00e3o-de-obra para a constru\u00e7\u00e3o civil O Seconci-Rio ( Servi\u00e7o Social da Ind\u00fastria da Constru\u00e7\u00e3o do Rio de Janeiro) est\u00e1 abrindo a primeira turma de 2020 do curso de T\u00e9cnicas de Montagem em Parede de Concreto em parceria com o SENAI. Com 20 vagas para alunos, o curso \u00e9 gratuito e [&hellip;]","og_url":"https:\/\/seconci.com.br\/site\/2020\/02\/12\/seconci-rio-e-senai-promovem-cursos-gratuitos-de-tecnicas-em-parede-de-concreto\/","og_site_name":"Seconci Brasil","article_published_time":"2020-02-12T12:26:06+00:00","og_image":[{"width":800,"height":450,"url":"https:\/\/seconci.com.br\/site\/wp-content\/uploads\/2020\/02\/01_00078498_0.jpg","type":"image\/jpeg"}],"author":"Sidney Rocha","twitter_card":"summary_large_image","twitter_misc":{"Escrito por":"Sidney Rocha","Tempo estimado de leitura":"1 minuto"},"schema":{"@context":"https:\/\/schema.org","@graph":[{"@type":"Article","@id":"https:\/\/seconci.com.br\/site\/2020\/02\/12\/seconci-rio-e-senai-promovem-cursos-gratuitos-de-tecnicas-em-parede-de-concreto\/#article","isPartOf":{"@id":"https:\/\/seconci.com.br\/site\/2020\/02\/12\/seconci-rio-e-senai-promovem-cursos-gratuitos-de-tecnicas-em-parede-de-concreto\/"},"author":{"name":"Sidney Rocha","@id":"https:\/\/seconci.com.br\/site\/#\/schema\/person\/1d79afd97ddc8f2c68c1e88e298aa8e2"},"headline":"Seconci RIO e SENAI promovem cursos gratuitos de t\u00e9cnicas em parede de concreto","datePublished":"2020-02-12T12:26:06+00:00","mainEntityOfPage":{"@id":"https:\/\/seconci.com.br\/site\/2020\/02\/12\/seconci-rio-e-senai-promovem-cursos-gratuitos-de-tecnicas-em-parede-de-concreto\/"},"wordCount":277,"publisher":{"@id":"https:\/\/seconci.com.br\/site\/#organization"},"image":{"@id":"https:\/\/seconci.com.br\/site\/2020\/02\/12\/seconci-rio-e-senai-promovem-cursos-gratuitos-de-tecnicas-em-parede-de-concreto\/#primaryimage"},"thumbnailUrl":"https:\/\/seconci.com.br\/site\/wp-content\/uploads\/2020\/02\/01_00078498_0.jpg","articleSection":["Seconci Rio de Janeiro"],"inLanguage":"pt-PT"},{"@type":"WebPage","@id":"https:\/\/seconci.com.br\/site\/2020\/02\/12\/seconci-rio-e-senai-promovem-cursos-gratuitos-de-tecnicas-em-parede-de-concreto\/","url":"https:\/\/seconci.com.br\/site\/2020\/02\/12\/seconci-rio-e-senai-promovem-cursos-gratuitos-de-tecnicas-em-parede-de-concreto\/","name":"Seconci RIO e SENAI promovem cursos gratuitos de t\u00e9cnicas em parede de concreto - Seconci Brasil","isPartOf":{"@id":"https:\/\/seconci.com.br\/site\/#website"},"primaryImageOfPage":{"@id":"https:\/\/seconci.com.br\/site\/2020\/02\/12\/seconci-rio-e-senai-promovem-cursos-gratuitos-de-tecnicas-em-parede-de-concreto\/#primaryimage"},"image":{"@id":"https:\/\/seconci.com.br\/site\/2020\/02\/12\/seconci-rio-e-senai-promovem-cursos-gratuitos-de-tecnicas-em-parede-de-concreto\/#primaryimage"},"thumbnailUrl":"https:\/\/seconci.com.br\/site\/wp-content\/uploads\/2020\/02\/01_00078498_0.jpg","datePublished":"2020-02-12T12:26:06+00:00","breadcrumb":{"@id":"https:\/\/seconci.com.br\/site\/2020\/02\/12\/seconci-rio-e-senai-promovem-cursos-gratuitos-de-tecnicas-em-parede-de-concreto\/#breadcrumb"},"inLanguage":"pt-PT","potentialAction":[{"@type":"ReadAction","target":["https:\/\/seconci.com.br\/site\/2020\/02\/12\/seconci-rio-e-senai-promovem-cursos-gratuitos-de-tecnicas-em-parede-de-concreto\/"]}]},{"@type":"ImageObject","inLanguage":"pt-PT","@id":"https:\/\/seconci.com.br\/site\/2020\/02\/12\/seconci-rio-e-senai-promovem-cursos-gratuitos-de-tecnicas-em-parede-de-concreto\/#primaryimage","url":"https:\/\/seconci.com.br\/site\/wp-content\/uploads\/2020\/02\/01_00078498_0.jpg","contentUrl":"https:\/\/seconci.com.br\/site\/wp-content\/uploads\/2020\/02\/01_00078498_0.jpg","width":800,"height":450},{"@type":"BreadcrumbList","@id":"https:\/\/seconci.com.br\/site\/2020\/02\/12\/seconci-rio-e-senai-promovem-cursos-gratuitos-de-tecnicas-em-parede-de-concreto\/#breadcrumb","itemListElement":[{"@type":"ListItem","position":1,"name":"In\u00edcio","item":"https:\/\/seconci.com.br\/site\/"},{"@type":"ListItem","position":2,"name":"Seconci RIO e SENAI promovem cursos gratuitos de t\u00e9cnicas em parede de concreto"}]},{"@type":"WebSite","@id":"https:\/\/seconci.com.br\/site\/#website","url":"https:\/\/seconci.com.br\/site\/","name":"Seconci Brasil","description":"","publisher":{"@id":"https:\/\/seconci.com.br\/site\/#organization"},"potentialAction":[{"@type":"SearchAction","target":{"@type":"EntryPoint","urlTemplate":"https:\/\/seconci.com.br\/site\/?s={search_term_string}"},"query-input":{"@type":"PropertyValueSpecification","valueRequired":true,"valueName":"search_term_string"}}],"inLanguage":"pt-PT"},{"@type":"Organization","@id":"https:\/\/seconci.com.br\/site\/#organization","name":"Seconci Brasil","url":"https:\/\/seconci.com.br\/site\/","logo":{"@type":"ImageObject","inLanguage":"pt-PT","@id":"https:\/\/seconci.com.br\/site\/#\/schema\/logo\/image\/","url":"https:\/\/seconci.com.br\/site\/wp-content\/uploads\/2024\/08\/Logo-Seconci-Brasil-branca-2.png","contentUrl":"https:\/\/seconci.com.br\/site\/wp-content\/uploads\/2024\/08\/Logo-Seconci-Brasil-branca-2.png","width":1315,"height":598,"caption":"Seconci Brasil"},"image":{"@id":"https:\/\/seconci.com.br\/site\/#\/schema\/logo\/image\/"}},{"@type":"Person","@id":"https:\/\/seconci.com.br\/site\/#\/schema\/person\/1d79afd97ddc8f2c68c1e88e298aa8e2","name":"Sidney Rocha","description":"Comunicador e estagi\u00e1rio do Seconci Brasil.","url":"https:\/\/seconci.com.br\/site\/author\/sidney-rocha\/"}]}},"_links":{"self":[{"href":"https:\/\/seconci.com.br\/site\/wp-json\/wp\/v2\/posts\/9038","targetHints":{"allow":["GET"]}}],"collection":[{"href":"https:\/\/seconci.com.br\/site\/wp-json\/wp\/v2\/posts"}],"about":[{"href":"https:\/\/seconci.com.br\/site\/wp-json\/wp\/v2\/types\/post"}],"author":[{"embeddable":true,"href":"https:\/\/seconci.com.br\/site\/wp-json\/wp\/v2\/users\/3"}],"replies":[{"embeddable":true,"href":"https:\/\/seconci.com.br\/site\/wp-json\/wp\/v2\/comments?post=9038"}],"version-history":[{"count":0,"href":"https:\/\/seconci.com.br\/site\/wp-json\/wp\/v2\/posts\/9038\/revisions"}],"wp:featuredmedia":[{"embeddable":true,"href":"https:\/\/seconci.com.br\/site\/wp-json\/wp\/v2\/media\/9039"}],"wp:attachment":[{"href":"https:\/\/seconci.com.br\/site\/wp-json\/wp\/v2\/media?parent=9038"}],"wp:term":[{"taxonomy":"category","embeddable":true,"href":"https:\/\/seconci.com.br\/site\/wp-json\/wp\/v2\/categories?post=9038"},{"taxonomy":"post_tag","embeddable":true,"href":"https:\/\/seconci.com.br\/site\/wp-json\/wp\/v2\/tags?post=9038"}],"curies":[{"name":"wp","href":"https:\/\/api.w.org\/{rel}","templated":true}]}}