{"id":9044,"date":"2020-02-12T12:36:32","date_gmt":"2020-02-12T12:36:32","guid":{"rendered":"https:\/\/seconci.com.br\/site\/?p=9044"},"modified":"2020-02-12T12:36:32","modified_gmt":"2020-02-12T12:36:32","slug":"sp-mobiliza-populacao-para-1a-semana-estadual-de-combate-ao-aedes","status":"publish","type":"post","link":"https:\/\/seconci.com.br\/site\/2020\/02\/12\/sp-mobiliza-populacao-para-1a-semana-estadual-de-combate-ao-aedes\/","title":{"rendered":"SP mobiliza popula\u00e7\u00e3o para 1\u00aa Semana Estadual de combate ao Aedes"},"content":{"rendered":"<p style=\"text-align: justify;\">Entre segunda-feira (10) e sexta-feira (14), \u00e9 realizada a primeira Semana Estadual de Mobiliza\u00e7\u00e3o contra o Aedes Aegypti deste ano. A iniciativa visa engajar a sociedade civil, munic\u00edpios e organiza\u00e7\u00f5es p\u00fablicas e privadas em atividades focadas na preven\u00e7\u00e3o \u00e0 dengue, chikungunya e zika v\u00edrus, com foco especial no controle da prolifera\u00e7\u00e3o do mosquito transmissor dessas doen\u00e7as.<\/p>\n<p style=\"text-align: justify;\">No decorrer da semana, cada munic\u00edpio ser\u00e1 respons\u00e1vel por desenvolver as a\u00e7\u00f5es de combate ao mosquito, com a\u00e7\u00f5es especiais no \u201cDia D\u201d, que acontece na sexta-feira (14).<\/p>\n<p style=\"text-align: justify;\">A abertura ocorre com o Encontro Estadual com Gestores Municipais, nesta segunda-feira (10), com o tema \u201cDesafios da vigil\u00e2ncia e controle de Arboviroses \u2013 cen\u00e1rio 2020\u201d. Ser\u00e3o abordado assuntos como os aprendizados de 2019, com compartilhamento de experi\u00eancias de Prefeituras, al\u00e9m de um panorama atual das Arboviroses em SP (confira mais informa\u00e7\u00f5es sobre o evento em: www.saude.sp.gov.br).<\/p>\n<p style=\"text-align: justify;\">\u201cPedimos a colabora\u00e7\u00e3o de todos n\u00e3o apenas nesta Semana de Mobiliza\u00e7\u00e3o, mas permanentemente. Combater o Aedes \u00e9 uma tarefa coletiva e estamos articulados com as Prefeituras e temos parcerias com \u00f3rg\u00e3os p\u00fablicos e privados. Contamos com o imprescind\u00edvel apoio da popula\u00e7\u00e3o, no sentido de contribuir para a elimina\u00e7\u00e3o de poss\u00edveis criadouros do mosquito, uma vez que 80% dos focos s\u00e3o localizados dentro das resid\u00eancias\u201d, afirma o secret\u00e1rio de Estado da Sa\u00fade, Jos\u00e9 Henrique Germann.<\/p>\n<p style=\"text-align: justify;\">Cada um pode ajudar no enfrentamento ao mosquito com algumas atividades simples e que podem ser feitas diariamente. As principais dicas de preven\u00e7\u00e3o s\u00e3o:<\/p>\n<p style=\"text-align: justify;\">\n\u2013 deixar a caixa d\u2019\u00e1gua bem fechada e realizar a limpeza regularmente<br \/>\n\u2013 retirar dos quintais objetos que acumulam \u00e1gua<br \/>\n\u2013 cuidar do lixo, mantendo materiais para reciclagem em saco fechado e em local coberto<br \/>\n\u2013 eliminar pratos de vaso de planta ou usar um pratinho que seja bem ajustado ao vaso<br \/>\n\u2013 descartar pneus usados em postos de coleta da Prefeitura<\/p>\n<p style=\"text-align: justify;\">\u201c\u00c9 necess\u00e1rio que n\u00f3s sejamos consciente da possibilidade de ocorrer dengue se mantivermos esses focos [de \u00e1gua parada]. Portanto \u00e9 um trabalho de todos n\u00f3s evitar que essas \u00e1guas fiquem dentro de nossa casa\u201d, afirma o Superintendente da Sucen (Superintend\u00eancia de Controle de Endemias), Marcos Boulos.<\/p>\n<p style=\"text-align: justify;\">A Semana Estadual conta com apoio das Secretarias Municipais de Sa\u00fade de SP, do Minist\u00e9rio da Sa\u00fade, al\u00e9m do da participa\u00e7\u00e3o de outros \u00f3rg\u00e3os como as Secretarias de Educa\u00e7\u00e3o e Transportes Metropolitanos (STM), ARTESP (Ag\u00eancia de Transporte do Estado de S\u00e3o Paulo), Metr\u00f4, CPTM (Companhia Paulista de Trens Metropolitanos), Sabesp (Companhia de Saneamento B\u00e1sico do Estado de S\u00e3o Paulo), EMAE (Empresa Metropolitana de \u00c1guas e Energia), CRECI (Conselho Regional de Corretores de Im\u00f3veis), CRF (Conselho Regional de Farm\u00e1cia), FUNASA (Funda\u00e7\u00e3o Nacional de Sa\u00fade), SOCICAM \u2013 Terminal de Passageiros, SECOVI \u2013 Sindicato da Habita\u00e7\u00e3o, SECONCI (Servi\u00e7o Social da Constru\u00e7\u00e3o Civil), entre outros parceiros.<\/p>\n<p style=\"text-align: justify;\"><strong>Cen\u00e1rio epidemiol\u00f3gico<\/strong><\/p>\n<p style=\"text-align: justify;\">Em 2020, no m\u00eas de janeiro, foram confirmados 10.890 casos de dengue, com 2 \u00f3bitos (Presidente Venceslau e Osvaldo Cruz). Tamb\u00e9m houve 8 casos de chikungunya e 1 de zika. Os n\u00fameros demonstram queda em compara\u00e7\u00e3o a janeiro de 2019, quando houve 24.640 casos e 17 mortes.<\/p>\n<p style=\"text-align: justify;\">No ano passado todo, foram 403.258 casos de dengue, com 265 \u00f3bitos. Houve ainda 72 casos de zika e 314 de chikungunya, sem \u00f3bitos de ambas as doen\u00e7as.<\/p>\n<p style=\"text-align: justify;\">Ainda com rela\u00e7\u00e3o \u00e0 dengue, no primeiro m\u00eas deste ano, dez cidades concentram 42,2% dos casos confirmados e somam 4.605 casos. A saber: Ribeir\u00e3o Preto (1.076); Votuporanga (756); Catanduva (610); Potim (519); Mococa (371); Guararapes (356); Lorena (245); Cruzeiro (241); S\u00e3o Paulo (219) e Luc\u00e9lia (212).<\/p>\n<p><em><strong>Fonte: Regi\u00e3oNoroeste.com<\/strong><\/em><\/p>\n","protected":false},"excerpt":{"rendered":"<p>Entre segunda-feira (10) e sexta-feira (14), \u00e9 realizada a primeira Semana Estadual de Mobiliza\u00e7\u00e3o contra o Aedes Aegypti deste ano. A iniciativa visa engajar a sociedade civil, munic\u00edpios e organiza\u00e7\u00f5es p\u00fablicas e privadas em atividades focadas na preven\u00e7\u00e3o \u00e0 dengue, chikungunya e zika v\u00edrus, com foco especial no controle da prolifera\u00e7\u00e3o do mosquito transmissor dessas [&hellip;]<\/p>\n","protected":false},"author":3,"featured_media":9045,"comment_status":"closed","ping_status":"closed","sticky":false,"template":"","format":"standard","meta":{"footnotes":""},"categories":[87],"tags":[],"class_list":["post-9044","post","type-post","status-publish","format-standard","has-post-thumbnail","hentry","category-seconci-sao-paulo"],"yoast_head":"<!-- This site is optimized with the Yoast SEO plugin v26.9 - https:\/\/yoast.com\/product\/yoast-seo-wordpress\/ -->\n<title>SP mobiliza popula\u00e7\u00e3o para 1\u00aa Semana Estadual de combate ao Aedes - Seconci Brasil<\/title>\n<meta name=\"robots\" content=\"index, follow, max-snippet:-1, max-image-preview:large, max-video-preview:-1\" \/>\n<link rel=\"canonical\" href=\"https:\/\/seconci.com.br\/site\/2020\/02\/12\/sp-mobiliza-populacao-para-1a-semana-estadual-de-combate-ao-aedes\/\" \/>\n<meta property=\"og:locale\" content=\"pt_PT\" \/>\n<meta property=\"og:type\" content=\"article\" \/>\n<meta property=\"og:title\" content=\"SP mobiliza popula\u00e7\u00e3o para 1\u00aa Semana Estadual de combate ao Aedes - Seconci Brasil\" \/>\n<meta property=\"og:description\" content=\"Entre segunda-feira (10) e sexta-feira (14), \u00e9 realizada a primeira Semana Estadual de Mobiliza\u00e7\u00e3o contra o Aedes Aegypti deste ano. A iniciativa visa engajar a sociedade civil, munic\u00edpios e organiza\u00e7\u00f5es p\u00fablicas e privadas em atividades focadas na preven\u00e7\u00e3o \u00e0 dengue, chikungunya e zika v\u00edrus, com foco especial no controle da prolifera\u00e7\u00e3o do mosquito transmissor dessas [&hellip;]\" \/>\n<meta property=\"og:url\" content=\"https:\/\/seconci.com.br\/site\/2020\/02\/12\/sp-mobiliza-populacao-para-1a-semana-estadual-de-combate-ao-aedes\/\" \/>\n<meta property=\"og:site_name\" content=\"Seconci Brasil\" \/>\n<meta property=\"article:published_time\" content=\"2020-02-12T12:36:32+00:00\" \/>\n<meta property=\"og:image\" content=\"https:\/\/seconci.com.br\/site\/wp-content\/uploads\/2020\/02\/1001040.jpg\" \/>\n\t<meta property=\"og:image:width\" content=\"1280\" \/>\n\t<meta property=\"og:image:height\" content=\"720\" \/>\n\t<meta property=\"og:image:type\" content=\"image\/jpeg\" \/>\n<meta name=\"author\" content=\"Sidney Rocha\" \/>\n<meta name=\"twitter:card\" content=\"summary_large_image\" \/>\n<meta name=\"twitter:label1\" content=\"Escrito por\" \/>\n\t<meta name=\"twitter:data1\" content=\"Sidney Rocha\" \/>\n\t<meta name=\"twitter:label2\" content=\"Tempo estimado de leitura\" \/>\n\t<meta name=\"twitter:data2\" content=\"3 minutos\" \/>\n<script type=\"application\/ld+json\" class=\"yoast-schema-graph\">{\"@context\":\"https:\/\/schema.org\",\"@graph\":[{\"@type\":\"Article\",\"@id\":\"https:\/\/seconci.com.br\/site\/2020\/02\/12\/sp-mobiliza-populacao-para-1a-semana-estadual-de-combate-ao-aedes\/#article\",\"isPartOf\":{\"@id\":\"https:\/\/seconci.com.br\/site\/2020\/02\/12\/sp-mobiliza-populacao-para-1a-semana-estadual-de-combate-ao-aedes\/\"},\"author\":{\"name\":\"Sidney Rocha\",\"@id\":\"https:\/\/seconci.com.br\/site\/#\/schema\/person\/1d79afd97ddc8f2c68c1e88e298aa8e2\"},\"headline\":\"SP mobiliza popula\u00e7\u00e3o para 1\u00aa Semana Estadual de combate ao Aedes\",\"datePublished\":\"2020-02-12T12:36:32+00:00\",\"mainEntityOfPage\":{\"@id\":\"https:\/\/seconci.com.br\/site\/2020\/02\/12\/sp-mobiliza-populacao-para-1a-semana-estadual-de-combate-ao-aedes\/\"},\"wordCount\":613,\"publisher\":{\"@id\":\"https:\/\/seconci.com.br\/site\/#organization\"},\"image\":{\"@id\":\"https:\/\/seconci.com.br\/site\/2020\/02\/12\/sp-mobiliza-populacao-para-1a-semana-estadual-de-combate-ao-aedes\/#primaryimage\"},\"thumbnailUrl\":\"https:\/\/seconci.com.br\/site\/wp-content\/uploads\/2020\/02\/1001040.jpg\",\"articleSection\":[\"Seconci S\u00e3o Paulo\"],\"inLanguage\":\"pt-PT\"},{\"@type\":\"WebPage\",\"@id\":\"https:\/\/seconci.com.br\/site\/2020\/02\/12\/sp-mobiliza-populacao-para-1a-semana-estadual-de-combate-ao-aedes\/\",\"url\":\"https:\/\/seconci.com.br\/site\/2020\/02\/12\/sp-mobiliza-populacao-para-1a-semana-estadual-de-combate-ao-aedes\/\",\"name\":\"SP mobiliza popula\u00e7\u00e3o para 1\u00aa Semana Estadual de combate ao Aedes - Seconci Brasil\",\"isPartOf\":{\"@id\":\"https:\/\/seconci.com.br\/site\/#website\"},\"primaryImageOfPage\":{\"@id\":\"https:\/\/seconci.com.br\/site\/2020\/02\/12\/sp-mobiliza-populacao-para-1a-semana-estadual-de-combate-ao-aedes\/#primaryimage\"},\"image\":{\"@id\":\"https:\/\/seconci.com.br\/site\/2020\/02\/12\/sp-mobiliza-populacao-para-1a-semana-estadual-de-combate-ao-aedes\/#primaryimage\"},\"thumbnailUrl\":\"https:\/\/seconci.com.br\/site\/wp-content\/uploads\/2020\/02\/1001040.jpg\",\"datePublished\":\"2020-02-12T12:36:32+00:00\",\"breadcrumb\":{\"@id\":\"https:\/\/seconci.com.br\/site\/2020\/02\/12\/sp-mobiliza-populacao-para-1a-semana-estadual-de-combate-ao-aedes\/#breadcrumb\"},\"inLanguage\":\"pt-PT\",\"potentialAction\":[{\"@type\":\"ReadAction\",\"target\":[\"https:\/\/seconci.com.br\/site\/2020\/02\/12\/sp-mobiliza-populacao-para-1a-semana-estadual-de-combate-ao-aedes\/\"]}]},{\"@type\":\"ImageObject\",\"inLanguage\":\"pt-PT\",\"@id\":\"https:\/\/seconci.com.br\/site\/2020\/02\/12\/sp-mobiliza-populacao-para-1a-semana-estadual-de-combate-ao-aedes\/#primaryimage\",\"url\":\"https:\/\/seconci.com.br\/site\/wp-content\/uploads\/2020\/02\/1001040.jpg\",\"contentUrl\":\"https:\/\/seconci.com.br\/site\/wp-content\/uploads\/2020\/02\/1001040.jpg\",\"width\":1280,\"height\":720},{\"@type\":\"BreadcrumbList\",\"@id\":\"https:\/\/seconci.com.br\/site\/2020\/02\/12\/sp-mobiliza-populacao-para-1a-semana-estadual-de-combate-ao-aedes\/#breadcrumb\",\"itemListElement\":[{\"@type\":\"ListItem\",\"position\":1,\"name\":\"In\u00edcio\",\"item\":\"https:\/\/seconci.com.br\/site\/\"},{\"@type\":\"ListItem\",\"position\":2,\"name\":\"SP mobiliza popula\u00e7\u00e3o para 1\u00aa Semana Estadual de combate ao Aedes\"}]},{\"@type\":\"WebSite\",\"@id\":\"https:\/\/seconci.com.br\/site\/#website\",\"url\":\"https:\/\/seconci.com.br\/site\/\",\"name\":\"Seconci Brasil\",\"description\":\"\",\"publisher\":{\"@id\":\"https:\/\/seconci.com.br\/site\/#organization\"},\"potentialAction\":[{\"@type\":\"SearchAction\",\"target\":{\"@type\":\"EntryPoint\",\"urlTemplate\":\"https:\/\/seconci.com.br\/site\/?s={search_term_string}\"},\"query-input\":{\"@type\":\"PropertyValueSpecification\",\"valueRequired\":true,\"valueName\":\"search_term_string\"}}],\"inLanguage\":\"pt-PT\"},{\"@type\":\"Organization\",\"@id\":\"https:\/\/seconci.com.br\/site\/#organization\",\"name\":\"Seconci Brasil\",\"url\":\"https:\/\/seconci.com.br\/site\/\",\"logo\":{\"@type\":\"ImageObject\",\"inLanguage\":\"pt-PT\",\"@id\":\"https:\/\/seconci.com.br\/site\/#\/schema\/logo\/image\/\",\"url\":\"https:\/\/seconci.com.br\/site\/wp-content\/uploads\/2024\/08\/Logo-Seconci-Brasil-branca-2.png\",\"contentUrl\":\"https:\/\/seconci.com.br\/site\/wp-content\/uploads\/2024\/08\/Logo-Seconci-Brasil-branca-2.png\",\"width\":1315,\"height\":598,\"caption\":\"Seconci Brasil\"},\"image\":{\"@id\":\"https:\/\/seconci.com.br\/site\/#\/schema\/logo\/image\/\"}},{\"@type\":\"Person\",\"@id\":\"https:\/\/seconci.com.br\/site\/#\/schema\/person\/1d79afd97ddc8f2c68c1e88e298aa8e2\",\"name\":\"Sidney Rocha\",\"description\":\"Comunicador e estagi\u00e1rio do Seconci Brasil.\",\"url\":\"https:\/\/seconci.com.br\/site\/author\/sidney-rocha\/\"}]}<\/script>\n<!-- \/ Yoast SEO plugin. -->","yoast_head_json":{"title":"SP mobiliza popula\u00e7\u00e3o para 1\u00aa Semana Estadual de combate ao Aedes - Seconci Brasil","robots":{"index":"index","follow":"follow","max-snippet":"max-snippet:-1","max-image-preview":"max-image-preview:large","max-video-preview":"max-video-preview:-1"},"canonical":"https:\/\/seconci.com.br\/site\/2020\/02\/12\/sp-mobiliza-populacao-para-1a-semana-estadual-de-combate-ao-aedes\/","og_locale":"pt_PT","og_type":"article","og_title":"SP mobiliza popula\u00e7\u00e3o para 1\u00aa Semana Estadual de combate ao Aedes - Seconci Brasil","og_description":"Entre segunda-feira (10) e sexta-feira (14), \u00e9 realizada a primeira Semana Estadual de Mobiliza\u00e7\u00e3o contra o Aedes Aegypti deste ano. A iniciativa visa engajar a sociedade civil, munic\u00edpios e organiza\u00e7\u00f5es p\u00fablicas e privadas em atividades focadas na preven\u00e7\u00e3o \u00e0 dengue, chikungunya e zika v\u00edrus, com foco especial no controle da prolifera\u00e7\u00e3o do mosquito transmissor dessas [&hellip;]","og_url":"https:\/\/seconci.com.br\/site\/2020\/02\/12\/sp-mobiliza-populacao-para-1a-semana-estadual-de-combate-ao-aedes\/","og_site_name":"Seconci Brasil","article_published_time":"2020-02-12T12:36:32+00:00","og_image":[{"width":1280,"height":720,"url":"https:\/\/seconci.com.br\/site\/wp-content\/uploads\/2020\/02\/1001040.jpg","type":"image\/jpeg"}],"author":"Sidney Rocha","twitter_card":"summary_large_image","twitter_misc":{"Escrito por":"Sidney Rocha","Tempo estimado de leitura":"3 minutos"},"schema":{"@context":"https:\/\/schema.org","@graph":[{"@type":"Article","@id":"https:\/\/seconci.com.br\/site\/2020\/02\/12\/sp-mobiliza-populacao-para-1a-semana-estadual-de-combate-ao-aedes\/#article","isPartOf":{"@id":"https:\/\/seconci.com.br\/site\/2020\/02\/12\/sp-mobiliza-populacao-para-1a-semana-estadual-de-combate-ao-aedes\/"},"author":{"name":"Sidney Rocha","@id":"https:\/\/seconci.com.br\/site\/#\/schema\/person\/1d79afd97ddc8f2c68c1e88e298aa8e2"},"headline":"SP mobiliza popula\u00e7\u00e3o para 1\u00aa Semana Estadual de combate ao Aedes","datePublished":"2020-02-12T12:36:32+00:00","mainEntityOfPage":{"@id":"https:\/\/seconci.com.br\/site\/2020\/02\/12\/sp-mobiliza-populacao-para-1a-semana-estadual-de-combate-ao-aedes\/"},"wordCount":613,"publisher":{"@id":"https:\/\/seconci.com.br\/site\/#organization"},"image":{"@id":"https:\/\/seconci.com.br\/site\/2020\/02\/12\/sp-mobiliza-populacao-para-1a-semana-estadual-de-combate-ao-aedes\/#primaryimage"},"thumbnailUrl":"https:\/\/seconci.com.br\/site\/wp-content\/uploads\/2020\/02\/1001040.jpg","articleSection":["Seconci S\u00e3o Paulo"],"inLanguage":"pt-PT"},{"@type":"WebPage","@id":"https:\/\/seconci.com.br\/site\/2020\/02\/12\/sp-mobiliza-populacao-para-1a-semana-estadual-de-combate-ao-aedes\/","url":"https:\/\/seconci.com.br\/site\/2020\/02\/12\/sp-mobiliza-populacao-para-1a-semana-estadual-de-combate-ao-aedes\/","name":"SP mobiliza popula\u00e7\u00e3o para 1\u00aa Semana Estadual de combate ao Aedes - Seconci Brasil","isPartOf":{"@id":"https:\/\/seconci.com.br\/site\/#website"},"primaryImageOfPage":{"@id":"https:\/\/seconci.com.br\/site\/2020\/02\/12\/sp-mobiliza-populacao-para-1a-semana-estadual-de-combate-ao-aedes\/#primaryimage"},"image":{"@id":"https:\/\/seconci.com.br\/site\/2020\/02\/12\/sp-mobiliza-populacao-para-1a-semana-estadual-de-combate-ao-aedes\/#primaryimage"},"thumbnailUrl":"https:\/\/seconci.com.br\/site\/wp-content\/uploads\/2020\/02\/1001040.jpg","datePublished":"2020-02-12T12:36:32+00:00","breadcrumb":{"@id":"https:\/\/seconci.com.br\/site\/2020\/02\/12\/sp-mobiliza-populacao-para-1a-semana-estadual-de-combate-ao-aedes\/#breadcrumb"},"inLanguage":"pt-PT","potentialAction":[{"@type":"ReadAction","target":["https:\/\/seconci.com.br\/site\/2020\/02\/12\/sp-mobiliza-populacao-para-1a-semana-estadual-de-combate-ao-aedes\/"]}]},{"@type":"ImageObject","inLanguage":"pt-PT","@id":"https:\/\/seconci.com.br\/site\/2020\/02\/12\/sp-mobiliza-populacao-para-1a-semana-estadual-de-combate-ao-aedes\/#primaryimage","url":"https:\/\/seconci.com.br\/site\/wp-content\/uploads\/2020\/02\/1001040.jpg","contentUrl":"https:\/\/seconci.com.br\/site\/wp-content\/uploads\/2020\/02\/1001040.jpg","width":1280,"height":720},{"@type":"BreadcrumbList","@id":"https:\/\/seconci.com.br\/site\/2020\/02\/12\/sp-mobiliza-populacao-para-1a-semana-estadual-de-combate-ao-aedes\/#breadcrumb","itemListElement":[{"@type":"ListItem","position":1,"name":"In\u00edcio","item":"https:\/\/seconci.com.br\/site\/"},{"@type":"ListItem","position":2,"name":"SP mobiliza popula\u00e7\u00e3o para 1\u00aa Semana Estadual de combate ao Aedes"}]},{"@type":"WebSite","@id":"https:\/\/seconci.com.br\/site\/#website","url":"https:\/\/seconci.com.br\/site\/","name":"Seconci Brasil","description":"","publisher":{"@id":"https:\/\/seconci.com.br\/site\/#organization"},"potentialAction":[{"@type":"SearchAction","target":{"@type":"EntryPoint","urlTemplate":"https:\/\/seconci.com.br\/site\/?s={search_term_string}"},"query-input":{"@type":"PropertyValueSpecification","valueRequired":true,"valueName":"search_term_string"}}],"inLanguage":"pt-PT"},{"@type":"Organization","@id":"https:\/\/seconci.com.br\/site\/#organization","name":"Seconci Brasil","url":"https:\/\/seconci.com.br\/site\/","logo":{"@type":"ImageObject","inLanguage":"pt-PT","@id":"https:\/\/seconci.com.br\/site\/#\/schema\/logo\/image\/","url":"https:\/\/seconci.com.br\/site\/wp-content\/uploads\/2024\/08\/Logo-Seconci-Brasil-branca-2.png","contentUrl":"https:\/\/seconci.com.br\/site\/wp-content\/uploads\/2024\/08\/Logo-Seconci-Brasil-branca-2.png","width":1315,"height":598,"caption":"Seconci Brasil"},"image":{"@id":"https:\/\/seconci.com.br\/site\/#\/schema\/logo\/image\/"}},{"@type":"Person","@id":"https:\/\/seconci.com.br\/site\/#\/schema\/person\/1d79afd97ddc8f2c68c1e88e298aa8e2","name":"Sidney Rocha","description":"Comunicador e estagi\u00e1rio do Seconci Brasil.","url":"https:\/\/seconci.com.br\/site\/author\/sidney-rocha\/"}]}},"_links":{"self":[{"href":"https:\/\/seconci.com.br\/site\/wp-json\/wp\/v2\/posts\/9044","targetHints":{"allow":["GET"]}}],"collection":[{"href":"https:\/\/seconci.com.br\/site\/wp-json\/wp\/v2\/posts"}],"about":[{"href":"https:\/\/seconci.com.br\/site\/wp-json\/wp\/v2\/types\/post"}],"author":[{"embeddable":true,"href":"https:\/\/seconci.com.br\/site\/wp-json\/wp\/v2\/users\/3"}],"replies":[{"embeddable":true,"href":"https:\/\/seconci.com.br\/site\/wp-json\/wp\/v2\/comments?post=9044"}],"version-history":[{"count":0,"href":"https:\/\/seconci.com.br\/site\/wp-json\/wp\/v2\/posts\/9044\/revisions"}],"wp:featuredmedia":[{"embeddable":true,"href":"https:\/\/seconci.com.br\/site\/wp-json\/wp\/v2\/media\/9045"}],"wp:attachment":[{"href":"https:\/\/seconci.com.br\/site\/wp-json\/wp\/v2\/media?parent=9044"}],"wp:term":[{"taxonomy":"category","embeddable":true,"href":"https:\/\/seconci.com.br\/site\/wp-json\/wp\/v2\/categories?post=9044"},{"taxonomy":"post_tag","embeddable":true,"href":"https:\/\/seconci.com.br\/site\/wp-json\/wp\/v2\/tags?post=9044"}],"curies":[{"name":"wp","href":"https:\/\/api.w.org\/{rel}","templated":true}]}}