{"id":9047,"date":"2020-02-12T12:39:40","date_gmt":"2020-02-12T12:39:40","guid":{"rendered":"https:\/\/seconci.com.br\/site\/?p=9047"},"modified":"2020-02-12T12:39:40","modified_gmt":"2020-02-12T12:39:40","slug":"coronavirus-seconci-sp-explica-os-principais-sintomas-e-forma-de-prevencao","status":"publish","type":"post","link":"https:\/\/seconci.com.br\/site\/2020\/02\/12\/coronavirus-seconci-sp-explica-os-principais-sintomas-e-forma-de-prevencao\/","title":{"rendered":"Coronav\u00edrus: Seconci-SP explica os principais sintomas e forma de preven\u00e7\u00e3o"},"content":{"rendered":"<p style=\"text-align: justify;\"><em>Lavar as m\u00e3os constantemente e n\u00e3o lev\u00e1-las \u00e0 boca, nariz e olhos s\u00e3o alguns dos cuidados necess\u00e1rios<\/em><\/p>\n<p style=\"text-align: justify;\">O boletim mais recente da Organiza\u00e7\u00e3o Mundial da Sa\u00fade (OMS), divulgado em 5 de fevereiro, indica que j\u00e1 s\u00e3o 12 os pa\u00edses com ao menos um caso de transmiss\u00e3o interna de coronav\u00edrus. O gerente da \u00e1rea de Medicina Ambulatorial do Seconci-SP (Servi\u00e7o Social da Constru\u00e7\u00e3o), dr. Hor\u00e1cio Cardoso Salles, explica o que os coronav\u00edrus s\u00e3o conhecidos desde meados da d\u00e9cada de 1960. \u201cEles integram um conjunto de v\u00edrus e recebem este nome devido \u00e0s esp\u00edculas na sua superf\u00edcie, que lembra uma coroa (do latim corona)\u201d, explica.<\/p>\n<p style=\"text-align: justify;\">Este novo coronav\u00edrus, identificado originalmente na China no come\u00e7o deste ano, \u00e9 uma varia\u00e7\u00e3o do v\u00edrus j\u00e1 conhecido na comunidade m\u00e9dica. Al\u00e9m disso, os sintomas tamb\u00e9m s\u00e3o semelhantes, incluindo febre, tosse, dificuldade respirat\u00f3ria, coriza, dor de garganta e, nos casos mais graves, pneumonia e insufici\u00eancia respirat\u00f3ria.<\/p>\n<p style=\"text-align: justify;\">O per\u00edodo de incuba\u00e7\u00e3o deste v\u00edrus, de acordo com o que foi descoberto pela comunidade m\u00e9dica at\u00e9 o momento, costuma ocorrer de 2 a 14 dias. Contudo, as pessoas s\u00f3 passam a transmiti-lo a partir do surgimento dos sintomas.<\/p>\n<p style=\"text-align: justify;\">\u201cOs sinais do coronav\u00edrus s\u00e3o muitos semelhantes aos da gripe comum, por isso, caso a pessoa apresente os sintomas ap\u00f3s o contato com indiv\u00edduos que estiveram em regi\u00f5es que possuem o registro da doen\u00e7a, \u00e9 importante consultar um m\u00e9dico para uma avalia\u00e7\u00e3o cl\u00ednica\u201d, recomenda o m\u00e9dico. \u201cAinda n\u00e3o existe uma vacina para o coronav\u00edrus, mas \u00e9 poss\u00edvel tratar os sintomas\u201d, complementa.<\/p>\n<p style=\"text-align: justify;\"><strong>Preven\u00e7\u00e3o<\/strong><\/p>\n<p style=\"text-align: justify;\">Segundo o dr. Salles, assim como o v\u00edrus do resfriado, entre humanos, os coronav\u00edrus s\u00e3o transmitidos pelo ar, por meio de tosse ou espirro de uma pessoa contaminada e contato com superf\u00edcies ou indiv\u00edduos infectados.<\/p>\n<p style=\"text-align: justify;\">Por este motivo, a melhor forma de preven\u00e7\u00e3o \u00e9 lavar bem as m\u00e3os sempre que chegar em casa, antes de consumir alimentos e tamb\u00e9m ao longo do dia; utilizar len\u00e7os descart\u00e1veis para higiene nasal; manter o ambiente sempre ventilado; n\u00e3o compartilhar objetos de uso pessoal, como talheres, pratos, garfos, copos e garrafas; n\u00e3o levar as m\u00e3os aos olhos, boca e nariz, al\u00e9m de evitar o contato pr\u00f3ximo com pessoas que apresentem sintomas de infec\u00e7\u00e3o respirat\u00f3ria.<\/p>\n<p style=\"text-align: justify;\">Apesar da aten\u00e7\u00e3o mundial ao v\u00edrus, o especialista alerta que n\u00e3o h\u00e1 motivos para p\u00e2nico. \u201cSeguindo as medidas de preven\u00e7\u00e3o, as pessoas conseguir\u00e3o se manter confort\u00e1veis evitando at\u00e9 mesmo a prolifera\u00e7\u00e3o de doen\u00e7as da \u00e9poca como a gripe comum, por exemplo\u201d, finaliza o dr. Salles.<\/p>\n<p><em><strong>Fonte: Seconci-SP<\/strong><\/em><\/p>\n","protected":false},"excerpt":{"rendered":"<p>Lavar as m\u00e3os constantemente e n\u00e3o lev\u00e1-las \u00e0 boca, nariz e olhos s\u00e3o alguns dos cuidados necess\u00e1rios O boletim mais recente da Organiza\u00e7\u00e3o Mundial da Sa\u00fade (OMS), divulgado em 5 de fevereiro, indica que j\u00e1 s\u00e3o 12 os pa\u00edses com ao menos um caso de transmiss\u00e3o interna de coronav\u00edrus. O gerente da \u00e1rea de Medicina [&hellip;]<\/p>\n","protected":false},"author":3,"featured_media":9048,"comment_status":"closed","ping_status":"closed","sticky":false,"template":"","format":"standard","meta":{"footnotes":""},"categories":[87],"tags":[],"class_list":["post-9047","post","type-post","status-publish","format-standard","has-post-thumbnail","hentry","category-seconci-sao-paulo"],"yoast_head":"<!-- This site is optimized with the Yoast SEO plugin v26.9 - https:\/\/yoast.com\/product\/yoast-seo-wordpress\/ -->\n<title>Coronav\u00edrus: Seconci-SP explica os principais sintomas e forma de preven\u00e7\u00e3o - Seconci Brasil<\/title>\n<meta name=\"robots\" content=\"index, follow, max-snippet:-1, max-image-preview:large, max-video-preview:-1\" \/>\n<link rel=\"canonical\" href=\"https:\/\/seconci.com.br\/site\/2020\/02\/12\/coronavirus-seconci-sp-explica-os-principais-sintomas-e-forma-de-prevencao\/\" \/>\n<meta property=\"og:locale\" content=\"pt_PT\" \/>\n<meta property=\"og:type\" content=\"article\" \/>\n<meta property=\"og:title\" content=\"Coronav\u00edrus: Seconci-SP explica os principais sintomas e forma de preven\u00e7\u00e3o - Seconci Brasil\" \/>\n<meta property=\"og:description\" content=\"Lavar as m\u00e3os constantemente e n\u00e3o lev\u00e1-las \u00e0 boca, nariz e olhos s\u00e3o alguns dos cuidados necess\u00e1rios O boletim mais recente da Organiza\u00e7\u00e3o Mundial da Sa\u00fade (OMS), divulgado em 5 de fevereiro, indica que j\u00e1 s\u00e3o 12 os pa\u00edses com ao menos um caso de transmiss\u00e3o interna de coronav\u00edrus. O gerente da \u00e1rea de Medicina [&hellip;]\" \/>\n<meta property=\"og:url\" content=\"https:\/\/seconci.com.br\/site\/2020\/02\/12\/coronavirus-seconci-sp-explica-os-principais-sintomas-e-forma-de-prevencao\/\" \/>\n<meta property=\"og:site_name\" content=\"Seconci Brasil\" \/>\n<meta property=\"article:published_time\" content=\"2020-02-12T12:39:40+00:00\" \/>\n<meta property=\"og:image\" content=\"https:\/\/seconci.com.br\/site\/wp-content\/uploads\/2020\/02\/1580941598923.jpeg\" \/>\n\t<meta property=\"og:image:width\" content=\"1200\" \/>\n\t<meta property=\"og:image:height\" content=\"675\" \/>\n\t<meta property=\"og:image:type\" content=\"image\/jpeg\" \/>\n<meta name=\"author\" content=\"Sidney Rocha\" \/>\n<meta name=\"twitter:card\" content=\"summary_large_image\" \/>\n<meta name=\"twitter:label1\" content=\"Escrito por\" \/>\n\t<meta name=\"twitter:data1\" content=\"Sidney Rocha\" \/>\n\t<meta name=\"twitter:label2\" content=\"Tempo estimado de leitura\" \/>\n\t<meta name=\"twitter:data2\" content=\"2 minutos\" \/>\n<script type=\"application\/ld+json\" class=\"yoast-schema-graph\">{\"@context\":\"https:\/\/schema.org\",\"@graph\":[{\"@type\":\"Article\",\"@id\":\"https:\/\/seconci.com.br\/site\/2020\/02\/12\/coronavirus-seconci-sp-explica-os-principais-sintomas-e-forma-de-prevencao\/#article\",\"isPartOf\":{\"@id\":\"https:\/\/seconci.com.br\/site\/2020\/02\/12\/coronavirus-seconci-sp-explica-os-principais-sintomas-e-forma-de-prevencao\/\"},\"author\":{\"name\":\"Sidney Rocha\",\"@id\":\"https:\/\/seconci.com.br\/site\/#\/schema\/person\/1d79afd97ddc8f2c68c1e88e298aa8e2\"},\"headline\":\"Coronav\u00edrus: Seconci-SP explica os principais sintomas e forma de preven\u00e7\u00e3o\",\"datePublished\":\"2020-02-12T12:39:40+00:00\",\"mainEntityOfPage\":{\"@id\":\"https:\/\/seconci.com.br\/site\/2020\/02\/12\/coronavirus-seconci-sp-explica-os-principais-sintomas-e-forma-de-prevencao\/\"},\"wordCount\":484,\"publisher\":{\"@id\":\"https:\/\/seconci.com.br\/site\/#organization\"},\"image\":{\"@id\":\"https:\/\/seconci.com.br\/site\/2020\/02\/12\/coronavirus-seconci-sp-explica-os-principais-sintomas-e-forma-de-prevencao\/#primaryimage\"},\"thumbnailUrl\":\"https:\/\/seconci.com.br\/site\/wp-content\/uploads\/2020\/02\/1580941598923.jpeg\",\"articleSection\":[\"Seconci S\u00e3o Paulo\"],\"inLanguage\":\"pt-PT\"},{\"@type\":\"WebPage\",\"@id\":\"https:\/\/seconci.com.br\/site\/2020\/02\/12\/coronavirus-seconci-sp-explica-os-principais-sintomas-e-forma-de-prevencao\/\",\"url\":\"https:\/\/seconci.com.br\/site\/2020\/02\/12\/coronavirus-seconci-sp-explica-os-principais-sintomas-e-forma-de-prevencao\/\",\"name\":\"Coronav\u00edrus: Seconci-SP explica os principais sintomas e forma de preven\u00e7\u00e3o - Seconci Brasil\",\"isPartOf\":{\"@id\":\"https:\/\/seconci.com.br\/site\/#website\"},\"primaryImageOfPage\":{\"@id\":\"https:\/\/seconci.com.br\/site\/2020\/02\/12\/coronavirus-seconci-sp-explica-os-principais-sintomas-e-forma-de-prevencao\/#primaryimage\"},\"image\":{\"@id\":\"https:\/\/seconci.com.br\/site\/2020\/02\/12\/coronavirus-seconci-sp-explica-os-principais-sintomas-e-forma-de-prevencao\/#primaryimage\"},\"thumbnailUrl\":\"https:\/\/seconci.com.br\/site\/wp-content\/uploads\/2020\/02\/1580941598923.jpeg\",\"datePublished\":\"2020-02-12T12:39:40+00:00\",\"breadcrumb\":{\"@id\":\"https:\/\/seconci.com.br\/site\/2020\/02\/12\/coronavirus-seconci-sp-explica-os-principais-sintomas-e-forma-de-prevencao\/#breadcrumb\"},\"inLanguage\":\"pt-PT\",\"potentialAction\":[{\"@type\":\"ReadAction\",\"target\":[\"https:\/\/seconci.com.br\/site\/2020\/02\/12\/coronavirus-seconci-sp-explica-os-principais-sintomas-e-forma-de-prevencao\/\"]}]},{\"@type\":\"ImageObject\",\"inLanguage\":\"pt-PT\",\"@id\":\"https:\/\/seconci.com.br\/site\/2020\/02\/12\/coronavirus-seconci-sp-explica-os-principais-sintomas-e-forma-de-prevencao\/#primaryimage\",\"url\":\"https:\/\/seconci.com.br\/site\/wp-content\/uploads\/2020\/02\/1580941598923.jpeg\",\"contentUrl\":\"https:\/\/seconci.com.br\/site\/wp-content\/uploads\/2020\/02\/1580941598923.jpeg\",\"width\":1200,\"height\":675},{\"@type\":\"BreadcrumbList\",\"@id\":\"https:\/\/seconci.com.br\/site\/2020\/02\/12\/coronavirus-seconci-sp-explica-os-principais-sintomas-e-forma-de-prevencao\/#breadcrumb\",\"itemListElement\":[{\"@type\":\"ListItem\",\"position\":1,\"name\":\"In\u00edcio\",\"item\":\"https:\/\/seconci.com.br\/site\/\"},{\"@type\":\"ListItem\",\"position\":2,\"name\":\"Coronav\u00edrus: Seconci-SP explica os principais sintomas e forma de preven\u00e7\u00e3o\"}]},{\"@type\":\"WebSite\",\"@id\":\"https:\/\/seconci.com.br\/site\/#website\",\"url\":\"https:\/\/seconci.com.br\/site\/\",\"name\":\"Seconci Brasil\",\"description\":\"\",\"publisher\":{\"@id\":\"https:\/\/seconci.com.br\/site\/#organization\"},\"potentialAction\":[{\"@type\":\"SearchAction\",\"target\":{\"@type\":\"EntryPoint\",\"urlTemplate\":\"https:\/\/seconci.com.br\/site\/?s={search_term_string}\"},\"query-input\":{\"@type\":\"PropertyValueSpecification\",\"valueRequired\":true,\"valueName\":\"search_term_string\"}}],\"inLanguage\":\"pt-PT\"},{\"@type\":\"Organization\",\"@id\":\"https:\/\/seconci.com.br\/site\/#organization\",\"name\":\"Seconci Brasil\",\"url\":\"https:\/\/seconci.com.br\/site\/\",\"logo\":{\"@type\":\"ImageObject\",\"inLanguage\":\"pt-PT\",\"@id\":\"https:\/\/seconci.com.br\/site\/#\/schema\/logo\/image\/\",\"url\":\"https:\/\/seconci.com.br\/site\/wp-content\/uploads\/2024\/08\/Logo-Seconci-Brasil-branca-2.png\",\"contentUrl\":\"https:\/\/seconci.com.br\/site\/wp-content\/uploads\/2024\/08\/Logo-Seconci-Brasil-branca-2.png\",\"width\":1315,\"height\":598,\"caption\":\"Seconci Brasil\"},\"image\":{\"@id\":\"https:\/\/seconci.com.br\/site\/#\/schema\/logo\/image\/\"}},{\"@type\":\"Person\",\"@id\":\"https:\/\/seconci.com.br\/site\/#\/schema\/person\/1d79afd97ddc8f2c68c1e88e298aa8e2\",\"name\":\"Sidney Rocha\",\"description\":\"Comunicador e estagi\u00e1rio do Seconci Brasil.\",\"url\":\"https:\/\/seconci.com.br\/site\/author\/sidney-rocha\/\"}]}<\/script>\n<!-- \/ Yoast SEO plugin. -->","yoast_head_json":{"title":"Coronav\u00edrus: Seconci-SP explica os principais sintomas e forma de preven\u00e7\u00e3o - Seconci Brasil","robots":{"index":"index","follow":"follow","max-snippet":"max-snippet:-1","max-image-preview":"max-image-preview:large","max-video-preview":"max-video-preview:-1"},"canonical":"https:\/\/seconci.com.br\/site\/2020\/02\/12\/coronavirus-seconci-sp-explica-os-principais-sintomas-e-forma-de-prevencao\/","og_locale":"pt_PT","og_type":"article","og_title":"Coronav\u00edrus: Seconci-SP explica os principais sintomas e forma de preven\u00e7\u00e3o - Seconci Brasil","og_description":"Lavar as m\u00e3os constantemente e n\u00e3o lev\u00e1-las \u00e0 boca, nariz e olhos s\u00e3o alguns dos cuidados necess\u00e1rios O boletim mais recente da Organiza\u00e7\u00e3o Mundial da Sa\u00fade (OMS), divulgado em 5 de fevereiro, indica que j\u00e1 s\u00e3o 12 os pa\u00edses com ao menos um caso de transmiss\u00e3o interna de coronav\u00edrus. O gerente da \u00e1rea de Medicina [&hellip;]","og_url":"https:\/\/seconci.com.br\/site\/2020\/02\/12\/coronavirus-seconci-sp-explica-os-principais-sintomas-e-forma-de-prevencao\/","og_site_name":"Seconci Brasil","article_published_time":"2020-02-12T12:39:40+00:00","og_image":[{"width":1200,"height":675,"url":"https:\/\/seconci.com.br\/site\/wp-content\/uploads\/2020\/02\/1580941598923.jpeg","type":"image\/jpeg"}],"author":"Sidney Rocha","twitter_card":"summary_large_image","twitter_misc":{"Escrito por":"Sidney Rocha","Tempo estimado de leitura":"2 minutos"},"schema":{"@context":"https:\/\/schema.org","@graph":[{"@type":"Article","@id":"https:\/\/seconci.com.br\/site\/2020\/02\/12\/coronavirus-seconci-sp-explica-os-principais-sintomas-e-forma-de-prevencao\/#article","isPartOf":{"@id":"https:\/\/seconci.com.br\/site\/2020\/02\/12\/coronavirus-seconci-sp-explica-os-principais-sintomas-e-forma-de-prevencao\/"},"author":{"name":"Sidney Rocha","@id":"https:\/\/seconci.com.br\/site\/#\/schema\/person\/1d79afd97ddc8f2c68c1e88e298aa8e2"},"headline":"Coronav\u00edrus: Seconci-SP explica os principais sintomas e forma de preven\u00e7\u00e3o","datePublished":"2020-02-12T12:39:40+00:00","mainEntityOfPage":{"@id":"https:\/\/seconci.com.br\/site\/2020\/02\/12\/coronavirus-seconci-sp-explica-os-principais-sintomas-e-forma-de-prevencao\/"},"wordCount":484,"publisher":{"@id":"https:\/\/seconci.com.br\/site\/#organization"},"image":{"@id":"https:\/\/seconci.com.br\/site\/2020\/02\/12\/coronavirus-seconci-sp-explica-os-principais-sintomas-e-forma-de-prevencao\/#primaryimage"},"thumbnailUrl":"https:\/\/seconci.com.br\/site\/wp-content\/uploads\/2020\/02\/1580941598923.jpeg","articleSection":["Seconci S\u00e3o Paulo"],"inLanguage":"pt-PT"},{"@type":"WebPage","@id":"https:\/\/seconci.com.br\/site\/2020\/02\/12\/coronavirus-seconci-sp-explica-os-principais-sintomas-e-forma-de-prevencao\/","url":"https:\/\/seconci.com.br\/site\/2020\/02\/12\/coronavirus-seconci-sp-explica-os-principais-sintomas-e-forma-de-prevencao\/","name":"Coronav\u00edrus: Seconci-SP explica os principais sintomas e forma de preven\u00e7\u00e3o - Seconci Brasil","isPartOf":{"@id":"https:\/\/seconci.com.br\/site\/#website"},"primaryImageOfPage":{"@id":"https:\/\/seconci.com.br\/site\/2020\/02\/12\/coronavirus-seconci-sp-explica-os-principais-sintomas-e-forma-de-prevencao\/#primaryimage"},"image":{"@id":"https:\/\/seconci.com.br\/site\/2020\/02\/12\/coronavirus-seconci-sp-explica-os-principais-sintomas-e-forma-de-prevencao\/#primaryimage"},"thumbnailUrl":"https:\/\/seconci.com.br\/site\/wp-content\/uploads\/2020\/02\/1580941598923.jpeg","datePublished":"2020-02-12T12:39:40+00:00","breadcrumb":{"@id":"https:\/\/seconci.com.br\/site\/2020\/02\/12\/coronavirus-seconci-sp-explica-os-principais-sintomas-e-forma-de-prevencao\/#breadcrumb"},"inLanguage":"pt-PT","potentialAction":[{"@type":"ReadAction","target":["https:\/\/seconci.com.br\/site\/2020\/02\/12\/coronavirus-seconci-sp-explica-os-principais-sintomas-e-forma-de-prevencao\/"]}]},{"@type":"ImageObject","inLanguage":"pt-PT","@id":"https:\/\/seconci.com.br\/site\/2020\/02\/12\/coronavirus-seconci-sp-explica-os-principais-sintomas-e-forma-de-prevencao\/#primaryimage","url":"https:\/\/seconci.com.br\/site\/wp-content\/uploads\/2020\/02\/1580941598923.jpeg","contentUrl":"https:\/\/seconci.com.br\/site\/wp-content\/uploads\/2020\/02\/1580941598923.jpeg","width":1200,"height":675},{"@type":"BreadcrumbList","@id":"https:\/\/seconci.com.br\/site\/2020\/02\/12\/coronavirus-seconci-sp-explica-os-principais-sintomas-e-forma-de-prevencao\/#breadcrumb","itemListElement":[{"@type":"ListItem","position":1,"name":"In\u00edcio","item":"https:\/\/seconci.com.br\/site\/"},{"@type":"ListItem","position":2,"name":"Coronav\u00edrus: Seconci-SP explica os principais sintomas e forma de preven\u00e7\u00e3o"}]},{"@type":"WebSite","@id":"https:\/\/seconci.com.br\/site\/#website","url":"https:\/\/seconci.com.br\/site\/","name":"Seconci Brasil","description":"","publisher":{"@id":"https:\/\/seconci.com.br\/site\/#organization"},"potentialAction":[{"@type":"SearchAction","target":{"@type":"EntryPoint","urlTemplate":"https:\/\/seconci.com.br\/site\/?s={search_term_string}"},"query-input":{"@type":"PropertyValueSpecification","valueRequired":true,"valueName":"search_term_string"}}],"inLanguage":"pt-PT"},{"@type":"Organization","@id":"https:\/\/seconci.com.br\/site\/#organization","name":"Seconci Brasil","url":"https:\/\/seconci.com.br\/site\/","logo":{"@type":"ImageObject","inLanguage":"pt-PT","@id":"https:\/\/seconci.com.br\/site\/#\/schema\/logo\/image\/","url":"https:\/\/seconci.com.br\/site\/wp-content\/uploads\/2024\/08\/Logo-Seconci-Brasil-branca-2.png","contentUrl":"https:\/\/seconci.com.br\/site\/wp-content\/uploads\/2024\/08\/Logo-Seconci-Brasil-branca-2.png","width":1315,"height":598,"caption":"Seconci Brasil"},"image":{"@id":"https:\/\/seconci.com.br\/site\/#\/schema\/logo\/image\/"}},{"@type":"Person","@id":"https:\/\/seconci.com.br\/site\/#\/schema\/person\/1d79afd97ddc8f2c68c1e88e298aa8e2","name":"Sidney Rocha","description":"Comunicador e estagi\u00e1rio do Seconci Brasil.","url":"https:\/\/seconci.com.br\/site\/author\/sidney-rocha\/"}]}},"_links":{"self":[{"href":"https:\/\/seconci.com.br\/site\/wp-json\/wp\/v2\/posts\/9047","targetHints":{"allow":["GET"]}}],"collection":[{"href":"https:\/\/seconci.com.br\/site\/wp-json\/wp\/v2\/posts"}],"about":[{"href":"https:\/\/seconci.com.br\/site\/wp-json\/wp\/v2\/types\/post"}],"author":[{"embeddable":true,"href":"https:\/\/seconci.com.br\/site\/wp-json\/wp\/v2\/users\/3"}],"replies":[{"embeddable":true,"href":"https:\/\/seconci.com.br\/site\/wp-json\/wp\/v2\/comments?post=9047"}],"version-history":[{"count":0,"href":"https:\/\/seconci.com.br\/site\/wp-json\/wp\/v2\/posts\/9047\/revisions"}],"wp:featuredmedia":[{"embeddable":true,"href":"https:\/\/seconci.com.br\/site\/wp-json\/wp\/v2\/media\/9048"}],"wp:attachment":[{"href":"https:\/\/seconci.com.br\/site\/wp-json\/wp\/v2\/media?parent=9047"}],"wp:term":[{"taxonomy":"category","embeddable":true,"href":"https:\/\/seconci.com.br\/site\/wp-json\/wp\/v2\/categories?post=9047"},{"taxonomy":"post_tag","embeddable":true,"href":"https:\/\/seconci.com.br\/site\/wp-json\/wp\/v2\/tags?post=9047"}],"curies":[{"name":"wp","href":"https:\/\/api.w.org\/{rel}","templated":true}]}}