{"id":9050,"date":"2020-02-14T11:36:12","date_gmt":"2020-02-14T11:36:12","guid":{"rendered":"https:\/\/seconci.com.br\/site\/?p=9050"},"modified":"2020-02-14T11:36:12","modified_gmt":"2020-02-14T11:36:12","slug":"publicada-nova-redacao-da-nr-18-que-trata-do-trabalho-na-construcao","status":"publish","type":"post","link":"https:\/\/seconci.com.br\/site\/2020\/02\/14\/publicada-nova-redacao-da-nr-18-que-trata-do-trabalho-na-construcao\/","title":{"rendered":"Publicada nova reda\u00e7\u00e3o da NR 18 que trata do trabalho na constru\u00e7\u00e3o"},"content":{"rendered":"<p style=\"text-align: justify;\">A Secretaria Especial de Previd\u00eancia e Trabalho do Minist\u00e9rio da Economia publicou nesta ter\u00e7a-feira (11), no Di\u00e1rio Oficial da Uni\u00e3o (DOU), a Portaria n\u00ba 3.733, de 10 de fevereiro de 2020, que aprova a\u00a0<strong>nova reda\u00e7\u00e3o da Norma Regulamentadora n\u00ba 18 (NR 18) \u2013 Seguran\u00e7a e Sa\u00fade no Trabalho na Ind\u00fastria da Constru\u00e7\u00e3o<\/strong>. A Portaria entra em vigor um ano ap\u00f3s a data de sua publica\u00e7\u00e3o.<em>\u00a0<\/em><\/p>\n<p style=\"text-align: justify;\">A NR 18 estabelece diretrizes de ordem administrativa, de planejamento e de organiza\u00e7\u00e3o, que visam \u00e0 implementa\u00e7\u00e3o de medidas de controle e sistemas preventivos de seguran\u00e7a nos processos, nas condi\u00e7\u00f5es e no meio ambiente de trabalho na ind\u00fastria da constru\u00e7\u00e3o.<\/p>\n<p style=\"text-align: justify;\">Veja a \u00edntegra da\u00a0<a href=\"https:\/\/cbic.org.br\/wp-content\/uploads\/2020\/02\/PORTARIA-N%C2%BA-3.733-DE-10-DE-FEVEREIRO-DE-2020-PORTARIA-N%C2%BA-3.pdf\">Portaria 3.733\/2020<\/a>.<em>\u00a0<\/em><\/p>\n<h2 style=\"text-align: justify;\">Livreto detalha modifica\u00e7\u00f5es da NR 18<\/h2>\n<p style=\"text-align: justify;\">Ap\u00f3s o amplo processo de revis\u00e3o e moderniza\u00e7\u00e3o da primeira norma setorial, que envolveu governo e representantes dos trabalhadores e empregadores, a NR 18 agora disp\u00f5e de um texto mais enxuto, desburocratizado, com regras mais claras e objetivas, de f\u00e1cil consulta e entendimento,\u00a0<strong>mantendo e refor\u00e7ando os princ\u00edpios de seguran\u00e7a a serem adotados nos processos construtivos para a preven\u00e7\u00e3o de acidente do trabalho<\/strong>.<\/p>\n<p style=\"text-align: justify;\">O Minist\u00e9rio da Economia, por meio da sua Secretaria Especial de Previd\u00eancia e Trabalho, a C\u00e2mara Brasileira da Ind\u00fastria da Constru\u00e7\u00e3o (CBIC), o Servi\u00e7o Social da Ind\u00fastria (Sesi Nacional) e a Funda\u00e7\u00e3o Jorge Duprat e Figueiredo (Fundacentro) produziram o livreto \u2018Nova Norma Regulamentadora NR 18 para a Ind\u00fastria da Constru\u00e7\u00e3o\u2019, que detalha avan\u00e7os da NR 18.\u00a0<a href=\"https:\/\/cbic.org.br\/wp-content\/uploads\/2020\/01\/Nova_Norma_Regulamentadora_NR_18.pdf\">Acesse e fique por dentro<\/a>!<\/p>\n<p style=\"text-align: justify;\">A participa\u00e7\u00e3o no processo de revis\u00e3o da NR 18 est\u00e1 relacionada ao projeto\u00a0<em>\u2018Elabora\u00e7\u00e3o e Divulga\u00e7\u00e3o de Material(is) Orientativo(s) sobre as Atualiza\u00e7\u00f5es das Regras Trabalhistas e\/ou de Seguran\u00e7a e Sa\u00fade no Trabalho, para a Ind\u00fastria da Constru\u00e7\u00e3o\u2019<\/em>, desenvolvido pela CBIC e pelo Sesi Nacional.<\/p>\n<p><em><strong>Fonte: Ag\u00eancia Cbic<\/strong><\/em><\/p>\n","protected":false},"excerpt":{"rendered":"<p>A Secretaria Especial de Previd\u00eancia e Trabalho do Minist\u00e9rio da Economia publicou nesta ter\u00e7a-feira (11), no Di\u00e1rio Oficial da Uni\u00e3o (DOU), a Portaria n\u00ba 3.733, de 10 de fevereiro de 2020, que aprova a\u00a0nova reda\u00e7\u00e3o da Norma Regulamentadora n\u00ba 18 (NR 18) \u2013 Seguran\u00e7a e Sa\u00fade no Trabalho na Ind\u00fastria da Constru\u00e7\u00e3o. A Portaria entra [&hellip;]<\/p>\n","protected":false},"author":3,"featured_media":9051,"comment_status":"closed","ping_status":"closed","sticky":false,"template":"","format":"standard","meta":{"footnotes":""},"categories":[92],"tags":[],"class_list":["post-9050","post","type-post","status-publish","format-standard","has-post-thumbnail","hentry","category-seconci-brasil"],"yoast_head":"<!-- This site is optimized with the Yoast SEO plugin v26.9 - https:\/\/yoast.com\/product\/yoast-seo-wordpress\/ -->\n<title>Publicada nova reda\u00e7\u00e3o da NR 18 que trata do trabalho na constru\u00e7\u00e3o - Seconci Brasil<\/title>\n<meta name=\"robots\" content=\"index, follow, max-snippet:-1, max-image-preview:large, max-video-preview:-1\" \/>\n<link rel=\"canonical\" href=\"https:\/\/seconci.com.br\/site\/2020\/02\/14\/publicada-nova-redacao-da-nr-18-que-trata-do-trabalho-na-construcao\/\" \/>\n<meta property=\"og:locale\" content=\"pt_PT\" \/>\n<meta property=\"og:type\" content=\"article\" \/>\n<meta property=\"og:title\" content=\"Publicada nova reda\u00e7\u00e3o da NR 18 que trata do trabalho na constru\u00e7\u00e3o - Seconci Brasil\" \/>\n<meta property=\"og:description\" content=\"A Secretaria Especial de Previd\u00eancia e Trabalho do Minist\u00e9rio da Economia publicou nesta ter\u00e7a-feira (11), no Di\u00e1rio Oficial da Uni\u00e3o (DOU), a Portaria n\u00ba 3.733, de 10 de fevereiro de 2020, que aprova a\u00a0nova reda\u00e7\u00e3o da Norma Regulamentadora n\u00ba 18 (NR 18) \u2013 Seguran\u00e7a e Sa\u00fade no Trabalho na Ind\u00fastria da Constru\u00e7\u00e3o. A Portaria entra [&hellip;]\" \/>\n<meta property=\"og:url\" content=\"https:\/\/seconci.com.br\/site\/2020\/02\/14\/publicada-nova-redacao-da-nr-18-que-trata-do-trabalho-na-construcao\/\" \/>\n<meta property=\"og:site_name\" content=\"Seconci Brasil\" \/>\n<meta property=\"article:published_time\" content=\"2020-02-14T11:36:12+00:00\" \/>\n<meta property=\"og:image\" content=\"https:\/\/seconci.com.br\/site\/wp-content\/uploads\/2020\/02\/NR_18.jpeg\" \/>\n\t<meta property=\"og:image:width\" content=\"1280\" \/>\n\t<meta property=\"og:image:height\" content=\"853\" \/>\n\t<meta property=\"og:image:type\" content=\"image\/jpeg\" \/>\n<meta name=\"author\" content=\"Sidney Rocha\" \/>\n<meta name=\"twitter:card\" content=\"summary_large_image\" \/>\n<meta name=\"twitter:label1\" content=\"Escrito por\" \/>\n\t<meta name=\"twitter:data1\" content=\"Sidney Rocha\" \/>\n\t<meta name=\"twitter:label2\" content=\"Tempo estimado de leitura\" \/>\n\t<meta name=\"twitter:data2\" content=\"2 minutos\" \/>\n<script type=\"application\/ld+json\" class=\"yoast-schema-graph\">{\"@context\":\"https:\/\/schema.org\",\"@graph\":[{\"@type\":\"Article\",\"@id\":\"https:\/\/seconci.com.br\/site\/2020\/02\/14\/publicada-nova-redacao-da-nr-18-que-trata-do-trabalho-na-construcao\/#article\",\"isPartOf\":{\"@id\":\"https:\/\/seconci.com.br\/site\/2020\/02\/14\/publicada-nova-redacao-da-nr-18-que-trata-do-trabalho-na-construcao\/\"},\"author\":{\"name\":\"Sidney Rocha\",\"@id\":\"https:\/\/seconci.com.br\/site\/#\/schema\/person\/1d79afd97ddc8f2c68c1e88e298aa8e2\"},\"headline\":\"Publicada nova reda\u00e7\u00e3o da NR 18 que trata do trabalho na constru\u00e7\u00e3o\",\"datePublished\":\"2020-02-14T11:36:12+00:00\",\"mainEntityOfPage\":{\"@id\":\"https:\/\/seconci.com.br\/site\/2020\/02\/14\/publicada-nova-redacao-da-nr-18-que-trata-do-trabalho-na-construcao\/\"},\"wordCount\":339,\"publisher\":{\"@id\":\"https:\/\/seconci.com.br\/site\/#organization\"},\"image\":{\"@id\":\"https:\/\/seconci.com.br\/site\/2020\/02\/14\/publicada-nova-redacao-da-nr-18-que-trata-do-trabalho-na-construcao\/#primaryimage\"},\"thumbnailUrl\":\"https:\/\/seconci.com.br\/site\/wp-content\/uploads\/2020\/02\/NR_18.jpeg\",\"articleSection\":[\"Seconci Brasil\"],\"inLanguage\":\"pt-PT\"},{\"@type\":\"WebPage\",\"@id\":\"https:\/\/seconci.com.br\/site\/2020\/02\/14\/publicada-nova-redacao-da-nr-18-que-trata-do-trabalho-na-construcao\/\",\"url\":\"https:\/\/seconci.com.br\/site\/2020\/02\/14\/publicada-nova-redacao-da-nr-18-que-trata-do-trabalho-na-construcao\/\",\"name\":\"Publicada nova reda\u00e7\u00e3o da NR 18 que trata do trabalho na constru\u00e7\u00e3o - Seconci Brasil\",\"isPartOf\":{\"@id\":\"https:\/\/seconci.com.br\/site\/#website\"},\"primaryImageOfPage\":{\"@id\":\"https:\/\/seconci.com.br\/site\/2020\/02\/14\/publicada-nova-redacao-da-nr-18-que-trata-do-trabalho-na-construcao\/#primaryimage\"},\"image\":{\"@id\":\"https:\/\/seconci.com.br\/site\/2020\/02\/14\/publicada-nova-redacao-da-nr-18-que-trata-do-trabalho-na-construcao\/#primaryimage\"},\"thumbnailUrl\":\"https:\/\/seconci.com.br\/site\/wp-content\/uploads\/2020\/02\/NR_18.jpeg\",\"datePublished\":\"2020-02-14T11:36:12+00:00\",\"breadcrumb\":{\"@id\":\"https:\/\/seconci.com.br\/site\/2020\/02\/14\/publicada-nova-redacao-da-nr-18-que-trata-do-trabalho-na-construcao\/#breadcrumb\"},\"inLanguage\":\"pt-PT\",\"potentialAction\":[{\"@type\":\"ReadAction\",\"target\":[\"https:\/\/seconci.com.br\/site\/2020\/02\/14\/publicada-nova-redacao-da-nr-18-que-trata-do-trabalho-na-construcao\/\"]}]},{\"@type\":\"ImageObject\",\"inLanguage\":\"pt-PT\",\"@id\":\"https:\/\/seconci.com.br\/site\/2020\/02\/14\/publicada-nova-redacao-da-nr-18-que-trata-do-trabalho-na-construcao\/#primaryimage\",\"url\":\"https:\/\/seconci.com.br\/site\/wp-content\/uploads\/2020\/02\/NR_18.jpeg\",\"contentUrl\":\"https:\/\/seconci.com.br\/site\/wp-content\/uploads\/2020\/02\/NR_18.jpeg\",\"width\":1280,\"height\":853},{\"@type\":\"BreadcrumbList\",\"@id\":\"https:\/\/seconci.com.br\/site\/2020\/02\/14\/publicada-nova-redacao-da-nr-18-que-trata-do-trabalho-na-construcao\/#breadcrumb\",\"itemListElement\":[{\"@type\":\"ListItem\",\"position\":1,\"name\":\"In\u00edcio\",\"item\":\"https:\/\/seconci.com.br\/site\/\"},{\"@type\":\"ListItem\",\"position\":2,\"name\":\"Publicada nova reda\u00e7\u00e3o da NR 18 que trata do trabalho na constru\u00e7\u00e3o\"}]},{\"@type\":\"WebSite\",\"@id\":\"https:\/\/seconci.com.br\/site\/#website\",\"url\":\"https:\/\/seconci.com.br\/site\/\",\"name\":\"Seconci Brasil\",\"description\":\"\",\"publisher\":{\"@id\":\"https:\/\/seconci.com.br\/site\/#organization\"},\"potentialAction\":[{\"@type\":\"SearchAction\",\"target\":{\"@type\":\"EntryPoint\",\"urlTemplate\":\"https:\/\/seconci.com.br\/site\/?s={search_term_string}\"},\"query-input\":{\"@type\":\"PropertyValueSpecification\",\"valueRequired\":true,\"valueName\":\"search_term_string\"}}],\"inLanguage\":\"pt-PT\"},{\"@type\":\"Organization\",\"@id\":\"https:\/\/seconci.com.br\/site\/#organization\",\"name\":\"Seconci Brasil\",\"url\":\"https:\/\/seconci.com.br\/site\/\",\"logo\":{\"@type\":\"ImageObject\",\"inLanguage\":\"pt-PT\",\"@id\":\"https:\/\/seconci.com.br\/site\/#\/schema\/logo\/image\/\",\"url\":\"https:\/\/seconci.com.br\/site\/wp-content\/uploads\/2024\/08\/Logo-Seconci-Brasil-branca-2.png\",\"contentUrl\":\"https:\/\/seconci.com.br\/site\/wp-content\/uploads\/2024\/08\/Logo-Seconci-Brasil-branca-2.png\",\"width\":1315,\"height\":598,\"caption\":\"Seconci Brasil\"},\"image\":{\"@id\":\"https:\/\/seconci.com.br\/site\/#\/schema\/logo\/image\/\"}},{\"@type\":\"Person\",\"@id\":\"https:\/\/seconci.com.br\/site\/#\/schema\/person\/1d79afd97ddc8f2c68c1e88e298aa8e2\",\"name\":\"Sidney Rocha\",\"description\":\"Comunicador e estagi\u00e1rio do Seconci Brasil.\",\"url\":\"https:\/\/seconci.com.br\/site\/author\/sidney-rocha\/\"}]}<\/script>\n<!-- \/ Yoast SEO plugin. -->","yoast_head_json":{"title":"Publicada nova reda\u00e7\u00e3o da NR 18 que trata do trabalho na constru\u00e7\u00e3o - Seconci Brasil","robots":{"index":"index","follow":"follow","max-snippet":"max-snippet:-1","max-image-preview":"max-image-preview:large","max-video-preview":"max-video-preview:-1"},"canonical":"https:\/\/seconci.com.br\/site\/2020\/02\/14\/publicada-nova-redacao-da-nr-18-que-trata-do-trabalho-na-construcao\/","og_locale":"pt_PT","og_type":"article","og_title":"Publicada nova reda\u00e7\u00e3o da NR 18 que trata do trabalho na constru\u00e7\u00e3o - Seconci Brasil","og_description":"A Secretaria Especial de Previd\u00eancia e Trabalho do Minist\u00e9rio da Economia publicou nesta ter\u00e7a-feira (11), no Di\u00e1rio Oficial da Uni\u00e3o (DOU), a Portaria n\u00ba 3.733, de 10 de fevereiro de 2020, que aprova a\u00a0nova reda\u00e7\u00e3o da Norma Regulamentadora n\u00ba 18 (NR 18) \u2013 Seguran\u00e7a e Sa\u00fade no Trabalho na Ind\u00fastria da Constru\u00e7\u00e3o. A Portaria entra [&hellip;]","og_url":"https:\/\/seconci.com.br\/site\/2020\/02\/14\/publicada-nova-redacao-da-nr-18-que-trata-do-trabalho-na-construcao\/","og_site_name":"Seconci Brasil","article_published_time":"2020-02-14T11:36:12+00:00","og_image":[{"width":1280,"height":853,"url":"https:\/\/seconci.com.br\/site\/wp-content\/uploads\/2020\/02\/NR_18.jpeg","type":"image\/jpeg"}],"author":"Sidney Rocha","twitter_card":"summary_large_image","twitter_misc":{"Escrito por":"Sidney Rocha","Tempo estimado de leitura":"2 minutos"},"schema":{"@context":"https:\/\/schema.org","@graph":[{"@type":"Article","@id":"https:\/\/seconci.com.br\/site\/2020\/02\/14\/publicada-nova-redacao-da-nr-18-que-trata-do-trabalho-na-construcao\/#article","isPartOf":{"@id":"https:\/\/seconci.com.br\/site\/2020\/02\/14\/publicada-nova-redacao-da-nr-18-que-trata-do-trabalho-na-construcao\/"},"author":{"name":"Sidney Rocha","@id":"https:\/\/seconci.com.br\/site\/#\/schema\/person\/1d79afd97ddc8f2c68c1e88e298aa8e2"},"headline":"Publicada nova reda\u00e7\u00e3o da NR 18 que trata do trabalho na constru\u00e7\u00e3o","datePublished":"2020-02-14T11:36:12+00:00","mainEntityOfPage":{"@id":"https:\/\/seconci.com.br\/site\/2020\/02\/14\/publicada-nova-redacao-da-nr-18-que-trata-do-trabalho-na-construcao\/"},"wordCount":339,"publisher":{"@id":"https:\/\/seconci.com.br\/site\/#organization"},"image":{"@id":"https:\/\/seconci.com.br\/site\/2020\/02\/14\/publicada-nova-redacao-da-nr-18-que-trata-do-trabalho-na-construcao\/#primaryimage"},"thumbnailUrl":"https:\/\/seconci.com.br\/site\/wp-content\/uploads\/2020\/02\/NR_18.jpeg","articleSection":["Seconci Brasil"],"inLanguage":"pt-PT"},{"@type":"WebPage","@id":"https:\/\/seconci.com.br\/site\/2020\/02\/14\/publicada-nova-redacao-da-nr-18-que-trata-do-trabalho-na-construcao\/","url":"https:\/\/seconci.com.br\/site\/2020\/02\/14\/publicada-nova-redacao-da-nr-18-que-trata-do-trabalho-na-construcao\/","name":"Publicada nova reda\u00e7\u00e3o da NR 18 que trata do trabalho na constru\u00e7\u00e3o - Seconci Brasil","isPartOf":{"@id":"https:\/\/seconci.com.br\/site\/#website"},"primaryImageOfPage":{"@id":"https:\/\/seconci.com.br\/site\/2020\/02\/14\/publicada-nova-redacao-da-nr-18-que-trata-do-trabalho-na-construcao\/#primaryimage"},"image":{"@id":"https:\/\/seconci.com.br\/site\/2020\/02\/14\/publicada-nova-redacao-da-nr-18-que-trata-do-trabalho-na-construcao\/#primaryimage"},"thumbnailUrl":"https:\/\/seconci.com.br\/site\/wp-content\/uploads\/2020\/02\/NR_18.jpeg","datePublished":"2020-02-14T11:36:12+00:00","breadcrumb":{"@id":"https:\/\/seconci.com.br\/site\/2020\/02\/14\/publicada-nova-redacao-da-nr-18-que-trata-do-trabalho-na-construcao\/#breadcrumb"},"inLanguage":"pt-PT","potentialAction":[{"@type":"ReadAction","target":["https:\/\/seconci.com.br\/site\/2020\/02\/14\/publicada-nova-redacao-da-nr-18-que-trata-do-trabalho-na-construcao\/"]}]},{"@type":"ImageObject","inLanguage":"pt-PT","@id":"https:\/\/seconci.com.br\/site\/2020\/02\/14\/publicada-nova-redacao-da-nr-18-que-trata-do-trabalho-na-construcao\/#primaryimage","url":"https:\/\/seconci.com.br\/site\/wp-content\/uploads\/2020\/02\/NR_18.jpeg","contentUrl":"https:\/\/seconci.com.br\/site\/wp-content\/uploads\/2020\/02\/NR_18.jpeg","width":1280,"height":853},{"@type":"BreadcrumbList","@id":"https:\/\/seconci.com.br\/site\/2020\/02\/14\/publicada-nova-redacao-da-nr-18-que-trata-do-trabalho-na-construcao\/#breadcrumb","itemListElement":[{"@type":"ListItem","position":1,"name":"In\u00edcio","item":"https:\/\/seconci.com.br\/site\/"},{"@type":"ListItem","position":2,"name":"Publicada nova reda\u00e7\u00e3o da NR 18 que trata do trabalho na constru\u00e7\u00e3o"}]},{"@type":"WebSite","@id":"https:\/\/seconci.com.br\/site\/#website","url":"https:\/\/seconci.com.br\/site\/","name":"Seconci Brasil","description":"","publisher":{"@id":"https:\/\/seconci.com.br\/site\/#organization"},"potentialAction":[{"@type":"SearchAction","target":{"@type":"EntryPoint","urlTemplate":"https:\/\/seconci.com.br\/site\/?s={search_term_string}"},"query-input":{"@type":"PropertyValueSpecification","valueRequired":true,"valueName":"search_term_string"}}],"inLanguage":"pt-PT"},{"@type":"Organization","@id":"https:\/\/seconci.com.br\/site\/#organization","name":"Seconci Brasil","url":"https:\/\/seconci.com.br\/site\/","logo":{"@type":"ImageObject","inLanguage":"pt-PT","@id":"https:\/\/seconci.com.br\/site\/#\/schema\/logo\/image\/","url":"https:\/\/seconci.com.br\/site\/wp-content\/uploads\/2024\/08\/Logo-Seconci-Brasil-branca-2.png","contentUrl":"https:\/\/seconci.com.br\/site\/wp-content\/uploads\/2024\/08\/Logo-Seconci-Brasil-branca-2.png","width":1315,"height":598,"caption":"Seconci Brasil"},"image":{"@id":"https:\/\/seconci.com.br\/site\/#\/schema\/logo\/image\/"}},{"@type":"Person","@id":"https:\/\/seconci.com.br\/site\/#\/schema\/person\/1d79afd97ddc8f2c68c1e88e298aa8e2","name":"Sidney Rocha","description":"Comunicador e estagi\u00e1rio do Seconci Brasil.","url":"https:\/\/seconci.com.br\/site\/author\/sidney-rocha\/"}]}},"_links":{"self":[{"href":"https:\/\/seconci.com.br\/site\/wp-json\/wp\/v2\/posts\/9050","targetHints":{"allow":["GET"]}}],"collection":[{"href":"https:\/\/seconci.com.br\/site\/wp-json\/wp\/v2\/posts"}],"about":[{"href":"https:\/\/seconci.com.br\/site\/wp-json\/wp\/v2\/types\/post"}],"author":[{"embeddable":true,"href":"https:\/\/seconci.com.br\/site\/wp-json\/wp\/v2\/users\/3"}],"replies":[{"embeddable":true,"href":"https:\/\/seconci.com.br\/site\/wp-json\/wp\/v2\/comments?post=9050"}],"version-history":[{"count":0,"href":"https:\/\/seconci.com.br\/site\/wp-json\/wp\/v2\/posts\/9050\/revisions"}],"wp:featuredmedia":[{"embeddable":true,"href":"https:\/\/seconci.com.br\/site\/wp-json\/wp\/v2\/media\/9051"}],"wp:attachment":[{"href":"https:\/\/seconci.com.br\/site\/wp-json\/wp\/v2\/media?parent=9050"}],"wp:term":[{"taxonomy":"category","embeddable":true,"href":"https:\/\/seconci.com.br\/site\/wp-json\/wp\/v2\/categories?post=9050"},{"taxonomy":"post_tag","embeddable":true,"href":"https:\/\/seconci.com.br\/site\/wp-json\/wp\/v2\/tags?post=9050"}],"curies":[{"name":"wp","href":"https:\/\/api.w.org\/{rel}","templated":true}]}}