{"id":9053,"date":"2020-02-14T11:40:40","date_gmt":"2020-02-14T11:40:40","guid":{"rendered":"https:\/\/seconci.com.br\/site\/?p=9053"},"modified":"2020-02-14T11:40:40","modified_gmt":"2020-02-14T11:40:40","slug":"programacao-do-92o-enic-e-apresentada-em-reuniao-do-conselho","status":"publish","type":"post","link":"https:\/\/seconci.com.br\/site\/2020\/02\/14\/programacao-do-92o-enic-e-apresentada-em-reuniao-do-conselho\/","title":{"rendered":"Programa\u00e7\u00e3o do 92\u00ba ENIC \u00e9 apresentada em reuni\u00e3o do Conselho"},"content":{"rendered":"<p style=\"text-align: justify;\">A primeira reuni\u00e3o do Conselho de Administra\u00e7\u00e3o da C\u00e2mara Brasileira da Ind\u00fastria da Constru\u00e7\u00e3o (CBIC) de 2020 foi realizada nesta quarta-feira (12), em Bras\u00edlia. Na pauta, a programa\u00e7\u00e3o dos tr\u00eas dias do Encontro Nacional da Ind\u00fastria da Constru\u00e7\u00e3o (ENIC), quest\u00f5es administrativas, informes da presid\u00eancia e\u00a0 um panorama econ\u00f4mico do setor.<\/p>\n<p style=\"text-align: justify;\">A 92\u00ba edi\u00e7\u00e3o do encontro ser\u00e1 realizada de 13 a 15 de maio de 2020, em Bras\u00edlia.\u00a0\u00a0\u201c<strong>Decidimos manter o ENIC sempre em Bras\u00edlia e fazer itinerante o evento do segundo semestre, o Conecti<\/strong>\u00a0(Congresso Nacional de Engenharia, Constru\u00e7\u00e3o, Tecnologia e Inova\u00e7\u00e3o), que este ano vai acontecer em S\u00e3o Lu\u00eds\u201d, frisou Martins.<\/p>\n<figure id=\"attachment_45820\" class=\"wp-caption aligncenter\" style=\"text-align: justify;\" aria-describedby=\"caption-attachment-45820\"><img fetchpriority=\"high\" decoding=\"async\" class=\"wp-image-45820 size-large\" src=\"https:\/\/cbic.org.br\/wp-content\/uploads\/2020\/02\/4-1024x683.jpg\" sizes=\"(max-width: 1024px) 100vw, 1024px\" srcset=\"https:\/\/cbic.org.br\/wp-content\/uploads\/2020\/02\/4-1024x683.jpg 1024w, https:\/\/cbic.org.br\/wp-content\/uploads\/2020\/02\/4-300x200.jpg 300w, https:\/\/cbic.org.br\/wp-content\/uploads\/2020\/02\/4-768x512.jpg 768w, https:\/\/cbic.org.br\/wp-content\/uploads\/2020\/02\/4-1536x1024.jpg 1536w, https:\/\/cbic.org.br\/wp-content\/uploads\/2020\/02\/4-414x276.jpg 414w, https:\/\/cbic.org.br\/wp-content\/uploads\/2020\/02\/4-470x313.jpg 470w, https:\/\/cbic.org.br\/wp-content\/uploads\/2020\/02\/4-640x426.jpg 640w, https:\/\/cbic.org.br\/wp-content\/uploads\/2020\/02\/4-130x86.jpg 130w, https:\/\/cbic.org.br\/wp-content\/uploads\/2020\/02\/4-187x124.jpg 187w, https:\/\/cbic.org.br\/wp-content\/uploads\/2020\/02\/4-450x300.jpg 450w, https:\/\/cbic.org.br\/wp-content\/uploads\/2020\/02\/4-900x600.jpg 900w, https:\/\/cbic.org.br\/wp-content\/uploads\/2020\/02\/4.jpg 2048w\" alt=\"\" width=\"1024\" height=\"683\" \/><figcaption id=\"caption-attachment-45820\" class=\"wp-caption-text\">Presidente da CBIC apresenta programa\u00e7\u00e3o do 92\u00ba ENIC<\/figcaption><\/figure>\n<p style=\"text-align: justify;\">O formato da programa\u00e7\u00e3o dos tr\u00eas dias ficou definida. \u201cPedimos sugest\u00f5es a nossos colaboradores e, ao inv\u00e9s do ENIC funcionar com nove salas de reuni\u00f5es simult\u00e2neas, vamos manter agora tr\u00eas salas. Fica mais atraente, 400 pessoas por sala e palestrantes de peso\u201d, refor\u00e7ou Martins. Al\u00e9m disso, o ENIC vai contar com 10 pain\u00e9is tem\u00e1ticos:<\/p>\n<ul style=\"text-align: justify;\">\n<li>Valoriza\u00e7\u00e3o da engenharia<\/li>\n<li>Cooperativismo<\/li>\n<li>Normas regulamentadoras<\/li>\n<li>Constru\u00e7\u00e3o 2030<\/li>\n<li>Qualidade do produto<\/li>\n<li>Governan\u00e7a, \u00e9tica e gest\u00e3o compartilhada<\/li>\n<li>Industria Imobili\u00e1ria<\/li>\n<li>Habita\u00e7\u00e3o de Interesse Social<\/li>\n<li>Labirinto das obras p\u00fablicas<\/li>\n<li>Seguran\u00e7a jur\u00eddica e liberdade econ\u00f4mica<\/li>\n<\/ul>\n<p style=\"text-align: justify;\">Durante os informes da presid\u00eancia, Martins ressaltou que\u00a0<strong>j\u00e1 se reuniu com o novo ministro do Minist\u00e9rio do Desenvolvimento Regional (MDR), Rog\u00e9rio Marinho, para tra\u00e7ar um<\/strong>\u00a0<strong>cen\u00e1rio sobre como est\u00e1 a quest\u00e3o do Minha Casa, Minha Vida<\/strong>\u00a0hoje e o que o setor espera do governo nessa tem\u00e1tica. \u201cO MDR \u00e9 o minist\u00e9rio da CBIC, dentro dele tem habita\u00e7\u00e3o, saneamento, res\u00edduos, repasses para estados e munic\u00edpios, concess\u00f5es, barragens e irriga\u00e7\u00e3o. N\u00e3o podemos ignorar isso, e o nosso bom relacionamento com o rec\u00e9m empossado ministro Rog\u00e9rio Marinho, pode contribuir bastante para defendermos nossas demandas frente ao governo\u201d, destacou.<\/p>\n<figure id=\"attachment_45821\" class=\"wp-caption aligncenter\" style=\"text-align: justify;\" aria-describedby=\"caption-attachment-45821\"><img decoding=\"async\" class=\"wp-image-45821 size-large\" src=\"https:\/\/cbic.org.br\/wp-content\/uploads\/2020\/02\/3-1024x683.jpg\" sizes=\"(max-width: 1024px) 100vw, 1024px\" srcset=\"https:\/\/cbic.org.br\/wp-content\/uploads\/2020\/02\/3-1024x683.jpg 1024w, https:\/\/cbic.org.br\/wp-content\/uploads\/2020\/02\/3-300x200.jpg 300w, https:\/\/cbic.org.br\/wp-content\/uploads\/2020\/02\/3-768x512.jpg 768w, https:\/\/cbic.org.br\/wp-content\/uploads\/2020\/02\/3-1536x1024.jpg 1536w, https:\/\/cbic.org.br\/wp-content\/uploads\/2020\/02\/3-414x276.jpg 414w, https:\/\/cbic.org.br\/wp-content\/uploads\/2020\/02\/3-470x313.jpg 470w, https:\/\/cbic.org.br\/wp-content\/uploads\/2020\/02\/3-640x426.jpg 640w, https:\/\/cbic.org.br\/wp-content\/uploads\/2020\/02\/3-130x86.jpg 130w, https:\/\/cbic.org.br\/wp-content\/uploads\/2020\/02\/3-187x124.jpg 187w, https:\/\/cbic.org.br\/wp-content\/uploads\/2020\/02\/3-450x300.jpg 450w, https:\/\/cbic.org.br\/wp-content\/uploads\/2020\/02\/3-900x600.jpg 900w, https:\/\/cbic.org.br\/wp-content\/uploads\/2020\/02\/3.jpg 2048w\" alt=\"\" width=\"1024\" height=\"683\" \/><figcaption id=\"caption-attachment-45821\" class=\"wp-caption-text\">Conselho de Administra\u00e7\u00e3o reunido para primeira reuni\u00e3o de 2020<\/figcaption><\/figure>\n<p style=\"text-align: justify;\">O vice-presidente financeiro da entidade, Elson\u00a0Ribeiro e P\u00f3voa, falou sobre mensalidades e sobre um estudo de c\u00e1lculo para contribui\u00e7\u00e3o mensal, que foi feito a partir das informa\u00e7\u00f5es fornecidas pelas entidades. \u201cNem todos mandaram o valor que \u00e9 arrecadado mensalmente, mas conseguimos chegar em um c\u00e1lculo que n\u00e3o penaliza nem prejudica ningu\u00e9m\u201d, destacou.<\/p>\n<p style=\"text-align: justify;\">Ficou definido, tamb\u00e9m, que o m\u00e1ximo de contribui\u00e7\u00e3o ser\u00e1 de 10%, proporcionalmente. Na pr\u00f3xima reuni\u00e3o, em mar\u00e7o, a tabela ser\u00e1 aprovada oficialmente e passa a valer em seguida. \u201cA contribui\u00e7\u00e3o \u00e9 emblem\u00e1tica, temos que aprender com os pa\u00edses desenvolvidos. O princ\u00edpio americano \u00e9 representa\u00e7\u00e3o com contribui\u00e7\u00e3o. Como n\u00e3o tem mais contribui\u00e7\u00e3o compuls\u00f3ria, tem que ter uma vantagem para quem contribui\u201d, explicou Martins.<\/p>\n<p style=\"text-align: justify;\">Durante a reuni\u00e3o, houve ainda uma apresenta\u00e7\u00e3o da Ieda Vasconcelos, economista do Banco de Dados da CBIC, que deu um panorama econ\u00f4mico nacional da constru\u00e7\u00e3o civil. As informa\u00e7\u00f5es prestadas pela economista\u00a0<a href=\"https:\/\/cbic.org.br\/es_ES\/construcao-aposta-na-retomada-apos-decada-perdida\/\">apontam que na \u00faltima d\u00e9cada a constru\u00e7\u00e3o caiu 6% no Produto Interno Bruto (PIB).\u00a0\u00a0<\/a><\/p>\n<p style=\"text-align: justify;\"><em><strong>Fonte: Ag\u00eancia Cbic<\/strong><\/em><\/p>\n","protected":false},"excerpt":{"rendered":"<p>A primeira reuni\u00e3o do Conselho de Administra\u00e7\u00e3o da C\u00e2mara Brasileira da Ind\u00fastria da Constru\u00e7\u00e3o (CBIC) de 2020 foi realizada nesta quarta-feira (12), em Bras\u00edlia. Na pauta, a programa\u00e7\u00e3o dos tr\u00eas dias do Encontro Nacional da Ind\u00fastria da Constru\u00e7\u00e3o (ENIC), quest\u00f5es administrativas, informes da presid\u00eancia e\u00a0 um panorama econ\u00f4mico do setor. A 92\u00ba edi\u00e7\u00e3o do encontro [&hellip;]<\/p>\n","protected":false},"author":3,"featured_media":9054,"comment_status":"closed","ping_status":"closed","sticky":false,"template":"","format":"standard","meta":{"footnotes":""},"categories":[92],"tags":[],"class_list":["post-9053","post","type-post","status-publish","format-standard","has-post-thumbnail","hentry","category-seconci-brasil"],"yoast_head":"<!-- This site is optimized with the Yoast SEO plugin v26.9 - https:\/\/yoast.com\/product\/yoast-seo-wordpress\/ -->\n<title>Programa\u00e7\u00e3o do 92\u00ba ENIC \u00e9 apresentada em reuni\u00e3o do Conselho - Seconci Brasil<\/title>\n<meta name=\"robots\" content=\"index, follow, max-snippet:-1, max-image-preview:large, max-video-preview:-1\" \/>\n<link rel=\"canonical\" href=\"https:\/\/seconci.com.br\/site\/2020\/02\/14\/programacao-do-92o-enic-e-apresentada-em-reuniao-do-conselho\/\" \/>\n<meta property=\"og:locale\" content=\"pt_PT\" \/>\n<meta property=\"og:type\" content=\"article\" \/>\n<meta property=\"og:title\" content=\"Programa\u00e7\u00e3o do 92\u00ba ENIC \u00e9 apresentada em reuni\u00e3o do Conselho - Seconci Brasil\" \/>\n<meta property=\"og:description\" content=\"A primeira reuni\u00e3o do Conselho de Administra\u00e7\u00e3o da C\u00e2mara Brasileira da Ind\u00fastria da Constru\u00e7\u00e3o (CBIC) de 2020 foi realizada nesta quarta-feira (12), em Bras\u00edlia. Na pauta, a programa\u00e7\u00e3o dos tr\u00eas dias do Encontro Nacional da Ind\u00fastria da Constru\u00e7\u00e3o (ENIC), quest\u00f5es administrativas, informes da presid\u00eancia e\u00a0 um panorama econ\u00f4mico do setor. A 92\u00ba edi\u00e7\u00e3o do encontro [&hellip;]\" \/>\n<meta property=\"og:url\" content=\"https:\/\/seconci.com.br\/site\/2020\/02\/14\/programacao-do-92o-enic-e-apresentada-em-reuniao-do-conselho\/\" \/>\n<meta property=\"og:site_name\" content=\"Seconci Brasil\" \/>\n<meta property=\"article:published_time\" content=\"2020-02-14T11:40:40+00:00\" \/>\n<meta property=\"og:image\" content=\"https:\/\/seconci.com.br\/site\/wp-content\/uploads\/2020\/02\/1-6-1.jpg\" \/>\n\t<meta property=\"og:image:width\" content=\"2048\" \/>\n\t<meta property=\"og:image:height\" content=\"1365\" \/>\n\t<meta property=\"og:image:type\" content=\"image\/jpeg\" \/>\n<meta name=\"author\" content=\"Sidney Rocha\" \/>\n<meta name=\"twitter:card\" content=\"summary_large_image\" \/>\n<meta name=\"twitter:label1\" content=\"Escrito por\" \/>\n\t<meta name=\"twitter:data1\" content=\"Sidney Rocha\" \/>\n\t<meta name=\"twitter:label2\" content=\"Tempo estimado de leitura\" \/>\n\t<meta name=\"twitter:data2\" content=\"3 minutos\" \/>\n<script type=\"application\/ld+json\" class=\"yoast-schema-graph\">{\"@context\":\"https:\/\/schema.org\",\"@graph\":[{\"@type\":\"Article\",\"@id\":\"https:\/\/seconci.com.br\/site\/2020\/02\/14\/programacao-do-92o-enic-e-apresentada-em-reuniao-do-conselho\/#article\",\"isPartOf\":{\"@id\":\"https:\/\/seconci.com.br\/site\/2020\/02\/14\/programacao-do-92o-enic-e-apresentada-em-reuniao-do-conselho\/\"},\"author\":{\"name\":\"Sidney Rocha\",\"@id\":\"https:\/\/seconci.com.br\/site\/#\/schema\/person\/1d79afd97ddc8f2c68c1e88e298aa8e2\"},\"headline\":\"Programa\u00e7\u00e3o do 92\u00ba ENIC \u00e9 apresentada em reuni\u00e3o do Conselho\",\"datePublished\":\"2020-02-14T11:40:40+00:00\",\"mainEntityOfPage\":{\"@id\":\"https:\/\/seconci.com.br\/site\/2020\/02\/14\/programacao-do-92o-enic-e-apresentada-em-reuniao-do-conselho\/\"},\"wordCount\":547,\"publisher\":{\"@id\":\"https:\/\/seconci.com.br\/site\/#organization\"},\"image\":{\"@id\":\"https:\/\/seconci.com.br\/site\/2020\/02\/14\/programacao-do-92o-enic-e-apresentada-em-reuniao-do-conselho\/#primaryimage\"},\"thumbnailUrl\":\"https:\/\/seconci.com.br\/site\/wp-content\/uploads\/2020\/02\/1-6-1.jpg\",\"articleSection\":[\"Seconci Brasil\"],\"inLanguage\":\"pt-PT\"},{\"@type\":\"WebPage\",\"@id\":\"https:\/\/seconci.com.br\/site\/2020\/02\/14\/programacao-do-92o-enic-e-apresentada-em-reuniao-do-conselho\/\",\"url\":\"https:\/\/seconci.com.br\/site\/2020\/02\/14\/programacao-do-92o-enic-e-apresentada-em-reuniao-do-conselho\/\",\"name\":\"Programa\u00e7\u00e3o do 92\u00ba ENIC \u00e9 apresentada em reuni\u00e3o do Conselho - Seconci Brasil\",\"isPartOf\":{\"@id\":\"https:\/\/seconci.com.br\/site\/#website\"},\"primaryImageOfPage\":{\"@id\":\"https:\/\/seconci.com.br\/site\/2020\/02\/14\/programacao-do-92o-enic-e-apresentada-em-reuniao-do-conselho\/#primaryimage\"},\"image\":{\"@id\":\"https:\/\/seconci.com.br\/site\/2020\/02\/14\/programacao-do-92o-enic-e-apresentada-em-reuniao-do-conselho\/#primaryimage\"},\"thumbnailUrl\":\"https:\/\/seconci.com.br\/site\/wp-content\/uploads\/2020\/02\/1-6-1.jpg\",\"datePublished\":\"2020-02-14T11:40:40+00:00\",\"breadcrumb\":{\"@id\":\"https:\/\/seconci.com.br\/site\/2020\/02\/14\/programacao-do-92o-enic-e-apresentada-em-reuniao-do-conselho\/#breadcrumb\"},\"inLanguage\":\"pt-PT\",\"potentialAction\":[{\"@type\":\"ReadAction\",\"target\":[\"https:\/\/seconci.com.br\/site\/2020\/02\/14\/programacao-do-92o-enic-e-apresentada-em-reuniao-do-conselho\/\"]}]},{\"@type\":\"ImageObject\",\"inLanguage\":\"pt-PT\",\"@id\":\"https:\/\/seconci.com.br\/site\/2020\/02\/14\/programacao-do-92o-enic-e-apresentada-em-reuniao-do-conselho\/#primaryimage\",\"url\":\"https:\/\/seconci.com.br\/site\/wp-content\/uploads\/2020\/02\/1-6-1.jpg\",\"contentUrl\":\"https:\/\/seconci.com.br\/site\/wp-content\/uploads\/2020\/02\/1-6-1.jpg\",\"width\":2048,\"height\":1365},{\"@type\":\"BreadcrumbList\",\"@id\":\"https:\/\/seconci.com.br\/site\/2020\/02\/14\/programacao-do-92o-enic-e-apresentada-em-reuniao-do-conselho\/#breadcrumb\",\"itemListElement\":[{\"@type\":\"ListItem\",\"position\":1,\"name\":\"In\u00edcio\",\"item\":\"https:\/\/seconci.com.br\/site\/\"},{\"@type\":\"ListItem\",\"position\":2,\"name\":\"Programa\u00e7\u00e3o do 92\u00ba ENIC \u00e9 apresentada em reuni\u00e3o do Conselho\"}]},{\"@type\":\"WebSite\",\"@id\":\"https:\/\/seconci.com.br\/site\/#website\",\"url\":\"https:\/\/seconci.com.br\/site\/\",\"name\":\"Seconci Brasil\",\"description\":\"\",\"publisher\":{\"@id\":\"https:\/\/seconci.com.br\/site\/#organization\"},\"potentialAction\":[{\"@type\":\"SearchAction\",\"target\":{\"@type\":\"EntryPoint\",\"urlTemplate\":\"https:\/\/seconci.com.br\/site\/?s={search_term_string}\"},\"query-input\":{\"@type\":\"PropertyValueSpecification\",\"valueRequired\":true,\"valueName\":\"search_term_string\"}}],\"inLanguage\":\"pt-PT\"},{\"@type\":\"Organization\",\"@id\":\"https:\/\/seconci.com.br\/site\/#organization\",\"name\":\"Seconci Brasil\",\"url\":\"https:\/\/seconci.com.br\/site\/\",\"logo\":{\"@type\":\"ImageObject\",\"inLanguage\":\"pt-PT\",\"@id\":\"https:\/\/seconci.com.br\/site\/#\/schema\/logo\/image\/\",\"url\":\"https:\/\/seconci.com.br\/site\/wp-content\/uploads\/2024\/08\/Logo-Seconci-Brasil-branca-2.png\",\"contentUrl\":\"https:\/\/seconci.com.br\/site\/wp-content\/uploads\/2024\/08\/Logo-Seconci-Brasil-branca-2.png\",\"width\":1315,\"height\":598,\"caption\":\"Seconci Brasil\"},\"image\":{\"@id\":\"https:\/\/seconci.com.br\/site\/#\/schema\/logo\/image\/\"}},{\"@type\":\"Person\",\"@id\":\"https:\/\/seconci.com.br\/site\/#\/schema\/person\/1d79afd97ddc8f2c68c1e88e298aa8e2\",\"name\":\"Sidney Rocha\",\"description\":\"Comunicador e estagi\u00e1rio do Seconci Brasil.\",\"url\":\"https:\/\/seconci.com.br\/site\/author\/sidney-rocha\/\"}]}<\/script>\n<!-- \/ Yoast SEO plugin. -->","yoast_head_json":{"title":"Programa\u00e7\u00e3o do 92\u00ba ENIC \u00e9 apresentada em reuni\u00e3o do Conselho - Seconci Brasil","robots":{"index":"index","follow":"follow","max-snippet":"max-snippet:-1","max-image-preview":"max-image-preview:large","max-video-preview":"max-video-preview:-1"},"canonical":"https:\/\/seconci.com.br\/site\/2020\/02\/14\/programacao-do-92o-enic-e-apresentada-em-reuniao-do-conselho\/","og_locale":"pt_PT","og_type":"article","og_title":"Programa\u00e7\u00e3o do 92\u00ba ENIC \u00e9 apresentada em reuni\u00e3o do Conselho - Seconci Brasil","og_description":"A primeira reuni\u00e3o do Conselho de Administra\u00e7\u00e3o da C\u00e2mara Brasileira da Ind\u00fastria da Constru\u00e7\u00e3o (CBIC) de 2020 foi realizada nesta quarta-feira (12), em Bras\u00edlia. Na pauta, a programa\u00e7\u00e3o dos tr\u00eas dias do Encontro Nacional da Ind\u00fastria da Constru\u00e7\u00e3o (ENIC), quest\u00f5es administrativas, informes da presid\u00eancia e\u00a0 um panorama econ\u00f4mico do setor. A 92\u00ba edi\u00e7\u00e3o do encontro [&hellip;]","og_url":"https:\/\/seconci.com.br\/site\/2020\/02\/14\/programacao-do-92o-enic-e-apresentada-em-reuniao-do-conselho\/","og_site_name":"Seconci Brasil","article_published_time":"2020-02-14T11:40:40+00:00","og_image":[{"width":2048,"height":1365,"url":"https:\/\/seconci.com.br\/site\/wp-content\/uploads\/2020\/02\/1-6-1.jpg","type":"image\/jpeg"}],"author":"Sidney Rocha","twitter_card":"summary_large_image","twitter_misc":{"Escrito por":"Sidney Rocha","Tempo estimado de leitura":"3 minutos"},"schema":{"@context":"https:\/\/schema.org","@graph":[{"@type":"Article","@id":"https:\/\/seconci.com.br\/site\/2020\/02\/14\/programacao-do-92o-enic-e-apresentada-em-reuniao-do-conselho\/#article","isPartOf":{"@id":"https:\/\/seconci.com.br\/site\/2020\/02\/14\/programacao-do-92o-enic-e-apresentada-em-reuniao-do-conselho\/"},"author":{"name":"Sidney Rocha","@id":"https:\/\/seconci.com.br\/site\/#\/schema\/person\/1d79afd97ddc8f2c68c1e88e298aa8e2"},"headline":"Programa\u00e7\u00e3o do 92\u00ba ENIC \u00e9 apresentada em reuni\u00e3o do Conselho","datePublished":"2020-02-14T11:40:40+00:00","mainEntityOfPage":{"@id":"https:\/\/seconci.com.br\/site\/2020\/02\/14\/programacao-do-92o-enic-e-apresentada-em-reuniao-do-conselho\/"},"wordCount":547,"publisher":{"@id":"https:\/\/seconci.com.br\/site\/#organization"},"image":{"@id":"https:\/\/seconci.com.br\/site\/2020\/02\/14\/programacao-do-92o-enic-e-apresentada-em-reuniao-do-conselho\/#primaryimage"},"thumbnailUrl":"https:\/\/seconci.com.br\/site\/wp-content\/uploads\/2020\/02\/1-6-1.jpg","articleSection":["Seconci Brasil"],"inLanguage":"pt-PT"},{"@type":"WebPage","@id":"https:\/\/seconci.com.br\/site\/2020\/02\/14\/programacao-do-92o-enic-e-apresentada-em-reuniao-do-conselho\/","url":"https:\/\/seconci.com.br\/site\/2020\/02\/14\/programacao-do-92o-enic-e-apresentada-em-reuniao-do-conselho\/","name":"Programa\u00e7\u00e3o do 92\u00ba ENIC \u00e9 apresentada em reuni\u00e3o do Conselho - Seconci Brasil","isPartOf":{"@id":"https:\/\/seconci.com.br\/site\/#website"},"primaryImageOfPage":{"@id":"https:\/\/seconci.com.br\/site\/2020\/02\/14\/programacao-do-92o-enic-e-apresentada-em-reuniao-do-conselho\/#primaryimage"},"image":{"@id":"https:\/\/seconci.com.br\/site\/2020\/02\/14\/programacao-do-92o-enic-e-apresentada-em-reuniao-do-conselho\/#primaryimage"},"thumbnailUrl":"https:\/\/seconci.com.br\/site\/wp-content\/uploads\/2020\/02\/1-6-1.jpg","datePublished":"2020-02-14T11:40:40+00:00","breadcrumb":{"@id":"https:\/\/seconci.com.br\/site\/2020\/02\/14\/programacao-do-92o-enic-e-apresentada-em-reuniao-do-conselho\/#breadcrumb"},"inLanguage":"pt-PT","potentialAction":[{"@type":"ReadAction","target":["https:\/\/seconci.com.br\/site\/2020\/02\/14\/programacao-do-92o-enic-e-apresentada-em-reuniao-do-conselho\/"]}]},{"@type":"ImageObject","inLanguage":"pt-PT","@id":"https:\/\/seconci.com.br\/site\/2020\/02\/14\/programacao-do-92o-enic-e-apresentada-em-reuniao-do-conselho\/#primaryimage","url":"https:\/\/seconci.com.br\/site\/wp-content\/uploads\/2020\/02\/1-6-1.jpg","contentUrl":"https:\/\/seconci.com.br\/site\/wp-content\/uploads\/2020\/02\/1-6-1.jpg","width":2048,"height":1365},{"@type":"BreadcrumbList","@id":"https:\/\/seconci.com.br\/site\/2020\/02\/14\/programacao-do-92o-enic-e-apresentada-em-reuniao-do-conselho\/#breadcrumb","itemListElement":[{"@type":"ListItem","position":1,"name":"In\u00edcio","item":"https:\/\/seconci.com.br\/site\/"},{"@type":"ListItem","position":2,"name":"Programa\u00e7\u00e3o do 92\u00ba ENIC \u00e9 apresentada em reuni\u00e3o do Conselho"}]},{"@type":"WebSite","@id":"https:\/\/seconci.com.br\/site\/#website","url":"https:\/\/seconci.com.br\/site\/","name":"Seconci Brasil","description":"","publisher":{"@id":"https:\/\/seconci.com.br\/site\/#organization"},"potentialAction":[{"@type":"SearchAction","target":{"@type":"EntryPoint","urlTemplate":"https:\/\/seconci.com.br\/site\/?s={search_term_string}"},"query-input":{"@type":"PropertyValueSpecification","valueRequired":true,"valueName":"search_term_string"}}],"inLanguage":"pt-PT"},{"@type":"Organization","@id":"https:\/\/seconci.com.br\/site\/#organization","name":"Seconci Brasil","url":"https:\/\/seconci.com.br\/site\/","logo":{"@type":"ImageObject","inLanguage":"pt-PT","@id":"https:\/\/seconci.com.br\/site\/#\/schema\/logo\/image\/","url":"https:\/\/seconci.com.br\/site\/wp-content\/uploads\/2024\/08\/Logo-Seconci-Brasil-branca-2.png","contentUrl":"https:\/\/seconci.com.br\/site\/wp-content\/uploads\/2024\/08\/Logo-Seconci-Brasil-branca-2.png","width":1315,"height":598,"caption":"Seconci Brasil"},"image":{"@id":"https:\/\/seconci.com.br\/site\/#\/schema\/logo\/image\/"}},{"@type":"Person","@id":"https:\/\/seconci.com.br\/site\/#\/schema\/person\/1d79afd97ddc8f2c68c1e88e298aa8e2","name":"Sidney Rocha","description":"Comunicador e estagi\u00e1rio do Seconci Brasil.","url":"https:\/\/seconci.com.br\/site\/author\/sidney-rocha\/"}]}},"_links":{"self":[{"href":"https:\/\/seconci.com.br\/site\/wp-json\/wp\/v2\/posts\/9053","targetHints":{"allow":["GET"]}}],"collection":[{"href":"https:\/\/seconci.com.br\/site\/wp-json\/wp\/v2\/posts"}],"about":[{"href":"https:\/\/seconci.com.br\/site\/wp-json\/wp\/v2\/types\/post"}],"author":[{"embeddable":true,"href":"https:\/\/seconci.com.br\/site\/wp-json\/wp\/v2\/users\/3"}],"replies":[{"embeddable":true,"href":"https:\/\/seconci.com.br\/site\/wp-json\/wp\/v2\/comments?post=9053"}],"version-history":[{"count":0,"href":"https:\/\/seconci.com.br\/site\/wp-json\/wp\/v2\/posts\/9053\/revisions"}],"wp:featuredmedia":[{"embeddable":true,"href":"https:\/\/seconci.com.br\/site\/wp-json\/wp\/v2\/media\/9054"}],"wp:attachment":[{"href":"https:\/\/seconci.com.br\/site\/wp-json\/wp\/v2\/media?parent=9053"}],"wp:term":[{"taxonomy":"category","embeddable":true,"href":"https:\/\/seconci.com.br\/site\/wp-json\/wp\/v2\/categories?post=9053"},{"taxonomy":"post_tag","embeddable":true,"href":"https:\/\/seconci.com.br\/site\/wp-json\/wp\/v2\/tags?post=9053"}],"curies":[{"name":"wp","href":"https:\/\/api.w.org\/{rel}","templated":true}]}}