{"id":9057,"date":"2020-02-18T12:59:27","date_gmt":"2020-02-18T12:59:27","guid":{"rendered":"https:\/\/seconci.com.br\/site\/?p=9057"},"modified":"2020-02-18T12:59:27","modified_gmt":"2020-02-18T12:59:27","slug":"seconci-sp-cuidado-com-a-pele-deve-redobrar-no-verao","status":"publish","type":"post","link":"https:\/\/seconci.com.br\/site\/2020\/02\/18\/seconci-sp-cuidado-com-a-pele-deve-redobrar-no-verao\/","title":{"rendered":"Seconci-SP: cuidado com a pele deve redobrar no ver\u00e3o"},"content":{"rendered":"<p style=\"text-align: justify;\"><em>Prote\u00e7\u00e3o eficiente requer reaplica\u00e7\u00e3o de protetor solar a cada duas horas<\/em><\/p>\n<p style=\"text-align: justify;\">Segundo o Instituto Nacional do C\u00e2ncer (Inca), de todos os diagn\u00f3sticos de c\u00e2ncer no Brasil, o de pele representa 33%. A cada ano, surgem cerca de 180 mil novos casos. Diante destes n\u00fameros, o dr. Giancarlo Rodrigues Brand\u00e3o, supervisor de Medicina Ocupacional do Seconci-SP, alerta que \u201ca exposi\u00e7\u00e3o excessiva e sem prote\u00e7\u00e3o aos raios ultravioleta oriundos do sol \u00e9 a principal causadora da enfermidade\u201d.<\/p>\n<p style=\"text-align: justify;\">As conven\u00e7\u00f5es coletivas de trabalho da ind\u00fastria da constru\u00e7\u00e3o j\u00e1 exigem das empresas o fornecimento de protetor solar aos funcion\u00e1rios expostos ao sol. Contudo, \u00e9 preciso que as pessoas tenham consci\u00eancia da import\u00e2ncia da reaplica\u00e7\u00e3o do produto a cada duas horas para uma prote\u00e7\u00e3o eficiente.<\/p>\n<p style=\"text-align: justify;\">O dr. Brand\u00e3o destaca que o c\u00e2ncer de pele surge geralmente nas \u00e1reas do corpo mais expostas \u00e0 radia\u00e7\u00e3o solar, mas tamb\u00e9m pode afetar partes pouco expostas ao sol, como as palmas das m\u00e3os. \u201cPor este motivo, principalmente para os trabalhadores que trabalham ao ar livre, \u00e9 recomend\u00e1vel tamb\u00e9m o uso de \u00f3culos, capacete e roupas que protejam o corpo\u201d, afirma.<\/p>\n<p style=\"text-align: justify;\">Segundo o m\u00e9dico, os tipos mais comuns da doen\u00e7a s\u00e3o o carcinoma basocelular, que surge nas c\u00e9lulas basais e pode ser curado em caso de detec\u00e7\u00e3o precoce; e o carcinoma espinocelular, associado \u00e0s c\u00e9lulas epiteliais (escamosas), que pode ter apar\u00eancia similar \u00e0s verrugas.<\/p>\n<p style=\"text-align: justify;\">J\u00e1 o tipo melanoma, que incide com menor frequ\u00eancia, \u00e9 o mais grave devido \u00e0 alta possibilidade de provocar met\u00e1stases. Esta varia\u00e7\u00e3o da enfermidade tem origem nos melan\u00f3citos, c\u00e9lulas produtoras de melanina, subst\u00e2ncia que confere pigmenta\u00e7\u00e3o \u00e0 pele.<\/p>\n<p style=\"text-align: justify;\">Os principais sintomas do c\u00e2ncer de pele s\u00e3o o surgimento de manchas que descamam ou sangram, sinais ou pintas que mudam de tamanho, forma ou cor, e o aparecimento de feridas que n\u00e3o cicatrizam. \u201cO tratamento varia para cada tipo, por isso o ideal \u00e9 consultar um dermatologista assim que perceber qualquer sinal estranho\u201d, recomenda o dr. Brand\u00e3o.<\/p>\n<p><em><strong>Por Seconci-SP<\/strong><\/em><\/p>\n","protected":false},"excerpt":{"rendered":"<p>Prote\u00e7\u00e3o eficiente requer reaplica\u00e7\u00e3o de protetor solar a cada duas horas Segundo o Instituto Nacional do C\u00e2ncer (Inca), de todos os diagn\u00f3sticos de c\u00e2ncer no Brasil, o de pele representa 33%. A cada ano, surgem cerca de 180 mil novos casos. Diante destes n\u00fameros, o dr. Giancarlo Rodrigues Brand\u00e3o, supervisor de Medicina Ocupacional do Seconci-SP, [&hellip;]<\/p>\n","protected":false},"author":3,"featured_media":8783,"comment_status":"closed","ping_status":"closed","sticky":false,"template":"","format":"standard","meta":{"footnotes":""},"categories":[87],"tags":[],"class_list":["post-9057","post","type-post","status-publish","format-standard","has-post-thumbnail","hentry","category-seconci-sao-paulo"],"yoast_head":"<!-- This site is optimized with the Yoast SEO plugin v26.9 - https:\/\/yoast.com\/product\/yoast-seo-wordpress\/ -->\n<title>Seconci-SP: cuidado com a pele deve redobrar no ver\u00e3o - Seconci Brasil<\/title>\n<meta name=\"robots\" content=\"index, follow, max-snippet:-1, max-image-preview:large, max-video-preview:-1\" \/>\n<link rel=\"canonical\" href=\"https:\/\/seconci.com.br\/site\/2020\/02\/18\/seconci-sp-cuidado-com-a-pele-deve-redobrar-no-verao\/\" \/>\n<meta property=\"og:locale\" content=\"pt_PT\" \/>\n<meta property=\"og:type\" content=\"article\" \/>\n<meta property=\"og:title\" content=\"Seconci-SP: cuidado com a pele deve redobrar no ver\u00e3o - Seconci Brasil\" \/>\n<meta property=\"og:description\" content=\"Prote\u00e7\u00e3o eficiente requer reaplica\u00e7\u00e3o de protetor solar a cada duas horas Segundo o Instituto Nacional do C\u00e2ncer (Inca), de todos os diagn\u00f3sticos de c\u00e2ncer no Brasil, o de pele representa 33%. A cada ano, surgem cerca de 180 mil novos casos. Diante destes n\u00fameros, o dr. Giancarlo Rodrigues Brand\u00e3o, supervisor de Medicina Ocupacional do Seconci-SP, [&hellip;]\" \/>\n<meta property=\"og:url\" content=\"https:\/\/seconci.com.br\/site\/2020\/02\/18\/seconci-sp-cuidado-com-a-pele-deve-redobrar-no-verao\/\" \/>\n<meta property=\"og:site_name\" content=\"Seconci Brasil\" \/>\n<meta property=\"article:published_time\" content=\"2020-02-18T12:59:27+00:00\" \/>\n<meta property=\"og:image\" content=\"https:\/\/seconci.com.br\/site\/wp-content\/uploads\/2019\/10\/sp-sede.jpg\" \/>\n\t<meta property=\"og:image:width\" content=\"299\" \/>\n\t<meta property=\"og:image:height\" content=\"169\" \/>\n\t<meta property=\"og:image:type\" content=\"image\/jpeg\" \/>\n<meta name=\"author\" content=\"Sidney Rocha\" \/>\n<meta name=\"twitter:card\" content=\"summary_large_image\" \/>\n<meta name=\"twitter:label1\" content=\"Escrito por\" \/>\n\t<meta name=\"twitter:data1\" content=\"Sidney Rocha\" \/>\n\t<meta name=\"twitter:label2\" content=\"Tempo estimado de leitura\" \/>\n\t<meta name=\"twitter:data2\" content=\"2 minutos\" \/>\n<script type=\"application\/ld+json\" class=\"yoast-schema-graph\">{\"@context\":\"https:\/\/schema.org\",\"@graph\":[{\"@type\":\"Article\",\"@id\":\"https:\/\/seconci.com.br\/site\/2020\/02\/18\/seconci-sp-cuidado-com-a-pele-deve-redobrar-no-verao\/#article\",\"isPartOf\":{\"@id\":\"https:\/\/seconci.com.br\/site\/2020\/02\/18\/seconci-sp-cuidado-com-a-pele-deve-redobrar-no-verao\/\"},\"author\":{\"name\":\"Sidney Rocha\",\"@id\":\"https:\/\/seconci.com.br\/site\/#\/schema\/person\/1d79afd97ddc8f2c68c1e88e298aa8e2\"},\"headline\":\"Seconci-SP: cuidado com a pele deve redobrar no ver\u00e3o\",\"datePublished\":\"2020-02-18T12:59:27+00:00\",\"mainEntityOfPage\":{\"@id\":\"https:\/\/seconci.com.br\/site\/2020\/02\/18\/seconci-sp-cuidado-com-a-pele-deve-redobrar-no-verao\/\"},\"wordCount\":364,\"publisher\":{\"@id\":\"https:\/\/seconci.com.br\/site\/#organization\"},\"image\":{\"@id\":\"https:\/\/seconci.com.br\/site\/2020\/02\/18\/seconci-sp-cuidado-com-a-pele-deve-redobrar-no-verao\/#primaryimage\"},\"thumbnailUrl\":\"https:\/\/seconci.com.br\/site\/wp-content\/uploads\/2019\/10\/sp-sede.jpg\",\"articleSection\":[\"Seconci S\u00e3o Paulo\"],\"inLanguage\":\"pt-PT\"},{\"@type\":\"WebPage\",\"@id\":\"https:\/\/seconci.com.br\/site\/2020\/02\/18\/seconci-sp-cuidado-com-a-pele-deve-redobrar-no-verao\/\",\"url\":\"https:\/\/seconci.com.br\/site\/2020\/02\/18\/seconci-sp-cuidado-com-a-pele-deve-redobrar-no-verao\/\",\"name\":\"Seconci-SP: cuidado com a pele deve redobrar no ver\u00e3o - Seconci Brasil\",\"isPartOf\":{\"@id\":\"https:\/\/seconci.com.br\/site\/#website\"},\"primaryImageOfPage\":{\"@id\":\"https:\/\/seconci.com.br\/site\/2020\/02\/18\/seconci-sp-cuidado-com-a-pele-deve-redobrar-no-verao\/#primaryimage\"},\"image\":{\"@id\":\"https:\/\/seconci.com.br\/site\/2020\/02\/18\/seconci-sp-cuidado-com-a-pele-deve-redobrar-no-verao\/#primaryimage\"},\"thumbnailUrl\":\"https:\/\/seconci.com.br\/site\/wp-content\/uploads\/2019\/10\/sp-sede.jpg\",\"datePublished\":\"2020-02-18T12:59:27+00:00\",\"breadcrumb\":{\"@id\":\"https:\/\/seconci.com.br\/site\/2020\/02\/18\/seconci-sp-cuidado-com-a-pele-deve-redobrar-no-verao\/#breadcrumb\"},\"inLanguage\":\"pt-PT\",\"potentialAction\":[{\"@type\":\"ReadAction\",\"target\":[\"https:\/\/seconci.com.br\/site\/2020\/02\/18\/seconci-sp-cuidado-com-a-pele-deve-redobrar-no-verao\/\"]}]},{\"@type\":\"ImageObject\",\"inLanguage\":\"pt-PT\",\"@id\":\"https:\/\/seconci.com.br\/site\/2020\/02\/18\/seconci-sp-cuidado-com-a-pele-deve-redobrar-no-verao\/#primaryimage\",\"url\":\"https:\/\/seconci.com.br\/site\/wp-content\/uploads\/2019\/10\/sp-sede.jpg\",\"contentUrl\":\"https:\/\/seconci.com.br\/site\/wp-content\/uploads\/2019\/10\/sp-sede.jpg\",\"width\":299,\"height\":169},{\"@type\":\"BreadcrumbList\",\"@id\":\"https:\/\/seconci.com.br\/site\/2020\/02\/18\/seconci-sp-cuidado-com-a-pele-deve-redobrar-no-verao\/#breadcrumb\",\"itemListElement\":[{\"@type\":\"ListItem\",\"position\":1,\"name\":\"In\u00edcio\",\"item\":\"https:\/\/seconci.com.br\/site\/\"},{\"@type\":\"ListItem\",\"position\":2,\"name\":\"Seconci-SP: cuidado com a pele deve redobrar no ver\u00e3o\"}]},{\"@type\":\"WebSite\",\"@id\":\"https:\/\/seconci.com.br\/site\/#website\",\"url\":\"https:\/\/seconci.com.br\/site\/\",\"name\":\"Seconci Brasil\",\"description\":\"\",\"publisher\":{\"@id\":\"https:\/\/seconci.com.br\/site\/#organization\"},\"potentialAction\":[{\"@type\":\"SearchAction\",\"target\":{\"@type\":\"EntryPoint\",\"urlTemplate\":\"https:\/\/seconci.com.br\/site\/?s={search_term_string}\"},\"query-input\":{\"@type\":\"PropertyValueSpecification\",\"valueRequired\":true,\"valueName\":\"search_term_string\"}}],\"inLanguage\":\"pt-PT\"},{\"@type\":\"Organization\",\"@id\":\"https:\/\/seconci.com.br\/site\/#organization\",\"name\":\"Seconci Brasil\",\"url\":\"https:\/\/seconci.com.br\/site\/\",\"logo\":{\"@type\":\"ImageObject\",\"inLanguage\":\"pt-PT\",\"@id\":\"https:\/\/seconci.com.br\/site\/#\/schema\/logo\/image\/\",\"url\":\"https:\/\/seconci.com.br\/site\/wp-content\/uploads\/2024\/08\/Logo-Seconci-Brasil-branca-2.png\",\"contentUrl\":\"https:\/\/seconci.com.br\/site\/wp-content\/uploads\/2024\/08\/Logo-Seconci-Brasil-branca-2.png\",\"width\":1315,\"height\":598,\"caption\":\"Seconci Brasil\"},\"image\":{\"@id\":\"https:\/\/seconci.com.br\/site\/#\/schema\/logo\/image\/\"}},{\"@type\":\"Person\",\"@id\":\"https:\/\/seconci.com.br\/site\/#\/schema\/person\/1d79afd97ddc8f2c68c1e88e298aa8e2\",\"name\":\"Sidney Rocha\",\"description\":\"Comunicador e estagi\u00e1rio do Seconci Brasil.\",\"url\":\"https:\/\/seconci.com.br\/site\/author\/sidney-rocha\/\"}]}<\/script>\n<!-- \/ Yoast SEO plugin. -->","yoast_head_json":{"title":"Seconci-SP: cuidado com a pele deve redobrar no ver\u00e3o - Seconci Brasil","robots":{"index":"index","follow":"follow","max-snippet":"max-snippet:-1","max-image-preview":"max-image-preview:large","max-video-preview":"max-video-preview:-1"},"canonical":"https:\/\/seconci.com.br\/site\/2020\/02\/18\/seconci-sp-cuidado-com-a-pele-deve-redobrar-no-verao\/","og_locale":"pt_PT","og_type":"article","og_title":"Seconci-SP: cuidado com a pele deve redobrar no ver\u00e3o - Seconci Brasil","og_description":"Prote\u00e7\u00e3o eficiente requer reaplica\u00e7\u00e3o de protetor solar a cada duas horas Segundo o Instituto Nacional do C\u00e2ncer (Inca), de todos os diagn\u00f3sticos de c\u00e2ncer no Brasil, o de pele representa 33%. A cada ano, surgem cerca de 180 mil novos casos. Diante destes n\u00fameros, o dr. Giancarlo Rodrigues Brand\u00e3o, supervisor de Medicina Ocupacional do Seconci-SP, [&hellip;]","og_url":"https:\/\/seconci.com.br\/site\/2020\/02\/18\/seconci-sp-cuidado-com-a-pele-deve-redobrar-no-verao\/","og_site_name":"Seconci Brasil","article_published_time":"2020-02-18T12:59:27+00:00","og_image":[{"width":299,"height":169,"url":"https:\/\/seconci.com.br\/site\/wp-content\/uploads\/2019\/10\/sp-sede.jpg","type":"image\/jpeg"}],"author":"Sidney Rocha","twitter_card":"summary_large_image","twitter_misc":{"Escrito por":"Sidney Rocha","Tempo estimado de leitura":"2 minutos"},"schema":{"@context":"https:\/\/schema.org","@graph":[{"@type":"Article","@id":"https:\/\/seconci.com.br\/site\/2020\/02\/18\/seconci-sp-cuidado-com-a-pele-deve-redobrar-no-verao\/#article","isPartOf":{"@id":"https:\/\/seconci.com.br\/site\/2020\/02\/18\/seconci-sp-cuidado-com-a-pele-deve-redobrar-no-verao\/"},"author":{"name":"Sidney Rocha","@id":"https:\/\/seconci.com.br\/site\/#\/schema\/person\/1d79afd97ddc8f2c68c1e88e298aa8e2"},"headline":"Seconci-SP: cuidado com a pele deve redobrar no ver\u00e3o","datePublished":"2020-02-18T12:59:27+00:00","mainEntityOfPage":{"@id":"https:\/\/seconci.com.br\/site\/2020\/02\/18\/seconci-sp-cuidado-com-a-pele-deve-redobrar-no-verao\/"},"wordCount":364,"publisher":{"@id":"https:\/\/seconci.com.br\/site\/#organization"},"image":{"@id":"https:\/\/seconci.com.br\/site\/2020\/02\/18\/seconci-sp-cuidado-com-a-pele-deve-redobrar-no-verao\/#primaryimage"},"thumbnailUrl":"https:\/\/seconci.com.br\/site\/wp-content\/uploads\/2019\/10\/sp-sede.jpg","articleSection":["Seconci S\u00e3o Paulo"],"inLanguage":"pt-PT"},{"@type":"WebPage","@id":"https:\/\/seconci.com.br\/site\/2020\/02\/18\/seconci-sp-cuidado-com-a-pele-deve-redobrar-no-verao\/","url":"https:\/\/seconci.com.br\/site\/2020\/02\/18\/seconci-sp-cuidado-com-a-pele-deve-redobrar-no-verao\/","name":"Seconci-SP: cuidado com a pele deve redobrar no ver\u00e3o - Seconci Brasil","isPartOf":{"@id":"https:\/\/seconci.com.br\/site\/#website"},"primaryImageOfPage":{"@id":"https:\/\/seconci.com.br\/site\/2020\/02\/18\/seconci-sp-cuidado-com-a-pele-deve-redobrar-no-verao\/#primaryimage"},"image":{"@id":"https:\/\/seconci.com.br\/site\/2020\/02\/18\/seconci-sp-cuidado-com-a-pele-deve-redobrar-no-verao\/#primaryimage"},"thumbnailUrl":"https:\/\/seconci.com.br\/site\/wp-content\/uploads\/2019\/10\/sp-sede.jpg","datePublished":"2020-02-18T12:59:27+00:00","breadcrumb":{"@id":"https:\/\/seconci.com.br\/site\/2020\/02\/18\/seconci-sp-cuidado-com-a-pele-deve-redobrar-no-verao\/#breadcrumb"},"inLanguage":"pt-PT","potentialAction":[{"@type":"ReadAction","target":["https:\/\/seconci.com.br\/site\/2020\/02\/18\/seconci-sp-cuidado-com-a-pele-deve-redobrar-no-verao\/"]}]},{"@type":"ImageObject","inLanguage":"pt-PT","@id":"https:\/\/seconci.com.br\/site\/2020\/02\/18\/seconci-sp-cuidado-com-a-pele-deve-redobrar-no-verao\/#primaryimage","url":"https:\/\/seconci.com.br\/site\/wp-content\/uploads\/2019\/10\/sp-sede.jpg","contentUrl":"https:\/\/seconci.com.br\/site\/wp-content\/uploads\/2019\/10\/sp-sede.jpg","width":299,"height":169},{"@type":"BreadcrumbList","@id":"https:\/\/seconci.com.br\/site\/2020\/02\/18\/seconci-sp-cuidado-com-a-pele-deve-redobrar-no-verao\/#breadcrumb","itemListElement":[{"@type":"ListItem","position":1,"name":"In\u00edcio","item":"https:\/\/seconci.com.br\/site\/"},{"@type":"ListItem","position":2,"name":"Seconci-SP: cuidado com a pele deve redobrar no ver\u00e3o"}]},{"@type":"WebSite","@id":"https:\/\/seconci.com.br\/site\/#website","url":"https:\/\/seconci.com.br\/site\/","name":"Seconci Brasil","description":"","publisher":{"@id":"https:\/\/seconci.com.br\/site\/#organization"},"potentialAction":[{"@type":"SearchAction","target":{"@type":"EntryPoint","urlTemplate":"https:\/\/seconci.com.br\/site\/?s={search_term_string}"},"query-input":{"@type":"PropertyValueSpecification","valueRequired":true,"valueName":"search_term_string"}}],"inLanguage":"pt-PT"},{"@type":"Organization","@id":"https:\/\/seconci.com.br\/site\/#organization","name":"Seconci Brasil","url":"https:\/\/seconci.com.br\/site\/","logo":{"@type":"ImageObject","inLanguage":"pt-PT","@id":"https:\/\/seconci.com.br\/site\/#\/schema\/logo\/image\/","url":"https:\/\/seconci.com.br\/site\/wp-content\/uploads\/2024\/08\/Logo-Seconci-Brasil-branca-2.png","contentUrl":"https:\/\/seconci.com.br\/site\/wp-content\/uploads\/2024\/08\/Logo-Seconci-Brasil-branca-2.png","width":1315,"height":598,"caption":"Seconci Brasil"},"image":{"@id":"https:\/\/seconci.com.br\/site\/#\/schema\/logo\/image\/"}},{"@type":"Person","@id":"https:\/\/seconci.com.br\/site\/#\/schema\/person\/1d79afd97ddc8f2c68c1e88e298aa8e2","name":"Sidney Rocha","description":"Comunicador e estagi\u00e1rio do Seconci Brasil.","url":"https:\/\/seconci.com.br\/site\/author\/sidney-rocha\/"}]}},"_links":{"self":[{"href":"https:\/\/seconci.com.br\/site\/wp-json\/wp\/v2\/posts\/9057","targetHints":{"allow":["GET"]}}],"collection":[{"href":"https:\/\/seconci.com.br\/site\/wp-json\/wp\/v2\/posts"}],"about":[{"href":"https:\/\/seconci.com.br\/site\/wp-json\/wp\/v2\/types\/post"}],"author":[{"embeddable":true,"href":"https:\/\/seconci.com.br\/site\/wp-json\/wp\/v2\/users\/3"}],"replies":[{"embeddable":true,"href":"https:\/\/seconci.com.br\/site\/wp-json\/wp\/v2\/comments?post=9057"}],"version-history":[{"count":0,"href":"https:\/\/seconci.com.br\/site\/wp-json\/wp\/v2\/posts\/9057\/revisions"}],"wp:featuredmedia":[{"embeddable":true,"href":"https:\/\/seconci.com.br\/site\/wp-json\/wp\/v2\/media\/8783"}],"wp:attachment":[{"href":"https:\/\/seconci.com.br\/site\/wp-json\/wp\/v2\/media?parent=9057"}],"wp:term":[{"taxonomy":"category","embeddable":true,"href":"https:\/\/seconci.com.br\/site\/wp-json\/wp\/v2\/categories?post=9057"},{"taxonomy":"post_tag","embeddable":true,"href":"https:\/\/seconci.com.br\/site\/wp-json\/wp\/v2\/tags?post=9057"}],"curies":[{"name":"wp","href":"https:\/\/api.w.org\/{rel}","templated":true}]}}