{"id":9059,"date":"2020-02-20T13:03:30","date_gmt":"2020-02-20T13:03:30","guid":{"rendered":"https:\/\/seconci.com.br\/site\/?p=9059"},"modified":"2020-02-20T13:03:30","modified_gmt":"2020-02-20T13:03:30","slug":"seconci-rio-ja-imunizou-mais-de-160-mil-trabalhadores-contra-o-sarampo","status":"publish","type":"post","link":"https:\/\/seconci.com.br\/site\/2020\/02\/20\/seconci-rio-ja-imunizou-mais-de-160-mil-trabalhadores-contra-o-sarampo\/","title":{"rendered":"Seconci-Rio j\u00e1 imunizou mais de 160 mil trabalhadores contra o sarampo"},"content":{"rendered":"<p style=\"text-align: justify;\">Diante do aumento dos casos de sarampo em v\u00e1rios estados do pa\u00eds, a conscientiza\u00e7\u00e3o sobre a import\u00e2ncia da vacina\u00e7\u00e3o \u00e9 indispens\u00e1vel. E n\u00e3o \u00e9 de hoje que o Seconci-Rio est\u00e1 ciente da relev\u00e2ncia desta imuniza\u00e7\u00e3o. H\u00e1 23 anos, a entidade fechou uma parceria com a Secretaria Municipal de Sa\u00fade para vacinar os trabalhadores da constru\u00e7\u00e3o civil contra in\u00fameras doen\u00e7as, incluindo o sarampo. Assim, desde 1997, mais de 500 mil doses foram aplicadas em trabalhadores, nos canteiros de obra, sendo 164.495 mil apenas de sarampo.<\/p>\n<p style=\"text-align: justify;\">Essa parceria com o Governo Federal tem o objetivo de ajudar na redu\u00e7\u00e3o dos \u00edndices de cont\u00e1gio e de surgimento de novos epis\u00f3dios da doen\u00e7a. Diariamente, o Seconci-Rio disponibiliza uma equipe de vacina\u00e7\u00e3o nos canteiros de obras da regi\u00e3o metropolitana do RJ, para fazer as aplica\u00e7\u00f5es e verificar a carteira de vacina\u00e7\u00e3o dos oper\u00e1rios. Al\u00e9m disso, as empresas tamb\u00e9m podem se engajar nesta campanha. Fa\u00e7a sua parte. Aquelas que possuem 30 ou mais funcion\u00e1rios podem solicitar o servi\u00e7o no canteiro de obras. Para as que possuem menos de 30 colaboradores, basta orient\u00e1-los a comparecer na sede do Seconci-Rio, levando carteira de trabalho e contra-cheque para atendimento, que acontece de segunda a sexta-feira, das 11h \u00e0s 17h.<\/p>\n<p style=\"text-align: justify;\"><strong>Sobre a vacina contra o sarampo<\/strong><\/p>\n<p style=\"text-align: justify;\">Introduzida no Brasil na d\u00e9cada de 60, a vacina \u00e9 o \u00fanico meio de preven\u00e7\u00e3o do sarampo, que n\u00e3o possui tratamento e \u00e9 contagiosa. A doen\u00e7a \u00e9 transmitida por tosse e espirro, tendo como principais sintomas febre alta, coriza e olhos irritados. O sarampo, em adultos, pode trazer consequ\u00eancias graves, como pneumonia, diarreia, otite aguda (infec\u00e7\u00e3o no ouvido), encefalite (inflama\u00e7\u00f5es agudas do c\u00e9rebro), podendo at\u00e9 mesmo provocar a morte.<\/p>\n<p><strong><em>Fonte: Seconci-Rio<\/em><\/strong><\/p>\n","protected":false},"excerpt":{"rendered":"<p>Diante do aumento dos casos de sarampo em v\u00e1rios estados do pa\u00eds, a conscientiza\u00e7\u00e3o sobre a import\u00e2ncia da vacina\u00e7\u00e3o \u00e9 indispens\u00e1vel. E n\u00e3o \u00e9 de hoje que o Seconci-Rio est\u00e1 ciente da relev\u00e2ncia desta imuniza\u00e7\u00e3o. H\u00e1 23 anos, a entidade fechou uma parceria com a Secretaria Municipal de Sa\u00fade para vacinar os trabalhadores da constru\u00e7\u00e3o [&hellip;]<\/p>\n","protected":false},"author":3,"featured_media":9060,"comment_status":"closed","ping_status":"closed","sticky":false,"template":"","format":"standard","meta":{"footnotes":""},"categories":[85],"tags":[],"class_list":["post-9059","post","type-post","status-publish","format-standard","has-post-thumbnail","hentry","category-seconci-rio-de-janeiro"],"yoast_head":"<!-- This site is optimized with the Yoast SEO plugin v26.9 - https:\/\/yoast.com\/product\/yoast-seo-wordpress\/ -->\n<title>Seconci-Rio j\u00e1 imunizou mais de 160 mil trabalhadores contra o sarampo - Seconci Brasil<\/title>\n<meta name=\"robots\" content=\"index, follow, max-snippet:-1, max-image-preview:large, max-video-preview:-1\" \/>\n<link rel=\"canonical\" href=\"https:\/\/seconci.com.br\/site\/2020\/02\/20\/seconci-rio-ja-imunizou-mais-de-160-mil-trabalhadores-contra-o-sarampo\/\" \/>\n<meta property=\"og:locale\" content=\"pt_PT\" \/>\n<meta property=\"og:type\" content=\"article\" \/>\n<meta property=\"og:title\" content=\"Seconci-Rio j\u00e1 imunizou mais de 160 mil trabalhadores contra o sarampo - Seconci Brasil\" \/>\n<meta property=\"og:description\" content=\"Diante do aumento dos casos de sarampo em v\u00e1rios estados do pa\u00eds, a conscientiza\u00e7\u00e3o sobre a import\u00e2ncia da vacina\u00e7\u00e3o \u00e9 indispens\u00e1vel. E n\u00e3o \u00e9 de hoje que o Seconci-Rio est\u00e1 ciente da relev\u00e2ncia desta imuniza\u00e7\u00e3o. H\u00e1 23 anos, a entidade fechou uma parceria com a Secretaria Municipal de Sa\u00fade para vacinar os trabalhadores da constru\u00e7\u00e3o [&hellip;]\" \/>\n<meta property=\"og:url\" content=\"https:\/\/seconci.com.br\/site\/2020\/02\/20\/seconci-rio-ja-imunizou-mais-de-160-mil-trabalhadores-contra-o-sarampo\/\" \/>\n<meta property=\"og:site_name\" content=\"Seconci Brasil\" \/>\n<meta property=\"article:published_time\" content=\"2020-02-20T13:03:30+00:00\" \/>\n<meta property=\"og:image\" content=\"https:\/\/seconci.com.br\/site\/wp-content\/uploads\/2020\/02\/images-1.jpg\" \/>\n\t<meta property=\"og:image:width\" content=\"275\" \/>\n\t<meta property=\"og:image:height\" content=\"183\" \/>\n\t<meta property=\"og:image:type\" content=\"image\/jpeg\" \/>\n<meta name=\"author\" content=\"Sidney Rocha\" \/>\n<meta name=\"twitter:card\" content=\"summary_large_image\" \/>\n<meta name=\"twitter:label1\" content=\"Escrito por\" \/>\n\t<meta name=\"twitter:data1\" content=\"Sidney Rocha\" \/>\n\t<meta name=\"twitter:label2\" content=\"Tempo estimado de leitura\" \/>\n\t<meta name=\"twitter:data2\" content=\"2 minutos\" \/>\n<script type=\"application\/ld+json\" class=\"yoast-schema-graph\">{\"@context\":\"https:\/\/schema.org\",\"@graph\":[{\"@type\":\"Article\",\"@id\":\"https:\/\/seconci.com.br\/site\/2020\/02\/20\/seconci-rio-ja-imunizou-mais-de-160-mil-trabalhadores-contra-o-sarampo\/#article\",\"isPartOf\":{\"@id\":\"https:\/\/seconci.com.br\/site\/2020\/02\/20\/seconci-rio-ja-imunizou-mais-de-160-mil-trabalhadores-contra-o-sarampo\/\"},\"author\":{\"name\":\"Sidney Rocha\",\"@id\":\"https:\/\/seconci.com.br\/site\/#\/schema\/person\/1d79afd97ddc8f2c68c1e88e298aa8e2\"},\"headline\":\"Seconci-Rio j\u00e1 imunizou mais de 160 mil trabalhadores contra o sarampo\",\"datePublished\":\"2020-02-20T13:03:30+00:00\",\"mainEntityOfPage\":{\"@id\":\"https:\/\/seconci.com.br\/site\/2020\/02\/20\/seconci-rio-ja-imunizou-mais-de-160-mil-trabalhadores-contra-o-sarampo\/\"},\"wordCount\":311,\"publisher\":{\"@id\":\"https:\/\/seconci.com.br\/site\/#organization\"},\"image\":{\"@id\":\"https:\/\/seconci.com.br\/site\/2020\/02\/20\/seconci-rio-ja-imunizou-mais-de-160-mil-trabalhadores-contra-o-sarampo\/#primaryimage\"},\"thumbnailUrl\":\"https:\/\/seconci.com.br\/site\/wp-content\/uploads\/2020\/02\/images-1.jpg\",\"articleSection\":[\"Seconci Rio de Janeiro\"],\"inLanguage\":\"pt-PT\"},{\"@type\":\"WebPage\",\"@id\":\"https:\/\/seconci.com.br\/site\/2020\/02\/20\/seconci-rio-ja-imunizou-mais-de-160-mil-trabalhadores-contra-o-sarampo\/\",\"url\":\"https:\/\/seconci.com.br\/site\/2020\/02\/20\/seconci-rio-ja-imunizou-mais-de-160-mil-trabalhadores-contra-o-sarampo\/\",\"name\":\"Seconci-Rio j\u00e1 imunizou mais de 160 mil trabalhadores contra o sarampo - Seconci Brasil\",\"isPartOf\":{\"@id\":\"https:\/\/seconci.com.br\/site\/#website\"},\"primaryImageOfPage\":{\"@id\":\"https:\/\/seconci.com.br\/site\/2020\/02\/20\/seconci-rio-ja-imunizou-mais-de-160-mil-trabalhadores-contra-o-sarampo\/#primaryimage\"},\"image\":{\"@id\":\"https:\/\/seconci.com.br\/site\/2020\/02\/20\/seconci-rio-ja-imunizou-mais-de-160-mil-trabalhadores-contra-o-sarampo\/#primaryimage\"},\"thumbnailUrl\":\"https:\/\/seconci.com.br\/site\/wp-content\/uploads\/2020\/02\/images-1.jpg\",\"datePublished\":\"2020-02-20T13:03:30+00:00\",\"breadcrumb\":{\"@id\":\"https:\/\/seconci.com.br\/site\/2020\/02\/20\/seconci-rio-ja-imunizou-mais-de-160-mil-trabalhadores-contra-o-sarampo\/#breadcrumb\"},\"inLanguage\":\"pt-PT\",\"potentialAction\":[{\"@type\":\"ReadAction\",\"target\":[\"https:\/\/seconci.com.br\/site\/2020\/02\/20\/seconci-rio-ja-imunizou-mais-de-160-mil-trabalhadores-contra-o-sarampo\/\"]}]},{\"@type\":\"ImageObject\",\"inLanguage\":\"pt-PT\",\"@id\":\"https:\/\/seconci.com.br\/site\/2020\/02\/20\/seconci-rio-ja-imunizou-mais-de-160-mil-trabalhadores-contra-o-sarampo\/#primaryimage\",\"url\":\"https:\/\/seconci.com.br\/site\/wp-content\/uploads\/2020\/02\/images-1.jpg\",\"contentUrl\":\"https:\/\/seconci.com.br\/site\/wp-content\/uploads\/2020\/02\/images-1.jpg\",\"width\":275,\"height\":183},{\"@type\":\"BreadcrumbList\",\"@id\":\"https:\/\/seconci.com.br\/site\/2020\/02\/20\/seconci-rio-ja-imunizou-mais-de-160-mil-trabalhadores-contra-o-sarampo\/#breadcrumb\",\"itemListElement\":[{\"@type\":\"ListItem\",\"position\":1,\"name\":\"In\u00edcio\",\"item\":\"https:\/\/seconci.com.br\/site\/\"},{\"@type\":\"ListItem\",\"position\":2,\"name\":\"Seconci-Rio j\u00e1 imunizou mais de 160 mil trabalhadores contra o sarampo\"}]},{\"@type\":\"WebSite\",\"@id\":\"https:\/\/seconci.com.br\/site\/#website\",\"url\":\"https:\/\/seconci.com.br\/site\/\",\"name\":\"Seconci Brasil\",\"description\":\"\",\"publisher\":{\"@id\":\"https:\/\/seconci.com.br\/site\/#organization\"},\"potentialAction\":[{\"@type\":\"SearchAction\",\"target\":{\"@type\":\"EntryPoint\",\"urlTemplate\":\"https:\/\/seconci.com.br\/site\/?s={search_term_string}\"},\"query-input\":{\"@type\":\"PropertyValueSpecification\",\"valueRequired\":true,\"valueName\":\"search_term_string\"}}],\"inLanguage\":\"pt-PT\"},{\"@type\":\"Organization\",\"@id\":\"https:\/\/seconci.com.br\/site\/#organization\",\"name\":\"Seconci Brasil\",\"url\":\"https:\/\/seconci.com.br\/site\/\",\"logo\":{\"@type\":\"ImageObject\",\"inLanguage\":\"pt-PT\",\"@id\":\"https:\/\/seconci.com.br\/site\/#\/schema\/logo\/image\/\",\"url\":\"https:\/\/seconci.com.br\/site\/wp-content\/uploads\/2024\/08\/Logo-Seconci-Brasil-branca-2.png\",\"contentUrl\":\"https:\/\/seconci.com.br\/site\/wp-content\/uploads\/2024\/08\/Logo-Seconci-Brasil-branca-2.png\",\"width\":1315,\"height\":598,\"caption\":\"Seconci Brasil\"},\"image\":{\"@id\":\"https:\/\/seconci.com.br\/site\/#\/schema\/logo\/image\/\"}},{\"@type\":\"Person\",\"@id\":\"https:\/\/seconci.com.br\/site\/#\/schema\/person\/1d79afd97ddc8f2c68c1e88e298aa8e2\",\"name\":\"Sidney Rocha\",\"description\":\"Comunicador e estagi\u00e1rio do Seconci Brasil.\",\"url\":\"https:\/\/seconci.com.br\/site\/author\/sidney-rocha\/\"}]}<\/script>\n<!-- \/ Yoast SEO plugin. -->","yoast_head_json":{"title":"Seconci-Rio j\u00e1 imunizou mais de 160 mil trabalhadores contra o sarampo - Seconci Brasil","robots":{"index":"index","follow":"follow","max-snippet":"max-snippet:-1","max-image-preview":"max-image-preview:large","max-video-preview":"max-video-preview:-1"},"canonical":"https:\/\/seconci.com.br\/site\/2020\/02\/20\/seconci-rio-ja-imunizou-mais-de-160-mil-trabalhadores-contra-o-sarampo\/","og_locale":"pt_PT","og_type":"article","og_title":"Seconci-Rio j\u00e1 imunizou mais de 160 mil trabalhadores contra o sarampo - Seconci Brasil","og_description":"Diante do aumento dos casos de sarampo em v\u00e1rios estados do pa\u00eds, a conscientiza\u00e7\u00e3o sobre a import\u00e2ncia da vacina\u00e7\u00e3o \u00e9 indispens\u00e1vel. E n\u00e3o \u00e9 de hoje que o Seconci-Rio est\u00e1 ciente da relev\u00e2ncia desta imuniza\u00e7\u00e3o. H\u00e1 23 anos, a entidade fechou uma parceria com a Secretaria Municipal de Sa\u00fade para vacinar os trabalhadores da constru\u00e7\u00e3o [&hellip;]","og_url":"https:\/\/seconci.com.br\/site\/2020\/02\/20\/seconci-rio-ja-imunizou-mais-de-160-mil-trabalhadores-contra-o-sarampo\/","og_site_name":"Seconci Brasil","article_published_time":"2020-02-20T13:03:30+00:00","og_image":[{"width":275,"height":183,"url":"https:\/\/seconci.com.br\/site\/wp-content\/uploads\/2020\/02\/images-1.jpg","type":"image\/jpeg"}],"author":"Sidney Rocha","twitter_card":"summary_large_image","twitter_misc":{"Escrito por":"Sidney Rocha","Tempo estimado de leitura":"2 minutos"},"schema":{"@context":"https:\/\/schema.org","@graph":[{"@type":"Article","@id":"https:\/\/seconci.com.br\/site\/2020\/02\/20\/seconci-rio-ja-imunizou-mais-de-160-mil-trabalhadores-contra-o-sarampo\/#article","isPartOf":{"@id":"https:\/\/seconci.com.br\/site\/2020\/02\/20\/seconci-rio-ja-imunizou-mais-de-160-mil-trabalhadores-contra-o-sarampo\/"},"author":{"name":"Sidney Rocha","@id":"https:\/\/seconci.com.br\/site\/#\/schema\/person\/1d79afd97ddc8f2c68c1e88e298aa8e2"},"headline":"Seconci-Rio j\u00e1 imunizou mais de 160 mil trabalhadores contra o sarampo","datePublished":"2020-02-20T13:03:30+00:00","mainEntityOfPage":{"@id":"https:\/\/seconci.com.br\/site\/2020\/02\/20\/seconci-rio-ja-imunizou-mais-de-160-mil-trabalhadores-contra-o-sarampo\/"},"wordCount":311,"publisher":{"@id":"https:\/\/seconci.com.br\/site\/#organization"},"image":{"@id":"https:\/\/seconci.com.br\/site\/2020\/02\/20\/seconci-rio-ja-imunizou-mais-de-160-mil-trabalhadores-contra-o-sarampo\/#primaryimage"},"thumbnailUrl":"https:\/\/seconci.com.br\/site\/wp-content\/uploads\/2020\/02\/images-1.jpg","articleSection":["Seconci Rio de Janeiro"],"inLanguage":"pt-PT"},{"@type":"WebPage","@id":"https:\/\/seconci.com.br\/site\/2020\/02\/20\/seconci-rio-ja-imunizou-mais-de-160-mil-trabalhadores-contra-o-sarampo\/","url":"https:\/\/seconci.com.br\/site\/2020\/02\/20\/seconci-rio-ja-imunizou-mais-de-160-mil-trabalhadores-contra-o-sarampo\/","name":"Seconci-Rio j\u00e1 imunizou mais de 160 mil trabalhadores contra o sarampo - Seconci Brasil","isPartOf":{"@id":"https:\/\/seconci.com.br\/site\/#website"},"primaryImageOfPage":{"@id":"https:\/\/seconci.com.br\/site\/2020\/02\/20\/seconci-rio-ja-imunizou-mais-de-160-mil-trabalhadores-contra-o-sarampo\/#primaryimage"},"image":{"@id":"https:\/\/seconci.com.br\/site\/2020\/02\/20\/seconci-rio-ja-imunizou-mais-de-160-mil-trabalhadores-contra-o-sarampo\/#primaryimage"},"thumbnailUrl":"https:\/\/seconci.com.br\/site\/wp-content\/uploads\/2020\/02\/images-1.jpg","datePublished":"2020-02-20T13:03:30+00:00","breadcrumb":{"@id":"https:\/\/seconci.com.br\/site\/2020\/02\/20\/seconci-rio-ja-imunizou-mais-de-160-mil-trabalhadores-contra-o-sarampo\/#breadcrumb"},"inLanguage":"pt-PT","potentialAction":[{"@type":"ReadAction","target":["https:\/\/seconci.com.br\/site\/2020\/02\/20\/seconci-rio-ja-imunizou-mais-de-160-mil-trabalhadores-contra-o-sarampo\/"]}]},{"@type":"ImageObject","inLanguage":"pt-PT","@id":"https:\/\/seconci.com.br\/site\/2020\/02\/20\/seconci-rio-ja-imunizou-mais-de-160-mil-trabalhadores-contra-o-sarampo\/#primaryimage","url":"https:\/\/seconci.com.br\/site\/wp-content\/uploads\/2020\/02\/images-1.jpg","contentUrl":"https:\/\/seconci.com.br\/site\/wp-content\/uploads\/2020\/02\/images-1.jpg","width":275,"height":183},{"@type":"BreadcrumbList","@id":"https:\/\/seconci.com.br\/site\/2020\/02\/20\/seconci-rio-ja-imunizou-mais-de-160-mil-trabalhadores-contra-o-sarampo\/#breadcrumb","itemListElement":[{"@type":"ListItem","position":1,"name":"In\u00edcio","item":"https:\/\/seconci.com.br\/site\/"},{"@type":"ListItem","position":2,"name":"Seconci-Rio j\u00e1 imunizou mais de 160 mil trabalhadores contra o sarampo"}]},{"@type":"WebSite","@id":"https:\/\/seconci.com.br\/site\/#website","url":"https:\/\/seconci.com.br\/site\/","name":"Seconci Brasil","description":"","publisher":{"@id":"https:\/\/seconci.com.br\/site\/#organization"},"potentialAction":[{"@type":"SearchAction","target":{"@type":"EntryPoint","urlTemplate":"https:\/\/seconci.com.br\/site\/?s={search_term_string}"},"query-input":{"@type":"PropertyValueSpecification","valueRequired":true,"valueName":"search_term_string"}}],"inLanguage":"pt-PT"},{"@type":"Organization","@id":"https:\/\/seconci.com.br\/site\/#organization","name":"Seconci Brasil","url":"https:\/\/seconci.com.br\/site\/","logo":{"@type":"ImageObject","inLanguage":"pt-PT","@id":"https:\/\/seconci.com.br\/site\/#\/schema\/logo\/image\/","url":"https:\/\/seconci.com.br\/site\/wp-content\/uploads\/2024\/08\/Logo-Seconci-Brasil-branca-2.png","contentUrl":"https:\/\/seconci.com.br\/site\/wp-content\/uploads\/2024\/08\/Logo-Seconci-Brasil-branca-2.png","width":1315,"height":598,"caption":"Seconci Brasil"},"image":{"@id":"https:\/\/seconci.com.br\/site\/#\/schema\/logo\/image\/"}},{"@type":"Person","@id":"https:\/\/seconci.com.br\/site\/#\/schema\/person\/1d79afd97ddc8f2c68c1e88e298aa8e2","name":"Sidney Rocha","description":"Comunicador e estagi\u00e1rio do Seconci Brasil.","url":"https:\/\/seconci.com.br\/site\/author\/sidney-rocha\/"}]}},"_links":{"self":[{"href":"https:\/\/seconci.com.br\/site\/wp-json\/wp\/v2\/posts\/9059","targetHints":{"allow":["GET"]}}],"collection":[{"href":"https:\/\/seconci.com.br\/site\/wp-json\/wp\/v2\/posts"}],"about":[{"href":"https:\/\/seconci.com.br\/site\/wp-json\/wp\/v2\/types\/post"}],"author":[{"embeddable":true,"href":"https:\/\/seconci.com.br\/site\/wp-json\/wp\/v2\/users\/3"}],"replies":[{"embeddable":true,"href":"https:\/\/seconci.com.br\/site\/wp-json\/wp\/v2\/comments?post=9059"}],"version-history":[{"count":0,"href":"https:\/\/seconci.com.br\/site\/wp-json\/wp\/v2\/posts\/9059\/revisions"}],"wp:featuredmedia":[{"embeddable":true,"href":"https:\/\/seconci.com.br\/site\/wp-json\/wp\/v2\/media\/9060"}],"wp:attachment":[{"href":"https:\/\/seconci.com.br\/site\/wp-json\/wp\/v2\/media?parent=9059"}],"wp:term":[{"taxonomy":"category","embeddable":true,"href":"https:\/\/seconci.com.br\/site\/wp-json\/wp\/v2\/categories?post=9059"},{"taxonomy":"post_tag","embeddable":true,"href":"https:\/\/seconci.com.br\/site\/wp-json\/wp\/v2\/tags?post=9059"}],"curies":[{"name":"wp","href":"https:\/\/api.w.org\/{rel}","templated":true}]}}