{"id":9069,"date":"2020-02-21T12:14:52","date_gmt":"2020-02-21T12:14:52","guid":{"rendered":"https:\/\/seconci.com.br\/site\/?p=9069"},"modified":"2020-02-21T12:14:52","modified_gmt":"2020-02-21T12:14:52","slug":"carnaval-evite-contagio-de-doencas-pela-boca","status":"publish","type":"post","link":"https:\/\/seconci.com.br\/site\/2020\/02\/21\/carnaval-evite-contagio-de-doencas-pela-boca\/","title":{"rendered":"Carnaval: evite cont\u00e1gio de doen\u00e7as pela boca"},"content":{"rendered":"<p style=\"text-align: justify;\"><em>Les\u00f5es bucais podem ser a entrada para uma s\u00e9rie de enfermidades<\/em><\/p>\n<p style=\"text-align: justify;\">Segundo levantamento divulgado recentemente pelo Minist\u00e9rio da Sa\u00fade, o Brasil conseguiu evitar 2,5 mil mortes causadas pela S\u00edndrome da Imunodefici\u00eancia Adquirida (Aids, sigla em ingl\u00eas) entre os anos de 2014 e 2018. Apesar dos n\u00fameros, o \u00f3rg\u00e3o estima que atualmente 135 mil brasileiros vivem com HIV (V\u00edrus da Imunodefici\u00eancia Humana, na tradu\u00e7\u00e3o) e n\u00e3o sabem.<\/p>\n<p style=\"text-align: justify;\">O cirurgi\u00e3o-dentista do Seconci-SP (Servi\u00e7o Social da Constru\u00e7\u00e3o) Alexandre Martins explica que a cavidade bucal pode ser a porta de entrada para uma s\u00e9rie de doen\u00e7as, inclu\u00eddo o HIV, no caso do sexo oral. Da\u00ed a import\u00e2ncia de uso de preservativo nesta pr\u00e1tica, al\u00e9m do h\u00e1bito de visitas regulares ao dentista para a detec\u00e7\u00e3o dos primeiros sinais da Aids. \u201cMuitas les\u00f5es bucais surgem por consequ\u00eancia do decl\u00ednio do sistema imunol\u00f3gico dos pacientes soropositivos. Por isso, em uma consulta de rotina, a doen\u00e7a pode ser identificada\u201d, comenta.<\/p>\n<p style=\"text-align: justify;\">O especialista destaca que nem toda ferida na cavidade bucal pode ser diretamente associada \u00e0 Aids, pois aftas s\u00e3o itens relativamente comuns na maioria das pessoas e n\u00e3o est\u00e3o diretamente relacionadas a uma doen\u00e7a espec\u00edfica. Apesar disso, manchas esbranqui\u00e7adas na l\u00edngua e feridas persistentes na boca devem ser consideradas sinais de alerta.<\/p>\n<p style=\"text-align: justify;\"><strong>Preven\u00e7\u00e3o<\/strong><\/p>\n<p style=\"text-align: justify;\">O especialista explica que a saliva n\u00e3o possui uma quantidade viral suficiente para que uma pessoa possa se contaminar com o HIV por meio de um beijo em um indiv\u00edduo soropositivo, por exemplo. Contudo, c\u00e1ries e infec\u00e7\u00f5es sexualmente transmiss\u00edveis, como herpes, s\u00edfilis, gonorreia e o Papilomav\u00edrus Humano (HPV), podem sim ser transmitidas por meio deste contato.<\/p>\n<p style=\"text-align: justify;\">Outra doen\u00e7a que precisa estar no radar das pessoas, principalmente em \u00e9poca de festividades como o Carnaval, \u00e9 a Mononucleose, conhecida tamb\u00e9m como enfermidade do beijo. Trata-se de uma doen\u00e7a infecciosa, assintom\u00e1tica, causada pelo v\u00edrus Epstein-Barr e transmitida pelo contato \u00edntimo de salivas.<\/p>\n<p style=\"text-align: justify;\">O cirurgi\u00e3o-dentista destaca que a melhor forma de preven\u00e7\u00e3o \u00e9 evitar beijar pessoas com feridas na boca e sempre realizar todos os tipos de rela\u00e7\u00f5es sexuais com prote\u00e7\u00e3o. \u201cOutra dica muito importante \u00e9 evitar colocar as m\u00e3os na boca, principalmente quando estiver em locais com grande aglomera\u00e7\u00e3o de pessoas, pois v\u00edrus como os da herpes podem ser transmitidos ao tocar uma ferida e levar a m\u00e3o \u00e0 cavidade bucal\u201d, finaliza.<\/p>\n<p><em><strong>Por Seconci-SP<\/strong><\/em><\/p>\n","protected":false},"excerpt":{"rendered":"<p>Les\u00f5es bucais podem ser a entrada para uma s\u00e9rie de enfermidades Segundo levantamento divulgado recentemente pelo Minist\u00e9rio da Sa\u00fade, o Brasil conseguiu evitar 2,5 mil mortes causadas pela S\u00edndrome da Imunodefici\u00eancia Adquirida (Aids, sigla em ingl\u00eas) entre os anos de 2014 e 2018. Apesar dos n\u00fameros, o \u00f3rg\u00e3o estima que atualmente 135 mil brasileiros vivem [&hellip;]<\/p>\n","protected":false},"author":3,"featured_media":8783,"comment_status":"closed","ping_status":"closed","sticky":false,"template":"","format":"standard","meta":{"footnotes":""},"categories":[87],"tags":[],"class_list":["post-9069","post","type-post","status-publish","format-standard","has-post-thumbnail","hentry","category-seconci-sao-paulo"],"yoast_head":"<!-- This site is optimized with the Yoast SEO plugin v26.9 - https:\/\/yoast.com\/product\/yoast-seo-wordpress\/ -->\n<title>Carnaval: evite cont\u00e1gio de doen\u00e7as pela boca - Seconci Brasil<\/title>\n<meta name=\"robots\" content=\"index, follow, max-snippet:-1, max-image-preview:large, max-video-preview:-1\" \/>\n<link rel=\"canonical\" href=\"https:\/\/seconci.com.br\/site\/2020\/02\/21\/carnaval-evite-contagio-de-doencas-pela-boca\/\" \/>\n<meta property=\"og:locale\" content=\"pt_PT\" \/>\n<meta property=\"og:type\" content=\"article\" \/>\n<meta property=\"og:title\" content=\"Carnaval: evite cont\u00e1gio de doen\u00e7as pela boca - Seconci Brasil\" \/>\n<meta property=\"og:description\" content=\"Les\u00f5es bucais podem ser a entrada para uma s\u00e9rie de enfermidades Segundo levantamento divulgado recentemente pelo Minist\u00e9rio da Sa\u00fade, o Brasil conseguiu evitar 2,5 mil mortes causadas pela S\u00edndrome da Imunodefici\u00eancia Adquirida (Aids, sigla em ingl\u00eas) entre os anos de 2014 e 2018. Apesar dos n\u00fameros, o \u00f3rg\u00e3o estima que atualmente 135 mil brasileiros vivem [&hellip;]\" \/>\n<meta property=\"og:url\" content=\"https:\/\/seconci.com.br\/site\/2020\/02\/21\/carnaval-evite-contagio-de-doencas-pela-boca\/\" \/>\n<meta property=\"og:site_name\" content=\"Seconci Brasil\" \/>\n<meta property=\"article:published_time\" content=\"2020-02-21T12:14:52+00:00\" \/>\n<meta property=\"og:image\" content=\"https:\/\/seconci.com.br\/site\/wp-content\/uploads\/2019\/10\/sp-sede.jpg\" \/>\n\t<meta property=\"og:image:width\" content=\"299\" \/>\n\t<meta property=\"og:image:height\" content=\"169\" \/>\n\t<meta property=\"og:image:type\" content=\"image\/jpeg\" \/>\n<meta name=\"author\" content=\"Sidney Rocha\" \/>\n<meta name=\"twitter:card\" content=\"summary_large_image\" \/>\n<meta name=\"twitter:label1\" content=\"Escrito por\" \/>\n\t<meta name=\"twitter:data1\" content=\"Sidney Rocha\" \/>\n\t<meta name=\"twitter:label2\" content=\"Tempo estimado de leitura\" \/>\n\t<meta name=\"twitter:data2\" content=\"2 minutos\" \/>\n<script type=\"application\/ld+json\" class=\"yoast-schema-graph\">{\"@context\":\"https:\/\/schema.org\",\"@graph\":[{\"@type\":\"Article\",\"@id\":\"https:\/\/seconci.com.br\/site\/2020\/02\/21\/carnaval-evite-contagio-de-doencas-pela-boca\/#article\",\"isPartOf\":{\"@id\":\"https:\/\/seconci.com.br\/site\/2020\/02\/21\/carnaval-evite-contagio-de-doencas-pela-boca\/\"},\"author\":{\"name\":\"Sidney Rocha\",\"@id\":\"https:\/\/seconci.com.br\/site\/#\/schema\/person\/1d79afd97ddc8f2c68c1e88e298aa8e2\"},\"headline\":\"Carnaval: evite cont\u00e1gio de doen\u00e7as pela boca\",\"datePublished\":\"2020-02-21T12:14:52+00:00\",\"mainEntityOfPage\":{\"@id\":\"https:\/\/seconci.com.br\/site\/2020\/02\/21\/carnaval-evite-contagio-de-doencas-pela-boca\/\"},\"wordCount\":433,\"publisher\":{\"@id\":\"https:\/\/seconci.com.br\/site\/#organization\"},\"image\":{\"@id\":\"https:\/\/seconci.com.br\/site\/2020\/02\/21\/carnaval-evite-contagio-de-doencas-pela-boca\/#primaryimage\"},\"thumbnailUrl\":\"https:\/\/seconci.com.br\/site\/wp-content\/uploads\/2019\/10\/sp-sede.jpg\",\"articleSection\":[\"Seconci S\u00e3o Paulo\"],\"inLanguage\":\"pt-PT\"},{\"@type\":\"WebPage\",\"@id\":\"https:\/\/seconci.com.br\/site\/2020\/02\/21\/carnaval-evite-contagio-de-doencas-pela-boca\/\",\"url\":\"https:\/\/seconci.com.br\/site\/2020\/02\/21\/carnaval-evite-contagio-de-doencas-pela-boca\/\",\"name\":\"Carnaval: evite cont\u00e1gio de doen\u00e7as pela boca - Seconci Brasil\",\"isPartOf\":{\"@id\":\"https:\/\/seconci.com.br\/site\/#website\"},\"primaryImageOfPage\":{\"@id\":\"https:\/\/seconci.com.br\/site\/2020\/02\/21\/carnaval-evite-contagio-de-doencas-pela-boca\/#primaryimage\"},\"image\":{\"@id\":\"https:\/\/seconci.com.br\/site\/2020\/02\/21\/carnaval-evite-contagio-de-doencas-pela-boca\/#primaryimage\"},\"thumbnailUrl\":\"https:\/\/seconci.com.br\/site\/wp-content\/uploads\/2019\/10\/sp-sede.jpg\",\"datePublished\":\"2020-02-21T12:14:52+00:00\",\"breadcrumb\":{\"@id\":\"https:\/\/seconci.com.br\/site\/2020\/02\/21\/carnaval-evite-contagio-de-doencas-pela-boca\/#breadcrumb\"},\"inLanguage\":\"pt-PT\",\"potentialAction\":[{\"@type\":\"ReadAction\",\"target\":[\"https:\/\/seconci.com.br\/site\/2020\/02\/21\/carnaval-evite-contagio-de-doencas-pela-boca\/\"]}]},{\"@type\":\"ImageObject\",\"inLanguage\":\"pt-PT\",\"@id\":\"https:\/\/seconci.com.br\/site\/2020\/02\/21\/carnaval-evite-contagio-de-doencas-pela-boca\/#primaryimage\",\"url\":\"https:\/\/seconci.com.br\/site\/wp-content\/uploads\/2019\/10\/sp-sede.jpg\",\"contentUrl\":\"https:\/\/seconci.com.br\/site\/wp-content\/uploads\/2019\/10\/sp-sede.jpg\",\"width\":299,\"height\":169},{\"@type\":\"BreadcrumbList\",\"@id\":\"https:\/\/seconci.com.br\/site\/2020\/02\/21\/carnaval-evite-contagio-de-doencas-pela-boca\/#breadcrumb\",\"itemListElement\":[{\"@type\":\"ListItem\",\"position\":1,\"name\":\"In\u00edcio\",\"item\":\"https:\/\/seconci.com.br\/site\/\"},{\"@type\":\"ListItem\",\"position\":2,\"name\":\"Carnaval: evite cont\u00e1gio de doen\u00e7as pela boca\"}]},{\"@type\":\"WebSite\",\"@id\":\"https:\/\/seconci.com.br\/site\/#website\",\"url\":\"https:\/\/seconci.com.br\/site\/\",\"name\":\"Seconci Brasil\",\"description\":\"\",\"publisher\":{\"@id\":\"https:\/\/seconci.com.br\/site\/#organization\"},\"potentialAction\":[{\"@type\":\"SearchAction\",\"target\":{\"@type\":\"EntryPoint\",\"urlTemplate\":\"https:\/\/seconci.com.br\/site\/?s={search_term_string}\"},\"query-input\":{\"@type\":\"PropertyValueSpecification\",\"valueRequired\":true,\"valueName\":\"search_term_string\"}}],\"inLanguage\":\"pt-PT\"},{\"@type\":\"Organization\",\"@id\":\"https:\/\/seconci.com.br\/site\/#organization\",\"name\":\"Seconci Brasil\",\"url\":\"https:\/\/seconci.com.br\/site\/\",\"logo\":{\"@type\":\"ImageObject\",\"inLanguage\":\"pt-PT\",\"@id\":\"https:\/\/seconci.com.br\/site\/#\/schema\/logo\/image\/\",\"url\":\"https:\/\/seconci.com.br\/site\/wp-content\/uploads\/2024\/08\/Logo-Seconci-Brasil-branca-2.png\",\"contentUrl\":\"https:\/\/seconci.com.br\/site\/wp-content\/uploads\/2024\/08\/Logo-Seconci-Brasil-branca-2.png\",\"width\":1315,\"height\":598,\"caption\":\"Seconci Brasil\"},\"image\":{\"@id\":\"https:\/\/seconci.com.br\/site\/#\/schema\/logo\/image\/\"}},{\"@type\":\"Person\",\"@id\":\"https:\/\/seconci.com.br\/site\/#\/schema\/person\/1d79afd97ddc8f2c68c1e88e298aa8e2\",\"name\":\"Sidney Rocha\",\"description\":\"Comunicador e estagi\u00e1rio do Seconci Brasil.\",\"url\":\"https:\/\/seconci.com.br\/site\/author\/sidney-rocha\/\"}]}<\/script>\n<!-- \/ Yoast SEO plugin. -->","yoast_head_json":{"title":"Carnaval: evite cont\u00e1gio de doen\u00e7as pela boca - Seconci Brasil","robots":{"index":"index","follow":"follow","max-snippet":"max-snippet:-1","max-image-preview":"max-image-preview:large","max-video-preview":"max-video-preview:-1"},"canonical":"https:\/\/seconci.com.br\/site\/2020\/02\/21\/carnaval-evite-contagio-de-doencas-pela-boca\/","og_locale":"pt_PT","og_type":"article","og_title":"Carnaval: evite cont\u00e1gio de doen\u00e7as pela boca - Seconci Brasil","og_description":"Les\u00f5es bucais podem ser a entrada para uma s\u00e9rie de enfermidades Segundo levantamento divulgado recentemente pelo Minist\u00e9rio da Sa\u00fade, o Brasil conseguiu evitar 2,5 mil mortes causadas pela S\u00edndrome da Imunodefici\u00eancia Adquirida (Aids, sigla em ingl\u00eas) entre os anos de 2014 e 2018. Apesar dos n\u00fameros, o \u00f3rg\u00e3o estima que atualmente 135 mil brasileiros vivem [&hellip;]","og_url":"https:\/\/seconci.com.br\/site\/2020\/02\/21\/carnaval-evite-contagio-de-doencas-pela-boca\/","og_site_name":"Seconci Brasil","article_published_time":"2020-02-21T12:14:52+00:00","og_image":[{"width":299,"height":169,"url":"https:\/\/seconci.com.br\/site\/wp-content\/uploads\/2019\/10\/sp-sede.jpg","type":"image\/jpeg"}],"author":"Sidney Rocha","twitter_card":"summary_large_image","twitter_misc":{"Escrito por":"Sidney Rocha","Tempo estimado de leitura":"2 minutos"},"schema":{"@context":"https:\/\/schema.org","@graph":[{"@type":"Article","@id":"https:\/\/seconci.com.br\/site\/2020\/02\/21\/carnaval-evite-contagio-de-doencas-pela-boca\/#article","isPartOf":{"@id":"https:\/\/seconci.com.br\/site\/2020\/02\/21\/carnaval-evite-contagio-de-doencas-pela-boca\/"},"author":{"name":"Sidney Rocha","@id":"https:\/\/seconci.com.br\/site\/#\/schema\/person\/1d79afd97ddc8f2c68c1e88e298aa8e2"},"headline":"Carnaval: evite cont\u00e1gio de doen\u00e7as pela boca","datePublished":"2020-02-21T12:14:52+00:00","mainEntityOfPage":{"@id":"https:\/\/seconci.com.br\/site\/2020\/02\/21\/carnaval-evite-contagio-de-doencas-pela-boca\/"},"wordCount":433,"publisher":{"@id":"https:\/\/seconci.com.br\/site\/#organization"},"image":{"@id":"https:\/\/seconci.com.br\/site\/2020\/02\/21\/carnaval-evite-contagio-de-doencas-pela-boca\/#primaryimage"},"thumbnailUrl":"https:\/\/seconci.com.br\/site\/wp-content\/uploads\/2019\/10\/sp-sede.jpg","articleSection":["Seconci S\u00e3o Paulo"],"inLanguage":"pt-PT"},{"@type":"WebPage","@id":"https:\/\/seconci.com.br\/site\/2020\/02\/21\/carnaval-evite-contagio-de-doencas-pela-boca\/","url":"https:\/\/seconci.com.br\/site\/2020\/02\/21\/carnaval-evite-contagio-de-doencas-pela-boca\/","name":"Carnaval: evite cont\u00e1gio de doen\u00e7as pela boca - Seconci Brasil","isPartOf":{"@id":"https:\/\/seconci.com.br\/site\/#website"},"primaryImageOfPage":{"@id":"https:\/\/seconci.com.br\/site\/2020\/02\/21\/carnaval-evite-contagio-de-doencas-pela-boca\/#primaryimage"},"image":{"@id":"https:\/\/seconci.com.br\/site\/2020\/02\/21\/carnaval-evite-contagio-de-doencas-pela-boca\/#primaryimage"},"thumbnailUrl":"https:\/\/seconci.com.br\/site\/wp-content\/uploads\/2019\/10\/sp-sede.jpg","datePublished":"2020-02-21T12:14:52+00:00","breadcrumb":{"@id":"https:\/\/seconci.com.br\/site\/2020\/02\/21\/carnaval-evite-contagio-de-doencas-pela-boca\/#breadcrumb"},"inLanguage":"pt-PT","potentialAction":[{"@type":"ReadAction","target":["https:\/\/seconci.com.br\/site\/2020\/02\/21\/carnaval-evite-contagio-de-doencas-pela-boca\/"]}]},{"@type":"ImageObject","inLanguage":"pt-PT","@id":"https:\/\/seconci.com.br\/site\/2020\/02\/21\/carnaval-evite-contagio-de-doencas-pela-boca\/#primaryimage","url":"https:\/\/seconci.com.br\/site\/wp-content\/uploads\/2019\/10\/sp-sede.jpg","contentUrl":"https:\/\/seconci.com.br\/site\/wp-content\/uploads\/2019\/10\/sp-sede.jpg","width":299,"height":169},{"@type":"BreadcrumbList","@id":"https:\/\/seconci.com.br\/site\/2020\/02\/21\/carnaval-evite-contagio-de-doencas-pela-boca\/#breadcrumb","itemListElement":[{"@type":"ListItem","position":1,"name":"In\u00edcio","item":"https:\/\/seconci.com.br\/site\/"},{"@type":"ListItem","position":2,"name":"Carnaval: evite cont\u00e1gio de doen\u00e7as pela boca"}]},{"@type":"WebSite","@id":"https:\/\/seconci.com.br\/site\/#website","url":"https:\/\/seconci.com.br\/site\/","name":"Seconci Brasil","description":"","publisher":{"@id":"https:\/\/seconci.com.br\/site\/#organization"},"potentialAction":[{"@type":"SearchAction","target":{"@type":"EntryPoint","urlTemplate":"https:\/\/seconci.com.br\/site\/?s={search_term_string}"},"query-input":{"@type":"PropertyValueSpecification","valueRequired":true,"valueName":"search_term_string"}}],"inLanguage":"pt-PT"},{"@type":"Organization","@id":"https:\/\/seconci.com.br\/site\/#organization","name":"Seconci Brasil","url":"https:\/\/seconci.com.br\/site\/","logo":{"@type":"ImageObject","inLanguage":"pt-PT","@id":"https:\/\/seconci.com.br\/site\/#\/schema\/logo\/image\/","url":"https:\/\/seconci.com.br\/site\/wp-content\/uploads\/2024\/08\/Logo-Seconci-Brasil-branca-2.png","contentUrl":"https:\/\/seconci.com.br\/site\/wp-content\/uploads\/2024\/08\/Logo-Seconci-Brasil-branca-2.png","width":1315,"height":598,"caption":"Seconci Brasil"},"image":{"@id":"https:\/\/seconci.com.br\/site\/#\/schema\/logo\/image\/"}},{"@type":"Person","@id":"https:\/\/seconci.com.br\/site\/#\/schema\/person\/1d79afd97ddc8f2c68c1e88e298aa8e2","name":"Sidney Rocha","description":"Comunicador e estagi\u00e1rio do Seconci Brasil.","url":"https:\/\/seconci.com.br\/site\/author\/sidney-rocha\/"}]}},"_links":{"self":[{"href":"https:\/\/seconci.com.br\/site\/wp-json\/wp\/v2\/posts\/9069","targetHints":{"allow":["GET"]}}],"collection":[{"href":"https:\/\/seconci.com.br\/site\/wp-json\/wp\/v2\/posts"}],"about":[{"href":"https:\/\/seconci.com.br\/site\/wp-json\/wp\/v2\/types\/post"}],"author":[{"embeddable":true,"href":"https:\/\/seconci.com.br\/site\/wp-json\/wp\/v2\/users\/3"}],"replies":[{"embeddable":true,"href":"https:\/\/seconci.com.br\/site\/wp-json\/wp\/v2\/comments?post=9069"}],"version-history":[{"count":0,"href":"https:\/\/seconci.com.br\/site\/wp-json\/wp\/v2\/posts\/9069\/revisions"}],"wp:featuredmedia":[{"embeddable":true,"href":"https:\/\/seconci.com.br\/site\/wp-json\/wp\/v2\/media\/8783"}],"wp:attachment":[{"href":"https:\/\/seconci.com.br\/site\/wp-json\/wp\/v2\/media?parent=9069"}],"wp:term":[{"taxonomy":"category","embeddable":true,"href":"https:\/\/seconci.com.br\/site\/wp-json\/wp\/v2\/categories?post=9069"},{"taxonomy":"post_tag","embeddable":true,"href":"https:\/\/seconci.com.br\/site\/wp-json\/wp\/v2\/tags?post=9069"}],"curies":[{"name":"wp","href":"https:\/\/api.w.org\/{rel}","templated":true}]}}