{"id":9108,"date":"2020-03-10T14:02:57","date_gmt":"2020-03-10T14:02:57","guid":{"rendered":"https:\/\/seconci.com.br\/site\/?p=9108"},"modified":"2020-03-10T14:04:06","modified_gmt":"2020-03-10T14:04:06","slug":"artigo-dia-internacional-da-mulher-uma-data-para-reflexoes","status":"publish","type":"post","link":"https:\/\/seconci.com.br\/site\/2020\/03\/10\/artigo-dia-internacional-da-mulher-uma-data-para-reflexoes\/","title":{"rendered":"Artigo \u2013 Dia Internacional da Mulher: Uma data para reflex\u00f5es!"},"content":{"rendered":"<p style=\"text-align: justify;\"><em><strong><img decoding=\"async\" class=\"size-medium wp-image-46683\" src=\"https:\/\/cbic.org.br\/wp-content\/uploads\/2020\/03\/Ana_Cl%C3%A1udia-158x300.jpeg\" sizes=\"(max-width: 158px) 100vw, 158px\" srcset=\"https:\/\/cbic.org.br\/wp-content\/uploads\/2020\/03\/Ana_Cl\u00e1udia-158x300.jpeg 158w, https:\/\/cbic.org.br\/wp-content\/uploads\/2020\/03\/Ana_Cl\u00e1udia-541x1024.jpeg 541w, https:\/\/cbic.org.br\/wp-content\/uploads\/2020\/03\/Ana_Cl\u00e1udia-317x600.jpeg 317w, https:\/\/cbic.org.br\/wp-content\/uploads\/2020\/03\/Ana_Cl\u00e1udia.jpeg 676w\" alt=\"\" width=\"158\" height=\"300\" \/><\/strong><\/em><\/p>\n<p style=\"text-align: justify;\"><em><strong>Ana Claudia Gomes \u00e9 presidente da Comiss\u00e3o de Responsabilidade Social (CRS) da CBIC<\/strong><\/em><\/p>\n<p style=\"text-align: justify;\">Mais do que uma simples homenagem \u00e0s mulheres, o dia 8 de mar\u00e7o \u00e9 marcado pela hist\u00f3ria de luta por direitos elementares que, \u00e0 \u00e9poca de sua cria\u00e7\u00e3o, representava a busca pelo direito ao voto feminino.<\/p>\n<p style=\"text-align: justify;\">Atualmente, para al\u00e9m da comemora\u00e7\u00e3o, a ideia \u00e9 provocar reflex\u00f5es e mudan\u00e7as na sociedade mundial. Assim, na maioria dos pa\u00edses, nessa data realizam-se confer\u00eancias, debates e reuni\u00f5es, com o objetivo de discutir o papel da mulher na sociedade atual. O esfor\u00e7o \u00e9 para tentar diminuir e, quem sabe, at\u00e9 extirpar o preconceito e a desvaloriza\u00e7\u00e3o que ainda existem, mesmo com todos os avan\u00e7os, com situa\u00e7\u00f5es de sal\u00e1rios baixos, viol\u00eancia masculina, jornada excessiva de trabalho e desvantagens na carreira profissional.<\/p>\n<p style=\"text-align: justify;\">Muito foi conquistado, mas muito ainda h\u00e1 para ser modificado nesta hist\u00f3ria.<\/p>\n<p style=\"text-align: justify;\">E a import\u00e2ncia dessa luta se mostra em tempos em que se fala no m\u00eas da mulher e n\u00e3o mais no dia. Isso demonstra que\u00a0 vale o convite para fazermos algumas pondera\u00e7\u00f5es sobre as mulheres, principalmente em rela\u00e7\u00e3o \u00e0 ind\u00fastria da constru\u00e7\u00e3o.<\/p>\n<p style=\"text-align: justify;\">Historicamente, este \u00e9 um segmento predominantemente masculino e que conferiu pouca oportunidade \u00e0s mulheres, ao longo dos anos. Em uma r\u00e1pida an\u00e1lise dos dados desta participa\u00e7\u00e3o, v\u00ea-se que elas sempre se restringiram \u00e0 singela marca dos 5 a 6% do contingente empregado e que, em seu momento mais pujante, alcan\u00e7ou 10% de participa\u00e7\u00e3o.<\/p>\n<p style=\"text-align: justify;\">Por outro lado, o n\u00famero de fam\u00edlias brasileiras chefiadas por mulheres cresceu 105%, entre 2001 e 2015, segundo\u00a0a pesquisa \u201c<a href=\"http:\/\/www.ens.edu.br\/arquivos\/mulheres-chefes-de-familia-no-brasil-estudo-sobre-seguro-edicao-32_1.pdf\">Mulheres Chefes de Fam\u00edlia no Brasil: Avan\u00e7os e Desafios<\/a>\u201d, coordenada pela Escola Nacional de Seguros, a partir do cruzamento de informa\u00e7\u00f5es da Pesquisa Nacional por Amostra de Domic\u00edlios (PNAD 2001-2015), do IBGE. Esse percentual significa um total de\u00a028,9 milh\u00f5es de fam\u00edlias que t\u00eam mulheres \u00e0 frente, registrado em 2015, ano dos \u00faltimos dados.<\/p>\n<p style=\"text-align: justify;\">Esse dado revela a urg\u00eancia de se abrir o mercado da constru\u00e7\u00e3o de forma mais efetiva para esse contingente de trabalhadoras, respaldando o orgulho do setor, de se apresentar como o grande motor da economia e capaz de gerar emprego em grande escala.<\/p>\n<p style=\"text-align: justify;\">Alguns estados brasileiros sa\u00edram na frente e criaram pol\u00edticas afirmativas de inclus\u00e3o feminina na constru\u00e7\u00e3o. No Rio de Janeiro, por exemplo, foi homologada a Lei Estadual n\u00ba 7.875\/2018, que definiu a reserva de, no m\u00ednimo, 5% das vagas de emprego na \u00e1rea da constru\u00e7\u00e3o de obras p\u00fablicas para pessoas do sexo feminino.<\/p>\n<p style=\"text-align: justify;\">E o setor privado? O que vem fazendo para reduzir essas desigualdades? Como est\u00e1 a sua empresa frente a todo este cen\u00e1rio? Qual a participa\u00e7\u00e3o da mulher na sua empresa? Ela est\u00e1 representada entre os cargos operacionais e frente os mais altos n\u00edveis hier\u00e1rquicos? Que possamos, ent\u00e3o, aproveitar este m\u00eas para refletir sobre todo este cen\u00e1rio e, efetivamente, encontrar uma forma de colaborar para a redu\u00e7\u00e3o dos \u00edndices alarmantes de viol\u00eancia e desigualdade contra as mulheres em nosso pa\u00eds.<\/p>\n<p style=\"text-align: justify;\">Afinal, as mulheres j\u00e1 somam mais de 50% da popula\u00e7\u00e3o mundial!<\/p>\n<p style=\"text-align: justify;\"><em><strong>*Artigos divulgados neste espa\u00e7o, n\u00e3o necessariamente correspondem \u00e0 opini\u00e3o da entidade.<\/strong><\/em><\/p>\n","protected":false},"excerpt":{"rendered":"<p>Ana Claudia Gomes \u00e9 presidente da Comiss\u00e3o de Responsabilidade Social (CRS) da CBIC Mais do que uma simples homenagem \u00e0s mulheres, o dia 8 de mar\u00e7o \u00e9 marcado pela hist\u00f3ria de luta por direitos elementares que, \u00e0 \u00e9poca de sua cria\u00e7\u00e3o, representava a busca pelo direito ao voto feminino. Atualmente, para al\u00e9m da comemora\u00e7\u00e3o, a [&hellip;]<\/p>\n","protected":false},"author":3,"featured_media":0,"comment_status":"closed","ping_status":"closed","sticky":false,"template":"","format":"standard","meta":{"footnotes":""},"categories":[92],"tags":[],"class_list":["post-9108","post","type-post","status-publish","format-standard","hentry","category-seconci-brasil"],"yoast_head":"<!-- This site is optimized with the Yoast SEO plugin v26.9 - https:\/\/yoast.com\/product\/yoast-seo-wordpress\/ -->\n<title>Artigo \u2013 Dia Internacional da Mulher: Uma data para reflex\u00f5es! - Seconci Brasil<\/title>\n<meta name=\"robots\" content=\"index, follow, max-snippet:-1, max-image-preview:large, max-video-preview:-1\" \/>\n<link rel=\"canonical\" href=\"https:\/\/seconci.com.br\/site\/2020\/03\/10\/artigo-dia-internacional-da-mulher-uma-data-para-reflexoes\/\" \/>\n<meta property=\"og:locale\" content=\"pt_PT\" \/>\n<meta property=\"og:type\" content=\"article\" \/>\n<meta property=\"og:title\" content=\"Artigo \u2013 Dia Internacional da Mulher: Uma data para reflex\u00f5es! - Seconci Brasil\" \/>\n<meta property=\"og:description\" content=\"Ana Claudia Gomes \u00e9 presidente da Comiss\u00e3o de Responsabilidade Social (CRS) da CBIC Mais do que uma simples homenagem \u00e0s mulheres, o dia 8 de mar\u00e7o \u00e9 marcado pela hist\u00f3ria de luta por direitos elementares que, \u00e0 \u00e9poca de sua cria\u00e7\u00e3o, representava a busca pelo direito ao voto feminino. Atualmente, para al\u00e9m da comemora\u00e7\u00e3o, a [&hellip;]\" \/>\n<meta property=\"og:url\" content=\"https:\/\/seconci.com.br\/site\/2020\/03\/10\/artigo-dia-internacional-da-mulher-uma-data-para-reflexoes\/\" \/>\n<meta property=\"og:site_name\" content=\"Seconci Brasil\" \/>\n<meta property=\"article:published_time\" content=\"2020-03-10T14:02:57+00:00\" \/>\n<meta property=\"article:modified_time\" content=\"2020-03-10T14:04:06+00:00\" \/>\n<meta property=\"og:image\" content=\"https:\/\/cbic.org.br\/wp-content\/uploads\/2020\/03\/Ana_Cl%C3%A1udia-158x300.jpeg\" \/>\n<meta name=\"author\" content=\"Sidney Rocha\" \/>\n<meta name=\"twitter:card\" content=\"summary_large_image\" \/>\n<meta name=\"twitter:label1\" content=\"Escrito por\" \/>\n\t<meta name=\"twitter:data1\" content=\"Sidney Rocha\" \/>\n\t<meta name=\"twitter:label2\" content=\"Tempo estimado de leitura\" \/>\n\t<meta name=\"twitter:data2\" content=\"3 minutos\" \/>\n<script type=\"application\/ld+json\" class=\"yoast-schema-graph\">{\"@context\":\"https:\/\/schema.org\",\"@graph\":[{\"@type\":\"Article\",\"@id\":\"https:\/\/seconci.com.br\/site\/2020\/03\/10\/artigo-dia-internacional-da-mulher-uma-data-para-reflexoes\/#article\",\"isPartOf\":{\"@id\":\"https:\/\/seconci.com.br\/site\/2020\/03\/10\/artigo-dia-internacional-da-mulher-uma-data-para-reflexoes\/\"},\"author\":{\"name\":\"Sidney Rocha\",\"@id\":\"https:\/\/seconci.com.br\/site\/#\/schema\/person\/1d79afd97ddc8f2c68c1e88e298aa8e2\"},\"headline\":\"Artigo \u2013 Dia Internacional da Mulher: Uma data para reflex\u00f5es!\",\"datePublished\":\"2020-03-10T14:02:57+00:00\",\"dateModified\":\"2020-03-10T14:04:06+00:00\",\"mainEntityOfPage\":{\"@id\":\"https:\/\/seconci.com.br\/site\/2020\/03\/10\/artigo-dia-internacional-da-mulher-uma-data-para-reflexoes\/\"},\"wordCount\":556,\"publisher\":{\"@id\":\"https:\/\/seconci.com.br\/site\/#organization\"},\"image\":{\"@id\":\"https:\/\/seconci.com.br\/site\/2020\/03\/10\/artigo-dia-internacional-da-mulher-uma-data-para-reflexoes\/#primaryimage\"},\"thumbnailUrl\":\"https:\/\/cbic.org.br\/wp-content\/uploads\/2020\/03\/Ana_Cl%C3%A1udia-158x300.jpeg\",\"articleSection\":[\"Seconci Brasil\"],\"inLanguage\":\"pt-PT\"},{\"@type\":\"WebPage\",\"@id\":\"https:\/\/seconci.com.br\/site\/2020\/03\/10\/artigo-dia-internacional-da-mulher-uma-data-para-reflexoes\/\",\"url\":\"https:\/\/seconci.com.br\/site\/2020\/03\/10\/artigo-dia-internacional-da-mulher-uma-data-para-reflexoes\/\",\"name\":\"Artigo \u2013 Dia Internacional da Mulher: Uma data para reflex\u00f5es! - Seconci Brasil\",\"isPartOf\":{\"@id\":\"https:\/\/seconci.com.br\/site\/#website\"},\"primaryImageOfPage\":{\"@id\":\"https:\/\/seconci.com.br\/site\/2020\/03\/10\/artigo-dia-internacional-da-mulher-uma-data-para-reflexoes\/#primaryimage\"},\"image\":{\"@id\":\"https:\/\/seconci.com.br\/site\/2020\/03\/10\/artigo-dia-internacional-da-mulher-uma-data-para-reflexoes\/#primaryimage\"},\"thumbnailUrl\":\"https:\/\/cbic.org.br\/wp-content\/uploads\/2020\/03\/Ana_Cl%C3%A1udia-158x300.jpeg\",\"datePublished\":\"2020-03-10T14:02:57+00:00\",\"dateModified\":\"2020-03-10T14:04:06+00:00\",\"breadcrumb\":{\"@id\":\"https:\/\/seconci.com.br\/site\/2020\/03\/10\/artigo-dia-internacional-da-mulher-uma-data-para-reflexoes\/#breadcrumb\"},\"inLanguage\":\"pt-PT\",\"potentialAction\":[{\"@type\":\"ReadAction\",\"target\":[\"https:\/\/seconci.com.br\/site\/2020\/03\/10\/artigo-dia-internacional-da-mulher-uma-data-para-reflexoes\/\"]}]},{\"@type\":\"ImageObject\",\"inLanguage\":\"pt-PT\",\"@id\":\"https:\/\/seconci.com.br\/site\/2020\/03\/10\/artigo-dia-internacional-da-mulher-uma-data-para-reflexoes\/#primaryimage\",\"url\":\"https:\/\/cbic.org.br\/wp-content\/uploads\/2020\/03\/Ana_Cl%C3%A1udia-158x300.jpeg\",\"contentUrl\":\"https:\/\/cbic.org.br\/wp-content\/uploads\/2020\/03\/Ana_Cl%C3%A1udia-158x300.jpeg\"},{\"@type\":\"BreadcrumbList\",\"@id\":\"https:\/\/seconci.com.br\/site\/2020\/03\/10\/artigo-dia-internacional-da-mulher-uma-data-para-reflexoes\/#breadcrumb\",\"itemListElement\":[{\"@type\":\"ListItem\",\"position\":1,\"name\":\"In\u00edcio\",\"item\":\"https:\/\/seconci.com.br\/site\/\"},{\"@type\":\"ListItem\",\"position\":2,\"name\":\"Artigo \u2013 Dia Internacional da Mulher: Uma data para reflex\u00f5es!\"}]},{\"@type\":\"WebSite\",\"@id\":\"https:\/\/seconci.com.br\/site\/#website\",\"url\":\"https:\/\/seconci.com.br\/site\/\",\"name\":\"Seconci Brasil\",\"description\":\"\",\"publisher\":{\"@id\":\"https:\/\/seconci.com.br\/site\/#organization\"},\"potentialAction\":[{\"@type\":\"SearchAction\",\"target\":{\"@type\":\"EntryPoint\",\"urlTemplate\":\"https:\/\/seconci.com.br\/site\/?s={search_term_string}\"},\"query-input\":{\"@type\":\"PropertyValueSpecification\",\"valueRequired\":true,\"valueName\":\"search_term_string\"}}],\"inLanguage\":\"pt-PT\"},{\"@type\":\"Organization\",\"@id\":\"https:\/\/seconci.com.br\/site\/#organization\",\"name\":\"Seconci Brasil\",\"url\":\"https:\/\/seconci.com.br\/site\/\",\"logo\":{\"@type\":\"ImageObject\",\"inLanguage\":\"pt-PT\",\"@id\":\"https:\/\/seconci.com.br\/site\/#\/schema\/logo\/image\/\",\"url\":\"https:\/\/seconci.com.br\/site\/wp-content\/uploads\/2024\/08\/Logo-Seconci-Brasil-branca-2.png\",\"contentUrl\":\"https:\/\/seconci.com.br\/site\/wp-content\/uploads\/2024\/08\/Logo-Seconci-Brasil-branca-2.png\",\"width\":1315,\"height\":598,\"caption\":\"Seconci Brasil\"},\"image\":{\"@id\":\"https:\/\/seconci.com.br\/site\/#\/schema\/logo\/image\/\"}},{\"@type\":\"Person\",\"@id\":\"https:\/\/seconci.com.br\/site\/#\/schema\/person\/1d79afd97ddc8f2c68c1e88e298aa8e2\",\"name\":\"Sidney Rocha\",\"description\":\"Comunicador e estagi\u00e1rio do Seconci Brasil.\",\"url\":\"https:\/\/seconci.com.br\/site\/author\/sidney-rocha\/\"}]}<\/script>\n<!-- \/ Yoast SEO plugin. -->","yoast_head_json":{"title":"Artigo \u2013 Dia Internacional da Mulher: Uma data para reflex\u00f5es! - Seconci Brasil","robots":{"index":"index","follow":"follow","max-snippet":"max-snippet:-1","max-image-preview":"max-image-preview:large","max-video-preview":"max-video-preview:-1"},"canonical":"https:\/\/seconci.com.br\/site\/2020\/03\/10\/artigo-dia-internacional-da-mulher-uma-data-para-reflexoes\/","og_locale":"pt_PT","og_type":"article","og_title":"Artigo \u2013 Dia Internacional da Mulher: Uma data para reflex\u00f5es! - Seconci Brasil","og_description":"Ana Claudia Gomes \u00e9 presidente da Comiss\u00e3o de Responsabilidade Social (CRS) da CBIC Mais do que uma simples homenagem \u00e0s mulheres, o dia 8 de mar\u00e7o \u00e9 marcado pela hist\u00f3ria de luta por direitos elementares que, \u00e0 \u00e9poca de sua cria\u00e7\u00e3o, representava a busca pelo direito ao voto feminino. Atualmente, para al\u00e9m da comemora\u00e7\u00e3o, a [&hellip;]","og_url":"https:\/\/seconci.com.br\/site\/2020\/03\/10\/artigo-dia-internacional-da-mulher-uma-data-para-reflexoes\/","og_site_name":"Seconci Brasil","article_published_time":"2020-03-10T14:02:57+00:00","article_modified_time":"2020-03-10T14:04:06+00:00","og_image":[{"url":"https:\/\/cbic.org.br\/wp-content\/uploads\/2020\/03\/Ana_Cl%C3%A1udia-158x300.jpeg","type":"","width":"","height":""}],"author":"Sidney Rocha","twitter_card":"summary_large_image","twitter_misc":{"Escrito por":"Sidney Rocha","Tempo estimado de leitura":"3 minutos"},"schema":{"@context":"https:\/\/schema.org","@graph":[{"@type":"Article","@id":"https:\/\/seconci.com.br\/site\/2020\/03\/10\/artigo-dia-internacional-da-mulher-uma-data-para-reflexoes\/#article","isPartOf":{"@id":"https:\/\/seconci.com.br\/site\/2020\/03\/10\/artigo-dia-internacional-da-mulher-uma-data-para-reflexoes\/"},"author":{"name":"Sidney Rocha","@id":"https:\/\/seconci.com.br\/site\/#\/schema\/person\/1d79afd97ddc8f2c68c1e88e298aa8e2"},"headline":"Artigo \u2013 Dia Internacional da Mulher: Uma data para reflex\u00f5es!","datePublished":"2020-03-10T14:02:57+00:00","dateModified":"2020-03-10T14:04:06+00:00","mainEntityOfPage":{"@id":"https:\/\/seconci.com.br\/site\/2020\/03\/10\/artigo-dia-internacional-da-mulher-uma-data-para-reflexoes\/"},"wordCount":556,"publisher":{"@id":"https:\/\/seconci.com.br\/site\/#organization"},"image":{"@id":"https:\/\/seconci.com.br\/site\/2020\/03\/10\/artigo-dia-internacional-da-mulher-uma-data-para-reflexoes\/#primaryimage"},"thumbnailUrl":"https:\/\/cbic.org.br\/wp-content\/uploads\/2020\/03\/Ana_Cl%C3%A1udia-158x300.jpeg","articleSection":["Seconci Brasil"],"inLanguage":"pt-PT"},{"@type":"WebPage","@id":"https:\/\/seconci.com.br\/site\/2020\/03\/10\/artigo-dia-internacional-da-mulher-uma-data-para-reflexoes\/","url":"https:\/\/seconci.com.br\/site\/2020\/03\/10\/artigo-dia-internacional-da-mulher-uma-data-para-reflexoes\/","name":"Artigo \u2013 Dia Internacional da Mulher: Uma data para reflex\u00f5es! - Seconci Brasil","isPartOf":{"@id":"https:\/\/seconci.com.br\/site\/#website"},"primaryImageOfPage":{"@id":"https:\/\/seconci.com.br\/site\/2020\/03\/10\/artigo-dia-internacional-da-mulher-uma-data-para-reflexoes\/#primaryimage"},"image":{"@id":"https:\/\/seconci.com.br\/site\/2020\/03\/10\/artigo-dia-internacional-da-mulher-uma-data-para-reflexoes\/#primaryimage"},"thumbnailUrl":"https:\/\/cbic.org.br\/wp-content\/uploads\/2020\/03\/Ana_Cl%C3%A1udia-158x300.jpeg","datePublished":"2020-03-10T14:02:57+00:00","dateModified":"2020-03-10T14:04:06+00:00","breadcrumb":{"@id":"https:\/\/seconci.com.br\/site\/2020\/03\/10\/artigo-dia-internacional-da-mulher-uma-data-para-reflexoes\/#breadcrumb"},"inLanguage":"pt-PT","potentialAction":[{"@type":"ReadAction","target":["https:\/\/seconci.com.br\/site\/2020\/03\/10\/artigo-dia-internacional-da-mulher-uma-data-para-reflexoes\/"]}]},{"@type":"ImageObject","inLanguage":"pt-PT","@id":"https:\/\/seconci.com.br\/site\/2020\/03\/10\/artigo-dia-internacional-da-mulher-uma-data-para-reflexoes\/#primaryimage","url":"https:\/\/cbic.org.br\/wp-content\/uploads\/2020\/03\/Ana_Cl%C3%A1udia-158x300.jpeg","contentUrl":"https:\/\/cbic.org.br\/wp-content\/uploads\/2020\/03\/Ana_Cl%C3%A1udia-158x300.jpeg"},{"@type":"BreadcrumbList","@id":"https:\/\/seconci.com.br\/site\/2020\/03\/10\/artigo-dia-internacional-da-mulher-uma-data-para-reflexoes\/#breadcrumb","itemListElement":[{"@type":"ListItem","position":1,"name":"In\u00edcio","item":"https:\/\/seconci.com.br\/site\/"},{"@type":"ListItem","position":2,"name":"Artigo \u2013 Dia Internacional da Mulher: Uma data para reflex\u00f5es!"}]},{"@type":"WebSite","@id":"https:\/\/seconci.com.br\/site\/#website","url":"https:\/\/seconci.com.br\/site\/","name":"Seconci Brasil","description":"","publisher":{"@id":"https:\/\/seconci.com.br\/site\/#organization"},"potentialAction":[{"@type":"SearchAction","target":{"@type":"EntryPoint","urlTemplate":"https:\/\/seconci.com.br\/site\/?s={search_term_string}"},"query-input":{"@type":"PropertyValueSpecification","valueRequired":true,"valueName":"search_term_string"}}],"inLanguage":"pt-PT"},{"@type":"Organization","@id":"https:\/\/seconci.com.br\/site\/#organization","name":"Seconci Brasil","url":"https:\/\/seconci.com.br\/site\/","logo":{"@type":"ImageObject","inLanguage":"pt-PT","@id":"https:\/\/seconci.com.br\/site\/#\/schema\/logo\/image\/","url":"https:\/\/seconci.com.br\/site\/wp-content\/uploads\/2024\/08\/Logo-Seconci-Brasil-branca-2.png","contentUrl":"https:\/\/seconci.com.br\/site\/wp-content\/uploads\/2024\/08\/Logo-Seconci-Brasil-branca-2.png","width":1315,"height":598,"caption":"Seconci Brasil"},"image":{"@id":"https:\/\/seconci.com.br\/site\/#\/schema\/logo\/image\/"}},{"@type":"Person","@id":"https:\/\/seconci.com.br\/site\/#\/schema\/person\/1d79afd97ddc8f2c68c1e88e298aa8e2","name":"Sidney Rocha","description":"Comunicador e estagi\u00e1rio do Seconci Brasil.","url":"https:\/\/seconci.com.br\/site\/author\/sidney-rocha\/"}]}},"_links":{"self":[{"href":"https:\/\/seconci.com.br\/site\/wp-json\/wp\/v2\/posts\/9108","targetHints":{"allow":["GET"]}}],"collection":[{"href":"https:\/\/seconci.com.br\/site\/wp-json\/wp\/v2\/posts"}],"about":[{"href":"https:\/\/seconci.com.br\/site\/wp-json\/wp\/v2\/types\/post"}],"author":[{"embeddable":true,"href":"https:\/\/seconci.com.br\/site\/wp-json\/wp\/v2\/users\/3"}],"replies":[{"embeddable":true,"href":"https:\/\/seconci.com.br\/site\/wp-json\/wp\/v2\/comments?post=9108"}],"version-history":[{"count":0,"href":"https:\/\/seconci.com.br\/site\/wp-json\/wp\/v2\/posts\/9108\/revisions"}],"wp:attachment":[{"href":"https:\/\/seconci.com.br\/site\/wp-json\/wp\/v2\/media?parent=9108"}],"wp:term":[{"taxonomy":"category","embeddable":true,"href":"https:\/\/seconci.com.br\/site\/wp-json\/wp\/v2\/categories?post=9108"},{"taxonomy":"post_tag","embeddable":true,"href":"https:\/\/seconci.com.br\/site\/wp-json\/wp\/v2\/tags?post=9108"}],"curies":[{"name":"wp","href":"https:\/\/api.w.org\/{rel}","templated":true}]}}