{"id":9123,"date":"2020-03-12T13:53:04","date_gmt":"2020-03-12T13:53:04","guid":{"rendered":"https:\/\/seconci.com.br\/site\/?p=9123"},"modified":"2020-03-12T13:53:04","modified_gmt":"2020-03-12T13:53:04","slug":"publicada-portaria-que-regulamenta-medidas-para-enfrentar-o-covid-19","status":"publish","type":"post","link":"https:\/\/seconci.com.br\/site\/2020\/03\/12\/publicada-portaria-que-regulamenta-medidas-para-enfrentar-o-covid-19\/","title":{"rendered":"Publicada portaria que regulamenta medidas para enfrentar o Covid-19"},"content":{"rendered":"<div id=\"tps_slideContainer_186506\" class=\"theiaPostSlider_slides\">\n<div class=\"theiaPostSlider_preloadedSlide\">\n<div class=\"post-item-wrap\">\n<p style=\"text-align: justify;\">A portaria do Minist\u00e9rio da Sa\u00fade, que trata da regulamenta\u00e7\u00e3o e operacionaliza\u00e7\u00e3o das medidas de enfrentamento do novo coronav\u00edrus (Covid-19), est\u00e1 publicada no\u00a0<a href=\"http:\/\/www.in.gov.br\/web\/dou\/-\/portaria-n-356-de-11-de-marco-de-2020-247538346\" target=\"_blank\" rel=\"noopener noreferrer\"><em>Di\u00e1rio Oficial da Uni\u00e3o<\/em><\/a>\u00a0desta quinta-feira (12). Ela \u00e9 fundamentada na Declara\u00e7\u00e3o de Emerg\u00eancia em Sa\u00fade P\u00fablica de Import\u00e2ncia Internacional pela Organiza\u00e7\u00e3o Mundial da Sa\u00fade (OMS) em 30 de janeiro de 2020, em decorr\u00eancia da infec\u00e7\u00e3o pelo Covid-19.<\/p>\n<p style=\"text-align: justify;\">De acordo com a portaria, entre as medidas que poder\u00e3o ser adotadas para resposta \u00e0 emerg\u00eancia de sa\u00fade p\u00fablica est\u00e1 o isolamento, que objetiva a separa\u00e7\u00e3o de pessoas sintom\u00e1ticas ou assintom\u00e1ticas, em investiga\u00e7\u00e3o cl\u00ednica e laboratorial, de maneira a evitar a propaga\u00e7\u00e3o da infec\u00e7\u00e3o e transmiss\u00e3o local.<\/p>\n<p style=\"text-align: justify;\">Segundo prev\u00ea o documento emitido pelo minist\u00e9rio, a medida de isolamento somente poder\u00e1 ser determinada por prescri\u00e7\u00e3o m\u00e9dica ou por recomenda\u00e7\u00e3o do agente de vigil\u00e2ncia epidemiol\u00f3gica, por um prazo m\u00e1ximo de 14 dias, podendo se estender por at\u00e9 igual per\u00edodo, conforme resultado laboratorial que comprove o risco de transmiss\u00e3o.<\/p>\n<p style=\"text-align: justify;\">No caso de isolamento do paciente com diagn\u00f3stico positivo para novo coronav\u00edrus, a medida ser\u00e1 determinada por ato m\u00e9dico e dever\u00e1 ser efetuada, preferencialmente, em domic\u00edlio, podendo ser feito em hospitais p\u00fablicos ou privados, conforme recomenda\u00e7\u00e3o m\u00e9dica, a depender do estado cl\u00ednico do paciente, diz ainda a portaria.<\/p>\n<h2 style=\"text-align: justify;\">Quarentena<\/h2>\n<p style=\"text-align: justify;\">Sobre o estabelecimento de quarentena, consta no documento que ele tem por objetivo garantir a manuten\u00e7\u00e3o dos servi\u00e7os de sa\u00fade em local certo e determinado, \u201cmediante ato administrativo formal e devidamente motivado e dever\u00e1 ser editada por Secret\u00e1rio de Sa\u00fade do Estado, do Munic\u00edpio, do Distrito Federal ou ministro de Estado da Sa\u00fade ou superiores em cada n\u00edvel de gest\u00e3o, publicada no\u00a0<em>Di\u00e1rio Oficial<\/em>\u00a0e amplamente divulgada pelos meios de comunica\u00e7\u00e3o\u201d.<\/p>\n<p style=\"text-align: justify;\">A quarentena ser\u00e1 adotada pelo prazo de at\u00e9 40 dias, podendo se estender pelo tempo necess\u00e1rio para reduzir a transmiss\u00e3o comunit\u00e1ria e garantir a manuten\u00e7\u00e3o dos servi\u00e7os de sa\u00fade no territ\u00f3rio. A portaria prev\u00ea tamb\u00e9m que a prorroga\u00e7\u00e3o do prazo depender\u00e1 de pr\u00e9via avalia\u00e7\u00e3o do Centro de Opera\u00e7\u00f5es de Emerg\u00eancias em Sa\u00fade P\u00fablica.<\/p>\n<div class=\"dnd-widget-wrapper context-cheio_8colunas type-image\" style=\"text-align: justify;\">\n<div><\/div>\n<div class=\"dnd-atom-rendered\"><img decoding=\"async\" title=\"O presidente da C\u00e2mara, Rodrigo Maia, e o ministro da Sa\u00fade, L\" src=\"https:\/\/imagens.ebc.com.br\/4YeDG3oZcuef_1Cp-veOnS3krr8=\/754x0\/smart\/https:\/\/agenciabrasil.ebc.com.br\/sites\/default\/files\/thumbnails\/image\/saude_camara_1103200724.jpg?itok=-ddh7ZnT\" alt=\"O presidente da C\u00e2mara, Rodrigo Maia, e o ministro da Sa\u00fade, L\" \/><\/div>\n<div>O presidente da C\u00e2mara, Rodrigo Maia, e o ministro da Sa\u00fade, Luiz Henrique Mandetta, participam de Comiss\u00e3o Geral para atualiza\u00e7\u00e3o da situa\u00e7\u00e3o nacional do coronav\u00edrus \u2013\u00a0<strong>Fabio Rodrigues Pozzebom\/Ag\u00eancia Brasil<\/strong><\/div>\n<\/div>\n<h2 style=\"text-align: justify;\">Recursos<\/h2>\n<p style=\"text-align: justify;\">Nessa quarta-feira (11), durante audi\u00eancia na C\u00e2mara dos Deputados, o ministro da Sa\u00fade, Luiz Henrique Mandetta, informou sobre a negocia\u00e7\u00e3o com o Congresso para libera\u00e7\u00e3o de at\u00e9 R$ 5 bilh\u00f5es para a\u00e7\u00f5es de enfrentamento ao coronav\u00edrus.<\/p>\n<p style=\"text-align: justify;\">O recurso, oriundo de emendas da relatoria da Casa, ser\u00e1 utilizado na Aten\u00e7\u00e3o Prim\u00e1ria e hospitalar para refor\u00e7ar as a\u00e7\u00f5es contra o v\u00edrus. O presidente da C\u00e2mara dos Deputados, Rodrigo Maia, que o Congresso est\u00e1 \u00e0 disposi\u00e7\u00e3o da sociedade para discutir n\u00e3o s\u00f3 leis, mas tamb\u00e9m quest\u00f5es or\u00e7ament\u00e1rias.<\/p>\n<p style=\"text-align: justify;\">\u201cNossa inten\u00e7\u00e3o \u00e9 de ajudar com recursos alocados pelos parlamentares para que possamos dar a sustenta\u00e7\u00e3o necess\u00e1ria aos munic\u00edpios e estados e ao trabalho do Minist\u00e9rio da Sa\u00fade no combate ao coronav\u00edrus. Esta \u00e9 uma agenda emergencial de curto prazo e \u00e9 a mais importante, que \u00e9 a agenda do impacto do coronav\u00edrus na sa\u00fade dos brasileiros. Essa deve ser sempre a prioridade de todos n\u00f3s\u201d, disse Maia.<\/p>\n<h2 style=\"text-align: justify;\">Atualiza\u00e7\u00e3o dos casos<\/h2>\n<p style=\"text-align: justify;\">De acordo com o minist\u00e9rio at\u00e9 as 16h45, de ontem, subiu para 52 o n\u00famero de casos confirmados de coronav\u00edrus no Brasil, conforme os dados repassadas pelos estados \u00e0 pasta da Sa\u00fade. Desse total, sete s\u00e3o por transmiss\u00e3o local, quando \u00e9 poss\u00edvel relacionar o doente a um caso confirmado e 45 s\u00e3o importados, ou seja, de pessoas que viajaram ao exterior. Atualmente, s\u00e3o monitorados 907 casos suspeitos. Outros 935 foram descartados.<\/p>\n<p style=\"text-align: justify;\">Os casos confirmados no Brasil est\u00e3o divididos em oito estados: Alagoas (1), Bahia (2), Minas Gerais (1), Esp\u00edrito Santo (1), Rio de Janeiro (13), S\u00e3o Paulo (30), Rio Grande do Sul (2) e Distrito Federal (2).<\/p>\n<\/div>\n<p class=\"alt-font font-italic my-2 small text-info\" style=\"text-align: justify;\">Edi\u00e7\u00e3o: A\u00e9cio Amado<\/p>\n<\/div>\n<\/div>\n<div class=\"theiaPostSlider_footer _footer\" style=\"text-align: justify;\"><\/div>\n<p style=\"text-align: justify;\"><a href=\"http:\/\/agenciabrasil.ebc.com.br\/saude\/noticia\/2020-03\/publicada-portaria-que-regulamenta-medidas-para-enfrentar-o-covid-19\">Fonte: EBC Sa\u00fade<\/a><\/p>\n","protected":false},"excerpt":{"rendered":"<p>A portaria do Minist\u00e9rio da Sa\u00fade, que trata da regulamenta\u00e7\u00e3o e operacionaliza\u00e7\u00e3o das medidas de enfrentamento do novo coronav\u00edrus (Covid-19), est\u00e1 publicada no\u00a0Di\u00e1rio Oficial da Uni\u00e3o\u00a0desta quinta-feira (12). Ela \u00e9 fundamentada na Declara\u00e7\u00e3o de Emerg\u00eancia em Sa\u00fade P\u00fablica de Import\u00e2ncia Internacional pela Organiza\u00e7\u00e3o Mundial da Sa\u00fade (OMS) em 30 de janeiro de 2020, em decorr\u00eancia [&hellip;]<\/p>\n","protected":false},"author":3,"featured_media":9124,"comment_status":"closed","ping_status":"closed","sticky":false,"template":"","format":"standard","meta":{"footnotes":""},"categories":[92],"tags":[],"class_list":["post-9123","post","type-post","status-publish","format-standard","has-post-thumbnail","hentry","category-seconci-brasil"],"yoast_head":"<!-- This site is optimized with the Yoast SEO plugin v26.9 - https:\/\/yoast.com\/product\/yoast-seo-wordpress\/ -->\n<title>Publicada portaria que regulamenta medidas para enfrentar o Covid-19 - Seconci Brasil<\/title>\n<meta name=\"robots\" content=\"index, follow, max-snippet:-1, max-image-preview:large, max-video-preview:-1\" \/>\n<link rel=\"canonical\" href=\"https:\/\/seconci.com.br\/site\/2020\/03\/12\/publicada-portaria-que-regulamenta-medidas-para-enfrentar-o-covid-19\/\" \/>\n<meta property=\"og:locale\" content=\"pt_PT\" \/>\n<meta property=\"og:type\" content=\"article\" \/>\n<meta property=\"og:title\" content=\"Publicada portaria que regulamenta medidas para enfrentar o Covid-19 - Seconci Brasil\" \/>\n<meta property=\"og:description\" content=\"A portaria do Minist\u00e9rio da Sa\u00fade, que trata da regulamenta\u00e7\u00e3o e operacionaliza\u00e7\u00e3o das medidas de enfrentamento do novo coronav\u00edrus (Covid-19), est\u00e1 publicada no\u00a0Di\u00e1rio Oficial da Uni\u00e3o\u00a0desta quinta-feira (12). Ela \u00e9 fundamentada na Declara\u00e7\u00e3o de Emerg\u00eancia em Sa\u00fade P\u00fablica de Import\u00e2ncia Internacional pela Organiza\u00e7\u00e3o Mundial da Sa\u00fade (OMS) em 30 de janeiro de 2020, em decorr\u00eancia [&hellip;]\" \/>\n<meta property=\"og:url\" content=\"https:\/\/seconci.com.br\/site\/2020\/03\/12\/publicada-portaria-que-regulamenta-medidas-para-enfrentar-o-covid-19\/\" \/>\n<meta property=\"og:site_name\" content=\"Seconci Brasil\" \/>\n<meta property=\"article:published_time\" content=\"2020-03-12T13:53:04+00:00\" \/>\n<meta property=\"og:image\" content=\"https:\/\/seconci.com.br\/site\/wp-content\/uploads\/2020\/03\/thumbnail-for-186506.jpg\" \/>\n\t<meta property=\"og:image:width\" content=\"754\" \/>\n\t<meta property=\"og:image:height\" content=\"493\" \/>\n\t<meta property=\"og:image:type\" content=\"image\/jpeg\" \/>\n<meta name=\"author\" content=\"Sidney Rocha\" \/>\n<meta name=\"twitter:card\" content=\"summary_large_image\" \/>\n<meta name=\"twitter:label1\" content=\"Escrito por\" \/>\n\t<meta name=\"twitter:data1\" content=\"Sidney Rocha\" \/>\n\t<meta name=\"twitter:label2\" content=\"Tempo estimado de leitura\" \/>\n\t<meta name=\"twitter:data2\" content=\"4 minutos\" \/>\n<script type=\"application\/ld+json\" class=\"yoast-schema-graph\">{\"@context\":\"https:\/\/schema.org\",\"@graph\":[{\"@type\":\"Article\",\"@id\":\"https:\/\/seconci.com.br\/site\/2020\/03\/12\/publicada-portaria-que-regulamenta-medidas-para-enfrentar-o-covid-19\/#article\",\"isPartOf\":{\"@id\":\"https:\/\/seconci.com.br\/site\/2020\/03\/12\/publicada-portaria-que-regulamenta-medidas-para-enfrentar-o-covid-19\/\"},\"author\":{\"name\":\"Sidney Rocha\",\"@id\":\"https:\/\/seconci.com.br\/site\/#\/schema\/person\/1d79afd97ddc8f2c68c1e88e298aa8e2\"},\"headline\":\"Publicada portaria que regulamenta medidas para enfrentar o Covid-19\",\"datePublished\":\"2020-03-12T13:53:04+00:00\",\"mainEntityOfPage\":{\"@id\":\"https:\/\/seconci.com.br\/site\/2020\/03\/12\/publicada-portaria-que-regulamenta-medidas-para-enfrentar-o-covid-19\/\"},\"wordCount\":734,\"publisher\":{\"@id\":\"https:\/\/seconci.com.br\/site\/#organization\"},\"image\":{\"@id\":\"https:\/\/seconci.com.br\/site\/2020\/03\/12\/publicada-portaria-que-regulamenta-medidas-para-enfrentar-o-covid-19\/#primaryimage\"},\"thumbnailUrl\":\"https:\/\/seconci.com.br\/site\/wp-content\/uploads\/2020\/03\/thumbnail-for-186506.jpg\",\"articleSection\":[\"Seconci Brasil\"],\"inLanguage\":\"pt-PT\"},{\"@type\":\"WebPage\",\"@id\":\"https:\/\/seconci.com.br\/site\/2020\/03\/12\/publicada-portaria-que-regulamenta-medidas-para-enfrentar-o-covid-19\/\",\"url\":\"https:\/\/seconci.com.br\/site\/2020\/03\/12\/publicada-portaria-que-regulamenta-medidas-para-enfrentar-o-covid-19\/\",\"name\":\"Publicada portaria que regulamenta medidas para enfrentar o Covid-19 - Seconci Brasil\",\"isPartOf\":{\"@id\":\"https:\/\/seconci.com.br\/site\/#website\"},\"primaryImageOfPage\":{\"@id\":\"https:\/\/seconci.com.br\/site\/2020\/03\/12\/publicada-portaria-que-regulamenta-medidas-para-enfrentar-o-covid-19\/#primaryimage\"},\"image\":{\"@id\":\"https:\/\/seconci.com.br\/site\/2020\/03\/12\/publicada-portaria-que-regulamenta-medidas-para-enfrentar-o-covid-19\/#primaryimage\"},\"thumbnailUrl\":\"https:\/\/seconci.com.br\/site\/wp-content\/uploads\/2020\/03\/thumbnail-for-186506.jpg\",\"datePublished\":\"2020-03-12T13:53:04+00:00\",\"breadcrumb\":{\"@id\":\"https:\/\/seconci.com.br\/site\/2020\/03\/12\/publicada-portaria-que-regulamenta-medidas-para-enfrentar-o-covid-19\/#breadcrumb\"},\"inLanguage\":\"pt-PT\",\"potentialAction\":[{\"@type\":\"ReadAction\",\"target\":[\"https:\/\/seconci.com.br\/site\/2020\/03\/12\/publicada-portaria-que-regulamenta-medidas-para-enfrentar-o-covid-19\/\"]}]},{\"@type\":\"ImageObject\",\"inLanguage\":\"pt-PT\",\"@id\":\"https:\/\/seconci.com.br\/site\/2020\/03\/12\/publicada-portaria-que-regulamenta-medidas-para-enfrentar-o-covid-19\/#primaryimage\",\"url\":\"https:\/\/seconci.com.br\/site\/wp-content\/uploads\/2020\/03\/thumbnail-for-186506.jpg\",\"contentUrl\":\"https:\/\/seconci.com.br\/site\/wp-content\/uploads\/2020\/03\/thumbnail-for-186506.jpg\",\"width\":754,\"height\":493,\"caption\":\"Coronavirus\"},{\"@type\":\"BreadcrumbList\",\"@id\":\"https:\/\/seconci.com.br\/site\/2020\/03\/12\/publicada-portaria-que-regulamenta-medidas-para-enfrentar-o-covid-19\/#breadcrumb\",\"itemListElement\":[{\"@type\":\"ListItem\",\"position\":1,\"name\":\"In\u00edcio\",\"item\":\"https:\/\/seconci.com.br\/site\/\"},{\"@type\":\"ListItem\",\"position\":2,\"name\":\"Publicada portaria que regulamenta medidas para enfrentar o Covid-19\"}]},{\"@type\":\"WebSite\",\"@id\":\"https:\/\/seconci.com.br\/site\/#website\",\"url\":\"https:\/\/seconci.com.br\/site\/\",\"name\":\"Seconci Brasil\",\"description\":\"\",\"publisher\":{\"@id\":\"https:\/\/seconci.com.br\/site\/#organization\"},\"potentialAction\":[{\"@type\":\"SearchAction\",\"target\":{\"@type\":\"EntryPoint\",\"urlTemplate\":\"https:\/\/seconci.com.br\/site\/?s={search_term_string}\"},\"query-input\":{\"@type\":\"PropertyValueSpecification\",\"valueRequired\":true,\"valueName\":\"search_term_string\"}}],\"inLanguage\":\"pt-PT\"},{\"@type\":\"Organization\",\"@id\":\"https:\/\/seconci.com.br\/site\/#organization\",\"name\":\"Seconci Brasil\",\"url\":\"https:\/\/seconci.com.br\/site\/\",\"logo\":{\"@type\":\"ImageObject\",\"inLanguage\":\"pt-PT\",\"@id\":\"https:\/\/seconci.com.br\/site\/#\/schema\/logo\/image\/\",\"url\":\"https:\/\/seconci.com.br\/site\/wp-content\/uploads\/2024\/08\/Logo-Seconci-Brasil-branca-2.png\",\"contentUrl\":\"https:\/\/seconci.com.br\/site\/wp-content\/uploads\/2024\/08\/Logo-Seconci-Brasil-branca-2.png\",\"width\":1315,\"height\":598,\"caption\":\"Seconci Brasil\"},\"image\":{\"@id\":\"https:\/\/seconci.com.br\/site\/#\/schema\/logo\/image\/\"}},{\"@type\":\"Person\",\"@id\":\"https:\/\/seconci.com.br\/site\/#\/schema\/person\/1d79afd97ddc8f2c68c1e88e298aa8e2\",\"name\":\"Sidney Rocha\",\"description\":\"Comunicador e estagi\u00e1rio do Seconci Brasil.\",\"url\":\"https:\/\/seconci.com.br\/site\/author\/sidney-rocha\/\"}]}<\/script>\n<!-- \/ Yoast SEO plugin. -->","yoast_head_json":{"title":"Publicada portaria que regulamenta medidas para enfrentar o Covid-19 - Seconci Brasil","robots":{"index":"index","follow":"follow","max-snippet":"max-snippet:-1","max-image-preview":"max-image-preview:large","max-video-preview":"max-video-preview:-1"},"canonical":"https:\/\/seconci.com.br\/site\/2020\/03\/12\/publicada-portaria-que-regulamenta-medidas-para-enfrentar-o-covid-19\/","og_locale":"pt_PT","og_type":"article","og_title":"Publicada portaria que regulamenta medidas para enfrentar o Covid-19 - Seconci Brasil","og_description":"A portaria do Minist\u00e9rio da Sa\u00fade, que trata da regulamenta\u00e7\u00e3o e operacionaliza\u00e7\u00e3o das medidas de enfrentamento do novo coronav\u00edrus (Covid-19), est\u00e1 publicada no\u00a0Di\u00e1rio Oficial da Uni\u00e3o\u00a0desta quinta-feira (12). Ela \u00e9 fundamentada na Declara\u00e7\u00e3o de Emerg\u00eancia em Sa\u00fade P\u00fablica de Import\u00e2ncia Internacional pela Organiza\u00e7\u00e3o Mundial da Sa\u00fade (OMS) em 30 de janeiro de 2020, em decorr\u00eancia [&hellip;]","og_url":"https:\/\/seconci.com.br\/site\/2020\/03\/12\/publicada-portaria-que-regulamenta-medidas-para-enfrentar-o-covid-19\/","og_site_name":"Seconci Brasil","article_published_time":"2020-03-12T13:53:04+00:00","og_image":[{"width":754,"height":493,"url":"https:\/\/seconci.com.br\/site\/wp-content\/uploads\/2020\/03\/thumbnail-for-186506.jpg","type":"image\/jpeg"}],"author":"Sidney Rocha","twitter_card":"summary_large_image","twitter_misc":{"Escrito por":"Sidney Rocha","Tempo estimado de leitura":"4 minutos"},"schema":{"@context":"https:\/\/schema.org","@graph":[{"@type":"Article","@id":"https:\/\/seconci.com.br\/site\/2020\/03\/12\/publicada-portaria-que-regulamenta-medidas-para-enfrentar-o-covid-19\/#article","isPartOf":{"@id":"https:\/\/seconci.com.br\/site\/2020\/03\/12\/publicada-portaria-que-regulamenta-medidas-para-enfrentar-o-covid-19\/"},"author":{"name":"Sidney Rocha","@id":"https:\/\/seconci.com.br\/site\/#\/schema\/person\/1d79afd97ddc8f2c68c1e88e298aa8e2"},"headline":"Publicada portaria que regulamenta medidas para enfrentar o Covid-19","datePublished":"2020-03-12T13:53:04+00:00","mainEntityOfPage":{"@id":"https:\/\/seconci.com.br\/site\/2020\/03\/12\/publicada-portaria-que-regulamenta-medidas-para-enfrentar-o-covid-19\/"},"wordCount":734,"publisher":{"@id":"https:\/\/seconci.com.br\/site\/#organization"},"image":{"@id":"https:\/\/seconci.com.br\/site\/2020\/03\/12\/publicada-portaria-que-regulamenta-medidas-para-enfrentar-o-covid-19\/#primaryimage"},"thumbnailUrl":"https:\/\/seconci.com.br\/site\/wp-content\/uploads\/2020\/03\/thumbnail-for-186506.jpg","articleSection":["Seconci Brasil"],"inLanguage":"pt-PT"},{"@type":"WebPage","@id":"https:\/\/seconci.com.br\/site\/2020\/03\/12\/publicada-portaria-que-regulamenta-medidas-para-enfrentar-o-covid-19\/","url":"https:\/\/seconci.com.br\/site\/2020\/03\/12\/publicada-portaria-que-regulamenta-medidas-para-enfrentar-o-covid-19\/","name":"Publicada portaria que regulamenta medidas para enfrentar o Covid-19 - Seconci Brasil","isPartOf":{"@id":"https:\/\/seconci.com.br\/site\/#website"},"primaryImageOfPage":{"@id":"https:\/\/seconci.com.br\/site\/2020\/03\/12\/publicada-portaria-que-regulamenta-medidas-para-enfrentar-o-covid-19\/#primaryimage"},"image":{"@id":"https:\/\/seconci.com.br\/site\/2020\/03\/12\/publicada-portaria-que-regulamenta-medidas-para-enfrentar-o-covid-19\/#primaryimage"},"thumbnailUrl":"https:\/\/seconci.com.br\/site\/wp-content\/uploads\/2020\/03\/thumbnail-for-186506.jpg","datePublished":"2020-03-12T13:53:04+00:00","breadcrumb":{"@id":"https:\/\/seconci.com.br\/site\/2020\/03\/12\/publicada-portaria-que-regulamenta-medidas-para-enfrentar-o-covid-19\/#breadcrumb"},"inLanguage":"pt-PT","potentialAction":[{"@type":"ReadAction","target":["https:\/\/seconci.com.br\/site\/2020\/03\/12\/publicada-portaria-que-regulamenta-medidas-para-enfrentar-o-covid-19\/"]}]},{"@type":"ImageObject","inLanguage":"pt-PT","@id":"https:\/\/seconci.com.br\/site\/2020\/03\/12\/publicada-portaria-que-regulamenta-medidas-para-enfrentar-o-covid-19\/#primaryimage","url":"https:\/\/seconci.com.br\/site\/wp-content\/uploads\/2020\/03\/thumbnail-for-186506.jpg","contentUrl":"https:\/\/seconci.com.br\/site\/wp-content\/uploads\/2020\/03\/thumbnail-for-186506.jpg","width":754,"height":493,"caption":"Coronavirus"},{"@type":"BreadcrumbList","@id":"https:\/\/seconci.com.br\/site\/2020\/03\/12\/publicada-portaria-que-regulamenta-medidas-para-enfrentar-o-covid-19\/#breadcrumb","itemListElement":[{"@type":"ListItem","position":1,"name":"In\u00edcio","item":"https:\/\/seconci.com.br\/site\/"},{"@type":"ListItem","position":2,"name":"Publicada portaria que regulamenta medidas para enfrentar o Covid-19"}]},{"@type":"WebSite","@id":"https:\/\/seconci.com.br\/site\/#website","url":"https:\/\/seconci.com.br\/site\/","name":"Seconci Brasil","description":"","publisher":{"@id":"https:\/\/seconci.com.br\/site\/#organization"},"potentialAction":[{"@type":"SearchAction","target":{"@type":"EntryPoint","urlTemplate":"https:\/\/seconci.com.br\/site\/?s={search_term_string}"},"query-input":{"@type":"PropertyValueSpecification","valueRequired":true,"valueName":"search_term_string"}}],"inLanguage":"pt-PT"},{"@type":"Organization","@id":"https:\/\/seconci.com.br\/site\/#organization","name":"Seconci Brasil","url":"https:\/\/seconci.com.br\/site\/","logo":{"@type":"ImageObject","inLanguage":"pt-PT","@id":"https:\/\/seconci.com.br\/site\/#\/schema\/logo\/image\/","url":"https:\/\/seconci.com.br\/site\/wp-content\/uploads\/2024\/08\/Logo-Seconci-Brasil-branca-2.png","contentUrl":"https:\/\/seconci.com.br\/site\/wp-content\/uploads\/2024\/08\/Logo-Seconci-Brasil-branca-2.png","width":1315,"height":598,"caption":"Seconci Brasil"},"image":{"@id":"https:\/\/seconci.com.br\/site\/#\/schema\/logo\/image\/"}},{"@type":"Person","@id":"https:\/\/seconci.com.br\/site\/#\/schema\/person\/1d79afd97ddc8f2c68c1e88e298aa8e2","name":"Sidney Rocha","description":"Comunicador e estagi\u00e1rio do Seconci Brasil.","url":"https:\/\/seconci.com.br\/site\/author\/sidney-rocha\/"}]}},"_links":{"self":[{"href":"https:\/\/seconci.com.br\/site\/wp-json\/wp\/v2\/posts\/9123","targetHints":{"allow":["GET"]}}],"collection":[{"href":"https:\/\/seconci.com.br\/site\/wp-json\/wp\/v2\/posts"}],"about":[{"href":"https:\/\/seconci.com.br\/site\/wp-json\/wp\/v2\/types\/post"}],"author":[{"embeddable":true,"href":"https:\/\/seconci.com.br\/site\/wp-json\/wp\/v2\/users\/3"}],"replies":[{"embeddable":true,"href":"https:\/\/seconci.com.br\/site\/wp-json\/wp\/v2\/comments?post=9123"}],"version-history":[{"count":0,"href":"https:\/\/seconci.com.br\/site\/wp-json\/wp\/v2\/posts\/9123\/revisions"}],"wp:featuredmedia":[{"embeddable":true,"href":"https:\/\/seconci.com.br\/site\/wp-json\/wp\/v2\/media\/9124"}],"wp:attachment":[{"href":"https:\/\/seconci.com.br\/site\/wp-json\/wp\/v2\/media?parent=9123"}],"wp:term":[{"taxonomy":"category","embeddable":true,"href":"https:\/\/seconci.com.br\/site\/wp-json\/wp\/v2\/categories?post=9123"},{"taxonomy":"post_tag","embeddable":true,"href":"https:\/\/seconci.com.br\/site\/wp-json\/wp\/v2\/tags?post=9123"}],"curies":[{"name":"wp","href":"https:\/\/api.w.org\/{rel}","templated":true}]}}