{"id":9127,"date":"2020-03-16T13:04:29","date_gmt":"2020-03-16T13:04:29","guid":{"rendered":"https:\/\/seconci.com.br\/site\/?p=9127"},"modified":"2020-03-16T13:04:29","modified_gmt":"2020-03-16T13:04:29","slug":"construcao-civil-na-luta-contra-o-sarampo","status":"publish","type":"post","link":"https:\/\/seconci.com.br\/site\/2020\/03\/16\/construcao-civil-na-luta-contra-o-sarampo\/","title":{"rendered":"Constru\u00e7\u00e3o Civil na luta contra o sarampo"},"content":{"rendered":"<p style=\"text-align: justify;\"><em>Seconci-Rio fecha parceria com Secretaria Municipal de Sa\u00fade para imunizar trabalhadores do setor<\/em><\/p>\n<p style=\"text-align: justify;\">Diante do recente surto de sarampo, a conscientiza\u00e7\u00e3o sobre a import\u00e2ncia da vacina\u00e7\u00e3o nunca foi t\u00e3o necess\u00e1ria. Em pleno 2020 o Brasil assiste perplexo ao retorno de doen\u00e7as erradicadas h\u00e1 mais de duas d\u00e9cadas, alavancadas por diversos boatos que acabam por dificultar o aumento das taxas de ades\u00e3o populacional \u00e0s campanhas de vacina\u00e7\u00e3o.<\/p>\n<p style=\"text-align: justify;\">N\u00e3o \u00e9 de hoje que o Seconci-Rio est\u00e1 engajado nessa luta: h\u00e1 23 a entidade fechou parceria com a Secretaria Municipal de Sa\u00fade para imunizar os trabalhadores da Constru\u00e7\u00e3o Civil contra in\u00fameras enfermidades. Desde 1997 j\u00e1 foram distribu\u00eddas mais de 500 mil doses (164.495 mil s\u00f3 do sarampo) em um dos p\u00fablicos de dific\u00edlima ades\u00e3o: o homem na idade produtiva. Diariamente o Seconci-Rio coloca uma equipe de vacina\u00e7\u00e3o nos canteiros de obras para fazer as aplica\u00e7\u00f5es e verificar as carteiras dos funcion\u00e1rios, contribuindo para a mitiga\u00e7\u00e3o dos riscos e diminui\u00e7\u00e3o dos casos de prolifera\u00e7\u00e3o. Hoje cerca de 300 mil trabalhadores ativos recebem esse acompanhamento, somente no Rio de Janeiro.<\/p>\n<p style=\"text-align: justify;\">Para que o trabalhador da Constru\u00e7\u00e3o Civil possa ser vacinado, ele e seus familiares devem comparecer \u00e0 sede do Seconci (Rua Par\u00e1, 141 \u2013 Pra\u00e7a da Bandeira) de segunda a sexta-feira, das 11h \u00e0s 17h levando carteira de trabalho e contracheque. A inten\u00e7\u00e3o \u00e9 somar for\u00e7as junto ao Governo Federal para ajudar a baixar os \u00edndices de cont\u00e1gio e de surgimentos de novos casos.<\/p>\n<p style=\"text-align: justify;\">SAIBA MAIS &#8211; Introduzida no Brasil na d\u00e9cada de 60, a vacina \u00e9 o \u00fanico meio de preven\u00e7\u00e3o do sarampo, que n\u00e3o possui tratamento e \u00e9 contagiosa. A doen\u00e7a \u00e9 transmitida por tosse e espirro, tendo como principais sintomas febre alta, coriza e olhos irritados. O sarampo, em adultos, pode trazer consequ\u00eancias graves, comopneumonia, diarreia, otite aguda (infec\u00e7\u00e3o no ouvido), encefalite (inflama\u00e7\u00f5es agudas do c\u00e9rebro), podendo at\u00e9 mesmo provocar a morte.<\/p>\n<p style=\"text-align: justify;\">&#8211; Quem tem entre 1 e 29 anos e recebeu apenas uma dose, recomenda-se completar o esquema vacinal com a segunda dose;<\/p>\n<p style=\"text-align: justify;\">&#8211; Quem comprovar as duas doses da vacina do sarampo, n\u00e3o precisa se vacinar novamente.<\/p>\n<p style=\"text-align: justify;\">&#8211; Para quem n\u00e3o tomou nenhuma dose, perdeu o cart\u00e3o ou n\u00e3o se lembra: De 1 a 29 anos: s\u00e3o necess\u00e1rias duas doses; de 30 a 59 anos \u2013 apenas uma dose.<\/p>\n<p>Fonte: Jornal O S\u00e3o Gon\u00e7alo\/RJ<\/p>\n","protected":false},"excerpt":{"rendered":"<p>Seconci-Rio fecha parceria com Secretaria Municipal de Sa\u00fade para imunizar trabalhadores do setor Diante do recente surto de sarampo, a conscientiza\u00e7\u00e3o sobre a import\u00e2ncia da vacina\u00e7\u00e3o nunca foi t\u00e3o necess\u00e1ria. Em pleno 2020 o Brasil assiste perplexo ao retorno de doen\u00e7as erradicadas h\u00e1 mais de duas d\u00e9cadas, alavancadas por diversos boatos que acabam por dificultar [&hellip;]<\/p>\n","protected":false},"author":3,"featured_media":0,"comment_status":"closed","ping_status":"closed","sticky":false,"template":"","format":"standard","meta":{"footnotes":""},"categories":[85],"tags":[],"class_list":["post-9127","post","type-post","status-publish","format-standard","hentry","category-seconci-rio-de-janeiro"],"yoast_head":"<!-- This site is optimized with the Yoast SEO plugin v26.9 - https:\/\/yoast.com\/product\/yoast-seo-wordpress\/ -->\n<title>Constru\u00e7\u00e3o Civil na luta contra o sarampo - Seconci Brasil<\/title>\n<meta name=\"robots\" content=\"index, follow, max-snippet:-1, max-image-preview:large, max-video-preview:-1\" \/>\n<link rel=\"canonical\" href=\"https:\/\/seconci.com.br\/site\/2020\/03\/16\/construcao-civil-na-luta-contra-o-sarampo\/\" \/>\n<meta property=\"og:locale\" content=\"pt_PT\" \/>\n<meta property=\"og:type\" content=\"article\" \/>\n<meta property=\"og:title\" content=\"Constru\u00e7\u00e3o Civil na luta contra o sarampo - Seconci Brasil\" \/>\n<meta property=\"og:description\" content=\"Seconci-Rio fecha parceria com Secretaria Municipal de Sa\u00fade para imunizar trabalhadores do setor Diante do recente surto de sarampo, a conscientiza\u00e7\u00e3o sobre a import\u00e2ncia da vacina\u00e7\u00e3o nunca foi t\u00e3o necess\u00e1ria. Em pleno 2020 o Brasil assiste perplexo ao retorno de doen\u00e7as erradicadas h\u00e1 mais de duas d\u00e9cadas, alavancadas por diversos boatos que acabam por dificultar [&hellip;]\" \/>\n<meta property=\"og:url\" content=\"https:\/\/seconci.com.br\/site\/2020\/03\/16\/construcao-civil-na-luta-contra-o-sarampo\/\" \/>\n<meta property=\"og:site_name\" content=\"Seconci Brasil\" \/>\n<meta property=\"article:published_time\" content=\"2020-03-16T13:04:29+00:00\" \/>\n<meta name=\"author\" content=\"Sidney Rocha\" \/>\n<meta name=\"twitter:card\" content=\"summary_large_image\" \/>\n<meta name=\"twitter:label1\" content=\"Escrito por\" \/>\n\t<meta name=\"twitter:data1\" content=\"Sidney Rocha\" \/>\n\t<meta name=\"twitter:label2\" content=\"Tempo estimado de leitura\" \/>\n\t<meta name=\"twitter:data2\" content=\"2 minutos\" \/>\n<script type=\"application\/ld+json\" class=\"yoast-schema-graph\">{\"@context\":\"https:\/\/schema.org\",\"@graph\":[{\"@type\":\"Article\",\"@id\":\"https:\/\/seconci.com.br\/site\/2020\/03\/16\/construcao-civil-na-luta-contra-o-sarampo\/#article\",\"isPartOf\":{\"@id\":\"https:\/\/seconci.com.br\/site\/2020\/03\/16\/construcao-civil-na-luta-contra-o-sarampo\/\"},\"author\":{\"name\":\"Sidney Rocha\",\"@id\":\"https:\/\/seconci.com.br\/site\/#\/schema\/person\/1d79afd97ddc8f2c68c1e88e298aa8e2\"},\"headline\":\"Constru\u00e7\u00e3o Civil na luta contra o sarampo\",\"datePublished\":\"2020-03-16T13:04:29+00:00\",\"mainEntityOfPage\":{\"@id\":\"https:\/\/seconci.com.br\/site\/2020\/03\/16\/construcao-civil-na-luta-contra-o-sarampo\/\"},\"wordCount\":416,\"publisher\":{\"@id\":\"https:\/\/seconci.com.br\/site\/#organization\"},\"articleSection\":[\"Seconci Rio de Janeiro\"],\"inLanguage\":\"pt-PT\"},{\"@type\":\"WebPage\",\"@id\":\"https:\/\/seconci.com.br\/site\/2020\/03\/16\/construcao-civil-na-luta-contra-o-sarampo\/\",\"url\":\"https:\/\/seconci.com.br\/site\/2020\/03\/16\/construcao-civil-na-luta-contra-o-sarampo\/\",\"name\":\"Constru\u00e7\u00e3o Civil na luta contra o sarampo - Seconci Brasil\",\"isPartOf\":{\"@id\":\"https:\/\/seconci.com.br\/site\/#website\"},\"datePublished\":\"2020-03-16T13:04:29+00:00\",\"breadcrumb\":{\"@id\":\"https:\/\/seconci.com.br\/site\/2020\/03\/16\/construcao-civil-na-luta-contra-o-sarampo\/#breadcrumb\"},\"inLanguage\":\"pt-PT\",\"potentialAction\":[{\"@type\":\"ReadAction\",\"target\":[\"https:\/\/seconci.com.br\/site\/2020\/03\/16\/construcao-civil-na-luta-contra-o-sarampo\/\"]}]},{\"@type\":\"BreadcrumbList\",\"@id\":\"https:\/\/seconci.com.br\/site\/2020\/03\/16\/construcao-civil-na-luta-contra-o-sarampo\/#breadcrumb\",\"itemListElement\":[{\"@type\":\"ListItem\",\"position\":1,\"name\":\"In\u00edcio\",\"item\":\"https:\/\/seconci.com.br\/site\/\"},{\"@type\":\"ListItem\",\"position\":2,\"name\":\"Constru\u00e7\u00e3o Civil na luta contra o sarampo\"}]},{\"@type\":\"WebSite\",\"@id\":\"https:\/\/seconci.com.br\/site\/#website\",\"url\":\"https:\/\/seconci.com.br\/site\/\",\"name\":\"Seconci Brasil\",\"description\":\"\",\"publisher\":{\"@id\":\"https:\/\/seconci.com.br\/site\/#organization\"},\"potentialAction\":[{\"@type\":\"SearchAction\",\"target\":{\"@type\":\"EntryPoint\",\"urlTemplate\":\"https:\/\/seconci.com.br\/site\/?s={search_term_string}\"},\"query-input\":{\"@type\":\"PropertyValueSpecification\",\"valueRequired\":true,\"valueName\":\"search_term_string\"}}],\"inLanguage\":\"pt-PT\"},{\"@type\":\"Organization\",\"@id\":\"https:\/\/seconci.com.br\/site\/#organization\",\"name\":\"Seconci Brasil\",\"url\":\"https:\/\/seconci.com.br\/site\/\",\"logo\":{\"@type\":\"ImageObject\",\"inLanguage\":\"pt-PT\",\"@id\":\"https:\/\/seconci.com.br\/site\/#\/schema\/logo\/image\/\",\"url\":\"https:\/\/seconci.com.br\/site\/wp-content\/uploads\/2024\/08\/Logo-Seconci-Brasil-branca-2.png\",\"contentUrl\":\"https:\/\/seconci.com.br\/site\/wp-content\/uploads\/2024\/08\/Logo-Seconci-Brasil-branca-2.png\",\"width\":1315,\"height\":598,\"caption\":\"Seconci Brasil\"},\"image\":{\"@id\":\"https:\/\/seconci.com.br\/site\/#\/schema\/logo\/image\/\"}},{\"@type\":\"Person\",\"@id\":\"https:\/\/seconci.com.br\/site\/#\/schema\/person\/1d79afd97ddc8f2c68c1e88e298aa8e2\",\"name\":\"Sidney Rocha\",\"description\":\"Comunicador e estagi\u00e1rio do Seconci Brasil.\",\"url\":\"https:\/\/seconci.com.br\/site\/author\/sidney-rocha\/\"}]}<\/script>\n<!-- \/ Yoast SEO plugin. -->","yoast_head_json":{"title":"Constru\u00e7\u00e3o Civil na luta contra o sarampo - Seconci Brasil","robots":{"index":"index","follow":"follow","max-snippet":"max-snippet:-1","max-image-preview":"max-image-preview:large","max-video-preview":"max-video-preview:-1"},"canonical":"https:\/\/seconci.com.br\/site\/2020\/03\/16\/construcao-civil-na-luta-contra-o-sarampo\/","og_locale":"pt_PT","og_type":"article","og_title":"Constru\u00e7\u00e3o Civil na luta contra o sarampo - Seconci Brasil","og_description":"Seconci-Rio fecha parceria com Secretaria Municipal de Sa\u00fade para imunizar trabalhadores do setor Diante do recente surto de sarampo, a conscientiza\u00e7\u00e3o sobre a import\u00e2ncia da vacina\u00e7\u00e3o nunca foi t\u00e3o necess\u00e1ria. Em pleno 2020 o Brasil assiste perplexo ao retorno de doen\u00e7as erradicadas h\u00e1 mais de duas d\u00e9cadas, alavancadas por diversos boatos que acabam por dificultar [&hellip;]","og_url":"https:\/\/seconci.com.br\/site\/2020\/03\/16\/construcao-civil-na-luta-contra-o-sarampo\/","og_site_name":"Seconci Brasil","article_published_time":"2020-03-16T13:04:29+00:00","author":"Sidney Rocha","twitter_card":"summary_large_image","twitter_misc":{"Escrito por":"Sidney Rocha","Tempo estimado de leitura":"2 minutos"},"schema":{"@context":"https:\/\/schema.org","@graph":[{"@type":"Article","@id":"https:\/\/seconci.com.br\/site\/2020\/03\/16\/construcao-civil-na-luta-contra-o-sarampo\/#article","isPartOf":{"@id":"https:\/\/seconci.com.br\/site\/2020\/03\/16\/construcao-civil-na-luta-contra-o-sarampo\/"},"author":{"name":"Sidney Rocha","@id":"https:\/\/seconci.com.br\/site\/#\/schema\/person\/1d79afd97ddc8f2c68c1e88e298aa8e2"},"headline":"Constru\u00e7\u00e3o Civil na luta contra o sarampo","datePublished":"2020-03-16T13:04:29+00:00","mainEntityOfPage":{"@id":"https:\/\/seconci.com.br\/site\/2020\/03\/16\/construcao-civil-na-luta-contra-o-sarampo\/"},"wordCount":416,"publisher":{"@id":"https:\/\/seconci.com.br\/site\/#organization"},"articleSection":["Seconci Rio de Janeiro"],"inLanguage":"pt-PT"},{"@type":"WebPage","@id":"https:\/\/seconci.com.br\/site\/2020\/03\/16\/construcao-civil-na-luta-contra-o-sarampo\/","url":"https:\/\/seconci.com.br\/site\/2020\/03\/16\/construcao-civil-na-luta-contra-o-sarampo\/","name":"Constru\u00e7\u00e3o Civil na luta contra o sarampo - Seconci Brasil","isPartOf":{"@id":"https:\/\/seconci.com.br\/site\/#website"},"datePublished":"2020-03-16T13:04:29+00:00","breadcrumb":{"@id":"https:\/\/seconci.com.br\/site\/2020\/03\/16\/construcao-civil-na-luta-contra-o-sarampo\/#breadcrumb"},"inLanguage":"pt-PT","potentialAction":[{"@type":"ReadAction","target":["https:\/\/seconci.com.br\/site\/2020\/03\/16\/construcao-civil-na-luta-contra-o-sarampo\/"]}]},{"@type":"BreadcrumbList","@id":"https:\/\/seconci.com.br\/site\/2020\/03\/16\/construcao-civil-na-luta-contra-o-sarampo\/#breadcrumb","itemListElement":[{"@type":"ListItem","position":1,"name":"In\u00edcio","item":"https:\/\/seconci.com.br\/site\/"},{"@type":"ListItem","position":2,"name":"Constru\u00e7\u00e3o Civil na luta contra o sarampo"}]},{"@type":"WebSite","@id":"https:\/\/seconci.com.br\/site\/#website","url":"https:\/\/seconci.com.br\/site\/","name":"Seconci Brasil","description":"","publisher":{"@id":"https:\/\/seconci.com.br\/site\/#organization"},"potentialAction":[{"@type":"SearchAction","target":{"@type":"EntryPoint","urlTemplate":"https:\/\/seconci.com.br\/site\/?s={search_term_string}"},"query-input":{"@type":"PropertyValueSpecification","valueRequired":true,"valueName":"search_term_string"}}],"inLanguage":"pt-PT"},{"@type":"Organization","@id":"https:\/\/seconci.com.br\/site\/#organization","name":"Seconci Brasil","url":"https:\/\/seconci.com.br\/site\/","logo":{"@type":"ImageObject","inLanguage":"pt-PT","@id":"https:\/\/seconci.com.br\/site\/#\/schema\/logo\/image\/","url":"https:\/\/seconci.com.br\/site\/wp-content\/uploads\/2024\/08\/Logo-Seconci-Brasil-branca-2.png","contentUrl":"https:\/\/seconci.com.br\/site\/wp-content\/uploads\/2024\/08\/Logo-Seconci-Brasil-branca-2.png","width":1315,"height":598,"caption":"Seconci Brasil"},"image":{"@id":"https:\/\/seconci.com.br\/site\/#\/schema\/logo\/image\/"}},{"@type":"Person","@id":"https:\/\/seconci.com.br\/site\/#\/schema\/person\/1d79afd97ddc8f2c68c1e88e298aa8e2","name":"Sidney Rocha","description":"Comunicador e estagi\u00e1rio do Seconci Brasil.","url":"https:\/\/seconci.com.br\/site\/author\/sidney-rocha\/"}]}},"_links":{"self":[{"href":"https:\/\/seconci.com.br\/site\/wp-json\/wp\/v2\/posts\/9127","targetHints":{"allow":["GET"]}}],"collection":[{"href":"https:\/\/seconci.com.br\/site\/wp-json\/wp\/v2\/posts"}],"about":[{"href":"https:\/\/seconci.com.br\/site\/wp-json\/wp\/v2\/types\/post"}],"author":[{"embeddable":true,"href":"https:\/\/seconci.com.br\/site\/wp-json\/wp\/v2\/users\/3"}],"replies":[{"embeddable":true,"href":"https:\/\/seconci.com.br\/site\/wp-json\/wp\/v2\/comments?post=9127"}],"version-history":[{"count":0,"href":"https:\/\/seconci.com.br\/site\/wp-json\/wp\/v2\/posts\/9127\/revisions"}],"wp:attachment":[{"href":"https:\/\/seconci.com.br\/site\/wp-json\/wp\/v2\/media?parent=9127"}],"wp:term":[{"taxonomy":"category","embeddable":true,"href":"https:\/\/seconci.com.br\/site\/wp-json\/wp\/v2\/categories?post=9127"},{"taxonomy":"post_tag","embeddable":true,"href":"https:\/\/seconci.com.br\/site\/wp-json\/wp\/v2\/tags?post=9127"}],"curies":[{"name":"wp","href":"https:\/\/api.w.org\/{rel}","templated":true}]}}