{"id":9135,"date":"2020-03-20T11:15:34","date_gmt":"2020-03-20T11:15:34","guid":{"rendered":"https:\/\/seconci.com.br\/site\/?p=9135"},"modified":"2020-03-20T11:15:34","modified_gmt":"2020-03-20T11:15:34","slug":"covid-19-caixa-anuncia-medidas-de-apoio-as-empresas-e-a-habitacao","status":"publish","type":"post","link":"https:\/\/seconci.com.br\/site\/2020\/03\/20\/covid-19-caixa-anuncia-medidas-de-apoio-as-empresas-e-a-habitacao\/","title":{"rendered":"Covid-19: Caixa anuncia medidas de apoio \u00e0s empresas e \u00e0 habita\u00e7\u00e3o"},"content":{"rendered":"<p style=\"text-align: justify;\">A Caixa Econ\u00f4mica Federal anunciou hoje (19) novas medidas de enfrentamento ao coronav\u00edrus, com o objetivo de <strong>reduzir os impactos frente ao cen\u00e1rio<\/strong> de queda no \u00edndice de produtividade e diminui\u00e7\u00e3o da atividade econ\u00f4mica, causados pelas a\u00e7\u00f5es de conten\u00e7\u00e3o e temor \u00e0 propaga\u00e7\u00e3o da Covid-19.<\/p>\n<p style=\"text-align: justify;\">Concomitante \u00e0 queda da taxa b\u00e1sica de juros, a Selic, o banco informou que reduziu as taxas de juros de linhas de cr\u00e9dito e ofereceu pausa por at\u00e9 60 dias para contratos de pessoa f\u00edsica e jur\u00eddica, <strong>inclusive contratos habitacionais<\/strong>. A pausa nos contratos j\u00e1 havia sido anunciada pela Federa\u00e7\u00e3o Brasileira de Bancos (Febraban) e \u00e9 <strong>v\u00e1lida para os cinco maiores bancos do pa\u00eds<\/strong>: Banco do Brasil, Bradesco, Caixa Econ\u00f4mica Federal, Ita\u00fa Unibanco e Santander.<\/p>\n<p style=\"text-align: justify;\">\n<p style=\"text-align: justify;\">Confira as <strong>principais medidas de interesse do setor da constru\u00e7\u00e3o civil<\/strong>:<\/p>\n<p style=\"text-align: justify;\"><strong>Empresas<\/strong><\/p>\n<ul style=\"text-align: justify;\">\n<li>A Caixa dar\u00e1 apoio \u00e0s micro e pequenas empresas, com <strong>redu\u00e7\u00e3o de juros de at\u00e9 45% nas linhas de capital de giro<\/strong>, com taxas a partir de 0,57% ao m\u00eas.<\/li>\n<li>A <strong>car\u00eancia de at\u00e9 60 dias nas opera\u00e7\u00f5es parceladas de capital de giro e renegocia\u00e7\u00e3o<\/strong> tamb\u00e9m \u00e9 v\u00e1lida para essas empresas.<\/li>\n<li>Tamb\u00e9m foram disponibilizadas <strong>linhas de cr\u00e9dito especiais<\/strong>, com at\u00e9 seis meses de car\u00eancia, para empresas que atuam nos setores de com\u00e9rcio e presta\u00e7\u00e3o de servi\u00e7os, mais afetadas pelo momento atual.<\/li>\n<li>Segundo a Caixa, as linhas de <strong>aquisi\u00e7\u00e3o de m\u00e1quinas e equipamentos<\/strong> est\u00e3o com taxas reduzidas e at\u00e9 60 meses para pagamento.<\/li>\n<\/ul>\n<p style=\"text-align: justify;\"><strong>Habita\u00e7\u00e3o<\/strong><\/p>\n<ul style=\"text-align: justify;\">\n<li>Para contratos habitacionais de pessoa f\u00edsica, os <strong>clientes poder\u00e3o solicitar a pausa estendida<\/strong> de at\u00e9 duas presta\u00e7\u00f5es pelo aplicativo Habita\u00e7\u00e3o Caixa, sem a necessidade de comparecimento \u00e0s ag\u00eancias.<\/li>\n<li><strong>Empresas tamb\u00e9m poder\u00e3o solicitar pausa estendida<\/strong> de at\u00e9 duas presta\u00e7\u00f5es em seus contratos habitacionais.<\/li>\n<\/ul>\n<p style=\"text-align: justify;\">\n<figure id=\"attachment_47179\" class=\"wp-caption alignleft\" style=\"text-align: justify;\" aria-describedby=\"caption-attachment-47179\"><img fetchpriority=\"high\" decoding=\"async\" class=\"size-medium wp-image-47179\" src=\"https:\/\/cbic.org.br\/wp-content\/uploads\/2020\/03\/caixa-live-300x168.png\" sizes=\"(max-width: 300px) 100vw, 300px\" srcset=\"https:\/\/cbic.org.br\/wp-content\/uploads\/2020\/03\/caixa-live-300x168.png 300w, https:\/\/cbic.org.br\/wp-content\/uploads\/2020\/03\/caixa-live-768x429.png 768w, https:\/\/cbic.org.br\/wp-content\/uploads\/2020\/03\/caixa-live-470x264.png 470w, https:\/\/cbic.org.br\/wp-content\/uploads\/2020\/03\/caixa-live-640x360.png 640w, https:\/\/cbic.org.br\/wp-content\/uploads\/2020\/03\/caixa-live-215x120.png 215w, https:\/\/cbic.org.br\/wp-content\/uploads\/2020\/03\/caixa-live-475x265.png 475w, https:\/\/cbic.org.br\/wp-content\/uploads\/2020\/03\/caixa-live.png 906w\" alt=\"\" width=\"300\" height=\"168\" \/><figcaption id=\"caption-attachment-47179\" class=\"wp-caption-text\"><em>Presidente da Caixa, Pedro Guimar\u00e3es, em transmiss\u00e3o ao vivo no <a href=\"https:\/\/www.facebook.com\/caixa\/videos\/2527533287519669\/\"><br \/>\nFacebook<\/a><\/em><\/figcaption><\/figure>\n<p style=\"text-align: justify;\">O presidente da Caixa, Pedro Guimar\u00e3es, afirmou que <strong>novas medidas poder\u00e3o ser anunciadas pelo banco<\/strong> e o prazo de 60 dias de pausa nos contratos de cr\u00e9dito pode ser ampliado se houver necessidade. \u201cSe por acaso, essa crise continuar e for maior, a Caixa ampliar\u00e1 os prazos. E estaremos avaliando todo o dia, toda a semana o impacto [do coronav\u00edrus]\u201d, disse.<\/p>\n<p style=\"text-align: justify;\">Em uma transmiss\u00e3o ao vivo pelo Facebook, hoje, Guimar\u00e3es tamb\u00e9m afirmou que a Caixa tem condi\u00e7\u00f5es de ampliar a oferta de cr\u00e9dito, no atual momento de crise. \u201cTemos tanto dinheiro para empresar e base de capital para suportar esse crescimento do cr\u00e9dito. Essas medidas foram pensadas e estamos muito tranquilos. <strong>Temos foco em micro e pequenas empresas<\/strong>, na pessoa f\u00edsica e nos hospitais, em especial as santas casas\u201d, destacou.<\/p>\n<p style=\"text-align: justify;\">\n<p style=\"text-align: justify;\">As medidas anunciadas tamb\u00e9m visam apoiar as pessoas f\u00edsicas e hospitais:<\/p>\n<p style=\"text-align: justify;\"><strong>Pessoas f\u00edsicas<\/strong><\/p>\n<ul style=\"text-align: justify;\">\n<li>Para as pessoas f\u00edsicas, h\u00e1 a possibilidade de pausa de at\u00e9 60 dias nas opera\u00e7\u00f5es parceladas de cr\u00e9dito pessoal<\/li>\n<li>O banco tamb\u00e9m anunciou a amplia\u00e7\u00e3o das linhas de cr\u00e9dito consignado, incluindo as linhas para aposentados e pensionistas do Instituto Nacional do Seguro Social (INSS).<\/li>\n<li>Outra medida \u00e9 a redu\u00e7\u00e3o de taxa de juros nas linhas de cr\u00e9dito pessoal: cr\u00e9dito consignado a partir de 0,99% ao m\u00eas, penhor a partir de 1,99% ao m\u00eas e cr\u00e9dito direto ao consumidor (CDC), a partir de 2,17% ao m\u00eas.<\/li>\n<li>H\u00e1 ainda a disponibiliza\u00e7\u00e3o gratuita do cart\u00e3o virtual de d\u00e9bito Caixa aos mais de 100 milh\u00f5es de correntistas e poupadores, que possibilita compras online nos sites de e-commerce. O cliente pode habilitar o uso do cart\u00e3o diretamente no Internet Banking.<\/li>\n<li>A Caixa tamb\u00e9m permitir\u00e1 a renova\u00e7\u00e3o do contrato de penhor diretamente no site do banco e canal telesservi\u00e7o, evitando a necessidade de o cliente comparecer a uma ag\u00eancia banc\u00e1ria.<\/li>\n<\/ul>\n<p style=\"text-align: justify;\"><strong>Santas Casas<\/strong><\/p>\n<ul style=\"text-align: justify;\">\n<li>Ser\u00e3o liberados mais R$ 3 bilh\u00f5es em or\u00e7amento em linhas destinadas a santas casas e hospitais filantr\u00f3picos que prestam servi\u00e7o ao Sistema \u00danico de Sa\u00fade (SUS), para reestrutura\u00e7\u00e3o de d\u00edvidas e novos recursos. Segundo o presidente da Caixa, o total desse tipo de financiamento subir\u00e1 de R$ 75 bilh\u00f5es para R$ 78 bilh\u00f5es.<\/li>\n<li>A taxa de juros dos financiamentos ser\u00e3o de 0,80% ao m\u00eas para prazos de at\u00e9 60 meses (redu\u00e7\u00e3o de 14%). E para at\u00e9 120 meses, a taxa ser\u00e1 0,87% ao m\u00eas (redu\u00e7\u00e3o de 23%). Tamb\u00e9m haver\u00e1 car\u00eancia de at\u00e9 seis meses.<\/li>\n<\/ul>\n<p style=\"text-align: justify;\">\n<p style=\"text-align: justify;\">Para minimizar os riscos de contamina\u00e7\u00e3o e exposi\u00e7\u00e3o dos clientes \u00e0 Covid-19, a Caixa recomenda a utiliza\u00e7\u00e3o dos canais digitais como Internet Banking, aplicativo e terminais de autoatendimento.<\/p>\n<p style=\"text-align: justify;\">\n<p style=\"text-align: justify;\"><em>Com informa\u00e7\u00f5es a <a href=\"https:\/\/caixanoticias.caixa.gov.br\/noticia\/20582\/caixa-reduz-taxas-de-juros-e-possibilita-pausa-no-pagamento-de-dividas\">Ag\u00eancia Caixa de Not\u00edcias<\/a> e <a href=\"https:\/\/agenciabrasil.ebc.com.br\/economia\/noticia\/2020-03\/caixa-anuncia-reducao-de-juros-e-pausa-em-contratos-de-credito\">Ag\u00eancia Brasil<\/a><\/em><\/p>\n","protected":false},"excerpt":{"rendered":"<p>A Caixa Econ\u00f4mica Federal anunciou hoje (19) novas medidas de enfrentamento ao coronav\u00edrus, com o objetivo de reduzir os impactos frente ao cen\u00e1rio de queda no \u00edndice de produtividade e diminui\u00e7\u00e3o da atividade econ\u00f4mica, causados pelas a\u00e7\u00f5es de conten\u00e7\u00e3o e temor \u00e0 propaga\u00e7\u00e3o da Covid-19. Concomitante \u00e0 queda da taxa b\u00e1sica de juros, a Selic, [&hellip;]<\/p>\n","protected":false},"author":3,"featured_media":0,"comment_status":"closed","ping_status":"closed","sticky":false,"template":"","format":"standard","meta":{"footnotes":""},"categories":[92],"tags":[],"class_list":["post-9135","post","type-post","status-publish","format-standard","hentry","category-seconci-brasil"],"yoast_head":"<!-- This site is optimized with the Yoast SEO plugin v26.9 - https:\/\/yoast.com\/product\/yoast-seo-wordpress\/ -->\n<title>Covid-19: Caixa anuncia medidas de apoio \u00e0s empresas e \u00e0 habita\u00e7\u00e3o - Seconci Brasil<\/title>\n<meta name=\"robots\" content=\"index, follow, max-snippet:-1, max-image-preview:large, max-video-preview:-1\" \/>\n<link rel=\"canonical\" href=\"https:\/\/seconci.com.br\/site\/2020\/03\/20\/covid-19-caixa-anuncia-medidas-de-apoio-as-empresas-e-a-habitacao\/\" \/>\n<meta property=\"og:locale\" content=\"pt_PT\" \/>\n<meta property=\"og:type\" content=\"article\" \/>\n<meta property=\"og:title\" content=\"Covid-19: Caixa anuncia medidas de apoio \u00e0s empresas e \u00e0 habita\u00e7\u00e3o - Seconci Brasil\" \/>\n<meta property=\"og:description\" content=\"A Caixa Econ\u00f4mica Federal anunciou hoje (19) novas medidas de enfrentamento ao coronav\u00edrus, com o objetivo de reduzir os impactos frente ao cen\u00e1rio de queda no \u00edndice de produtividade e diminui\u00e7\u00e3o da atividade econ\u00f4mica, causados pelas a\u00e7\u00f5es de conten\u00e7\u00e3o e temor \u00e0 propaga\u00e7\u00e3o da Covid-19. Concomitante \u00e0 queda da taxa b\u00e1sica de juros, a Selic, [&hellip;]\" \/>\n<meta property=\"og:url\" content=\"https:\/\/seconci.com.br\/site\/2020\/03\/20\/covid-19-caixa-anuncia-medidas-de-apoio-as-empresas-e-a-habitacao\/\" \/>\n<meta property=\"og:site_name\" content=\"Seconci Brasil\" \/>\n<meta property=\"article:published_time\" content=\"2020-03-20T11:15:34+00:00\" \/>\n<meta property=\"og:image\" content=\"https:\/\/cbic.org.br\/wp-content\/uploads\/2020\/03\/caixa-live-300x168.png\" \/>\n<meta name=\"author\" content=\"Sidney Rocha\" \/>\n<meta name=\"twitter:card\" content=\"summary_large_image\" \/>\n<meta name=\"twitter:label1\" content=\"Escrito por\" \/>\n\t<meta name=\"twitter:data1\" content=\"Sidney Rocha\" \/>\n\t<meta name=\"twitter:label2\" content=\"Tempo estimado de leitura\" \/>\n\t<meta name=\"twitter:data2\" content=\"4 minutos\" \/>\n<script type=\"application\/ld+json\" class=\"yoast-schema-graph\">{\"@context\":\"https:\/\/schema.org\",\"@graph\":[{\"@type\":\"Article\",\"@id\":\"https:\/\/seconci.com.br\/site\/2020\/03\/20\/covid-19-caixa-anuncia-medidas-de-apoio-as-empresas-e-a-habitacao\/#article\",\"isPartOf\":{\"@id\":\"https:\/\/seconci.com.br\/site\/2020\/03\/20\/covid-19-caixa-anuncia-medidas-de-apoio-as-empresas-e-a-habitacao\/\"},\"author\":{\"name\":\"Sidney Rocha\",\"@id\":\"https:\/\/seconci.com.br\/site\/#\/schema\/person\/1d79afd97ddc8f2c68c1e88e298aa8e2\"},\"headline\":\"Covid-19: Caixa anuncia medidas de apoio \u00e0s empresas e \u00e0 habita\u00e7\u00e3o\",\"datePublished\":\"2020-03-20T11:15:34+00:00\",\"mainEntityOfPage\":{\"@id\":\"https:\/\/seconci.com.br\/site\/2020\/03\/20\/covid-19-caixa-anuncia-medidas-de-apoio-as-empresas-e-a-habitacao\/\"},\"wordCount\":808,\"publisher\":{\"@id\":\"https:\/\/seconci.com.br\/site\/#organization\"},\"image\":{\"@id\":\"https:\/\/seconci.com.br\/site\/2020\/03\/20\/covid-19-caixa-anuncia-medidas-de-apoio-as-empresas-e-a-habitacao\/#primaryimage\"},\"thumbnailUrl\":\"https:\/\/cbic.org.br\/wp-content\/uploads\/2020\/03\/caixa-live-300x168.png\",\"articleSection\":[\"Seconci Brasil\"],\"inLanguage\":\"pt-PT\"},{\"@type\":\"WebPage\",\"@id\":\"https:\/\/seconci.com.br\/site\/2020\/03\/20\/covid-19-caixa-anuncia-medidas-de-apoio-as-empresas-e-a-habitacao\/\",\"url\":\"https:\/\/seconci.com.br\/site\/2020\/03\/20\/covid-19-caixa-anuncia-medidas-de-apoio-as-empresas-e-a-habitacao\/\",\"name\":\"Covid-19: Caixa anuncia medidas de apoio \u00e0s empresas e \u00e0 habita\u00e7\u00e3o - Seconci Brasil\",\"isPartOf\":{\"@id\":\"https:\/\/seconci.com.br\/site\/#website\"},\"primaryImageOfPage\":{\"@id\":\"https:\/\/seconci.com.br\/site\/2020\/03\/20\/covid-19-caixa-anuncia-medidas-de-apoio-as-empresas-e-a-habitacao\/#primaryimage\"},\"image\":{\"@id\":\"https:\/\/seconci.com.br\/site\/2020\/03\/20\/covid-19-caixa-anuncia-medidas-de-apoio-as-empresas-e-a-habitacao\/#primaryimage\"},\"thumbnailUrl\":\"https:\/\/cbic.org.br\/wp-content\/uploads\/2020\/03\/caixa-live-300x168.png\",\"datePublished\":\"2020-03-20T11:15:34+00:00\",\"breadcrumb\":{\"@id\":\"https:\/\/seconci.com.br\/site\/2020\/03\/20\/covid-19-caixa-anuncia-medidas-de-apoio-as-empresas-e-a-habitacao\/#breadcrumb\"},\"inLanguage\":\"pt-PT\",\"potentialAction\":[{\"@type\":\"ReadAction\",\"target\":[\"https:\/\/seconci.com.br\/site\/2020\/03\/20\/covid-19-caixa-anuncia-medidas-de-apoio-as-empresas-e-a-habitacao\/\"]}]},{\"@type\":\"ImageObject\",\"inLanguage\":\"pt-PT\",\"@id\":\"https:\/\/seconci.com.br\/site\/2020\/03\/20\/covid-19-caixa-anuncia-medidas-de-apoio-as-empresas-e-a-habitacao\/#primaryimage\",\"url\":\"https:\/\/cbic.org.br\/wp-content\/uploads\/2020\/03\/caixa-live-300x168.png\",\"contentUrl\":\"https:\/\/cbic.org.br\/wp-content\/uploads\/2020\/03\/caixa-live-300x168.png\"},{\"@type\":\"BreadcrumbList\",\"@id\":\"https:\/\/seconci.com.br\/site\/2020\/03\/20\/covid-19-caixa-anuncia-medidas-de-apoio-as-empresas-e-a-habitacao\/#breadcrumb\",\"itemListElement\":[{\"@type\":\"ListItem\",\"position\":1,\"name\":\"In\u00edcio\",\"item\":\"https:\/\/seconci.com.br\/site\/\"},{\"@type\":\"ListItem\",\"position\":2,\"name\":\"Covid-19: Caixa anuncia medidas de apoio \u00e0s empresas e \u00e0 habita\u00e7\u00e3o\"}]},{\"@type\":\"WebSite\",\"@id\":\"https:\/\/seconci.com.br\/site\/#website\",\"url\":\"https:\/\/seconci.com.br\/site\/\",\"name\":\"Seconci Brasil\",\"description\":\"\",\"publisher\":{\"@id\":\"https:\/\/seconci.com.br\/site\/#organization\"},\"potentialAction\":[{\"@type\":\"SearchAction\",\"target\":{\"@type\":\"EntryPoint\",\"urlTemplate\":\"https:\/\/seconci.com.br\/site\/?s={search_term_string}\"},\"query-input\":{\"@type\":\"PropertyValueSpecification\",\"valueRequired\":true,\"valueName\":\"search_term_string\"}}],\"inLanguage\":\"pt-PT\"},{\"@type\":\"Organization\",\"@id\":\"https:\/\/seconci.com.br\/site\/#organization\",\"name\":\"Seconci Brasil\",\"url\":\"https:\/\/seconci.com.br\/site\/\",\"logo\":{\"@type\":\"ImageObject\",\"inLanguage\":\"pt-PT\",\"@id\":\"https:\/\/seconci.com.br\/site\/#\/schema\/logo\/image\/\",\"url\":\"https:\/\/seconci.com.br\/site\/wp-content\/uploads\/2024\/08\/Logo-Seconci-Brasil-branca-2.png\",\"contentUrl\":\"https:\/\/seconci.com.br\/site\/wp-content\/uploads\/2024\/08\/Logo-Seconci-Brasil-branca-2.png\",\"width\":1315,\"height\":598,\"caption\":\"Seconci Brasil\"},\"image\":{\"@id\":\"https:\/\/seconci.com.br\/site\/#\/schema\/logo\/image\/\"}},{\"@type\":\"Person\",\"@id\":\"https:\/\/seconci.com.br\/site\/#\/schema\/person\/1d79afd97ddc8f2c68c1e88e298aa8e2\",\"name\":\"Sidney Rocha\",\"description\":\"Comunicador e estagi\u00e1rio do Seconci Brasil.\",\"url\":\"https:\/\/seconci.com.br\/site\/author\/sidney-rocha\/\"}]}<\/script>\n<!-- \/ Yoast SEO plugin. -->","yoast_head_json":{"title":"Covid-19: Caixa anuncia medidas de apoio \u00e0s empresas e \u00e0 habita\u00e7\u00e3o - Seconci Brasil","robots":{"index":"index","follow":"follow","max-snippet":"max-snippet:-1","max-image-preview":"max-image-preview:large","max-video-preview":"max-video-preview:-1"},"canonical":"https:\/\/seconci.com.br\/site\/2020\/03\/20\/covid-19-caixa-anuncia-medidas-de-apoio-as-empresas-e-a-habitacao\/","og_locale":"pt_PT","og_type":"article","og_title":"Covid-19: Caixa anuncia medidas de apoio \u00e0s empresas e \u00e0 habita\u00e7\u00e3o - Seconci Brasil","og_description":"A Caixa Econ\u00f4mica Federal anunciou hoje (19) novas medidas de enfrentamento ao coronav\u00edrus, com o objetivo de reduzir os impactos frente ao cen\u00e1rio de queda no \u00edndice de produtividade e diminui\u00e7\u00e3o da atividade econ\u00f4mica, causados pelas a\u00e7\u00f5es de conten\u00e7\u00e3o e temor \u00e0 propaga\u00e7\u00e3o da Covid-19. Concomitante \u00e0 queda da taxa b\u00e1sica de juros, a Selic, [&hellip;]","og_url":"https:\/\/seconci.com.br\/site\/2020\/03\/20\/covid-19-caixa-anuncia-medidas-de-apoio-as-empresas-e-a-habitacao\/","og_site_name":"Seconci Brasil","article_published_time":"2020-03-20T11:15:34+00:00","og_image":[{"url":"https:\/\/cbic.org.br\/wp-content\/uploads\/2020\/03\/caixa-live-300x168.png","type":"","width":"","height":""}],"author":"Sidney Rocha","twitter_card":"summary_large_image","twitter_misc":{"Escrito por":"Sidney Rocha","Tempo estimado de leitura":"4 minutos"},"schema":{"@context":"https:\/\/schema.org","@graph":[{"@type":"Article","@id":"https:\/\/seconci.com.br\/site\/2020\/03\/20\/covid-19-caixa-anuncia-medidas-de-apoio-as-empresas-e-a-habitacao\/#article","isPartOf":{"@id":"https:\/\/seconci.com.br\/site\/2020\/03\/20\/covid-19-caixa-anuncia-medidas-de-apoio-as-empresas-e-a-habitacao\/"},"author":{"name":"Sidney Rocha","@id":"https:\/\/seconci.com.br\/site\/#\/schema\/person\/1d79afd97ddc8f2c68c1e88e298aa8e2"},"headline":"Covid-19: Caixa anuncia medidas de apoio \u00e0s empresas e \u00e0 habita\u00e7\u00e3o","datePublished":"2020-03-20T11:15:34+00:00","mainEntityOfPage":{"@id":"https:\/\/seconci.com.br\/site\/2020\/03\/20\/covid-19-caixa-anuncia-medidas-de-apoio-as-empresas-e-a-habitacao\/"},"wordCount":808,"publisher":{"@id":"https:\/\/seconci.com.br\/site\/#organization"},"image":{"@id":"https:\/\/seconci.com.br\/site\/2020\/03\/20\/covid-19-caixa-anuncia-medidas-de-apoio-as-empresas-e-a-habitacao\/#primaryimage"},"thumbnailUrl":"https:\/\/cbic.org.br\/wp-content\/uploads\/2020\/03\/caixa-live-300x168.png","articleSection":["Seconci Brasil"],"inLanguage":"pt-PT"},{"@type":"WebPage","@id":"https:\/\/seconci.com.br\/site\/2020\/03\/20\/covid-19-caixa-anuncia-medidas-de-apoio-as-empresas-e-a-habitacao\/","url":"https:\/\/seconci.com.br\/site\/2020\/03\/20\/covid-19-caixa-anuncia-medidas-de-apoio-as-empresas-e-a-habitacao\/","name":"Covid-19: Caixa anuncia medidas de apoio \u00e0s empresas e \u00e0 habita\u00e7\u00e3o - Seconci Brasil","isPartOf":{"@id":"https:\/\/seconci.com.br\/site\/#website"},"primaryImageOfPage":{"@id":"https:\/\/seconci.com.br\/site\/2020\/03\/20\/covid-19-caixa-anuncia-medidas-de-apoio-as-empresas-e-a-habitacao\/#primaryimage"},"image":{"@id":"https:\/\/seconci.com.br\/site\/2020\/03\/20\/covid-19-caixa-anuncia-medidas-de-apoio-as-empresas-e-a-habitacao\/#primaryimage"},"thumbnailUrl":"https:\/\/cbic.org.br\/wp-content\/uploads\/2020\/03\/caixa-live-300x168.png","datePublished":"2020-03-20T11:15:34+00:00","breadcrumb":{"@id":"https:\/\/seconci.com.br\/site\/2020\/03\/20\/covid-19-caixa-anuncia-medidas-de-apoio-as-empresas-e-a-habitacao\/#breadcrumb"},"inLanguage":"pt-PT","potentialAction":[{"@type":"ReadAction","target":["https:\/\/seconci.com.br\/site\/2020\/03\/20\/covid-19-caixa-anuncia-medidas-de-apoio-as-empresas-e-a-habitacao\/"]}]},{"@type":"ImageObject","inLanguage":"pt-PT","@id":"https:\/\/seconci.com.br\/site\/2020\/03\/20\/covid-19-caixa-anuncia-medidas-de-apoio-as-empresas-e-a-habitacao\/#primaryimage","url":"https:\/\/cbic.org.br\/wp-content\/uploads\/2020\/03\/caixa-live-300x168.png","contentUrl":"https:\/\/cbic.org.br\/wp-content\/uploads\/2020\/03\/caixa-live-300x168.png"},{"@type":"BreadcrumbList","@id":"https:\/\/seconci.com.br\/site\/2020\/03\/20\/covid-19-caixa-anuncia-medidas-de-apoio-as-empresas-e-a-habitacao\/#breadcrumb","itemListElement":[{"@type":"ListItem","position":1,"name":"In\u00edcio","item":"https:\/\/seconci.com.br\/site\/"},{"@type":"ListItem","position":2,"name":"Covid-19: Caixa anuncia medidas de apoio \u00e0s empresas e \u00e0 habita\u00e7\u00e3o"}]},{"@type":"WebSite","@id":"https:\/\/seconci.com.br\/site\/#website","url":"https:\/\/seconci.com.br\/site\/","name":"Seconci Brasil","description":"","publisher":{"@id":"https:\/\/seconci.com.br\/site\/#organization"},"potentialAction":[{"@type":"SearchAction","target":{"@type":"EntryPoint","urlTemplate":"https:\/\/seconci.com.br\/site\/?s={search_term_string}"},"query-input":{"@type":"PropertyValueSpecification","valueRequired":true,"valueName":"search_term_string"}}],"inLanguage":"pt-PT"},{"@type":"Organization","@id":"https:\/\/seconci.com.br\/site\/#organization","name":"Seconci Brasil","url":"https:\/\/seconci.com.br\/site\/","logo":{"@type":"ImageObject","inLanguage":"pt-PT","@id":"https:\/\/seconci.com.br\/site\/#\/schema\/logo\/image\/","url":"https:\/\/seconci.com.br\/site\/wp-content\/uploads\/2024\/08\/Logo-Seconci-Brasil-branca-2.png","contentUrl":"https:\/\/seconci.com.br\/site\/wp-content\/uploads\/2024\/08\/Logo-Seconci-Brasil-branca-2.png","width":1315,"height":598,"caption":"Seconci Brasil"},"image":{"@id":"https:\/\/seconci.com.br\/site\/#\/schema\/logo\/image\/"}},{"@type":"Person","@id":"https:\/\/seconci.com.br\/site\/#\/schema\/person\/1d79afd97ddc8f2c68c1e88e298aa8e2","name":"Sidney Rocha","description":"Comunicador e estagi\u00e1rio do Seconci Brasil.","url":"https:\/\/seconci.com.br\/site\/author\/sidney-rocha\/"}]}},"_links":{"self":[{"href":"https:\/\/seconci.com.br\/site\/wp-json\/wp\/v2\/posts\/9135","targetHints":{"allow":["GET"]}}],"collection":[{"href":"https:\/\/seconci.com.br\/site\/wp-json\/wp\/v2\/posts"}],"about":[{"href":"https:\/\/seconci.com.br\/site\/wp-json\/wp\/v2\/types\/post"}],"author":[{"embeddable":true,"href":"https:\/\/seconci.com.br\/site\/wp-json\/wp\/v2\/users\/3"}],"replies":[{"embeddable":true,"href":"https:\/\/seconci.com.br\/site\/wp-json\/wp\/v2\/comments?post=9135"}],"version-history":[{"count":0,"href":"https:\/\/seconci.com.br\/site\/wp-json\/wp\/v2\/posts\/9135\/revisions"}],"wp:attachment":[{"href":"https:\/\/seconci.com.br\/site\/wp-json\/wp\/v2\/media?parent=9135"}],"wp:term":[{"taxonomy":"category","embeddable":true,"href":"https:\/\/seconci.com.br\/site\/wp-json\/wp\/v2\/categories?post=9135"},{"taxonomy":"post_tag","embeddable":true,"href":"https:\/\/seconci.com.br\/site\/wp-json\/wp\/v2\/tags?post=9135"}],"curies":[{"name":"wp","href":"https:\/\/api.w.org\/{rel}","templated":true}]}}