{"id":9137,"date":"2020-03-20T11:16:57","date_gmt":"2020-03-20T11:16:57","guid":{"rendered":"https:\/\/seconci.com.br\/site\/?p=9137"},"modified":"2020-03-20T11:16:57","modified_gmt":"2020-03-20T11:16:57","slug":"responsabilidade-social-da-cbic-se-reune-virtualmente-no-dia-25-3","status":"publish","type":"post","link":"https:\/\/seconci.com.br\/site\/2020\/03\/20\/responsabilidade-social-da-cbic-se-reune-virtualmente-no-dia-25-3\/","title":{"rendered":"Responsabilidade social da CBIC se re\u00fane virtualmente no dia 25\/3"},"content":{"rendered":"<p style=\"text-align: justify;\">Em atendimento \u00e0s recomenda\u00e7\u00f5es das autoridades brasileiras de sa\u00fade quanto \u00e0s medidas de preven\u00e7\u00e3o e conting\u00eancia ao coronav\u00edrus (Covid-19), a primeira reuni\u00e3o da Comiss\u00e3o de Responsabilidade Social (CRS) da C\u00e2mara Brasileira da Ind\u00fastria da Constru\u00e7\u00e3o (CBIC) de 2020, no pr\u00f3ximo dia 25\/3, ser\u00e1 virtual, das 10h30 \u00e0s 15h. Para participar, os membros da comiss\u00e3o devem se inscrever pelo link:\u00a0<a href=\"https:\/\/zoom.us\/j\/846518005\">https:\/\/zoom.us\/j\/846518005<\/a><\/p>\n<p style=\"text-align: justify;\">\u201cSer\u00e1 a primeira reuni\u00e3o de 2020. Vamos tratar do novo plano de trabalho da comiss\u00e3o, que est\u00e1 para ser aprovado, com destaque para os projetos que ser\u00e3o trabalhados neste novo ciclo e a \u00eanfase que vamos dar\u201d, destaca a vice-presidente da \u00e1rea de Responsabilidade Social da entidade e presidente da CRS\/CBIC, Ana Cl\u00e1udia Gomes, completando que tamb\u00e9m ser\u00e3o decididos a data e o tema do \u2018Dia Nacional da Constru\u00e7\u00e3o Social (DNCS)\u2019 de 2020, \u201cuma das a\u00e7\u00f5es mais consolidadas dentro da Comiss\u00e3o\u201d.<\/p>\n<p style=\"text-align: justify;\">A expectativa \u00e9 de que novos representantes de entidades associadas \u00e0 CBIC participem da reuni\u00e3o, bem como os membros do Grupo CBIC Jovem, dentro da meta de engaj\u00e1-los nas iniciativas do setor da constru\u00e7\u00e3o.<\/p>\n<p style=\"text-align: justify;\">Confira a pauta completa da reuni\u00e3o, a seguir:<br \/>\n\u2022 Plano de trabalho da CRS\/CBIC em 2020<br \/>\n\u2022 Dia Nacional da Constru\u00e7\u00e3o Social (DNCS) \u2013 Defini\u00e7\u00e3o do tema de 2020, cronograma e outros<br \/>\n\u2022 \u00c9tica &amp; <em>Compliance<\/em> na Constru\u00e7\u00e3o \u2013 Curso EAD em \u00e9tica &amp; <em>Compliance<\/em> da CBIC \/ Semin\u00e1rios programados para 2020<br \/>\n\u2022 Desenvolvimento de Lideran\u00e7as \u2013 Novo grupo \/ andamento do trabalho<br \/>\n\u2022 Encontro Nacional da Ind\u00fastria da Constru\u00e7\u00e3o (ENIC 2020) \u2013 Participa\u00e7\u00e3o da CRS<\/p>\n<p style=\"text-align: justify;\">Os projetos da CBIC referentes ao \u2018Dia Nacional da Constru\u00e7\u00e3o Social (DNCS)\u2019, \u00e0 \u2018\u00c9tica &amp; Compliance na Constru\u00e7\u00e3o\u2019 e ao \u2018Desenvolvimento de Lideran\u00e7as\u2019, contam com a parceria do Servi\u00e7o Social da Ind\u00fastria (Sesi Nacional).<\/p>\n","protected":false},"excerpt":{"rendered":"<p>Em atendimento \u00e0s recomenda\u00e7\u00f5es das autoridades brasileiras de sa\u00fade quanto \u00e0s medidas de preven\u00e7\u00e3o e conting\u00eancia ao coronav\u00edrus (Covid-19), a primeira reuni\u00e3o da Comiss\u00e3o de Responsabilidade Social (CRS) da C\u00e2mara Brasileira da Ind\u00fastria da Constru\u00e7\u00e3o (CBIC) de 2020, no pr\u00f3ximo dia 25\/3, ser\u00e1 virtual, das 10h30 \u00e0s 15h. Para participar, os membros da comiss\u00e3o devem [&hellip;]<\/p>\n","protected":false},"author":3,"featured_media":9138,"comment_status":"closed","ping_status":"closed","sticky":false,"template":"","format":"standard","meta":{"footnotes":""},"categories":[92],"tags":[],"class_list":["post-9137","post","type-post","status-publish","format-standard","has-post-thumbnail","hentry","category-seconci-brasil"],"yoast_head":"<!-- This site is optimized with the Yoast SEO plugin v26.9 - https:\/\/yoast.com\/product\/yoast-seo-wordpress\/ -->\n<title>Responsabilidade social da CBIC se re\u00fane virtualmente no dia 25\/3 - Seconci Brasil<\/title>\n<meta name=\"robots\" content=\"index, follow, max-snippet:-1, max-image-preview:large, max-video-preview:-1\" \/>\n<link rel=\"canonical\" href=\"https:\/\/seconci.com.br\/site\/2020\/03\/20\/responsabilidade-social-da-cbic-se-reune-virtualmente-no-dia-25-3\/\" \/>\n<meta property=\"og:locale\" content=\"pt_PT\" \/>\n<meta property=\"og:type\" content=\"article\" \/>\n<meta property=\"og:title\" content=\"Responsabilidade social da CBIC se re\u00fane virtualmente no dia 25\/3 - Seconci Brasil\" \/>\n<meta property=\"og:description\" content=\"Em atendimento \u00e0s recomenda\u00e7\u00f5es das autoridades brasileiras de sa\u00fade quanto \u00e0s medidas de preven\u00e7\u00e3o e conting\u00eancia ao coronav\u00edrus (Covid-19), a primeira reuni\u00e3o da Comiss\u00e3o de Responsabilidade Social (CRS) da C\u00e2mara Brasileira da Ind\u00fastria da Constru\u00e7\u00e3o (CBIC) de 2020, no pr\u00f3ximo dia 25\/3, ser\u00e1 virtual, das 10h30 \u00e0s 15h. Para participar, os membros da comiss\u00e3o devem [&hellip;]\" \/>\n<meta property=\"og:url\" content=\"https:\/\/seconci.com.br\/site\/2020\/03\/20\/responsabilidade-social-da-cbic-se-reune-virtualmente-no-dia-25-3\/\" \/>\n<meta property=\"og:site_name\" content=\"Seconci Brasil\" \/>\n<meta property=\"article:published_time\" content=\"2020-03-20T11:16:57+00:00\" \/>\n<meta property=\"og:image\" content=\"https:\/\/seconci.com.br\/site\/wp-content\/uploads\/2020\/03\/CRS.jpeg\" \/>\n\t<meta property=\"og:image:width\" content=\"1000\" \/>\n\t<meta property=\"og:image:height\" content=\"535\" \/>\n\t<meta property=\"og:image:type\" content=\"image\/jpeg\" \/>\n<meta name=\"author\" content=\"Sidney Rocha\" \/>\n<meta name=\"twitter:card\" content=\"summary_large_image\" \/>\n<meta name=\"twitter:label1\" content=\"Escrito por\" \/>\n\t<meta name=\"twitter:data1\" content=\"Sidney Rocha\" \/>\n\t<meta name=\"twitter:label2\" content=\"Tempo estimado de leitura\" \/>\n\t<meta name=\"twitter:data2\" content=\"2 minutos\" \/>\n<script type=\"application\/ld+json\" class=\"yoast-schema-graph\">{\"@context\":\"https:\/\/schema.org\",\"@graph\":[{\"@type\":\"Article\",\"@id\":\"https:\/\/seconci.com.br\/site\/2020\/03\/20\/responsabilidade-social-da-cbic-se-reune-virtualmente-no-dia-25-3\/#article\",\"isPartOf\":{\"@id\":\"https:\/\/seconci.com.br\/site\/2020\/03\/20\/responsabilidade-social-da-cbic-se-reune-virtualmente-no-dia-25-3\/\"},\"author\":{\"name\":\"Sidney Rocha\",\"@id\":\"https:\/\/seconci.com.br\/site\/#\/schema\/person\/1d79afd97ddc8f2c68c1e88e298aa8e2\"},\"headline\":\"Responsabilidade social da CBIC se re\u00fane virtualmente no dia 25\/3\",\"datePublished\":\"2020-03-20T11:16:57+00:00\",\"mainEntityOfPage\":{\"@id\":\"https:\/\/seconci.com.br\/site\/2020\/03\/20\/responsabilidade-social-da-cbic-se-reune-virtualmente-no-dia-25-3\/\"},\"wordCount\":316,\"publisher\":{\"@id\":\"https:\/\/seconci.com.br\/site\/#organization\"},\"image\":{\"@id\":\"https:\/\/seconci.com.br\/site\/2020\/03\/20\/responsabilidade-social-da-cbic-se-reune-virtualmente-no-dia-25-3\/#primaryimage\"},\"thumbnailUrl\":\"https:\/\/seconci.com.br\/site\/wp-content\/uploads\/2020\/03\/CRS.jpeg\",\"articleSection\":[\"Seconci Brasil\"],\"inLanguage\":\"pt-PT\"},{\"@type\":\"WebPage\",\"@id\":\"https:\/\/seconci.com.br\/site\/2020\/03\/20\/responsabilidade-social-da-cbic-se-reune-virtualmente-no-dia-25-3\/\",\"url\":\"https:\/\/seconci.com.br\/site\/2020\/03\/20\/responsabilidade-social-da-cbic-se-reune-virtualmente-no-dia-25-3\/\",\"name\":\"Responsabilidade social da CBIC se re\u00fane virtualmente no dia 25\/3 - Seconci Brasil\",\"isPartOf\":{\"@id\":\"https:\/\/seconci.com.br\/site\/#website\"},\"primaryImageOfPage\":{\"@id\":\"https:\/\/seconci.com.br\/site\/2020\/03\/20\/responsabilidade-social-da-cbic-se-reune-virtualmente-no-dia-25-3\/#primaryimage\"},\"image\":{\"@id\":\"https:\/\/seconci.com.br\/site\/2020\/03\/20\/responsabilidade-social-da-cbic-se-reune-virtualmente-no-dia-25-3\/#primaryimage\"},\"thumbnailUrl\":\"https:\/\/seconci.com.br\/site\/wp-content\/uploads\/2020\/03\/CRS.jpeg\",\"datePublished\":\"2020-03-20T11:16:57+00:00\",\"breadcrumb\":{\"@id\":\"https:\/\/seconci.com.br\/site\/2020\/03\/20\/responsabilidade-social-da-cbic-se-reune-virtualmente-no-dia-25-3\/#breadcrumb\"},\"inLanguage\":\"pt-PT\",\"potentialAction\":[{\"@type\":\"ReadAction\",\"target\":[\"https:\/\/seconci.com.br\/site\/2020\/03\/20\/responsabilidade-social-da-cbic-se-reune-virtualmente-no-dia-25-3\/\"]}]},{\"@type\":\"ImageObject\",\"inLanguage\":\"pt-PT\",\"@id\":\"https:\/\/seconci.com.br\/site\/2020\/03\/20\/responsabilidade-social-da-cbic-se-reune-virtualmente-no-dia-25-3\/#primaryimage\",\"url\":\"https:\/\/seconci.com.br\/site\/wp-content\/uploads\/2020\/03\/CRS.jpeg\",\"contentUrl\":\"https:\/\/seconci.com.br\/site\/wp-content\/uploads\/2020\/03\/CRS.jpeg\",\"width\":1000,\"height\":535},{\"@type\":\"BreadcrumbList\",\"@id\":\"https:\/\/seconci.com.br\/site\/2020\/03\/20\/responsabilidade-social-da-cbic-se-reune-virtualmente-no-dia-25-3\/#breadcrumb\",\"itemListElement\":[{\"@type\":\"ListItem\",\"position\":1,\"name\":\"In\u00edcio\",\"item\":\"https:\/\/seconci.com.br\/site\/\"},{\"@type\":\"ListItem\",\"position\":2,\"name\":\"Responsabilidade social da CBIC se re\u00fane virtualmente no dia 25\/3\"}]},{\"@type\":\"WebSite\",\"@id\":\"https:\/\/seconci.com.br\/site\/#website\",\"url\":\"https:\/\/seconci.com.br\/site\/\",\"name\":\"Seconci Brasil\",\"description\":\"\",\"publisher\":{\"@id\":\"https:\/\/seconci.com.br\/site\/#organization\"},\"potentialAction\":[{\"@type\":\"SearchAction\",\"target\":{\"@type\":\"EntryPoint\",\"urlTemplate\":\"https:\/\/seconci.com.br\/site\/?s={search_term_string}\"},\"query-input\":{\"@type\":\"PropertyValueSpecification\",\"valueRequired\":true,\"valueName\":\"search_term_string\"}}],\"inLanguage\":\"pt-PT\"},{\"@type\":\"Organization\",\"@id\":\"https:\/\/seconci.com.br\/site\/#organization\",\"name\":\"Seconci Brasil\",\"url\":\"https:\/\/seconci.com.br\/site\/\",\"logo\":{\"@type\":\"ImageObject\",\"inLanguage\":\"pt-PT\",\"@id\":\"https:\/\/seconci.com.br\/site\/#\/schema\/logo\/image\/\",\"url\":\"https:\/\/seconci.com.br\/site\/wp-content\/uploads\/2024\/08\/Logo-Seconci-Brasil-branca-2.png\",\"contentUrl\":\"https:\/\/seconci.com.br\/site\/wp-content\/uploads\/2024\/08\/Logo-Seconci-Brasil-branca-2.png\",\"width\":1315,\"height\":598,\"caption\":\"Seconci Brasil\"},\"image\":{\"@id\":\"https:\/\/seconci.com.br\/site\/#\/schema\/logo\/image\/\"}},{\"@type\":\"Person\",\"@id\":\"https:\/\/seconci.com.br\/site\/#\/schema\/person\/1d79afd97ddc8f2c68c1e88e298aa8e2\",\"name\":\"Sidney Rocha\",\"description\":\"Comunicador e estagi\u00e1rio do Seconci Brasil.\",\"url\":\"https:\/\/seconci.com.br\/site\/author\/sidney-rocha\/\"}]}<\/script>\n<!-- \/ Yoast SEO plugin. -->","yoast_head_json":{"title":"Responsabilidade social da CBIC se re\u00fane virtualmente no dia 25\/3 - Seconci Brasil","robots":{"index":"index","follow":"follow","max-snippet":"max-snippet:-1","max-image-preview":"max-image-preview:large","max-video-preview":"max-video-preview:-1"},"canonical":"https:\/\/seconci.com.br\/site\/2020\/03\/20\/responsabilidade-social-da-cbic-se-reune-virtualmente-no-dia-25-3\/","og_locale":"pt_PT","og_type":"article","og_title":"Responsabilidade social da CBIC se re\u00fane virtualmente no dia 25\/3 - Seconci Brasil","og_description":"Em atendimento \u00e0s recomenda\u00e7\u00f5es das autoridades brasileiras de sa\u00fade quanto \u00e0s medidas de preven\u00e7\u00e3o e conting\u00eancia ao coronav\u00edrus (Covid-19), a primeira reuni\u00e3o da Comiss\u00e3o de Responsabilidade Social (CRS) da C\u00e2mara Brasileira da Ind\u00fastria da Constru\u00e7\u00e3o (CBIC) de 2020, no pr\u00f3ximo dia 25\/3, ser\u00e1 virtual, das 10h30 \u00e0s 15h. Para participar, os membros da comiss\u00e3o devem [&hellip;]","og_url":"https:\/\/seconci.com.br\/site\/2020\/03\/20\/responsabilidade-social-da-cbic-se-reune-virtualmente-no-dia-25-3\/","og_site_name":"Seconci Brasil","article_published_time":"2020-03-20T11:16:57+00:00","og_image":[{"width":1000,"height":535,"url":"https:\/\/seconci.com.br\/site\/wp-content\/uploads\/2020\/03\/CRS.jpeg","type":"image\/jpeg"}],"author":"Sidney Rocha","twitter_card":"summary_large_image","twitter_misc":{"Escrito por":"Sidney Rocha","Tempo estimado de leitura":"2 minutos"},"schema":{"@context":"https:\/\/schema.org","@graph":[{"@type":"Article","@id":"https:\/\/seconci.com.br\/site\/2020\/03\/20\/responsabilidade-social-da-cbic-se-reune-virtualmente-no-dia-25-3\/#article","isPartOf":{"@id":"https:\/\/seconci.com.br\/site\/2020\/03\/20\/responsabilidade-social-da-cbic-se-reune-virtualmente-no-dia-25-3\/"},"author":{"name":"Sidney Rocha","@id":"https:\/\/seconci.com.br\/site\/#\/schema\/person\/1d79afd97ddc8f2c68c1e88e298aa8e2"},"headline":"Responsabilidade social da CBIC se re\u00fane virtualmente no dia 25\/3","datePublished":"2020-03-20T11:16:57+00:00","mainEntityOfPage":{"@id":"https:\/\/seconci.com.br\/site\/2020\/03\/20\/responsabilidade-social-da-cbic-se-reune-virtualmente-no-dia-25-3\/"},"wordCount":316,"publisher":{"@id":"https:\/\/seconci.com.br\/site\/#organization"},"image":{"@id":"https:\/\/seconci.com.br\/site\/2020\/03\/20\/responsabilidade-social-da-cbic-se-reune-virtualmente-no-dia-25-3\/#primaryimage"},"thumbnailUrl":"https:\/\/seconci.com.br\/site\/wp-content\/uploads\/2020\/03\/CRS.jpeg","articleSection":["Seconci Brasil"],"inLanguage":"pt-PT"},{"@type":"WebPage","@id":"https:\/\/seconci.com.br\/site\/2020\/03\/20\/responsabilidade-social-da-cbic-se-reune-virtualmente-no-dia-25-3\/","url":"https:\/\/seconci.com.br\/site\/2020\/03\/20\/responsabilidade-social-da-cbic-se-reune-virtualmente-no-dia-25-3\/","name":"Responsabilidade social da CBIC se re\u00fane virtualmente no dia 25\/3 - Seconci Brasil","isPartOf":{"@id":"https:\/\/seconci.com.br\/site\/#website"},"primaryImageOfPage":{"@id":"https:\/\/seconci.com.br\/site\/2020\/03\/20\/responsabilidade-social-da-cbic-se-reune-virtualmente-no-dia-25-3\/#primaryimage"},"image":{"@id":"https:\/\/seconci.com.br\/site\/2020\/03\/20\/responsabilidade-social-da-cbic-se-reune-virtualmente-no-dia-25-3\/#primaryimage"},"thumbnailUrl":"https:\/\/seconci.com.br\/site\/wp-content\/uploads\/2020\/03\/CRS.jpeg","datePublished":"2020-03-20T11:16:57+00:00","breadcrumb":{"@id":"https:\/\/seconci.com.br\/site\/2020\/03\/20\/responsabilidade-social-da-cbic-se-reune-virtualmente-no-dia-25-3\/#breadcrumb"},"inLanguage":"pt-PT","potentialAction":[{"@type":"ReadAction","target":["https:\/\/seconci.com.br\/site\/2020\/03\/20\/responsabilidade-social-da-cbic-se-reune-virtualmente-no-dia-25-3\/"]}]},{"@type":"ImageObject","inLanguage":"pt-PT","@id":"https:\/\/seconci.com.br\/site\/2020\/03\/20\/responsabilidade-social-da-cbic-se-reune-virtualmente-no-dia-25-3\/#primaryimage","url":"https:\/\/seconci.com.br\/site\/wp-content\/uploads\/2020\/03\/CRS.jpeg","contentUrl":"https:\/\/seconci.com.br\/site\/wp-content\/uploads\/2020\/03\/CRS.jpeg","width":1000,"height":535},{"@type":"BreadcrumbList","@id":"https:\/\/seconci.com.br\/site\/2020\/03\/20\/responsabilidade-social-da-cbic-se-reune-virtualmente-no-dia-25-3\/#breadcrumb","itemListElement":[{"@type":"ListItem","position":1,"name":"In\u00edcio","item":"https:\/\/seconci.com.br\/site\/"},{"@type":"ListItem","position":2,"name":"Responsabilidade social da CBIC se re\u00fane virtualmente no dia 25\/3"}]},{"@type":"WebSite","@id":"https:\/\/seconci.com.br\/site\/#website","url":"https:\/\/seconci.com.br\/site\/","name":"Seconci Brasil","description":"","publisher":{"@id":"https:\/\/seconci.com.br\/site\/#organization"},"potentialAction":[{"@type":"SearchAction","target":{"@type":"EntryPoint","urlTemplate":"https:\/\/seconci.com.br\/site\/?s={search_term_string}"},"query-input":{"@type":"PropertyValueSpecification","valueRequired":true,"valueName":"search_term_string"}}],"inLanguage":"pt-PT"},{"@type":"Organization","@id":"https:\/\/seconci.com.br\/site\/#organization","name":"Seconci Brasil","url":"https:\/\/seconci.com.br\/site\/","logo":{"@type":"ImageObject","inLanguage":"pt-PT","@id":"https:\/\/seconci.com.br\/site\/#\/schema\/logo\/image\/","url":"https:\/\/seconci.com.br\/site\/wp-content\/uploads\/2024\/08\/Logo-Seconci-Brasil-branca-2.png","contentUrl":"https:\/\/seconci.com.br\/site\/wp-content\/uploads\/2024\/08\/Logo-Seconci-Brasil-branca-2.png","width":1315,"height":598,"caption":"Seconci Brasil"},"image":{"@id":"https:\/\/seconci.com.br\/site\/#\/schema\/logo\/image\/"}},{"@type":"Person","@id":"https:\/\/seconci.com.br\/site\/#\/schema\/person\/1d79afd97ddc8f2c68c1e88e298aa8e2","name":"Sidney Rocha","description":"Comunicador e estagi\u00e1rio do Seconci Brasil.","url":"https:\/\/seconci.com.br\/site\/author\/sidney-rocha\/"}]}},"_links":{"self":[{"href":"https:\/\/seconci.com.br\/site\/wp-json\/wp\/v2\/posts\/9137","targetHints":{"allow":["GET"]}}],"collection":[{"href":"https:\/\/seconci.com.br\/site\/wp-json\/wp\/v2\/posts"}],"about":[{"href":"https:\/\/seconci.com.br\/site\/wp-json\/wp\/v2\/types\/post"}],"author":[{"embeddable":true,"href":"https:\/\/seconci.com.br\/site\/wp-json\/wp\/v2\/users\/3"}],"replies":[{"embeddable":true,"href":"https:\/\/seconci.com.br\/site\/wp-json\/wp\/v2\/comments?post=9137"}],"version-history":[{"count":0,"href":"https:\/\/seconci.com.br\/site\/wp-json\/wp\/v2\/posts\/9137\/revisions"}],"wp:featuredmedia":[{"embeddable":true,"href":"https:\/\/seconci.com.br\/site\/wp-json\/wp\/v2\/media\/9138"}],"wp:attachment":[{"href":"https:\/\/seconci.com.br\/site\/wp-json\/wp\/v2\/media?parent=9137"}],"wp:term":[{"taxonomy":"category","embeddable":true,"href":"https:\/\/seconci.com.br\/site\/wp-json\/wp\/v2\/categories?post=9137"},{"taxonomy":"post_tag","embeddable":true,"href":"https:\/\/seconci.com.br\/site\/wp-json\/wp\/v2\/tags?post=9137"}],"curies":[{"name":"wp","href":"https:\/\/api.w.org\/{rel}","templated":true}]}}