{"id":9140,"date":"2020-03-20T11:18:32","date_gmt":"2020-03-20T11:18:32","guid":{"rendered":"https:\/\/seconci.com.br\/site\/?p=9140"},"modified":"2020-03-20T11:18:32","modified_gmt":"2020-03-20T11:18:32","slug":"cbic-cria-cartilha-sobre-coronavirus-com-orientacoes-a-empresas","status":"publish","type":"post","link":"https:\/\/seconci.com.br\/site\/2020\/03\/20\/cbic-cria-cartilha-sobre-coronavirus-com-orientacoes-a-empresas\/","title":{"rendered":"CBIC cria cartilha sobre coronav\u00edrus, com orienta\u00e7\u00f5es a empresas"},"content":{"rendered":"<p style=\"text-align: justify;\">A C\u00e2mara Brasileira da Ind\u00fastria da Constru\u00e7\u00e3o (CBIC) lan\u00e7ou, nesta quarta-feira (18), a <strong><a href=\"https:\/\/cbic.org.br\/wp-content\/uploads\/2020\/03\/coronavirus.pdf\">cartilha Coronav\u00edrus<\/a><\/strong>, que apresenta um resumo sobre o tema para as entidades do setor da constru\u00e7\u00e3o e para seus associados. O material j\u00e1 est\u00e1 dispon\u00edvel no site da CBIC, no endere\u00e7o <a href=\"https:\/\/cbic.org.br\/publicacoes\/\">cbic.org.br\/publicacoes\/<\/a>.<\/p>\n<p style=\"text-align: justify;\">A publica\u00e7\u00e3o foi apresentada durante o evento <strong><a href=\"https:\/\/www.youtube.com\/watch?v=Wunv2W6bSjE\">Di\u00e1logos<br \/>\nCBIC: setor e a crise do Coronav\u00edrus<\/a><\/strong>, realizado na tarde de hoje, via internet. O documento inclui desde cuidados para identificar os sintomas da doen\u00e7a at\u00e9 orienta\u00e7\u00f5es sobre direitos de contratados.<\/p>\n<p style=\"text-align: justify;\">\u201cA cartilha re\u00fane informa\u00e7\u00f5es que devem ser avaliadas nesse momento de pandemia de Covid-19, trazendo os <strong>principais alertas para as entidades do setor da constru\u00e7\u00e3o<\/strong> e para seus associados\u201d, explicou o presidente da CBIC, Jos\u00e9 Carlos Martins.<\/p>\n<p style=\"text-align: justify;\"><a href=\"https:\/\/cbic.org.br\/wp-content\/uploads\/2020\/03\/coronavirus.pdf\"><img fetchpriority=\"high\" decoding=\"async\" class=\"alignleft wp-image-47090 size-full\" src=\"https:\/\/cbic.org.br\/wp-content\/uploads\/2020\/03\/cbic-covid-19-coronav\u00edrus-constru\u00e7\u00e3o-2-1.png\" sizes=\"(max-width: 395px) 100vw, 395px\" srcset=\"https:\/\/cbic.org.br\/wp-content\/uploads\/2020\/03\/cbic-covid-19-coronav\u00edrus-constru\u00e7\u00e3o-2-1.png 395w, https:\/\/cbic.org.br\/wp-content\/uploads\/2020\/03\/cbic-covid-19-coronav\u00edrus-constru\u00e7\u00e3o-2-1-211x300.png 211w\" alt=\"\" width=\"395\" height=\"562\" \/><\/a>O conte\u00fado est\u00e1 dividido em seis t\u00f3picos principais:<\/p>\n<ul style=\"text-align: justify;\">\n<li>\n<ul>\n<li>\n<ul>\n<li>\n<ul>\n<li>\n<ul>\n<li>\n<ul>\n<li><strong>O que \u00e9<\/strong> o coronav\u00edrus?<\/li>\n<li>Quais os principais <strong>sintomas<\/strong> identificados?<\/li>\n<li>Como <strong>prevenir<\/strong> a dissemina\u00e7\u00e3o do v\u00edrus?<\/li>\n<li>Como prevenir a dissemina\u00e7\u00e3o do v\u00edrus no <strong>ambiente de trabalho<\/strong>?<\/li>\n<li>O que fazer no <strong>canteiro de obras<\/strong>?<\/li>\n<li>Quais s\u00e3o os <strong>direitos dos contratados<\/strong> nos contratos de obras p\u00fablicas?<\/li>\n<\/ul>\n<\/li>\n<\/ul>\n<\/li>\n<\/ul>\n<\/li>\n<\/ul>\n<\/li>\n<\/ul>\n<\/li>\n<\/ul>\n<p style=\"text-align: justify;\">A cartilha Coronav\u00edrus pode ser atualizada \u00e0 medida que surgirem novas informa\u00e7\u00f5es relevantes sobre o tema. Ela foi produzida pelos advogados Erika Albuquerque Calheiros (assessora jur\u00eddica e coordenadora do Conselho Jur\u00eddico da CBIC), Fernando Vernalha Guimar\u00e3es (consultor jur\u00eddico da Comiss\u00e3o de Infraestrutura da CBIC) e Fernando Guedes Ferreira Filho (vice-presidente de Pol\u00edtica de Rela\u00e7\u00f5es Trabalhistas da CBIC).<\/p>\n<p>&nbsp;<\/p>\n<p>&nbsp;<\/p>\n<p>&nbsp;<\/p>\n<p>&nbsp;<\/p>\n<p>&nbsp;<\/p>\n<p>&nbsp;<\/p>\n<p>&nbsp;<\/p>\n<p>&nbsp;<\/p>\n<p><em>Fonte: Ag\u00eancia Cbic<\/em><\/p>\n","protected":false},"excerpt":{"rendered":"<p>A C\u00e2mara Brasileira da Ind\u00fastria da Constru\u00e7\u00e3o (CBIC) lan\u00e7ou, nesta quarta-feira (18), a cartilha Coronav\u00edrus, que apresenta um resumo sobre o tema para as entidades do setor da constru\u00e7\u00e3o e para seus associados. O material j\u00e1 est\u00e1 dispon\u00edvel no site da CBIC, no endere\u00e7o cbic.org.br\/publicacoes\/. A publica\u00e7\u00e3o foi apresentada durante o evento Di\u00e1logos CBIC: setor [&hellip;]<\/p>\n","protected":false},"author":3,"featured_media":9141,"comment_status":"closed","ping_status":"closed","sticky":false,"template":"","format":"standard","meta":{"footnotes":""},"categories":[92],"tags":[],"class_list":["post-9140","post","type-post","status-publish","format-standard","has-post-thumbnail","hentry","category-seconci-brasil"],"yoast_head":"<!-- This site is optimized with the Yoast SEO plugin v26.9 - https:\/\/yoast.com\/product\/yoast-seo-wordpress\/ -->\n<title>CBIC cria cartilha sobre coronav\u00edrus, com orienta\u00e7\u00f5es a empresas - Seconci Brasil<\/title>\n<meta name=\"robots\" content=\"index, follow, max-snippet:-1, max-image-preview:large, max-video-preview:-1\" \/>\n<link rel=\"canonical\" href=\"https:\/\/seconci.com.br\/site\/2020\/03\/20\/cbic-cria-cartilha-sobre-coronavirus-com-orientacoes-a-empresas\/\" \/>\n<meta property=\"og:locale\" content=\"pt_PT\" \/>\n<meta property=\"og:type\" content=\"article\" \/>\n<meta property=\"og:title\" content=\"CBIC cria cartilha sobre coronav\u00edrus, com orienta\u00e7\u00f5es a empresas - Seconci Brasil\" \/>\n<meta property=\"og:description\" content=\"A C\u00e2mara Brasileira da Ind\u00fastria da Constru\u00e7\u00e3o (CBIC) lan\u00e7ou, nesta quarta-feira (18), a cartilha Coronav\u00edrus, que apresenta um resumo sobre o tema para as entidades do setor da constru\u00e7\u00e3o e para seus associados. O material j\u00e1 est\u00e1 dispon\u00edvel no site da CBIC, no endere\u00e7o cbic.org.br\/publicacoes\/. A publica\u00e7\u00e3o foi apresentada durante o evento Di\u00e1logos CBIC: setor [&hellip;]\" \/>\n<meta property=\"og:url\" content=\"https:\/\/seconci.com.br\/site\/2020\/03\/20\/cbic-cria-cartilha-sobre-coronavirus-com-orientacoes-a-empresas\/\" \/>\n<meta property=\"og:site_name\" content=\"Seconci Brasil\" \/>\n<meta property=\"article:published_time\" content=\"2020-03-20T11:18:32+00:00\" \/>\n<meta property=\"og:image\" content=\"https:\/\/seconci.com.br\/site\/wp-content\/uploads\/2020\/03\/cbic-covid-19-coronav\u00edrus-constru\u00e7\u00e3o.png\" \/>\n\t<meta property=\"og:image:width\" content=\"635\" \/>\n\t<meta property=\"og:image:height\" content=\"401\" \/>\n\t<meta property=\"og:image:type\" content=\"image\/png\" \/>\n<meta name=\"author\" content=\"Sidney Rocha\" \/>\n<meta name=\"twitter:card\" content=\"summary_large_image\" \/>\n<meta name=\"twitter:label1\" content=\"Escrito por\" \/>\n\t<meta name=\"twitter:data1\" content=\"Sidney Rocha\" \/>\n\t<meta name=\"twitter:label2\" content=\"Tempo estimado de leitura\" \/>\n\t<meta name=\"twitter:data2\" content=\"1 minuto\" \/>\n<script type=\"application\/ld+json\" class=\"yoast-schema-graph\">{\"@context\":\"https:\/\/schema.org\",\"@graph\":[{\"@type\":\"Article\",\"@id\":\"https:\/\/seconci.com.br\/site\/2020\/03\/20\/cbic-cria-cartilha-sobre-coronavirus-com-orientacoes-a-empresas\/#article\",\"isPartOf\":{\"@id\":\"https:\/\/seconci.com.br\/site\/2020\/03\/20\/cbic-cria-cartilha-sobre-coronavirus-com-orientacoes-a-empresas\/\"},\"author\":{\"name\":\"Sidney Rocha\",\"@id\":\"https:\/\/seconci.com.br\/site\/#\/schema\/person\/1d79afd97ddc8f2c68c1e88e298aa8e2\"},\"headline\":\"CBIC cria cartilha sobre coronav\u00edrus, com orienta\u00e7\u00f5es a empresas\",\"datePublished\":\"2020-03-20T11:18:32+00:00\",\"mainEntityOfPage\":{\"@id\":\"https:\/\/seconci.com.br\/site\/2020\/03\/20\/cbic-cria-cartilha-sobre-coronavirus-com-orientacoes-a-empresas\/\"},\"wordCount\":287,\"publisher\":{\"@id\":\"https:\/\/seconci.com.br\/site\/#organization\"},\"image\":{\"@id\":\"https:\/\/seconci.com.br\/site\/2020\/03\/20\/cbic-cria-cartilha-sobre-coronavirus-com-orientacoes-a-empresas\/#primaryimage\"},\"thumbnailUrl\":\"https:\/\/seconci.com.br\/site\/wp-content\/uploads\/2020\/03\/cbic-covid-19-coronav\u00edrus-constru\u00e7\u00e3o.png\",\"articleSection\":[\"Seconci Brasil\"],\"inLanguage\":\"pt-PT\"},{\"@type\":\"WebPage\",\"@id\":\"https:\/\/seconci.com.br\/site\/2020\/03\/20\/cbic-cria-cartilha-sobre-coronavirus-com-orientacoes-a-empresas\/\",\"url\":\"https:\/\/seconci.com.br\/site\/2020\/03\/20\/cbic-cria-cartilha-sobre-coronavirus-com-orientacoes-a-empresas\/\",\"name\":\"CBIC cria cartilha sobre coronav\u00edrus, com orienta\u00e7\u00f5es a empresas - Seconci Brasil\",\"isPartOf\":{\"@id\":\"https:\/\/seconci.com.br\/site\/#website\"},\"primaryImageOfPage\":{\"@id\":\"https:\/\/seconci.com.br\/site\/2020\/03\/20\/cbic-cria-cartilha-sobre-coronavirus-com-orientacoes-a-empresas\/#primaryimage\"},\"image\":{\"@id\":\"https:\/\/seconci.com.br\/site\/2020\/03\/20\/cbic-cria-cartilha-sobre-coronavirus-com-orientacoes-a-empresas\/#primaryimage\"},\"thumbnailUrl\":\"https:\/\/seconci.com.br\/site\/wp-content\/uploads\/2020\/03\/cbic-covid-19-coronav\u00edrus-constru\u00e7\u00e3o.png\",\"datePublished\":\"2020-03-20T11:18:32+00:00\",\"breadcrumb\":{\"@id\":\"https:\/\/seconci.com.br\/site\/2020\/03\/20\/cbic-cria-cartilha-sobre-coronavirus-com-orientacoes-a-empresas\/#breadcrumb\"},\"inLanguage\":\"pt-PT\",\"potentialAction\":[{\"@type\":\"ReadAction\",\"target\":[\"https:\/\/seconci.com.br\/site\/2020\/03\/20\/cbic-cria-cartilha-sobre-coronavirus-com-orientacoes-a-empresas\/\"]}]},{\"@type\":\"ImageObject\",\"inLanguage\":\"pt-PT\",\"@id\":\"https:\/\/seconci.com.br\/site\/2020\/03\/20\/cbic-cria-cartilha-sobre-coronavirus-com-orientacoes-a-empresas\/#primaryimage\",\"url\":\"https:\/\/seconci.com.br\/site\/wp-content\/uploads\/2020\/03\/cbic-covid-19-coronav\u00edrus-constru\u00e7\u00e3o.png\",\"contentUrl\":\"https:\/\/seconci.com.br\/site\/wp-content\/uploads\/2020\/03\/cbic-covid-19-coronav\u00edrus-constru\u00e7\u00e3o.png\",\"width\":635,\"height\":401},{\"@type\":\"BreadcrumbList\",\"@id\":\"https:\/\/seconci.com.br\/site\/2020\/03\/20\/cbic-cria-cartilha-sobre-coronavirus-com-orientacoes-a-empresas\/#breadcrumb\",\"itemListElement\":[{\"@type\":\"ListItem\",\"position\":1,\"name\":\"In\u00edcio\",\"item\":\"https:\/\/seconci.com.br\/site\/\"},{\"@type\":\"ListItem\",\"position\":2,\"name\":\"CBIC cria cartilha sobre coronav\u00edrus, com orienta\u00e7\u00f5es a empresas\"}]},{\"@type\":\"WebSite\",\"@id\":\"https:\/\/seconci.com.br\/site\/#website\",\"url\":\"https:\/\/seconci.com.br\/site\/\",\"name\":\"Seconci Brasil\",\"description\":\"\",\"publisher\":{\"@id\":\"https:\/\/seconci.com.br\/site\/#organization\"},\"potentialAction\":[{\"@type\":\"SearchAction\",\"target\":{\"@type\":\"EntryPoint\",\"urlTemplate\":\"https:\/\/seconci.com.br\/site\/?s={search_term_string}\"},\"query-input\":{\"@type\":\"PropertyValueSpecification\",\"valueRequired\":true,\"valueName\":\"search_term_string\"}}],\"inLanguage\":\"pt-PT\"},{\"@type\":\"Organization\",\"@id\":\"https:\/\/seconci.com.br\/site\/#organization\",\"name\":\"Seconci Brasil\",\"url\":\"https:\/\/seconci.com.br\/site\/\",\"logo\":{\"@type\":\"ImageObject\",\"inLanguage\":\"pt-PT\",\"@id\":\"https:\/\/seconci.com.br\/site\/#\/schema\/logo\/image\/\",\"url\":\"https:\/\/seconci.com.br\/site\/wp-content\/uploads\/2024\/08\/Logo-Seconci-Brasil-branca-2.png\",\"contentUrl\":\"https:\/\/seconci.com.br\/site\/wp-content\/uploads\/2024\/08\/Logo-Seconci-Brasil-branca-2.png\",\"width\":1315,\"height\":598,\"caption\":\"Seconci Brasil\"},\"image\":{\"@id\":\"https:\/\/seconci.com.br\/site\/#\/schema\/logo\/image\/\"}},{\"@type\":\"Person\",\"@id\":\"https:\/\/seconci.com.br\/site\/#\/schema\/person\/1d79afd97ddc8f2c68c1e88e298aa8e2\",\"name\":\"Sidney Rocha\",\"description\":\"Comunicador e estagi\u00e1rio do Seconci Brasil.\",\"url\":\"https:\/\/seconci.com.br\/site\/author\/sidney-rocha\/\"}]}<\/script>\n<!-- \/ Yoast SEO plugin. -->","yoast_head_json":{"title":"CBIC cria cartilha sobre coronav\u00edrus, com orienta\u00e7\u00f5es a empresas - Seconci Brasil","robots":{"index":"index","follow":"follow","max-snippet":"max-snippet:-1","max-image-preview":"max-image-preview:large","max-video-preview":"max-video-preview:-1"},"canonical":"https:\/\/seconci.com.br\/site\/2020\/03\/20\/cbic-cria-cartilha-sobre-coronavirus-com-orientacoes-a-empresas\/","og_locale":"pt_PT","og_type":"article","og_title":"CBIC cria cartilha sobre coronav\u00edrus, com orienta\u00e7\u00f5es a empresas - Seconci Brasil","og_description":"A C\u00e2mara Brasileira da Ind\u00fastria da Constru\u00e7\u00e3o (CBIC) lan\u00e7ou, nesta quarta-feira (18), a cartilha Coronav\u00edrus, que apresenta um resumo sobre o tema para as entidades do setor da constru\u00e7\u00e3o e para seus associados. O material j\u00e1 est\u00e1 dispon\u00edvel no site da CBIC, no endere\u00e7o cbic.org.br\/publicacoes\/. A publica\u00e7\u00e3o foi apresentada durante o evento Di\u00e1logos CBIC: setor [&hellip;]","og_url":"https:\/\/seconci.com.br\/site\/2020\/03\/20\/cbic-cria-cartilha-sobre-coronavirus-com-orientacoes-a-empresas\/","og_site_name":"Seconci Brasil","article_published_time":"2020-03-20T11:18:32+00:00","og_image":[{"width":635,"height":401,"url":"https:\/\/seconci.com.br\/site\/wp-content\/uploads\/2020\/03\/cbic-covid-19-coronav\u00edrus-constru\u00e7\u00e3o.png","type":"image\/png"}],"author":"Sidney Rocha","twitter_card":"summary_large_image","twitter_misc":{"Escrito por":"Sidney Rocha","Tempo estimado de leitura":"1 minuto"},"schema":{"@context":"https:\/\/schema.org","@graph":[{"@type":"Article","@id":"https:\/\/seconci.com.br\/site\/2020\/03\/20\/cbic-cria-cartilha-sobre-coronavirus-com-orientacoes-a-empresas\/#article","isPartOf":{"@id":"https:\/\/seconci.com.br\/site\/2020\/03\/20\/cbic-cria-cartilha-sobre-coronavirus-com-orientacoes-a-empresas\/"},"author":{"name":"Sidney Rocha","@id":"https:\/\/seconci.com.br\/site\/#\/schema\/person\/1d79afd97ddc8f2c68c1e88e298aa8e2"},"headline":"CBIC cria cartilha sobre coronav\u00edrus, com orienta\u00e7\u00f5es a empresas","datePublished":"2020-03-20T11:18:32+00:00","mainEntityOfPage":{"@id":"https:\/\/seconci.com.br\/site\/2020\/03\/20\/cbic-cria-cartilha-sobre-coronavirus-com-orientacoes-a-empresas\/"},"wordCount":287,"publisher":{"@id":"https:\/\/seconci.com.br\/site\/#organization"},"image":{"@id":"https:\/\/seconci.com.br\/site\/2020\/03\/20\/cbic-cria-cartilha-sobre-coronavirus-com-orientacoes-a-empresas\/#primaryimage"},"thumbnailUrl":"https:\/\/seconci.com.br\/site\/wp-content\/uploads\/2020\/03\/cbic-covid-19-coronav\u00edrus-constru\u00e7\u00e3o.png","articleSection":["Seconci Brasil"],"inLanguage":"pt-PT"},{"@type":"WebPage","@id":"https:\/\/seconci.com.br\/site\/2020\/03\/20\/cbic-cria-cartilha-sobre-coronavirus-com-orientacoes-a-empresas\/","url":"https:\/\/seconci.com.br\/site\/2020\/03\/20\/cbic-cria-cartilha-sobre-coronavirus-com-orientacoes-a-empresas\/","name":"CBIC cria cartilha sobre coronav\u00edrus, com orienta\u00e7\u00f5es a empresas - Seconci Brasil","isPartOf":{"@id":"https:\/\/seconci.com.br\/site\/#website"},"primaryImageOfPage":{"@id":"https:\/\/seconci.com.br\/site\/2020\/03\/20\/cbic-cria-cartilha-sobre-coronavirus-com-orientacoes-a-empresas\/#primaryimage"},"image":{"@id":"https:\/\/seconci.com.br\/site\/2020\/03\/20\/cbic-cria-cartilha-sobre-coronavirus-com-orientacoes-a-empresas\/#primaryimage"},"thumbnailUrl":"https:\/\/seconci.com.br\/site\/wp-content\/uploads\/2020\/03\/cbic-covid-19-coronav\u00edrus-constru\u00e7\u00e3o.png","datePublished":"2020-03-20T11:18:32+00:00","breadcrumb":{"@id":"https:\/\/seconci.com.br\/site\/2020\/03\/20\/cbic-cria-cartilha-sobre-coronavirus-com-orientacoes-a-empresas\/#breadcrumb"},"inLanguage":"pt-PT","potentialAction":[{"@type":"ReadAction","target":["https:\/\/seconci.com.br\/site\/2020\/03\/20\/cbic-cria-cartilha-sobre-coronavirus-com-orientacoes-a-empresas\/"]}]},{"@type":"ImageObject","inLanguage":"pt-PT","@id":"https:\/\/seconci.com.br\/site\/2020\/03\/20\/cbic-cria-cartilha-sobre-coronavirus-com-orientacoes-a-empresas\/#primaryimage","url":"https:\/\/seconci.com.br\/site\/wp-content\/uploads\/2020\/03\/cbic-covid-19-coronav\u00edrus-constru\u00e7\u00e3o.png","contentUrl":"https:\/\/seconci.com.br\/site\/wp-content\/uploads\/2020\/03\/cbic-covid-19-coronav\u00edrus-constru\u00e7\u00e3o.png","width":635,"height":401},{"@type":"BreadcrumbList","@id":"https:\/\/seconci.com.br\/site\/2020\/03\/20\/cbic-cria-cartilha-sobre-coronavirus-com-orientacoes-a-empresas\/#breadcrumb","itemListElement":[{"@type":"ListItem","position":1,"name":"In\u00edcio","item":"https:\/\/seconci.com.br\/site\/"},{"@type":"ListItem","position":2,"name":"CBIC cria cartilha sobre coronav\u00edrus, com orienta\u00e7\u00f5es a empresas"}]},{"@type":"WebSite","@id":"https:\/\/seconci.com.br\/site\/#website","url":"https:\/\/seconci.com.br\/site\/","name":"Seconci Brasil","description":"","publisher":{"@id":"https:\/\/seconci.com.br\/site\/#organization"},"potentialAction":[{"@type":"SearchAction","target":{"@type":"EntryPoint","urlTemplate":"https:\/\/seconci.com.br\/site\/?s={search_term_string}"},"query-input":{"@type":"PropertyValueSpecification","valueRequired":true,"valueName":"search_term_string"}}],"inLanguage":"pt-PT"},{"@type":"Organization","@id":"https:\/\/seconci.com.br\/site\/#organization","name":"Seconci Brasil","url":"https:\/\/seconci.com.br\/site\/","logo":{"@type":"ImageObject","inLanguage":"pt-PT","@id":"https:\/\/seconci.com.br\/site\/#\/schema\/logo\/image\/","url":"https:\/\/seconci.com.br\/site\/wp-content\/uploads\/2024\/08\/Logo-Seconci-Brasil-branca-2.png","contentUrl":"https:\/\/seconci.com.br\/site\/wp-content\/uploads\/2024\/08\/Logo-Seconci-Brasil-branca-2.png","width":1315,"height":598,"caption":"Seconci Brasil"},"image":{"@id":"https:\/\/seconci.com.br\/site\/#\/schema\/logo\/image\/"}},{"@type":"Person","@id":"https:\/\/seconci.com.br\/site\/#\/schema\/person\/1d79afd97ddc8f2c68c1e88e298aa8e2","name":"Sidney Rocha","description":"Comunicador e estagi\u00e1rio do Seconci Brasil.","url":"https:\/\/seconci.com.br\/site\/author\/sidney-rocha\/"}]}},"_links":{"self":[{"href":"https:\/\/seconci.com.br\/site\/wp-json\/wp\/v2\/posts\/9140","targetHints":{"allow":["GET"]}}],"collection":[{"href":"https:\/\/seconci.com.br\/site\/wp-json\/wp\/v2\/posts"}],"about":[{"href":"https:\/\/seconci.com.br\/site\/wp-json\/wp\/v2\/types\/post"}],"author":[{"embeddable":true,"href":"https:\/\/seconci.com.br\/site\/wp-json\/wp\/v2\/users\/3"}],"replies":[{"embeddable":true,"href":"https:\/\/seconci.com.br\/site\/wp-json\/wp\/v2\/comments?post=9140"}],"version-history":[{"count":0,"href":"https:\/\/seconci.com.br\/site\/wp-json\/wp\/v2\/posts\/9140\/revisions"}],"wp:featuredmedia":[{"embeddable":true,"href":"https:\/\/seconci.com.br\/site\/wp-json\/wp\/v2\/media\/9141"}],"wp:attachment":[{"href":"https:\/\/seconci.com.br\/site\/wp-json\/wp\/v2\/media?parent=9140"}],"wp:term":[{"taxonomy":"category","embeddable":true,"href":"https:\/\/seconci.com.br\/site\/wp-json\/wp\/v2\/categories?post=9140"},{"taxonomy":"post_tag","embeddable":true,"href":"https:\/\/seconci.com.br\/site\/wp-json\/wp\/v2\/tags?post=9140"}],"curies":[{"name":"wp","href":"https:\/\/api.w.org\/{rel}","templated":true}]}}