{"id":9153,"date":"2020-03-26T18:21:08","date_gmt":"2020-03-26T18:21:08","guid":{"rendered":"https:\/\/seconci.com.br\/site\/?p=9153"},"modified":"2020-03-26T18:21:09","modified_gmt":"2020-03-26T18:21:09","slug":"covid-19-construcao-reforca-medidas-de-seguranca-e-saude-do-trabalhador","status":"publish","type":"post","link":"https:\/\/seconci.com.br\/site\/2020\/03\/26\/covid-19-construcao-reforca-medidas-de-seguranca-e-saude-do-trabalhador\/","title":{"rendered":"Covid-19: Constru\u00e7\u00e3o refor\u00e7a medidas de seguran\u00e7a e sa\u00fade do trabalhador"},"content":{"rendered":"<p style=\"text-align: justify;\">Dirigentes dos sindicatos empresariais da ind\u00fastria da constru\u00e7\u00e3o desencadearam a\u00e7\u00f5es nos Estados para fortalecer as medidas rotineiras de seguran\u00e7a e sa\u00fade do trabalhador, acrescentando as iniciativas e ferramentas necess\u00e1rias para proteger a m\u00e3o de obra do cont\u00e1gio pelo coronav\u00edrus (Covid-19). O setor, cuja atividade tem sido mantida para evitar uma deteriora\u00e7\u00e3o maior da economia, est\u00e1 mobilizado para o esclarecimento e cuidado preventivo nos canteiros de obra: entre as novas medidas adotadas pelas empresas Brasil afora est\u00e3o a medi\u00e7\u00e3o di\u00e1ria da temperatura do funcion\u00e1rio, nova rotina de higieniza\u00e7\u00e3o dos ambientes, distribui\u00e7\u00e3o de kits de higiene pessoal para o trabalhador e sua fam\u00edlia, a redivis\u00e3o dos turnos de trabalho e reorganiza\u00e7\u00e3o de refeit\u00f3rios e demais ambientes para evitar aglomera\u00e7\u00f5es.<\/p>\n<p style=\"text-align: justify;\">Esse \u00e9 o cen\u00e1rio revelado por associados da C\u00e2mara Brasileira da Ind\u00fastria da Constru\u00e7\u00e3o (CBIC) em reuni\u00e3o virtual realizada ontem (24) para o acompanhamento dos desdobramentos da pandemia no setor. \u201cH\u00e1 uma grande mobiliza\u00e7\u00e3o e conscientiza\u00e7\u00e3o das nossas entidades e empres\u00e1rios para fazer o melhor esfor\u00e7o poss\u00edvel nesse per\u00edodo. Nossa principal preocupa\u00e7\u00e3o \u00e9 dar ao trabalhador a seguran\u00e7a necess\u00e1ria para atravessarmos esse momento\u201d, afirma Jos\u00e9 Carlos Martins, presidente da CBIC.<\/p>\n<p style=\"text-align: justify;\">Essencial para o desempenho positivo da economia e segundo maior empregador no pa\u00eds, a constru\u00e7\u00e3o civil n\u00e3o vai parar. Entidade nacional do setor, a CBIC tem atuado para articular solu\u00e7\u00f5es que evitem o desemprego em um ambiente de maior incerteza como o criado pela pandemia \u2013 a constru\u00e7\u00e3o civil tem hoje 2 milh\u00f5es de trabalhadores com carteira assinada e gera mais 4 milh\u00f5es de empregos indiretos.<\/p>\n<p style=\"text-align: justify;\">Durante a reuni\u00e3o, Martins ouviu o relato dos associados sobre as atividades em cada Estado e informou sobre iniciativas em articula\u00e7\u00e3o pela CBIC para apoiar construtoras e incorporadoras. A entidade colocou no ar um novo\u00a0canal de comunica\u00e7\u00e3o, vinculado ao seu site na internet. Denominado \u2018Como a CBIC pode te ajudar hoje?\u2019, o hotsite recebe d\u00favidas e outras demandas relacionadas \u00e0 pandemia e responder\u00e1 com orienta\u00e7\u00f5es sobre como proceder. \u201cQueremos ajudar toda a cadeia produtiva da constru\u00e7\u00e3o neste momento dif\u00edcil\u201d, frisa Martins.<\/p>\n<p style=\"text-align: justify;\">Vice-presidente da \u00e1rea de Responsabilidade Social da CBIC, Ana Claudia Gomes, informou aos associados da entidade a\u00e7\u00f5es que est\u00e3o sendo desenvolvidas e negociadas no \u00e2mbito dos Servi\u00e7os Sociais da Ind\u00fastria da Constru\u00e7\u00e3o Civil (Seconcis) de todo o pa\u00eds para dar mais seguran\u00e7a e informa\u00e7\u00e3o aos empres\u00e1rios e trabalhadores do setor:<\/p>\n<ul style=\"text-align: justify;\">\n<li>Disponibiliza\u00e7\u00e3o de equipe m\u00e9dica remota para atender e orientar os trabalhadores por meio de telemedicina;<\/li>\n<li>Produ\u00e7\u00e3o e distribui\u00e7\u00e3o de informa\u00e7\u00f5es para preven\u00e7\u00e3o em sites e redes sociais;<\/li>\n<li>Cria\u00e7\u00e3o de uma linha para atendimento, em parceria com uma grande operadora de telefonia;<\/li>\n<li>Possibilidade de testagem pela equipe m\u00e9dica para agilizar eventuais diagn\u00f3sticos;<\/li>\n<li>Realiza\u00e7\u00e3o de uma campanha do setor da constru\u00e7\u00e3o de apoio \u00e0 prote\u00e7\u00e3o dos profissionais de sa\u00fade para arrecadar equipamentos para os hospitais de refer\u00eancia.<\/li>\n<\/ul>\n<p style=\"text-align: justify;\">Vice-presidente da \u00e1rea de Rela\u00e7\u00f5es Trabalhistas da CBIC, Fernando Guedes Ferreira Filho, destacou o conhecimento que a CBIC tem produzido e disponibilizado para seus associados para o enfrentamento do coronav\u00edrus. A entidade analisou e esclareceu a Medida Provis\u00f3ria 927\/2020, que\u00a0disp\u00f5e sobre\u00a0medidas\u00a0trabalhistas para enfrentamento do estado de calamidade p\u00fablica reconhecido pelo Decreto Legislativo n\u00ba 6\/2020 e da emerg\u00eancia de sa\u00fade p\u00fablica de import\u00e2ncia internacional decorrente do coronav\u00edrus (Covid-19). E tamb\u00e9m compilou recomenda\u00e7\u00f5es para o ambiente de trabalho na ind\u00fastria da constru\u00e7\u00e3o.<\/p>\n","protected":false},"excerpt":{"rendered":"<p>Dirigentes dos sindicatos empresariais da ind\u00fastria da constru\u00e7\u00e3o desencadearam a\u00e7\u00f5es nos Estados para fortalecer as medidas rotineiras de seguran\u00e7a e sa\u00fade do trabalhador, acrescentando as iniciativas e ferramentas necess\u00e1rias para proteger a m\u00e3o de obra do cont\u00e1gio pelo coronav\u00edrus (Covid-19). O setor, cuja atividade tem sido mantida para evitar uma deteriora\u00e7\u00e3o maior da economia, est\u00e1 [&hellip;]<\/p>\n","protected":false},"author":3,"featured_media":9154,"comment_status":"closed","ping_status":"closed","sticky":false,"template":"","format":"standard","meta":{"footnotes":""},"categories":[92],"tags":[],"class_list":["post-9153","post","type-post","status-publish","format-standard","has-post-thumbnail","hentry","category-seconci-brasil"],"yoast_head":"<!-- This site is optimized with the Yoast SEO plugin v26.9 - https:\/\/yoast.com\/product\/yoast-seo-wordpress\/ -->\n<title>Covid-19: Constru\u00e7\u00e3o refor\u00e7a medidas de seguran\u00e7a e sa\u00fade do trabalhador - Seconci Brasil<\/title>\n<meta name=\"robots\" content=\"index, follow, max-snippet:-1, max-image-preview:large, max-video-preview:-1\" \/>\n<link rel=\"canonical\" href=\"https:\/\/seconci.com.br\/site\/2020\/03\/26\/covid-19-construcao-reforca-medidas-de-seguranca-e-saude-do-trabalhador\/\" \/>\n<meta property=\"og:locale\" content=\"pt_PT\" \/>\n<meta property=\"og:type\" content=\"article\" \/>\n<meta property=\"og:title\" content=\"Covid-19: Constru\u00e7\u00e3o refor\u00e7a medidas de seguran\u00e7a e sa\u00fade do trabalhador - Seconci Brasil\" \/>\n<meta property=\"og:description\" content=\"Dirigentes dos sindicatos empresariais da ind\u00fastria da constru\u00e7\u00e3o desencadearam a\u00e7\u00f5es nos Estados para fortalecer as medidas rotineiras de seguran\u00e7a e sa\u00fade do trabalhador, acrescentando as iniciativas e ferramentas necess\u00e1rias para proteger a m\u00e3o de obra do cont\u00e1gio pelo coronav\u00edrus (Covid-19). O setor, cuja atividade tem sido mantida para evitar uma deteriora\u00e7\u00e3o maior da economia, est\u00e1 [&hellip;]\" \/>\n<meta property=\"og:url\" content=\"https:\/\/seconci.com.br\/site\/2020\/03\/26\/covid-19-construcao-reforca-medidas-de-seguranca-e-saude-do-trabalhador\/\" \/>\n<meta property=\"og:site_name\" content=\"Seconci Brasil\" \/>\n<meta property=\"article:published_time\" content=\"2020-03-26T18:21:08+00:00\" \/>\n<meta property=\"article:modified_time\" content=\"2020-03-26T18:21:09+00:00\" \/>\n<meta property=\"og:image\" content=\"https:\/\/seconci.com.br\/site\/wp-content\/uploads\/2020\/03\/bg-pergunta-min-e1584564293808.png\" \/>\n\t<meta property=\"og:image:width\" content=\"1000\" \/>\n\t<meta property=\"og:image:height\" content=\"667\" \/>\n\t<meta property=\"og:image:type\" content=\"image\/png\" \/>\n<meta name=\"author\" content=\"Sidney Rocha\" \/>\n<meta name=\"twitter:card\" content=\"summary_large_image\" \/>\n<meta name=\"twitter:label1\" content=\"Escrito por\" \/>\n\t<meta name=\"twitter:data1\" content=\"Sidney Rocha\" \/>\n\t<meta name=\"twitter:label2\" content=\"Tempo estimado de leitura\" \/>\n\t<meta name=\"twitter:data2\" content=\"3 minutos\" \/>\n<script type=\"application\/ld+json\" class=\"yoast-schema-graph\">{\"@context\":\"https:\/\/schema.org\",\"@graph\":[{\"@type\":\"Article\",\"@id\":\"https:\/\/seconci.com.br\/site\/2020\/03\/26\/covid-19-construcao-reforca-medidas-de-seguranca-e-saude-do-trabalhador\/#article\",\"isPartOf\":{\"@id\":\"https:\/\/seconci.com.br\/site\/2020\/03\/26\/covid-19-construcao-reforca-medidas-de-seguranca-e-saude-do-trabalhador\/\"},\"author\":{\"name\":\"Sidney Rocha\",\"@id\":\"https:\/\/seconci.com.br\/site\/#\/schema\/person\/1d79afd97ddc8f2c68c1e88e298aa8e2\"},\"headline\":\"Covid-19: Constru\u00e7\u00e3o refor\u00e7a medidas de seguran\u00e7a e sa\u00fade do trabalhador\",\"datePublished\":\"2020-03-26T18:21:08+00:00\",\"dateModified\":\"2020-03-26T18:21:09+00:00\",\"mainEntityOfPage\":{\"@id\":\"https:\/\/seconci.com.br\/site\/2020\/03\/26\/covid-19-construcao-reforca-medidas-de-seguranca-e-saude-do-trabalhador\/\"},\"wordCount\":633,\"publisher\":{\"@id\":\"https:\/\/seconci.com.br\/site\/#organization\"},\"image\":{\"@id\":\"https:\/\/seconci.com.br\/site\/2020\/03\/26\/covid-19-construcao-reforca-medidas-de-seguranca-e-saude-do-trabalhador\/#primaryimage\"},\"thumbnailUrl\":\"https:\/\/seconci.com.br\/site\/wp-content\/uploads\/2020\/03\/bg-pergunta-min-e1584564293808.png\",\"articleSection\":[\"Seconci Brasil\"],\"inLanguage\":\"pt-PT\"},{\"@type\":\"WebPage\",\"@id\":\"https:\/\/seconci.com.br\/site\/2020\/03\/26\/covid-19-construcao-reforca-medidas-de-seguranca-e-saude-do-trabalhador\/\",\"url\":\"https:\/\/seconci.com.br\/site\/2020\/03\/26\/covid-19-construcao-reforca-medidas-de-seguranca-e-saude-do-trabalhador\/\",\"name\":\"Covid-19: Constru\u00e7\u00e3o refor\u00e7a medidas de seguran\u00e7a e sa\u00fade do trabalhador - Seconci Brasil\",\"isPartOf\":{\"@id\":\"https:\/\/seconci.com.br\/site\/#website\"},\"primaryImageOfPage\":{\"@id\":\"https:\/\/seconci.com.br\/site\/2020\/03\/26\/covid-19-construcao-reforca-medidas-de-seguranca-e-saude-do-trabalhador\/#primaryimage\"},\"image\":{\"@id\":\"https:\/\/seconci.com.br\/site\/2020\/03\/26\/covid-19-construcao-reforca-medidas-de-seguranca-e-saude-do-trabalhador\/#primaryimage\"},\"thumbnailUrl\":\"https:\/\/seconci.com.br\/site\/wp-content\/uploads\/2020\/03\/bg-pergunta-min-e1584564293808.png\",\"datePublished\":\"2020-03-26T18:21:08+00:00\",\"dateModified\":\"2020-03-26T18:21:09+00:00\",\"breadcrumb\":{\"@id\":\"https:\/\/seconci.com.br\/site\/2020\/03\/26\/covid-19-construcao-reforca-medidas-de-seguranca-e-saude-do-trabalhador\/#breadcrumb\"},\"inLanguage\":\"pt-PT\",\"potentialAction\":[{\"@type\":\"ReadAction\",\"target\":[\"https:\/\/seconci.com.br\/site\/2020\/03\/26\/covid-19-construcao-reforca-medidas-de-seguranca-e-saude-do-trabalhador\/\"]}]},{\"@type\":\"ImageObject\",\"inLanguage\":\"pt-PT\",\"@id\":\"https:\/\/seconci.com.br\/site\/2020\/03\/26\/covid-19-construcao-reforca-medidas-de-seguranca-e-saude-do-trabalhador\/#primaryimage\",\"url\":\"https:\/\/seconci.com.br\/site\/wp-content\/uploads\/2020\/03\/bg-pergunta-min-e1584564293808.png\",\"contentUrl\":\"https:\/\/seconci.com.br\/site\/wp-content\/uploads\/2020\/03\/bg-pergunta-min-e1584564293808.png\",\"width\":1000,\"height\":667},{\"@type\":\"BreadcrumbList\",\"@id\":\"https:\/\/seconci.com.br\/site\/2020\/03\/26\/covid-19-construcao-reforca-medidas-de-seguranca-e-saude-do-trabalhador\/#breadcrumb\",\"itemListElement\":[{\"@type\":\"ListItem\",\"position\":1,\"name\":\"In\u00edcio\",\"item\":\"https:\/\/seconci.com.br\/site\/\"},{\"@type\":\"ListItem\",\"position\":2,\"name\":\"Covid-19: Constru\u00e7\u00e3o refor\u00e7a medidas de seguran\u00e7a e sa\u00fade do trabalhador\"}]},{\"@type\":\"WebSite\",\"@id\":\"https:\/\/seconci.com.br\/site\/#website\",\"url\":\"https:\/\/seconci.com.br\/site\/\",\"name\":\"Seconci Brasil\",\"description\":\"\",\"publisher\":{\"@id\":\"https:\/\/seconci.com.br\/site\/#organization\"},\"potentialAction\":[{\"@type\":\"SearchAction\",\"target\":{\"@type\":\"EntryPoint\",\"urlTemplate\":\"https:\/\/seconci.com.br\/site\/?s={search_term_string}\"},\"query-input\":{\"@type\":\"PropertyValueSpecification\",\"valueRequired\":true,\"valueName\":\"search_term_string\"}}],\"inLanguage\":\"pt-PT\"},{\"@type\":\"Organization\",\"@id\":\"https:\/\/seconci.com.br\/site\/#organization\",\"name\":\"Seconci Brasil\",\"url\":\"https:\/\/seconci.com.br\/site\/\",\"logo\":{\"@type\":\"ImageObject\",\"inLanguage\":\"pt-PT\",\"@id\":\"https:\/\/seconci.com.br\/site\/#\/schema\/logo\/image\/\",\"url\":\"https:\/\/seconci.com.br\/site\/wp-content\/uploads\/2024\/08\/Logo-Seconci-Brasil-branca-2.png\",\"contentUrl\":\"https:\/\/seconci.com.br\/site\/wp-content\/uploads\/2024\/08\/Logo-Seconci-Brasil-branca-2.png\",\"width\":1315,\"height\":598,\"caption\":\"Seconci Brasil\"},\"image\":{\"@id\":\"https:\/\/seconci.com.br\/site\/#\/schema\/logo\/image\/\"}},{\"@type\":\"Person\",\"@id\":\"https:\/\/seconci.com.br\/site\/#\/schema\/person\/1d79afd97ddc8f2c68c1e88e298aa8e2\",\"name\":\"Sidney Rocha\",\"description\":\"Comunicador e estagi\u00e1rio do Seconci Brasil.\",\"url\":\"https:\/\/seconci.com.br\/site\/author\/sidney-rocha\/\"}]}<\/script>\n<!-- \/ Yoast SEO plugin. -->","yoast_head_json":{"title":"Covid-19: Constru\u00e7\u00e3o refor\u00e7a medidas de seguran\u00e7a e sa\u00fade do trabalhador - Seconci Brasil","robots":{"index":"index","follow":"follow","max-snippet":"max-snippet:-1","max-image-preview":"max-image-preview:large","max-video-preview":"max-video-preview:-1"},"canonical":"https:\/\/seconci.com.br\/site\/2020\/03\/26\/covid-19-construcao-reforca-medidas-de-seguranca-e-saude-do-trabalhador\/","og_locale":"pt_PT","og_type":"article","og_title":"Covid-19: Constru\u00e7\u00e3o refor\u00e7a medidas de seguran\u00e7a e sa\u00fade do trabalhador - Seconci Brasil","og_description":"Dirigentes dos sindicatos empresariais da ind\u00fastria da constru\u00e7\u00e3o desencadearam a\u00e7\u00f5es nos Estados para fortalecer as medidas rotineiras de seguran\u00e7a e sa\u00fade do trabalhador, acrescentando as iniciativas e ferramentas necess\u00e1rias para proteger a m\u00e3o de obra do cont\u00e1gio pelo coronav\u00edrus (Covid-19). O setor, cuja atividade tem sido mantida para evitar uma deteriora\u00e7\u00e3o maior da economia, est\u00e1 [&hellip;]","og_url":"https:\/\/seconci.com.br\/site\/2020\/03\/26\/covid-19-construcao-reforca-medidas-de-seguranca-e-saude-do-trabalhador\/","og_site_name":"Seconci Brasil","article_published_time":"2020-03-26T18:21:08+00:00","article_modified_time":"2020-03-26T18:21:09+00:00","og_image":[{"width":1000,"height":667,"url":"https:\/\/seconci.com.br\/site\/wp-content\/uploads\/2020\/03\/bg-pergunta-min-e1584564293808.png","type":"image\/png"}],"author":"Sidney Rocha","twitter_card":"summary_large_image","twitter_misc":{"Escrito por":"Sidney Rocha","Tempo estimado de leitura":"3 minutos"},"schema":{"@context":"https:\/\/schema.org","@graph":[{"@type":"Article","@id":"https:\/\/seconci.com.br\/site\/2020\/03\/26\/covid-19-construcao-reforca-medidas-de-seguranca-e-saude-do-trabalhador\/#article","isPartOf":{"@id":"https:\/\/seconci.com.br\/site\/2020\/03\/26\/covid-19-construcao-reforca-medidas-de-seguranca-e-saude-do-trabalhador\/"},"author":{"name":"Sidney Rocha","@id":"https:\/\/seconci.com.br\/site\/#\/schema\/person\/1d79afd97ddc8f2c68c1e88e298aa8e2"},"headline":"Covid-19: Constru\u00e7\u00e3o refor\u00e7a medidas de seguran\u00e7a e sa\u00fade do trabalhador","datePublished":"2020-03-26T18:21:08+00:00","dateModified":"2020-03-26T18:21:09+00:00","mainEntityOfPage":{"@id":"https:\/\/seconci.com.br\/site\/2020\/03\/26\/covid-19-construcao-reforca-medidas-de-seguranca-e-saude-do-trabalhador\/"},"wordCount":633,"publisher":{"@id":"https:\/\/seconci.com.br\/site\/#organization"},"image":{"@id":"https:\/\/seconci.com.br\/site\/2020\/03\/26\/covid-19-construcao-reforca-medidas-de-seguranca-e-saude-do-trabalhador\/#primaryimage"},"thumbnailUrl":"https:\/\/seconci.com.br\/site\/wp-content\/uploads\/2020\/03\/bg-pergunta-min-e1584564293808.png","articleSection":["Seconci Brasil"],"inLanguage":"pt-PT"},{"@type":"WebPage","@id":"https:\/\/seconci.com.br\/site\/2020\/03\/26\/covid-19-construcao-reforca-medidas-de-seguranca-e-saude-do-trabalhador\/","url":"https:\/\/seconci.com.br\/site\/2020\/03\/26\/covid-19-construcao-reforca-medidas-de-seguranca-e-saude-do-trabalhador\/","name":"Covid-19: Constru\u00e7\u00e3o refor\u00e7a medidas de seguran\u00e7a e sa\u00fade do trabalhador - Seconci Brasil","isPartOf":{"@id":"https:\/\/seconci.com.br\/site\/#website"},"primaryImageOfPage":{"@id":"https:\/\/seconci.com.br\/site\/2020\/03\/26\/covid-19-construcao-reforca-medidas-de-seguranca-e-saude-do-trabalhador\/#primaryimage"},"image":{"@id":"https:\/\/seconci.com.br\/site\/2020\/03\/26\/covid-19-construcao-reforca-medidas-de-seguranca-e-saude-do-trabalhador\/#primaryimage"},"thumbnailUrl":"https:\/\/seconci.com.br\/site\/wp-content\/uploads\/2020\/03\/bg-pergunta-min-e1584564293808.png","datePublished":"2020-03-26T18:21:08+00:00","dateModified":"2020-03-26T18:21:09+00:00","breadcrumb":{"@id":"https:\/\/seconci.com.br\/site\/2020\/03\/26\/covid-19-construcao-reforca-medidas-de-seguranca-e-saude-do-trabalhador\/#breadcrumb"},"inLanguage":"pt-PT","potentialAction":[{"@type":"ReadAction","target":["https:\/\/seconci.com.br\/site\/2020\/03\/26\/covid-19-construcao-reforca-medidas-de-seguranca-e-saude-do-trabalhador\/"]}]},{"@type":"ImageObject","inLanguage":"pt-PT","@id":"https:\/\/seconci.com.br\/site\/2020\/03\/26\/covid-19-construcao-reforca-medidas-de-seguranca-e-saude-do-trabalhador\/#primaryimage","url":"https:\/\/seconci.com.br\/site\/wp-content\/uploads\/2020\/03\/bg-pergunta-min-e1584564293808.png","contentUrl":"https:\/\/seconci.com.br\/site\/wp-content\/uploads\/2020\/03\/bg-pergunta-min-e1584564293808.png","width":1000,"height":667},{"@type":"BreadcrumbList","@id":"https:\/\/seconci.com.br\/site\/2020\/03\/26\/covid-19-construcao-reforca-medidas-de-seguranca-e-saude-do-trabalhador\/#breadcrumb","itemListElement":[{"@type":"ListItem","position":1,"name":"In\u00edcio","item":"https:\/\/seconci.com.br\/site\/"},{"@type":"ListItem","position":2,"name":"Covid-19: Constru\u00e7\u00e3o refor\u00e7a medidas de seguran\u00e7a e sa\u00fade do trabalhador"}]},{"@type":"WebSite","@id":"https:\/\/seconci.com.br\/site\/#website","url":"https:\/\/seconci.com.br\/site\/","name":"Seconci Brasil","description":"","publisher":{"@id":"https:\/\/seconci.com.br\/site\/#organization"},"potentialAction":[{"@type":"SearchAction","target":{"@type":"EntryPoint","urlTemplate":"https:\/\/seconci.com.br\/site\/?s={search_term_string}"},"query-input":{"@type":"PropertyValueSpecification","valueRequired":true,"valueName":"search_term_string"}}],"inLanguage":"pt-PT"},{"@type":"Organization","@id":"https:\/\/seconci.com.br\/site\/#organization","name":"Seconci Brasil","url":"https:\/\/seconci.com.br\/site\/","logo":{"@type":"ImageObject","inLanguage":"pt-PT","@id":"https:\/\/seconci.com.br\/site\/#\/schema\/logo\/image\/","url":"https:\/\/seconci.com.br\/site\/wp-content\/uploads\/2024\/08\/Logo-Seconci-Brasil-branca-2.png","contentUrl":"https:\/\/seconci.com.br\/site\/wp-content\/uploads\/2024\/08\/Logo-Seconci-Brasil-branca-2.png","width":1315,"height":598,"caption":"Seconci Brasil"},"image":{"@id":"https:\/\/seconci.com.br\/site\/#\/schema\/logo\/image\/"}},{"@type":"Person","@id":"https:\/\/seconci.com.br\/site\/#\/schema\/person\/1d79afd97ddc8f2c68c1e88e298aa8e2","name":"Sidney Rocha","description":"Comunicador e estagi\u00e1rio do Seconci Brasil.","url":"https:\/\/seconci.com.br\/site\/author\/sidney-rocha\/"}]}},"_links":{"self":[{"href":"https:\/\/seconci.com.br\/site\/wp-json\/wp\/v2\/posts\/9153","targetHints":{"allow":["GET"]}}],"collection":[{"href":"https:\/\/seconci.com.br\/site\/wp-json\/wp\/v2\/posts"}],"about":[{"href":"https:\/\/seconci.com.br\/site\/wp-json\/wp\/v2\/types\/post"}],"author":[{"embeddable":true,"href":"https:\/\/seconci.com.br\/site\/wp-json\/wp\/v2\/users\/3"}],"replies":[{"embeddable":true,"href":"https:\/\/seconci.com.br\/site\/wp-json\/wp\/v2\/comments?post=9153"}],"version-history":[{"count":0,"href":"https:\/\/seconci.com.br\/site\/wp-json\/wp\/v2\/posts\/9153\/revisions"}],"wp:featuredmedia":[{"embeddable":true,"href":"https:\/\/seconci.com.br\/site\/wp-json\/wp\/v2\/media\/9154"}],"wp:attachment":[{"href":"https:\/\/seconci.com.br\/site\/wp-json\/wp\/v2\/media?parent=9153"}],"wp:term":[{"taxonomy":"category","embeddable":true,"href":"https:\/\/seconci.com.br\/site\/wp-json\/wp\/v2\/categories?post=9153"},{"taxonomy":"post_tag","embeddable":true,"href":"https:\/\/seconci.com.br\/site\/wp-json\/wp\/v2\/tags?post=9153"}],"curies":[{"name":"wp","href":"https:\/\/api.w.org\/{rel}","templated":true}]}}